
{"id":34577,"date":"2024-10-09T15:44:13","date_gmt":"2024-10-09T20:44:13","guid":{"rendered":"https:\/\/amnistia.org.mx\/contenido\/?p=34577"},"modified":"2024-10-09T15:58:06","modified_gmt":"2024-10-09T20:58:06","slug":"carta-abierta-al-congreso-del-estado-de-qroo","status":"publish","type":"post","link":"https:\/\/amnistia.org.mx\/contenido\/index.php\/carta-abierta-al-congreso-del-estado-de-qroo\/","title":{"rendered":"Carta Abierta al Congreso del Estado de QROO"},"content":{"rendered":"\t\t<div data-elementor-type=\"wp-post\" data-elementor-id=\"34577\" class=\"elementor elementor-34577\">\n\t\t\t\t\t\t\t\t\t<section class=\"elementor-section elementor-top-section elementor-element elementor-element-1d463c24 elementor-section-boxed elementor-section-height-default elementor-section-height-default\" data-id=\"1d463c24\" data-element_type=\"section\">\n\t\t\t\t\t\t<div class=\"elementor-container elementor-column-gap-default\">\n\t\t\t\t\t<div class=\"elementor-column elementor-col-100 elementor-top-column elementor-element elementor-element-155e0864\" data-id=\"155e0864\" data-element_type=\"column\">\n\t\t\t<div class=\"elementor-widget-wrap elementor-element-populated\">\n\t\t\t\t\t\t\t\t<div class=\"elementor-element elementor-element-dfd6e2e elementor-widget elementor-widget-image\" data-id=\"dfd6e2e\" data-element_type=\"widget\" data-widget_type=\"image.default\">\n\t\t\t\t<div class=\"elementor-widget-container\">\n\t\t\t<style>\/*! elementor - v3.11.5 - 14-03-2023 *\/\n.elementor-widget-image{text-align:center}.elementor-widget-image a{display:inline-block}.elementor-widget-image a img[src$=\".svg\"]{width:48px}.elementor-widget-image img{vertical-align:middle;display:inline-block}<\/style>\t\t\t\t\t\t\t\t\t\t\t\t<img decoding=\"async\" width=\"1024\" height=\"185\" src=\"https:\/\/amnistia.org.mx\/contenido\/wp-content\/uploads\/2024\/10\/Captura-de-pantalla-2024-10-09-a-las-14.32.20-1024x185.png\" class=\"attachment-large size-large wp-image-34579\" alt=\"\" loading=\"lazy\" \/>\t\t\t\t\t\t\t\t\t\t\t\t\t\t\t<\/div>\n\t\t\t\t<\/div>\n\t\t\t\t<div class=\"elementor-element elementor-element-4bafaba4 elementor-widget elementor-widget-text-editor\" data-id=\"4bafaba4\" data-element_type=\"widget\" data-widget_type=\"text-editor.default\">\n\t\t\t\t<div class=\"elementor-widget-container\">\n\t\t\t<style>\/*! elementor - v3.11.5 - 14-03-2023 *\/\n.elementor-widget-text-editor.elementor-drop-cap-view-stacked .elementor-drop-cap{background-color:#69727d;color:#fff}.elementor-widget-text-editor.elementor-drop-cap-view-framed .elementor-drop-cap{color:#69727d;border:3px solid;background-color:transparent}.elementor-widget-text-editor:not(.elementor-drop-cap-view-default) .elementor-drop-cap{margin-top:8px}.elementor-widget-text-editor:not(.elementor-drop-cap-view-default) .elementor-drop-cap-letter{width:1em;height:1em}.elementor-widget-text-editor .elementor-drop-cap{float:left;text-align:center;line-height:1;font-size:50px}.elementor-widget-text-editor .elementor-drop-cap-letter{display:inline-block}<\/style>\t\t\t\t<p><!-- wp:image {\"align\":\"wide\",\"id\":33577,\"sizeSlug\":\"full\",\"linkDestination\":\"none\"} --><\/p>\n<p><!-- \/wp:image --><!-- wp:paragraph {\"align\":\"right\"} --><\/p>\n<h5 class=\"has-text-align-right\"><strong>Canc\u00fan, Quintana Roo, 9 de octubre de 2024<\/strong><\/h5>\n<p><!-- \/wp:paragraph --><!-- wp:paragraph --><\/p>\n<h5>\u00a0<\/h5>\n<h5><strong>Comisi\u00f3n Permanente de Derechos Humanos<\/strong><\/h5>\n<h5><strong><!-- \/wp:paragraph --><!-- wp:paragraph --><\/strong><\/h5>\n<h5 class=\"p1\"><strong>XVIII Legislatura del Congreso del Estado de Quintana Roo<\/strong><\/h5>\n<h5 class=\"p1\"><strong>PRESENTE<\/strong><\/h5>\n<p>\u00a0<\/p>\n<p>Distinguidas Diputadas y Diputados,<\/p>\n<p><!-- \/wp:paragraph --><!-- wp:paragraph --><\/p>\n<p>Reciban un cordial saludo del Comit\u00e9 de V\u00edctimas del <b>\u201c9N&#8221; <\/b>y Amnist\u00eda Internacional.<\/p>\n<p>E<b>l Comit\u00e9 de V\u00edctimas del \u201c9N\u201d<\/b> est\u00e1 conformado por 13 personas sobrevivientes de la represi\u00f3n policial del 9 de noviembre de 2020 en la plaza municipal de Canc\u00fan cuando ejerc\u00edan sus derechos humanos a la libertad de expresi\u00f3n, reuni\u00f3n, asociaci\u00f3n y protesta en contra del incremento de la violencia contra las mujeres durante el confinamiento por COVID-19 y el feminicidio de la activista feminista Alexis. Durante el ejercicio de sus derechos, fueron golpeadas, detenidas arbitrariamente, heridas con balas, torturadas f\u00edsica y sexualmente dentro y fuera del Ayuntamiento de Benito Ju\u00e1rez en un operativo que involucr\u00f3 a la Polic\u00eda Estatal y Municipal as\u00ed como presencia de la Guardia Nacional. A casi 4 a\u00f1os de lucha por acceder a sus derechos a la verdad, justicia y reparaci\u00f3n integral del da\u00f1o, sus derechos no han sido garantizados e inclusive, el trato de las autoridades ha sido indolente, violento y revictimizante.<\/p>\n<p>Debido a ello, el d\u00eda de hoy, en conjunto con diversas organizaciones de derechos humanos y<span class=\"Apple-converted-space\">\u00a0 <\/span>ciudadan\u00eda aliadas -quienes nos han acompa\u00f1ado durante casi cuatro a\u00f1os de lucha-, hacemos un atento y respetuoso llamado y solicitud a quienes representan a la ciudadan\u00eda y al pueblo por medio de su cargo de Diputaci\u00f3n e integrante de la Comisi\u00f3n de Derechos Humanos de la XVII Legislatura del Estado de Quintana Roo a no dar por cumplida la Recomendaci\u00f3n N\u00famero 20\/2020\/ll emitida por la Comisi\u00f3n de los Derechos Humanos del Estado de Quintana Roo.<\/p>\n<p>Cabe se\u00f1alar que esta Recomendaci\u00f3n fue dirigida y aceptada por Mar\u00eda Elena Hermelinda Lezama Espinosa, quien fung\u00eda como Presidenta del Ayuntamiento de Benito Ju\u00e1rez en el periodo mencionado.<\/p>\n<p>Como es de su conocimiento, el Comit\u00e9 de V\u00edctimas del \u201c9N\u201d decidieron emprender una estrategia jur\u00eddica de casi 3 a\u00f1os debido a que las acciones por parte de la <b>CEAVEQROO<\/b> y el Ayuntamiento de Benito Ju\u00e1rez fueron deficientes, insatisfactorias, revictimizantes y se les neg\u00f3 su derecho a una participaci\u00f3n efectiva y activa en el proceso de determinaci\u00f3n e implementaci\u00f3n de las medidas de reparaci\u00f3n integral del da\u00f1o. Aunado a ello, la Comisi\u00f3n de Derechos Humanos de la XVI Legislatura del Estado de Quintana Roo dio por cumplida la Recomendaci\u00f3n N\u00famero <b>20\/2020\/ll.<\/b> Esto constituy\u00f3 nuevamente una violaci\u00f3n a sus derechos como v\u00edctimas y les dej\u00f3 en la completa indefensi\u00f3n, por lo cual se ampararon.<\/p>\n<table>\n<tbody>\n<tr>\n<td>\n<p><strong>PUNTOS RECOMENDATORIOS<\/strong><\/p>\n<\/td>\n<td>\n<p><strong>ESTATUS<\/strong><\/p>\n<\/td>\n<\/tr>\n<tr>\n<td>\n<p><span style=\"font-weight: 400;\">PRIMERO. Se tomen las medidas necesarias para que, como medida de rehabilitaci\u00f3n se les otorgue a las v\u00edctimas atenci\u00f3n m\u00e9dica, psicol\u00f3gica y\/o psiqui\u00e1trica que deber\u00e1 ser proporcionada por personal profesional especializado y prestarse de forma continua hasta que V1, V2, V3, V4, V5, V6, V7, V8, V9, V10, V11, V12 y V13, como v\u00edctima de tratos crueles, inhumanos y\/o degradantes, alcance su total sanaci\u00f3n f\u00edsica, ps\u00edquica y emocional, a trav\u00e9s de atenci\u00f3n adecuada a los padecimientos sufridos. Esta atenci\u00f3n deber\u00e1 brindarse gratuitamente, de forma inmediata y en un lugar accesible para la v\u00edctima, con su consentimiento previo, brindando informaci\u00f3n clara suficiente. Los tratamientos deben ser provistos por el tiempo que sea necesario y deben incluir la provisi\u00f3n de medicamentos<\/span><\/p>\n<\/td>\n<td>\n<p><span style=\"font-weight: 400;\">La CEAVEQROO a\u00fan no ha implementado esta medida con todas las v\u00edctimas, ya que a algunas al momento de solicitarlas, se canalizaron con Psic\u00f3logos y m\u00e9dicos de servicio p\u00fablico, mismo que nunca dieron seguimiento a las y los compa\u00f1eros.\u00a0\u00a0<\/span><\/p>\n<\/td>\n<\/tr>\n<tr>\n<td>\n<p><span style=\"font-weight: 400;\">SEGUNDO. Como medida de compensaci\u00f3n, gire instrucciones a quien corresponda, a efecto de que se proceda a realizar el pago de los perjuicios, sufrimientos o p\u00e9rdidas evaluable que hayan sido consecuencia de las violaciones a los Derechos Humanos a V1, V2, V3, V4, V5, V6, V7, V8, V9, V10, V11, V12 y V13, en los t\u00e9rminos que establecen los est\u00e1ndares internacionales, La Ley\u00a0<\/span><\/p>\n<p><span style=\"font-weight: 400;\">General de V\u00edctimas, la Ley de V\u00edctimas del Estado de Quintana Roo y dem\u00e1s normatividad aplicable<\/span><\/p>\n<\/td>\n<td>\n<p><span style=\"font-weight: 400;\">La CEAVEQROO ha emitido en dos ocasiones\u00a0 los dict\u00e1menes sin poner en el centro a las v\u00edctimas y sus necesidades de reparaci\u00f3n. Adem\u00e1s, la cuant\u00eda del da\u00f1o moral y el da\u00f1o material no consider\u00f3\u00a0 lo establecido por\u00a0 los est\u00e1ndares internacionales, La Ley General de V\u00edctimas, la Ley de V\u00edctimas del\u00a0<\/span><\/p>\n<p>\u00a0<\/p>\n<p><span style=\"font-weight: 400;\">Estado de Quintana Roo y dem\u00e1s normatividad aplicable. Debido a ello, el Comit\u00e9 de V\u00edctimas del \u201c9N\u201d interpuso amparos y en dicho proceso, brindamos pruebas de la cuant\u00eda correcta por da\u00f1o moral y da\u00f1o material. Pese a la resoluci\u00f3n del juez a favor de nosotras, las propias autoridades han condicionado el pago de la compensaci\u00f3n a una cantidad mucho menor siempre y cuando se desista de los amparos.<\/span><\/p>\n<\/td>\n<\/tr>\n<tr>\n<td>\n<p><span style=\"font-weight: 400;\">TERCERO. Se realicen los tr\u00e1mites oportunos ante la Comisi\u00f3n Ejecutiva de Atenci\u00f3n a V\u00edctimas del Estado de Quintana Roo, para inscribir V1, V2, V3, V4, V5, V6, V7, V8, V9, V10, V11, V12 y V13, en el Registro de V\u00edctimas del Estado de Quintana Roo, para los efectos conducentes, en t\u00e9rminos de la Ley de V\u00edctimas del Estado de Quintana Roo<\/span><\/p>\n<\/td>\n<td>\n<p><span style=\"font-weight: 400;\">Falta el registro de una de las integrantes del Comit\u00e9 de V\u00edctimas del \u201c9N\u201d.<\/span><\/p>\n<\/td>\n<\/tr>\n<tr>\n<td>\n<p><span style=\"font-weight: 400;\">CUARTO. Gire instrucciones a quien corresponda a efecto de iniciar de manera inmediata y hasta su conclusi\u00f3n, el procedimiento de responsabilidad administrativa en contra de AR1, AR2, AR3, AR4, AR5 y AR6 servidores p\u00fablicos de esa instituci\u00f3n y, en su caso, se les aplique la sanci\u00f3n procedente por las responsabilidades se\u00f1aladas en la Recomendaci\u00f3n. Asimismo, se agregue copia de la presente Recomendaci\u00f3n al expediente laboral de AR1, AR2, AR3, AR4, AR5 y AR, para efecto de que obre constancia de que, a juicio de esta Comisi\u00f3n, vulneraron los derechos humanos de V1, V2, V3, V4, V5, V6, V7, V8, V9, V10, V11, V12 y V13<\/span><\/p>\n<\/td>\n<td>\n<p><span style=\"font-weight: 400;\">Se tuvo conocimiento del inici\u00f3 del procedimiento de responsabilidad administrativa en contra de los elementos de la Secretar\u00eda Municipal de Seguridad P\u00fablica y Tr\u00e1nsito de Benito Ju\u00e1rez y los elementos de la Secretar\u00eda de Seguridad P\u00fablica del Estado de Quintana Roo; sin embargo, se desconoce el estatus del procedimiento.\u00a0<\/span><\/p>\n<\/td>\n<\/tr>\n<tr>\n<td>\n<p><span style=\"font-weight: 400;\">QUINTO. Gire instrucciones a quien corresponda a efecto de darle acompa\u00f1amiento jur\u00eddico y celeridad a las investigaciones que manifest\u00f3 ya existen para determinar qu\u00e9 elementos de la Polic\u00eda Quintana Roo realizaron las agresiones, detenciones y dem\u00e1s actos se\u00f1alados; y, en su caso, se les aplique la sanci\u00f3n procedente por las responsabilidades se\u00f1aladas en la Recomendaci\u00f3n<\/span><\/p>\n<\/td>\n<td>\n<p><span style=\"font-weight: 400;\">A casi 4 a\u00f1os de la represi\u00f3n, no se ha garantizado el acceso a la verdad y a la justicia. A lo largo del proceso, la Fiscal\u00eda General del Estado de Quintana Roo ha incurrido en varias omisiones, incluyendo la p\u00e9rdida de evidencia. Se interpusieron 13 denuncias, de las cuales s\u00f3lo se conformaron 3 carpetas de investigaci\u00f3n. Adem\u00e1s, el Poder Judicial otorg\u00f3 suspensi\u00f3n condicional a los presuntos responsables a pesar de considerar a las v\u00edctimas.\u00a0<\/span><\/p>\n<\/td>\n<\/tr>\n<tr>\n<td>\n<p><span style=\"font-weight: 400;\">SEXTO. La Presidenta del Ayuntamiento de Benito Ju\u00e1rez, Quintana Roo deber\u00e1 realizar una disculpa p\u00fablica, a trav\u00e9s de la cual se reconozca la verdad de los hechos que causaron agravio a V1, V2, V3, V4, V5, V6, V7, V8, V9, V10, V11, V12 y V13, con su compromiso de evitar que sucedan situaciones de similar naturaleza, se acepte la responsabilidad de los servidores p\u00fablicos involucrados respecto de estos, y con ello, se restablezca la dignidad de las v\u00edctimas; debiendo realizarse la difusi\u00f3n de la misma en dos medios de comunicaci\u00f3n impresos de mayor circulaci\u00f3n en el Estado<\/span><\/p>\n<\/td>\n<td>\n<p><span style=\"font-weight: 400;\">No hubo disculpa p\u00fablica sino un desplegado period\u00edstico<\/span><span style=\"font-weight: 400;\">. Cabe se\u00f1alar que en todo proceso de disculpa p\u00fablica, las autoridades tienen la obligaci\u00f3n de garantizar el derecho de las v\u00edctimas a participar y determinar la forma y el contenido de este acto.<\/span><\/p>\n<\/td>\n<\/tr>\n<tr>\n<td>\n<p><span style=\"font-weight: 400;\">S\u00c9PTIMO. Como medida de satisfacci\u00f3n de la Presidenta del H. Ayuntamiento de Benito Ju\u00e1rez deber\u00e1 poner a consideraci\u00f3n del H. Cabildo Municipal, la designaci\u00f3n del 9 de noviembre como &#8220;D\u00eda Municipal en contra de la Represi\u00f3n Policial&#8221;<\/span><\/p>\n<\/td>\n<td>\n<p><span style=\"font-weight: 400;\">Respecto a este punto, no se tuvo conocimiento de la instauraci\u00f3n de dicho d\u00eda El Comit\u00e9 de V\u00edctimas del \u201c9N\u201d solicit\u00f3 al Ayuntamiento de Benito Ju\u00e1rez cambiar el nombre y la fecha a fin de honrar el derecho a la memoria y el sentir de las v\u00edctimas. Sin embargo, las mesas de trabajo para la reparaci\u00f3n con el Ayuntamiento de Benito Ju\u00e1rez nunca continuaron.<\/span><\/p>\n<\/td>\n<\/tr>\n<tr>\n<td>\n<p><span style=\"font-weight: 400;\">OCTAVO. Como medida de satisfacci\u00f3n de la Presidencia del H, Ayuntamiento de Benito Ju\u00e1rez deber\u00e1 realizar las acciones necesarias para la creaci\u00f3n de un monumento con la finalidad de recordar los hechos acontecidos el 9 de noviembre de 2020, as\u00ed como su instalaci\u00f3n en el lugar donde sucedieron los hechos<\/span><\/p>\n<\/td>\n<td>\n<p><span style=\"font-weight: 400;\">Las mesas de trabajo para la reparaci\u00f3n con el Ayuntamiento de Benito Ju\u00e1rez no continuaron. De esta forma, no se respet\u00f3 el acuerdo y el proceso mediante el cual las v\u00edctimas entregar\u00edan sus propuestas para este punto recomendatorio. Sin embargo, el Ayuntamiento de Benito Ju\u00e1rez instal\u00f3 un monumento que no reflej\u00f3 <\/span><span style=\"font-weight: 400;\">en lo m\u00e1s m\u00ednimo el sentir de las v\u00edctimas ni los hechos ocurridos ese d\u00eda. Debido a ello, el Comit\u00e9 de V\u00edctimas del \u201c9N\u201d interpuso un amparo y realizaron un acto de protesta en el marco de su instalaci\u00f3n. Posteriormente, en 2023 en una reuni\u00f3n con el Ayuntamiento de Benito Ju\u00e1rez, el Comit\u00e9 de V\u00edctimas del \u201c9N\u201d y Amnist\u00eda Internacional se acord\u00f3 el retiro de la escultura y placa.<\/span><\/p>\n<\/td>\n<\/tr>\n<tr>\n<td>\n<p><span style=\"font-weight: 400;\">NOVENO. Gire instrucciones a quien corresponda para efecto de dise\u00f1ar e impartir a los elementos de la Secretar\u00eda Municipal de Seguridad P\u00fablica y Tr\u00e1nsito de Benito Ju\u00e1rez, un programa de capacitaci\u00f3n y formaci\u00f3n en materia de derechos humanos que contemple una parte general sobre obligaciones y deberes en materia de derechos humanos; y una particular que desarrolle los temas de derecho a la reuni\u00f3n o manifestaci\u00f3n, derechos a la libre expresi\u00f3n y derechos a la informaci\u00f3n; y, uso legal de la fuerza<\/span><\/p>\n<\/td>\n<td>\n<p><span style=\"font-weight: 400;\">En su momento, el Ayuntamiento de Benito Ju\u00e1rez y la <\/span><span style=\"font-weight: 400;\">Secretar\u00eda Municipal de Seguridad Ciudadana y Tr\u00e1nsito informaron sobre la impartici\u00f3n de capacitaciones en materia de derechos humanos a elementos de seguridad municipal; no obstante, no se inform\u00f3 a detalle sobre dichas capacitaciones.<\/span><\/p>\n<p><span style=\"font-weight: 400;\">Adem\u00e1s, el Comit\u00e9 de V\u00edctimas del \u201c9N\u201d solicit\u00f3 participar en la elaboraci\u00f3n de los protocolos y reglamentos sobre el derecho a la manifestaci\u00f3n y uso de la fuerza en las mesas de trabajo con el Ayuntamiento de Benito Ju\u00e1rez, pero a pesar de ser acordado.<\/span><\/p>\n<\/td>\n<\/tr>\n<tr>\n<td>\n<p><span style=\"font-weight: 400;\">D\u00c9CIMO. Gire instrucciones a quien corresponda para efecto de la crear una agrupaci\u00f3n especializada y el manejo de manifestaciones o reuniones p\u00fablicas, integrada con paridad de g\u00e9nero y en la cual exista cuando menos un elemento por cada g\u00e9nero con capacitado en t\u00e9cnicas de negociaci\u00f3n; as\u00ed mismo se exhorta a que esta agrupaci\u00f3n no est\u00e9 conformada en su mayor\u00eda por polic\u00edas que previamente hayan sido pertenecientes a grupos de reacci\u00f3n<\/span><\/p>\n<\/td>\n<td>\n<p><span style=\"font-weight: 400;\">Se cre\u00f3 el Grupo Victoria, integrado por 30 mujeres para atender situaciones que involucren a otras mujeres y en su momento se asegur\u00f3 que dicho grupo fue capacitado en acondicionamiento f\u00edsico, marco normativo y derechos humanos, planeaci\u00f3n operativa, protecci\u00f3n a personas defensoras de derechos humanos y periodistas, contenci\u00f3n emocional y perspectiva de g\u00e9nero.\u00a0<\/span><\/p>\n<\/td>\n<\/tr>\n<\/tbody>\n<\/table>\n<p>Respecto al estatus de los puntos de la Recomendaci\u00f3n, el <b>Comit\u00e9 de V\u00edctimas del \u201c9N\u201d<\/b> lo expuso en la audiencia p\u00fablica video grabada y solicit\u00f3 que la decisi\u00f3n versar\u00e1 sobre el incumplimiento de la Recomendaci\u00f3n <b>20\/2020\/ll<\/b> de la Comisi\u00f3n Estatal de los Derechos Humanos del Estado de Quintana Roo. Asimismo, solicit\u00f3 que se construyera un proceso de reparaci\u00f3n en el cual se incluyera activa y efectivamente a las v\u00edctimas.<\/p>\n<p>Asimismo, es de vital importancia destacar que la decisi\u00f3n que emita la Comisi\u00f3n de Derechos Humanos de la XVII Legislatura del Estado de Quintana Roo podr\u00e1 ser un precedente a favor de las v\u00edctimas de diversas violaciones de derechos humanos, quienes llevan a\u00f1os luchando por sus derechos en un contexto de impunidad as\u00ed como de amenazas, agresiones y hostigamiento en contra de quienes defendemos y buscamos verdad, justicia y reparaci\u00f3n en este pa\u00eds.<\/p>\n<p>El caso del <b>Comit\u00e9 de V\u00edctimas del \u201c9N\u201d<\/b> es un ejemplo del largo proceso para acceder a los derechos constitucionales as\u00ed como de nuestro ah\u00ednco -pese a toda la violencia y re victimizaci\u00f3n sufrida- en continuar buscando la progresi\u00f3n de los derechos humanos\u00a0 espec\u00edficamente del acceso a la justicia, a la verdad y a la reparaci\u00f3n integral- as\u00ed como a un trato digno para las v\u00edctimas del Estado de Quintana Roo.<\/p>\n<p>Por lo anterior, hacemos nuevamente un llamado y una solicitud atenta y respetuosa a quienes representan a la ciudadan\u00eda y al pueblo por medio de su cargo de Diputaci\u00f3n e integrantes de la Comisi\u00f3n de Derechos Humanos de la XVII Legislatura del Estado de Quintana Roo a no dar por cumplida la<b> Recomendaci\u00f3n 20\/2020\/ll <\/b>emitida por la Comisi\u00f3n de los Derechos Humanos del Estado de Quintana Roo y a que el proceso de reparaci\u00f3n integral del da\u00f1o se reponga con participaci\u00f3n efectiva y activa del Comit\u00e9 de V\u00edctimas del \u201c9N\u201d. Este proceso debe poner en el centro nuestras necesidades y dignidad, como lo estipula la Constituci\u00f3n de los Estados Unidos Mexicanos y los tratados internacionales de derechos humanos que M\u00e9xico ha firmado.<\/p>\n<p>Atentamente,<\/p>\n<h5>Comit\u00e9 de V\u00edctimas 9N<\/h5>\n<h5><span style=\"font-size: 17px;\">Amnist\u00eda Internacional<\/span><\/h5>\n<p>\u00a0<\/p>\n<p><b>Organizaciones, colectivas, activistas y personas defensoras de derechos humanos firmantes:<\/b><\/p>\n<ol>\n<li style=\"font-weight: 400;\" aria-level=\"1\"><span style=\"font-weight: 400;\">Gloria Vianey Chan Chimal\u00a0<\/span><\/li>\n<li style=\"font-weight: 400;\" aria-level=\"1\"><span style=\"font-weight: 400;\">Wendy Andrea Galarza Herrera<\/span><\/li>\n<li style=\"font-weight: 400;\" aria-level=\"1\"><span style=\"font-weight: 400;\">Julian Fernando Ram\u00edrez Olivares\u00a0<\/span><\/li>\n<li style=\"font-weight: 400;\" aria-level=\"1\"><span style=\"font-weight: 400;\">Maria Elena Garcia Oronzor<\/span><\/li>\n<li style=\"font-weight: 400;\" aria-level=\"1\"><span style=\"font-weight: 400;\">Roberto Antonio Becerril G\u00f3mez\u00a0<\/span><\/li>\n<li style=\"font-weight: 400;\" aria-level=\"1\"><span style=\"font-weight: 400;\">Ana Paola Mandujano C\u00f3rdova<\/span><\/li>\n<li style=\"font-weight: 400;\" aria-level=\"1\"><span style=\"font-weight: 400;\">Alice ihuit Miguel\u00a0\u00a0\u00a0\u00a0\u00a0\u00a0\u00a0<\/span><\/li>\n<li style=\"font-weight: 400;\" aria-level=\"1\"><span style=\"font-weight: 400;\">S\u00e9rgio Abel Banda Reyes\u00a0<\/span><\/li>\n<li style=\"font-weight: 400;\" aria-level=\"1\"><span style=\"font-weight: 400;\">Ellioth Escobar\u00a0\u00a0\u00a0\u00a0\u00a0\u00a0\u00a0\u00a0\u00a0\u00a0\u00a0\u00a0\u00a0\u00a0<\/span><\/li>\n<li style=\"font-weight: 400;\" aria-level=\"1\"><span style=\"font-weight: 400;\">Ana\u00eds Palacios P\u00e9rez. Defensora de Derechos Humanos. Veracruz<\/span><\/li>\n<li style=\"font-weight: 400;\" aria-level=\"1\"><span style=\"font-weight: 400;\">Ruth Isabel Rodr\u00edguez V\u00e1zquez\u00a0<\/span><\/li>\n<li style=\"font-weight: 400;\" aria-level=\"1\"><span style=\"font-weight: 400;\">Lourdes Mariana Janix Solis\u00a0<\/span><\/li>\n<li style=\"font-weight: 400;\" aria-level=\"1\"><span style=\"font-weight: 400;\">Ver\u00f3nica Ang\u00e9lica De Anda Celis, defensora de derechos humanos<\/span><\/li>\n<li style=\"font-weight: 400;\" aria-level=\"1\"><span style=\"font-weight: 400;\">Martha Mercado Gonz\u00e1lez<\/span><\/li>\n<li style=\"font-weight: 400;\" aria-level=\"1\"><span style=\"font-weight: 400;\">Victor Uc Carrera<\/span><\/li>\n<li style=\"font-weight: 400;\" aria-level=\"1\"><span style=\"font-weight: 400;\">Gloria Guadalupe Flores Ruiz. Chiapas<\/span><\/li>\n<li style=\"font-weight: 400;\" aria-level=\"1\"><span style=\"font-weight: 400;\">Fany Consuelo Chan Chimal<\/span><\/li>\n<li style=\"font-weight: 400;\" aria-level=\"1\"><span style=\"font-weight: 400;\">Nadia K. Fabela Campos<\/span><\/li>\n<li style=\"font-weight: 400;\" aria-level=\"1\"><span style=\"font-weight: 400;\">Y\u00e9sica S\u00e1nchez Maya. Consorcio Oaxaca\u00a0<\/span><\/li>\n<li style=\"font-weight: 400;\" aria-level=\"1\"><span style=\"font-weight: 400;\">Dulce Maria L\u00f3pez Carrera<\/span><\/li>\n<li style=\"font-weight: 400;\" aria-level=\"1\"><span style=\"font-weight: 400;\">Socorro Chabl\u00e9 &#8211; Periodista<\/span><\/li>\n<li style=\"font-weight: 400;\" aria-level=\"1\"><span style=\"font-weight: 400;\">Daniela Noem\u00ed Hern\u00e1ndez L\u00f3pez<\/span><\/li>\n<li style=\"font-weight: 400;\" aria-level=\"1\"><span style=\"font-weight: 400;\">Isabela Boada Guglielmi<\/span><\/li>\n<li style=\"font-weight: 400;\" aria-level=\"1\"><span style=\"font-weight: 400;\">Naivi Mazariego<\/span><\/li>\n<li style=\"font-weight: 400;\" aria-level=\"1\"><span style=\"font-weight: 400;\">Sharily Gonz\u00e1lez M\u00e9ndez\u00a0<\/span><\/li>\n<li style=\"font-weight: 400;\" aria-level=\"1\"><span style=\"font-weight: 400;\">Azkett Mungu\u00eda Loeza\u00a0<\/span><\/li>\n<li style=\"font-weight: 400;\" aria-level=\"1\"><span style=\"font-weight: 400;\">Celina Izquierdo S\u00e1nchez<\/span><\/li>\n<li style=\"font-weight: 400;\" aria-level=\"1\"><span style=\"font-weight: 400;\">Ana Laura Rodriguez Cort\u00e9s\u00a0<\/span><\/li>\n<li style=\"font-weight: 400;\" aria-level=\"1\"><span style=\"font-weight: 400;\">Vanesa Gonz\u00e1lez-Rizzo Krasniansky\u00a0<\/span><\/li>\n<li style=\"font-weight: 400;\" aria-level=\"1\"><span style=\"font-weight: 400;\">Lizette Aurora Ojeda Flota<\/span><\/li>\n<li style=\"font-weight: 400;\" aria-level=\"1\"><span style=\"font-weight: 400;\">Colectiva Disidentas.Qroo<\/span><\/li>\n<li style=\"font-weight: 400;\" aria-level=\"1\"><span style=\"font-weight: 400;\">Colectiva Chamanas San Crist\u00f3bal de las Casas<\/span><\/li>\n<li style=\"font-weight: 400;\" aria-level=\"1\"><span style=\"font-weight: 400;\">Diana Astrid Velazquez Montes de Oca\u00a0<\/span><\/li>\n<li style=\"font-weight: 400;\" aria-level=\"1\"><span style=\"font-weight: 400;\">Estela Reyes Melo\u00a0<\/span><\/li>\n<li style=\"font-weight: 400;\" aria-level=\"1\"><span style=\"font-weight: 400;\">Colectiva Ov\u00e1ricas\u00a0<\/span><\/li>\n<li style=\"font-weight: 400;\" aria-level=\"1\"><span style=\"font-weight: 400;\">Ma. Azul Lara Veccar\u00a0<\/span><\/li>\n<li style=\"font-weight: 400;\" aria-level=\"1\"><span style=\"font-weight: 400;\">\u00a0Colegio kukulc\u00e1n Canc\u00fan\u00a0<\/span><\/li>\n<li style=\"font-weight: 400;\" aria-level=\"1\"><span style=\"font-weight: 400;\">Sof\u00eda Anah\u00ed Garc\u00eda Lucio<\/span><\/li>\n<li style=\"font-weight: 400;\" aria-level=\"1\"><span style=\"font-weight: 400;\">Casa Leona, Comunidad Educativa\u00a0<\/span><\/li>\n<li style=\"font-weight: 400;\" aria-level=\"1\"><span style=\"font-weight: 400;\">Anette Michell Herrera Cruz<\/span><\/li>\n<li style=\"font-weight: 400;\" aria-level=\"1\"><span style=\"font-weight: 400;\">Ana Hurtado Pliego<\/span><\/li>\n<li style=\"font-weight: 400;\" aria-level=\"1\"><span style=\"font-weight: 400;\">Mar\u00eda Isabel Mu\u00f1iz Loera\u00a0<\/span><\/li>\n<li style=\"font-weight: 400;\" aria-level=\"1\"><span style=\"font-weight: 400;\">Liliana Lomel\u00ed\u00a0<\/span><\/li>\n<li style=\"font-weight: 400;\" aria-level=\"1\"><span style=\"font-weight: 400;\">Silvia Edith Chuc Aburto\u00a0<\/span><\/li>\n<li style=\"font-weight: 400;\" aria-level=\"1\"><span style=\"font-weight: 400;\">Gabriel Moreno Esparza<\/span><\/li>\n<li style=\"font-weight: 400;\" aria-level=\"1\"><span style=\"font-weight: 400;\">Dalia Yvonne Su\u00e1rez Su\u00e1rez\u00a0<\/span><\/li>\n<li style=\"font-weight: 400;\" aria-level=\"1\"><span style=\"font-weight: 400;\">Jackie Campbell, periodista y defensora de DH en Coahuila<\/span><\/li>\n<li style=\"font-weight: 400;\" aria-level=\"1\"><span style=\"font-weight: 400;\">Mar\u00eda Mayela Blanco Ram\u00edrez, activista y defensora de DH en San Luis Potos\u00ed<\/span><\/li>\n<li style=\"font-weight: 400;\" aria-level=\"1\"><span style=\"font-weight: 400;\">Graciela Ramos, de Mujeres por M\u00e9xico en Chihuahua, A. C.<\/span><\/li>\n<li style=\"font-weight: 400;\" aria-level=\"1\"><span style=\"font-weight: 400;\">Nancy Torres Casta\u00f1eda. Veracruz<\/span><\/li>\n<li style=\"font-weight: 400;\" aria-level=\"1\"><span style=\"font-weight: 400;\">Cecilia Gpe. Espinosa Martinez, defensora y feminista en Chihuahua.<\/span><\/li>\n<li style=\"font-weight: 400;\" aria-level=\"1\"><span style=\"font-weight: 400;\">Patricia Yllescas, Cd Mx, feminista y defensora de derechos humanos<\/span><\/li>\n<li style=\"font-weight: 400;\" aria-level=\"1\"><span style=\"font-weight: 400;\">Claudia Mart\u00ednez Quezada, Colmena Verde, Veracruz.<\/span><\/li>\n<li style=\"font-weight: 400;\" aria-level=\"1\"><span style=\"font-weight: 400;\">Luis Jes\u00fas Granier Mogoll\u00f3n<\/span><\/li>\n<li style=\"font-weight: 400;\" aria-level=\"1\"><span style=\"font-weight: 400;\">Patricia Erives, L\u00edder de LOLA (Ladies of Liberty Alliance) Cap\u00edtulo Chihuahua.<\/span><\/li>\n<li style=\"font-weight: 400;\" aria-level=\"1\"><span style=\"font-weight: 400;\">Joanna Gabriela Guerra (LOLA MEXICO)<\/span><\/li>\n<li style=\"font-weight: 400;\" aria-level=\"1\"><span style=\"font-weight: 400;\">Cynthia Rodr\u00edguez (Colectiva Feminista de Tulum)\u00a0<\/span><\/li>\n<li style=\"font-weight: 400;\" aria-level=\"1\"><span style=\"font-weight: 400;\">Denisse Renteria Cervantes<\/span><\/li>\n<li style=\"font-weight: 400;\" aria-level=\"1\"><span style=\"font-weight: 400;\">Osmayra Solorio Loeza, feminista y acompa\u00f1anta en Michoac\u00e1n<\/span><\/li>\n<li style=\"font-weight: 400;\" aria-level=\"1\"><span style=\"font-weight: 400;\">Diana Murrieta, presidenta de Nosotras para Ellas, AC.\u00a0<\/span><\/li>\n<li style=\"font-weight: 400;\" aria-level=\"1\"><span style=\"font-weight: 400;\">Claudia Mart\u00ednez S\u00e1nchez del Colectivo Nacional Alerta Temprana de Periodistas y Activistas CONAPA<\/span><\/li>\n<li style=\"font-weight: 400;\" aria-level=\"1\"><span style=\"font-weight: 400;\">Claudia Erika Zenteno Zald\u00edvar, Defensora de DH del medio ambiente de Xochimilco<\/span><\/li>\n<li style=\"font-weight: 400;\" aria-level=\"1\"><span style=\"font-weight: 400;\">Cristina Hinojosa Torres, feminista acompa\u00f1ante de mujeres v\u00edctimas de desaparici\u00f3n en la cdmx<\/span><\/li>\n<li style=\"font-weight: 400;\" aria-level=\"1\"><span style=\"font-weight: 400;\">Michelle Hern\u00e1ndez Michel\u00a0<\/span><\/li>\n<li style=\"font-weight: 400;\" aria-level=\"1\"><span style=\"font-weight: 400;\">Nuestro Fuego Colectivo, colectivo acompa\u00f1ante de personas v\u00edctimas de desaparici\u00f3n y homicidio en la zona metropolitana<\/span><\/li>\n<li style=\"font-weight: 400;\" aria-level=\"1\"><span style=\"font-weight: 400;\">Xochitl Quezada Garc\u00eda, CDMX<\/span><\/li>\n<li style=\"font-weight: 400;\" aria-level=\"1\"><span style=\"font-weight: 400;\">Cristina L\u00f3pez Su\u00e1rez, CdMx<\/span><\/li>\n<li style=\"font-weight: 400;\" aria-level=\"1\"><span style=\"font-weight: 400;\">Brisa Lara Dur\u00e1n, Mujeres Despiertas (colectiva feminista de la regi\u00f3n de los volcanes, Estado de M\u00e9xico)<\/span><\/li>\n<li style=\"font-weight: 400;\" aria-level=\"1\"><span style=\"font-weight: 400;\">Lesly Lizbeth Jim\u00e9nez Flores, EdoMex<\/span><\/li>\n<li style=\"font-weight: 400;\" aria-level=\"1\"><span style=\"font-weight: 400;\">Jaime Fraire Quiroz, CDMX<\/span><\/li>\n<li style=\"font-weight: 400;\" aria-level=\"1\"><span style=\"font-weight: 400;\">Valeria Villegas S\u00e1nchez, CDMX<\/span><\/li>\n<li style=\"font-weight: 400;\" aria-level=\"1\"><span style=\"font-weight: 400;\">Volga de Pina Ravest, defensora de derechos humanos, CdMx<\/span><\/li>\n<li style=\"font-weight: 400;\" aria-level=\"1\"><span style=\"font-weight: 400;\">Sergio Beltr\u00e1n-Garc\u00eda, re\/presentare, CDMX<\/span><\/li>\n<li style=\"font-weight: 400;\" aria-level=\"1\"><span style=\"font-weight: 400;\">Jan-Albert Hootsen, Representante del Comit\u00e9 para la Protecci\u00f3n de Periodistas (CPJ), CDMX<\/span><\/li>\n<li style=\"font-weight: 400;\" aria-level=\"1\"><span style=\"font-weight: 400;\">Raymundo Rosales Guerrero, CDMX<\/span><\/li>\n<li style=\"font-weight: 400;\" aria-level=\"1\"><span style=\"font-weight: 400;\">Mar\u00eda Eunice Solange Oca\u00f1a<\/span><\/li>\n<li style=\"font-weight: 400;\" aria-level=\"1\"><span style=\"font-weight: 400;\">Armando Romer L\u00f3pez\u00a0<\/span><\/li>\n<li style=\"font-weight: 400;\" aria-level=\"1\"><span style=\"font-weight: 400;\">Edwin Reyes Tuz, Tijuana, Baja California\u00a0<\/span><\/li>\n<li style=\"font-weight: 400;\" aria-level=\"1\"><span style=\"font-weight: 400;\">\u00a0Nadiedja Luna Baez, CDMX.\u00a0<\/span><\/li>\n<\/ol>\n<p><!-- \/wp:paragraph --><\/p>\t\t\t\t\t\t<\/div>\n\t\t\t\t<\/div>\n\t\t\t\t<div class=\"elementor-element elementor-element-8e881c4 elementor-widget elementor-widget-image\" data-id=\"8e881c4\" data-element_type=\"widget\" data-widget_type=\"image.default\">\n\t\t\t\t<div class=\"elementor-widget-container\">\n\t\t\t\t\t\t\t\t\t\t\t\t\t\t\t<img decoding=\"async\" width=\"1024\" height=\"746\" src=\"https:\/\/amnistia.org.mx\/contenido\/wp-content\/uploads\/2024\/10\/Captura-de-pantalla-2024-10-09-a-las-14.52.41-1024x746.png\" class=\"attachment-large size-large wp-image-34591\" alt=\"\" loading=\"lazy\" \/>\t\t\t\t\t\t\t\t\t\t\t\t\t\t\t<\/div>\n\t\t\t\t<\/div>\n\t\t\t\t\t<\/div>\n\t\t<\/div>\n\t\t\t\t\t\t\t<\/div>\n\t\t<\/section>\n\t\t\t\t\t\t\t<\/div>\n\t\t","protected":false},"excerpt":{"rendered":"<p>Canc\u00fan, Quintana Roo, 9 de octubre de 2024 \u00a0 Comisi\u00f3n Permanente de Derechos Humanos XVIII Legislatura del Congreso del Estado de Quintana Roo PRESENTE \u00a0 Distinguidas Diputadas y Diputados, Reciban &hellip;<\/p>\n<p class=\"read-more\"> <a class=\"\" href=\"https:\/\/amnistia.org.mx\/contenido\/index.php\/carta-abierta-al-congreso-del-estado-de-qroo\/\"> <span class=\"screen-reader-text\">Carta Abierta al Congreso del Estado de QROO<\/span> Leer m\u00e1s &raquo;<\/a><\/p>\n","protected":false},"author":16,"featured_media":15850,"comment_status":"closed","ping_status":"closed","sticky":false,"template":"","format":"standard","meta":{"_uf_show_specific_survey":0,"_uf_disable_surveys":false,"site-sidebar-layout":"default","site-content-layout":"default","ast-global-header-display":"","ast-main-header-display":"","ast-hfb-above-header-display":"","ast-hfb-below-header-display":"","ast-hfb-mobile-header-display":"","site-post-title":"","ast-breadcrumbs-content":"","ast-featured-img":"","footer-sml-layout":"","theme-transparent-header-meta":"","adv-header-id-meta":"","stick-header-meta":"","header-above-stick-meta":"","header-main-stick-meta":"","header-below-stick-meta":""},"categories":[20],"tags":[161],"acf":[],"aioseo_notices":[],"yoast_head":"<!-- This site is optimized with the Yoast SEO plugin v14.5 - https:\/\/yoast.com\/wordpress\/plugins\/seo\/ -->\n<title>Carta Abierta al Congreso del Estado de QROO - amnistia.org.mx<\/title>\n<meta name=\"description\" content=\"Hacemos un atento y respetuoso llamado y solicitud a quienes representan a la ciudadan\u00eda y al pueblo por medio de su cargo de Diputaci\u00f3n e integrante de la Comisi\u00f3n de Derechos Humanos de la XVII Legislatura del Estado de Quintana Roo a no dar por cumplida la Recomendaci\u00f3n N\u00famero 20\/2020\/ll emitida por la Comisi\u00f3n de los Derechos Humanos del Estado de Quintana Roo.\" \/>\n<meta name=\"robots\" content=\"index, follow\" \/>\n<meta name=\"googlebot\" content=\"index, follow, max-snippet:-1, max-image-preview:large, max-video-preview:-1\" \/>\n<meta name=\"bingbot\" content=\"index, follow, max-snippet:-1, max-image-preview:large, max-video-preview:-1\" \/>\n<link rel=\"canonical\" href=\"https:\/\/amnistia.org.mx\/contenido\/index.php\/carta-abierta-al-congreso-del-estado-de-qroo\/\" \/>\n<meta property=\"og:locale\" content=\"es_MX\" \/>\n<meta property=\"og:type\" content=\"article\" \/>\n<meta property=\"og:title\" content=\"Carta Abierta al Congreso del Estado de QROO - amnistia.org.mx\" \/>\n<meta property=\"og:description\" content=\"Hacemos un atento y respetuoso llamado y solicitud a quienes representan a la ciudadan\u00eda y al pueblo por medio de su cargo de Diputaci\u00f3n e integrante de la Comisi\u00f3n de Derechos Humanos de la XVII Legislatura del Estado de Quintana Roo a no dar por cumplida la Recomendaci\u00f3n N\u00famero 20\/2020\/ll emitida por la Comisi\u00f3n de los Derechos Humanos del Estado de Quintana Roo.\" \/>\n<meta property=\"og:url\" content=\"https:\/\/amnistia.org.mx\/contenido\/index.php\/carta-abierta-al-congreso-del-estado-de-qroo\/\" \/>\n<meta property=\"og:site_name\" content=\"amnistia.org.mx\" \/>\n<meta property=\"article:published_time\" content=\"2024-10-09T20:44:13+00:00\" \/>\n<meta property=\"article:modified_time\" content=\"2024-10-09T20:58:06+00:00\" \/>\n<meta property=\"og:image\" content=\"https:\/\/amnistia.org.mx\/contenido\/wp-content\/uploads\/2022\/01\/277629-scaled.jpg\" \/>\n\t<meta property=\"og:image:width\" content=\"2560\" \/>\n\t<meta property=\"og:image:height\" content=\"1707\" \/>\n<meta name=\"twitter:card\" content=\"summary_large_image\" \/>\n<script type=\"application\/ld+json\" class=\"yoast-schema-graph\">{\"@context\":\"https:\/\/schema.org\",\"@graph\":[{\"@type\":\"WebSite\",\"@id\":\"https:\/\/amnistia.org.mx\/contenido\/#website\",\"url\":\"https:\/\/amnistia.org.mx\/contenido\/\",\"name\":\"amnistia.org.mx\",\"description\":\"Nueva p\\u00e1gina de Amnist\\u00eda\",\"potentialAction\":[{\"@type\":\"SearchAction\",\"target\":\"https:\/\/amnistia.org.mx\/contenido\/?s={search_term_string}\",\"query-input\":\"required name=search_term_string\"}],\"inLanguage\":\"es-MX\"},{\"@type\":\"ImageObject\",\"@id\":\"https:\/\/amnistia.org.mx\/contenido\/index.php\/carta-abierta-al-congreso-del-estado-de-qroo\/#primaryimage\",\"inLanguage\":\"es-MX\",\"url\":\"https:\/\/amnistia.org.mx\/contenido\/wp-content\/uploads\/2022\/01\/277629-scaled.jpg\",\"width\":2560,\"height\":1707,\"caption\":\"Wendy Galarza is a dedicated childcare worker. She\\u2019s passionate about supporting children in their youngest years, because she believes it\\u2019s the best way to create kinder and more compassionate societies. It\\u2019s a goal Wendy works hard for in Mexico, where women are often degraded, attacked and killed for being women. A feminist activist, she, too, almost lost her life for denouncing such violence. On 9 November 2020, Wendy attended a march organised by feminist collectives in Canc\\u00fan to demand justice for the murder of a woman known as Alexis. But when a group of demonstrators began pulling down and burning some wooden barriers, police fired shots into the air and, some say, into the crowd. Later, Wendy discovered she had bullet wounds in her leg and vulva. Two days later, she lodged a complaint against the police. It took months for the State Prosecutor to accept her additional evidence, which included clothing showing bullet holes from the day of the protest. Today, the case continues. Those suspected of criminal responsibility for her shooting have not been brought to justice. Undeterred, Wendy set up a collective with other women who were assaulted during the protest. \\u201cI will never let 9N be forgotten,\\u201d she says. \\u201cI will continue to raise my voice and defend the human rights of myself and my partners in struggle.\\u201d\"},{\"@type\":\"WebPage\",\"@id\":\"https:\/\/amnistia.org.mx\/contenido\/index.php\/carta-abierta-al-congreso-del-estado-de-qroo\/#webpage\",\"url\":\"https:\/\/amnistia.org.mx\/contenido\/index.php\/carta-abierta-al-congreso-del-estado-de-qroo\/\",\"name\":\"Carta Abierta al Congreso del Estado de QROO - amnistia.org.mx\",\"isPartOf\":{\"@id\":\"https:\/\/amnistia.org.mx\/contenido\/#website\"},\"primaryImageOfPage\":{\"@id\":\"https:\/\/amnistia.org.mx\/contenido\/index.php\/carta-abierta-al-congreso-del-estado-de-qroo\/#primaryimage\"},\"datePublished\":\"2024-10-09T20:44:13+00:00\",\"dateModified\":\"2024-10-09T20:58:06+00:00\",\"author\":{\"@id\":\"https:\/\/amnistia.org.mx\/contenido\/#\/schema\/person\/3591ea02d9feb059690a05600cba6abc\"},\"description\":\"Hacemos un atento y respetuoso llamado y solicitud a quienes representan a la ciudadan\\u00eda y al pueblo por medio de su cargo de Diputaci\\u00f3n e integrante de la Comisi\\u00f3n de Derechos Humanos de la XVII Legislatura del Estado de Quintana Roo a no dar por cumplida la Recomendaci\\u00f3n N\\u00famero 20\/2020\/ll emitida por la Comisi\\u00f3n de los Derechos Humanos del Estado de Quintana Roo.\",\"breadcrumb\":{\"@id\":\"https:\/\/amnistia.org.mx\/contenido\/index.php\/carta-abierta-al-congreso-del-estado-de-qroo\/#breadcrumb\"},\"inLanguage\":\"es-MX\",\"potentialAction\":[{\"@type\":\"ReadAction\",\"target\":[\"https:\/\/amnistia.org.mx\/contenido\/index.php\/carta-abierta-al-congreso-del-estado-de-qroo\/\"]}]},{\"@type\":\"BreadcrumbList\",\"@id\":\"https:\/\/amnistia.org.mx\/contenido\/index.php\/carta-abierta-al-congreso-del-estado-de-qroo\/#breadcrumb\",\"itemListElement\":[{\"@type\":\"ListItem\",\"position\":1,\"item\":{\"@type\":\"WebPage\",\"@id\":\"https:\/\/amnistia.org.mx\/contenido\/\",\"url\":\"https:\/\/amnistia.org.mx\/contenido\/\",\"name\":\"Home\"}},{\"@type\":\"ListItem\",\"position\":2,\"item\":{\"@type\":\"WebPage\",\"@id\":\"https:\/\/amnistia.org.mx\/contenido\/index.php\/carta-abierta-al-congreso-del-estado-de-qroo\/\",\"url\":\"https:\/\/amnistia.org.mx\/contenido\/index.php\/carta-abierta-al-congreso-del-estado-de-qroo\/\",\"name\":\"Carta Abierta al Congreso del Estado de QROO\"}}]},{\"@type\":[\"Person\"],\"@id\":\"https:\/\/amnistia.org.mx\/contenido\/#\/schema\/person\/3591ea02d9feb059690a05600cba6abc\",\"name\":\"Cristopher Isa\\u00ed Cruz Ordo\\u00f1ez\",\"image\":{\"@type\":\"ImageObject\",\"@id\":\"https:\/\/amnistia.org.mx\/contenido\/#personlogo\",\"inLanguage\":\"es-MX\",\"url\":\"https:\/\/secure.gravatar.com\/avatar\/a100f5949b8e942bf669a0aecb41ebbd?s=96&d=mm&r=g\",\"caption\":\"Cristopher Isa\\u00ed Cruz Ordo\\u00f1ez\"}}]}<\/script>\n<!-- \/ Yoast SEO plugin. -->","_links":{"self":[{"href":"https:\/\/amnistia.org.mx\/contenido\/index.php\/wp-json\/wp\/v2\/posts\/34577"}],"collection":[{"href":"https:\/\/amnistia.org.mx\/contenido\/index.php\/wp-json\/wp\/v2\/posts"}],"about":[{"href":"https:\/\/amnistia.org.mx\/contenido\/index.php\/wp-json\/wp\/v2\/types\/post"}],"author":[{"embeddable":true,"href":"https:\/\/amnistia.org.mx\/contenido\/index.php\/wp-json\/wp\/v2\/users\/16"}],"replies":[{"embeddable":true,"href":"https:\/\/amnistia.org.mx\/contenido\/index.php\/wp-json\/wp\/v2\/comments?post=34577"}],"version-history":[{"count":14,"href":"https:\/\/amnistia.org.mx\/contenido\/index.php\/wp-json\/wp\/v2\/posts\/34577\/revisions"}],"predecessor-version":[{"id":34597,"href":"https:\/\/amnistia.org.mx\/contenido\/index.php\/wp-json\/wp\/v2\/posts\/34577\/revisions\/34597"}],"wp:featuredmedia":[{"embeddable":true,"href":"https:\/\/amnistia.org.mx\/contenido\/index.php\/wp-json\/wp\/v2\/media\/15850"}],"wp:attachment":[{"href":"https:\/\/amnistia.org.mx\/contenido\/index.php\/wp-json\/wp\/v2\/media?parent=34577"}],"wp:term":[{"taxonomy":"category","embeddable":true,"href":"https:\/\/amnistia.org.mx\/contenido\/index.php\/wp-json\/wp\/v2\/categories?post=34577"},{"taxonomy":"post_tag","embeddable":true,"href":"https:\/\/amnistia.org.mx\/contenido\/index.php\/wp-json\/wp\/v2\/tags?post=34577"}],"curies":[{"name":"wp","href":"https:\/\/api.w.org\/{rel}","templated":true}]}}