
{"id":34609,"date":"2024-10-10T13:59:24","date_gmt":"2024-10-10T18:59:24","guid":{"rendered":"https:\/\/amnistia.org.mx\/contenido\/?p=34609"},"modified":"2024-10-10T16:45:23","modified_gmt":"2024-10-10T21:45:23","slug":"cinco-anos-despues-del-estallido-social-la-apertura-de-un-proceso-judicial-contra-mandos-policiales-puede-constituir-un-hito-en-la-lucha-por-la-justicia","status":"publish","type":"post","link":"https:\/\/amnistia.org.mx\/contenido\/index.php\/cinco-anos-despues-del-estallido-social-la-apertura-de-un-proceso-judicial-contra-mandos-policiales-puede-constituir-un-hito-en-la-lucha-por-la-justicia\/","title":{"rendered":"Cinco a\u00f1os despu\u00e9s del Estallido Social, la apertura de un proceso judicial contra mandos policiales puede constituir un hito en la lucha por la justicia"},"content":{"rendered":"\n<p><\/p>\n\n\n\n<p>Despu\u00e9s de 5 a\u00f1os se formaliz\u00f3 la investigaci\u00f3n penal contra tres personas que ejercieron el alto mando de Carabineros durante la represi\u00f3n policial a las protestas de 2019. Bajo su direcci\u00f3n, dos personas fallecieron a manos de la polic\u00eda y miles sufrieron lesiones graves, incluyendo traumas oculares irreversibles. En esta audiencia, esperada por m\u00e1s de nueve meses, la Fiscal\u00eda Metropolitana Centro Norte comunic\u00f3 formalmente que los investiga por su posible participaci\u00f3n como autores del delito omisivo de apremios ileg\u00edtimos con resultado de lesiones graves y homicidio, y con ello se dar\u00e1 inicio a un proceso judicial.&nbsp;<\/p>\n\n\n\n<p>Seg\u00fan el derecho internacional y la legislaci\u00f3n chilena, los mandos a cargo de cuerpos policiales son, bajo ciertas circunstancias, responsables por los actos de sus subordinados, incluso cuando hubiesen omitido la supervisi\u00f3n de estos. As\u00ed lo ha se\u00f1alado Amnist\u00eda Internacional en sus informes de 2020,&nbsp;<a href=\"https:\/\/www.amnesty.org\/es\/documents\/amr22\/3133\/2020\/es\/#:~:text=Chile%3A%20Ojos%20sobre%20Chile%3A%20Violencia%20policial%20y%20responsabilidad,estallido%20social%20en%20Chile%20desde%20octubre%20de%202019.\">\u201cOjos sobre Chile\u201d<\/a>, de 2021,&nbsp;<a href=\"https:\/\/www.amnesty.org\/en\/documents\/amr22\/4851\/2021\/es\/#:~:text=El%20presente%20informe%20tiene%20por%20objeto%20analizar%20la%20responsabilidad%20penal\">\u201cResponsabilidad penal por omisi\u00f3n de los mandos\u201d<\/a>&nbsp;y en un reciente informe publicado bajo el d\u00eda de hoy,&nbsp;<a href=\"https:\/\/amnistia.cl\/wp-content\/uploads\/2024\/09\/AMR2285662024.pdf\">\u201cObligaciones de derecho internacional de investigar y sancionar a los responsables jer\u00e1rquicos de violaciones de derechos humanos\u201d<\/a>.&nbsp;<\/p>\n\n\n\n<p>El inicio de un proceso judicial, que comenzar\u00eda tras la celebraci\u00f3n de esta audiencia, servir\u00e1 para esclarecer si dichas personas tuvieron responsabilidad penal individual por no haber impedido las graves lesiones causadas a miles de manifestantes, a pesar de que habr\u00edan podido hacerlo, tal como era su obligaci\u00f3n.&nbsp;<\/p>\n\n\n\n<p>\u201cEsta audiencia nos demuestra que es posible procesar no s\u00f3lo a quien apret\u00f3 el gatillo, sino sobre todo a quien omiti\u00f3 hacer todo aquello que estaba a su alcance para evitar que se disparara de forma indiscriminada sobre manifestantes. La responsabilidad por estos hechos debe estar a la altura de la responsabilidad del puesto que ten\u00edan\u201d, expresa Ana Piquer, directora para las Am\u00e9ricas de Amnist\u00eda Internacional.<\/p>\n\n\n\n<blockquote class=\"wp-block-quote\">\n<p>Esta audiencia nos demuestra que es posible procesar no s\u00f3lo a quien apret\u00f3 el gatillo, sino sobre todo a quien omiti\u00f3 hacer todo aquello que estaba a su alcance para evitar que se disparara de forma indiscriminada sobre manifestantes. La responsabilidad por estos hechos debe estar a la altura de la responsabilidad del puesto que ten\u00edan.Ana Piquer, directora para las Am\u00e9ricas de Amnist\u00eda Internacional.<\/p>\n<\/blockquote>\n\n\n\n<p>Desde octubre de 2019, Amnist\u00eda Internacional y diversas organizaciones y organismos internacionales y nacionales de derechos humanos denunciaron el uso indiscriminado e indebido de escopetas cargadas con perdigones de metal y goma por parte de Carabineros, que dejaron a miles de personas heridas y a m\u00e1s de 400 con trauma ocular severo. Hoy en d\u00eda, se cuentan en m\u00e1s de 1.100 las causas por apremios ileg\u00edtimos (malos tratos) causados por este tipo de acciones, lo que evidencia el da\u00f1o generalizado cometido por la acci\u00f3n de Carabineros.<\/p>\n\n\n\n<p>La investigaci\u00f3n penal contra los altos mandos de la polic\u00eda que habr\u00edan permitido que esto ocurriera, es un hito para Chile. Cada d\u00eda, en distintos pa\u00edses, el derecho a protestar se ve amenazado por el uso de armas y munici\u00f3n sumamente lesivas y prohibidas por el derecho internacional para el control de manifestaciones. Hoy, Chile tiene la oportunidad hist\u00f3rica de hacer rendir cuentas a quienes desde posiciones de poder no actuaron para impedir da\u00f1os irreversibles contra miles de personas.<\/p>\n\n\n\n<p>Amnist\u00eda Internacional celebra que esta audiencia, que finalizar\u00eda ma\u00f1ana, inicie un proceso judicial que, bajo las garant\u00edas del debido proceso pertinentes, esclarezca los hechos y determine las responsabilidades por las graves violaciones a derechos humanos cometidas a partir de 2019.<\/p>\n\n\n\n<p>\u201cLos ojos del mundo contin\u00faan sobre Chile. La formalizaci\u00f3n de altos mandos es un&nbsp; antecedente valioso para otros pa\u00edses de la regi\u00f3n, pero sobre todo para Chile y las v\u00edctimas de la violencia policial, que han resistido cinco a\u00f1os para que esta puerta hacia la justicia se abriera paso\u201d, dijo Rodrigo Bustos, director ejecutivo de Amnist\u00eda Internacional Chile.<\/p>\n\n\n\n<blockquote class=\"wp-block-quote\">\n<p>Los ojos del mundo contin\u00faan sobre Chile. La formalizaci\u00f3n de altos mandos es un&nbsp; antecedente valioso para otros pa\u00edses de la regi\u00f3n, pero sobre todo para Chile y las v\u00edctimas de la violencia policial, que han resistido cinco a\u00f1os para que esta puerta hacia la justicia se abriera paso.Rodrigo Bustos, director ejecutivo de Amnist\u00eda Internacional Chile.<\/p>\n<\/blockquote>\n\n\n\n<p>Finalmente, Amnist\u00eda Internacional considera oportuna la salida del actual Director General de su cargo, ya que como ya denunci\u00f3 la organizaci\u00f3n en diversas ocasiones, su permanencia supon\u00eda un riesgo para la prueba procesal y el cumplimiento de garant\u00edas de no repetici\u00f3n.<\/p>\n\n\n\n<h2 id=\"h-informacion-de-contexto\"><strong>Informaci\u00f3n de contexto<\/strong><\/h2>\n\n\n\n<p>Amnist\u00eda Internacional aport\u00f3 a esta investigaci\u00f3n penal antecedentes relativos a la violaci\u00f3n generalizada del derecho a la integridad f\u00edsica ocurrida entre el 18 de octubre y el 30 de noviembre de 2019, documentadas en el informe&nbsp;<a href=\"https:\/\/www.amnesty.org\/es\/documents\/amr22\/3133\/2020\/es\/#:~:text=Chile%3A%20Ojos%20sobre%20Chile%3A%20Violencia%20policial%20y%20responsabilidad,estallido%20social%20en%20Chile%20desde%20octubre%20de%202019.\">\u201cOjos sobre Chile: Violencia policial y responsabilidad de mando en el estallido social\u201d<\/a>. En particular, este informe evidenci\u00f3 c\u00f3mo, a trav\u00e9s de un obrar omisivo y deliberado, distintos mandos de Carabineros \u2014incluido el actual General Director y entonces Director de Orden y Seguridad\u2014 habr\u00edan implementado una estrategia para silenciar las protestas, donde se hizo un uso indiscriminado e indebido de escopetas cargadas con munici\u00f3n altamente lesiva, dejando miles de personas heridas y m\u00e1s de 400 personas con trauma ocular.<\/p>\n\n\n\n<p><strong>Para m\u00e1s informaci\u00f3n o concertar una cita, por favor contacte a&nbsp;press@amnesty.org<\/strong><\/p>\n\n\n\n<h2>M\u00e1s informaci\u00f3n<\/h2>\n\n\n\n<ul>\n<li><a href=\"https:\/\/amnistia.cl\/amnistia-internacional-lanza-nuevo-informe-sobre-responsabilidad-de-altos-mandos-por-violaciones-de-derechos-humanos\/#:~:text=Amnist%C3%ADa%20Internacional%20lanza%20el%20informe%20%E2%80%9CChile%3A%20Obligaciones%20de,y%20sancionar%20las%20conductas%20delictivas%20de%20sus%20subordinados.\">Amnist\u00eda Internacional lanza nuevo informe sobre responsabilidad de altos mandos por violaciones de derechos humanos (30 de septiembre de 2024)<\/a><\/li>\n\n\n\n<li><a href=\"https:\/\/amnistia.cl\/imputacion-de-altos-mados\/\">Chile: La imputaci\u00f3n de Ricardo Y\u00e1\u00f1ez, Mario Rozas y otro alto mando de Carabineros es un hito en el camino hacia la verdad y la justicia (3 de enero de 2024)<\/a><\/li>\n\n\n\n<li><a href=\"https:\/\/amnistia.cl\/amnistia-internacional-solicita-que-se-remueva-al-general-director-de-carabineros-ricardo-yanez\/\">Amnist\u00eda Internacional solicita que se remueva al general director de Carabineros Ricardo Y\u00e1\u00f1ez (26 de febrero de 2024)<\/a><\/li>\n\n\n\n<li><a href=\"https:\/\/amnistia.cl\/amnistia-internacional-envia-carta-al-fiscal-nacional-angel-valencia-respecto-al-aplazamiento-de-audiencia-de-formalizacion-contra-mandos-de-carabineros\/\">Amnist\u00eda Internacional env\u00eda carta al Fiscal Nacional \u00c1ngel Valencia respecto al aplazamiento de audiencia de formalizaci\u00f3n contra mandos de carabineros (3 de mayo de 2024)<\/a><\/li>\n<\/ul>\n\n\n\n<ul>\n<li><\/li>\n<\/ul>\n","protected":false},"excerpt":{"rendered":"<p>Despu\u00e9s de 5 a\u00f1os se formaliz\u00f3 la investigaci\u00f3n penal contra tres personas que ejercieron el alto mando de Carabineros durante la represi\u00f3n policial a las protestas de 2019. <\/p>\n","protected":false},"author":4,"featured_media":34610,"comment_status":"open","ping_status":"open","sticky":false,"template":"","format":"standard","meta":{"_uf_show_specific_survey":0,"_uf_disable_surveys":false,"site-sidebar-layout":"default","site-content-layout":"default","ast-global-header-display":"","ast-main-header-display":"","ast-hfb-above-header-display":"","ast-hfb-below-header-display":"","ast-hfb-mobile-header-display":"","site-post-title":"","ast-breadcrumbs-content":"","ast-featured-img":"disabled","footer-sml-layout":"","theme-transparent-header-meta":"","adv-header-id-meta":"","stick-header-meta":"","header-above-stick-meta":"","header-main-stick-meta":"","header-below-stick-meta":""},"categories":[9],"tags":[40],"acf":[],"aioseo_notices":[],"yoast_head":"<!-- This site is optimized with the Yoast SEO plugin v14.5 - https:\/\/yoast.com\/wordpress\/plugins\/seo\/ -->\n<title>Cinco a\u00f1os despu\u00e9s del Estallido Social, la apertura de un proceso judicial contra mandos policiales puede constituir un hito en la lucha por la justicia - amnistia.org.mx<\/title>\n<meta name=\"description\" content=\"Despu\u00e9s de 5 a\u00f1os se formaliz\u00f3 la investigaci\u00f3n penal contra tres personas que ejercieron el alto mando de Carabineros durante la represi\u00f3n policial a las protestas de 2019.\" \/>\n<meta name=\"robots\" content=\"index, follow\" \/>\n<meta name=\"googlebot\" content=\"index, follow, max-snippet:-1, max-image-preview:large, max-video-preview:-1\" \/>\n<meta name=\"bingbot\" content=\"index, follow, max-snippet:-1, max-image-preview:large, max-video-preview:-1\" \/>\n<link rel=\"canonical\" href=\"https:\/\/amnistia.org.mx\/contenido\/index.php\/cinco-anos-despues-del-estallido-social-la-apertura-de-un-proceso-judicial-contra-mandos-policiales-puede-constituir-un-hito-en-la-lucha-por-la-justicia\/\" \/>\n<meta property=\"og:locale\" content=\"es_MX\" \/>\n<meta property=\"og:type\" content=\"article\" \/>\n<meta property=\"og:title\" content=\"Cinco a\u00f1os despu\u00e9s del Estallido Social, la apertura de un proceso judicial contra mandos policiales puede constituir un hito en la lucha por la justicia - amnistia.org.mx\" \/>\n<meta property=\"og:description\" content=\"Despu\u00e9s de 5 a\u00f1os se formaliz\u00f3 la investigaci\u00f3n penal contra tres personas que ejercieron el alto mando de Carabineros durante la represi\u00f3n policial a las protestas de 2019.\" \/>\n<meta property=\"og:url\" content=\"https:\/\/amnistia.org.mx\/contenido\/index.php\/cinco-anos-despues-del-estallido-social-la-apertura-de-un-proceso-judicial-contra-mandos-policiales-puede-constituir-un-hito-en-la-lucha-por-la-justicia\/\" \/>\n<meta property=\"og:site_name\" content=\"amnistia.org.mx\" \/>\n<meta property=\"article:published_time\" content=\"2024-10-10T18:59:24+00:00\" \/>\n<meta property=\"article:modified_time\" content=\"2024-10-10T21:45:23+00:00\" \/>\n<meta property=\"og:image\" content=\"https:\/\/amnistia.org.mx\/contenido\/wp-content\/uploads\/2024\/10\/Chile-Carabineros-1468x710-1.jpg\" \/>\n\t<meta property=\"og:image:width\" content=\"1468\" \/>\n\t<meta property=\"og:image:height\" content=\"710\" \/>\n<meta name=\"twitter:card\" content=\"summary_large_image\" \/>\n<script type=\"application\/ld+json\" class=\"yoast-schema-graph\">{\"@context\":\"https:\/\/schema.org\",\"@graph\":[{\"@type\":\"WebSite\",\"@id\":\"https:\/\/amnistia.org.mx\/contenido\/#website\",\"url\":\"https:\/\/amnistia.org.mx\/contenido\/\",\"name\":\"amnistia.org.mx\",\"description\":\"Nueva p\\u00e1gina de Amnist\\u00eda\",\"potentialAction\":[{\"@type\":\"SearchAction\",\"target\":\"https:\/\/amnistia.org.mx\/contenido\/?s={search_term_string}\",\"query-input\":\"required name=search_term_string\"}],\"inLanguage\":\"es-MX\"},{\"@type\":\"ImageObject\",\"@id\":\"https:\/\/amnistia.org.mx\/contenido\/index.php\/cinco-anos-despues-del-estallido-social-la-apertura-de-un-proceso-judicial-contra-mandos-policiales-puede-constituir-un-hito-en-la-lucha-por-la-justicia\/#primaryimage\",\"inLanguage\":\"es-MX\",\"url\":\"https:\/\/amnistia.org.mx\/contenido\/wp-content\/uploads\/2024\/10\/Chile-Carabineros-1468x710-1.jpg\",\"width\":1468,\"height\":710},{\"@type\":\"WebPage\",\"@id\":\"https:\/\/amnistia.org.mx\/contenido\/index.php\/cinco-anos-despues-del-estallido-social-la-apertura-de-un-proceso-judicial-contra-mandos-policiales-puede-constituir-un-hito-en-la-lucha-por-la-justicia\/#webpage\",\"url\":\"https:\/\/amnistia.org.mx\/contenido\/index.php\/cinco-anos-despues-del-estallido-social-la-apertura-de-un-proceso-judicial-contra-mandos-policiales-puede-constituir-un-hito-en-la-lucha-por-la-justicia\/\",\"name\":\"Cinco a\\u00f1os despu\\u00e9s del Estallido Social, la apertura de un proceso judicial contra mandos policiales puede constituir un hito en la lucha por la justicia - amnistia.org.mx\",\"isPartOf\":{\"@id\":\"https:\/\/amnistia.org.mx\/contenido\/#website\"},\"primaryImageOfPage\":{\"@id\":\"https:\/\/amnistia.org.mx\/contenido\/index.php\/cinco-anos-despues-del-estallido-social-la-apertura-de-un-proceso-judicial-contra-mandos-policiales-puede-constituir-un-hito-en-la-lucha-por-la-justicia\/#primaryimage\"},\"datePublished\":\"2024-10-10T18:59:24+00:00\",\"dateModified\":\"2024-10-10T21:45:23+00:00\",\"author\":{\"@id\":\"https:\/\/amnistia.org.mx\/contenido\/#\/schema\/person\/7db421c495688267ce8ede4625c17fa5\"},\"description\":\"Despu\\u00e9s de 5 a\\u00f1os se formaliz\\u00f3 la investigaci\\u00f3n penal contra tres personas que ejercieron el alto mando de Carabineros durante la represi\\u00f3n policial a las protestas de 2019.\",\"breadcrumb\":{\"@id\":\"https:\/\/amnistia.org.mx\/contenido\/index.php\/cinco-anos-despues-del-estallido-social-la-apertura-de-un-proceso-judicial-contra-mandos-policiales-puede-constituir-un-hito-en-la-lucha-por-la-justicia\/#breadcrumb\"},\"inLanguage\":\"es-MX\",\"potentialAction\":[{\"@type\":\"ReadAction\",\"target\":[\"https:\/\/amnistia.org.mx\/contenido\/index.php\/cinco-anos-despues-del-estallido-social-la-apertura-de-un-proceso-judicial-contra-mandos-policiales-puede-constituir-un-hito-en-la-lucha-por-la-justicia\/\"]}]},{\"@type\":\"BreadcrumbList\",\"@id\":\"https:\/\/amnistia.org.mx\/contenido\/index.php\/cinco-anos-despues-del-estallido-social-la-apertura-de-un-proceso-judicial-contra-mandos-policiales-puede-constituir-un-hito-en-la-lucha-por-la-justicia\/#breadcrumb\",\"itemListElement\":[{\"@type\":\"ListItem\",\"position\":1,\"item\":{\"@type\":\"WebPage\",\"@id\":\"https:\/\/amnistia.org.mx\/contenido\/\",\"url\":\"https:\/\/amnistia.org.mx\/contenido\/\",\"name\":\"Home\"}},{\"@type\":\"ListItem\",\"position\":2,\"item\":{\"@type\":\"WebPage\",\"@id\":\"https:\/\/amnistia.org.mx\/contenido\/index.php\/cinco-anos-despues-del-estallido-social-la-apertura-de-un-proceso-judicial-contra-mandos-policiales-puede-constituir-un-hito-en-la-lucha-por-la-justicia\/\",\"url\":\"https:\/\/amnistia.org.mx\/contenido\/index.php\/cinco-anos-despues-del-estallido-social-la-apertura-de-un-proceso-judicial-contra-mandos-policiales-puede-constituir-un-hito-en-la-lucha-por-la-justicia\/\",\"name\":\"Cinco a\\u00f1os despu\\u00e9s del Estallido Social, la apertura de un proceso judicial contra mandos policiales puede constituir un hito en la lucha por la justicia\"}}]},{\"@type\":[\"Person\"],\"@id\":\"https:\/\/amnistia.org.mx\/contenido\/#\/schema\/person\/7db421c495688267ce8ede4625c17fa5\",\"name\":\"Alejandro Ju\\u00e1rez Gamero\",\"image\":{\"@type\":\"ImageObject\",\"@id\":\"https:\/\/amnistia.org.mx\/contenido\/#personlogo\",\"inLanguage\":\"es-MX\",\"url\":\"https:\/\/secure.gravatar.com\/avatar\/e312d5566d1c3ffb56f86415d6f0e606?s=96&d=mm&r=g\",\"caption\":\"Alejandro Ju\\u00e1rez Gamero\"}}]}<\/script>\n<!-- \/ Yoast SEO plugin. -->","_links":{"self":[{"href":"https:\/\/amnistia.org.mx\/contenido\/index.php\/wp-json\/wp\/v2\/posts\/34609"}],"collection":[{"href":"https:\/\/amnistia.org.mx\/contenido\/index.php\/wp-json\/wp\/v2\/posts"}],"about":[{"href":"https:\/\/amnistia.org.mx\/contenido\/index.php\/wp-json\/wp\/v2\/types\/post"}],"author":[{"embeddable":true,"href":"https:\/\/amnistia.org.mx\/contenido\/index.php\/wp-json\/wp\/v2\/users\/4"}],"replies":[{"embeddable":true,"href":"https:\/\/amnistia.org.mx\/contenido\/index.php\/wp-json\/wp\/v2\/comments?post=34609"}],"version-history":[{"count":6,"href":"https:\/\/amnistia.org.mx\/contenido\/index.php\/wp-json\/wp\/v2\/posts\/34609\/revisions"}],"predecessor-version":[{"id":34636,"href":"https:\/\/amnistia.org.mx\/contenido\/index.php\/wp-json\/wp\/v2\/posts\/34609\/revisions\/34636"}],"wp:featuredmedia":[{"embeddable":true,"href":"https:\/\/amnistia.org.mx\/contenido\/index.php\/wp-json\/wp\/v2\/media\/34610"}],"wp:attachment":[{"href":"https:\/\/amnistia.org.mx\/contenido\/index.php\/wp-json\/wp\/v2\/media?parent=34609"}],"wp:term":[{"taxonomy":"category","embeddable":true,"href":"https:\/\/amnistia.org.mx\/contenido\/index.php\/wp-json\/wp\/v2\/categories?post=34609"},{"taxonomy":"post_tag","embeddable":true,"href":"https:\/\/amnistia.org.mx\/contenido\/index.php\/wp-json\/wp\/v2\/tags?post=34609"}],"curies":[{"name":"wp","href":"https:\/\/api.w.org\/{rel}","templated":true}]}}