
{"id":35233,"date":"2024-11-11T17:21:44","date_gmt":"2024-11-11T23:21:44","guid":{"rendered":"https:\/\/amnistia.org.mx\/contenido\/?p=35233"},"modified":"2024-11-11T17:21:45","modified_gmt":"2024-11-11T23:21:45","slug":"global-imagenes-alarmantes-refuerzan-los-peligros-de-celebrar-la-cop29-en-un-pais-con-estrechos-lazos-con-empresas-de-combustibles-fosiles","status":"publish","type":"post","link":"https:\/\/amnistia.org.mx\/contenido\/index.php\/global-imagenes-alarmantes-refuerzan-los-peligros-de-celebrar-la-cop29-en-un-pais-con-estrechos-lazos-con-empresas-de-combustibles-fosiles\/","title":{"rendered":"<strong>Global: Im\u00e1genes alarmantes refuerzan los peligros de celebrar la COP29 en un pa\u00eds con estrechos lazos con empresas de combustibles f\u00f3siles<\/strong>"},"content":{"rendered":"\n<p>Ante la investigaci\u00f3n de Global Witness que parece mostrar al director ejecutivo del equipo de Azerbaiy\u00e1n para la COP29, Elnur Soltanov, usando su funci\u00f3n para organizar una reuni\u00f3n destinada a negociar posibles acuerdos sobre combustibles f\u00f3siles, Marta Schaaf, directora del Programa de Justicia Clim\u00e1tica de Amnist\u00eda Internacional, ha declarado:<\/p>\n\n\n\n<p>\u201cA nadie sorprende que un alto cargo del equipo de Azerbaiy\u00e1n para la COP29 est\u00e9 aprovechando la oportunidad para negociar acuerdos sobre combustibles f\u00f3siles. Los combustibles f\u00f3siles representan casi la mitad de la econom\u00eda de Azerbaiy\u00e1n y la inmensa mayor\u00eda de sus ingresos por exportaciones, y su empresa estatal de petr\u00f3leo y gas es una importante fuente de ingresos del gobierno del presidente Ilham Aliyev\u201d.<\/p>\n\n\n\n<p>\u201cSin embargo, estas alarmantes im\u00e1genes refuerzan una vez m\u00e1s los peligros de celebrar la COP29 en un pa\u00eds que tiene estrechos lazos con empresas del sector de los combustibles f\u00f3siles. Del mismo modo que vimos con Emiratos \u00c1rabes Unidos el a\u00f1o pasado, los anfitriones del evento tienen una agenda que est\u00e1 en grave contradicci\u00f3n con la justicia clim\u00e1tica\u201d.<\/p>\n\n\n\n<p>\u201cLa comunidad internacional no ha puesto freno a las letales actividades del sector de los combustibles f\u00f3siles, que sigue contaminando, quemando y arrasando el planeta a pesar del creciente sufrimiento humano\u201d.<\/p>\n\n\n\n<p>\u201cMientras el calentamiento global sigue aumentando, y cuando 2024 es el primer a\u00f1o en el que se han superado los 1,5&nbsp;\u00baC, la COP29 es una oportunidad cr\u00edtica para que los dirigentes mundiales rompan con estos fallos del pasado. Pero para que eso ocurra, las autoridades deben participar y comprometerse con el abandono progresivo y completo de los combustibles f\u00f3siles en lugar de aprovechar el evento como una oportunidad para negociar sucios acuerdos encubiertos o proteger la industria de los combustibles f\u00f3siles de su pa\u00eds\u201d.<\/p>\n\n\n\n<p>\u201cPara avanzar hacia el futuro, Amnist\u00eda Internacional pide una pol\u00edtica firme sobre el conflicto de intereses para impedir que los grupos de presi\u00f3n de los combustibles f\u00f3siles debiliten los objetivos de los tratados globales sobre el clima, y eso tiene que empezar ya\u201d.<\/p>\n","protected":false},"excerpt":{"rendered":"<p>Ante la investigaci\u00f3n de Global Witness que parece mostrar al director ejecutivo del equipo de Azerbaiy\u00e1n para la COP29, Elnur Soltanov, usando su funci\u00f3n para organizar una reuni\u00f3n destinada a &hellip;<\/p>\n<p class=\"read-more\"> <a class=\"\" href=\"https:\/\/amnistia.org.mx\/contenido\/index.php\/global-imagenes-alarmantes-refuerzan-los-peligros-de-celebrar-la-cop29-en-un-pais-con-estrechos-lazos-con-empresas-de-combustibles-fosiles\/\"> <span class=\"screen-reader-text\"><strong>Global: Im\u00e1genes alarmantes refuerzan los peligros de celebrar la COP29 en un pa\u00eds con estrechos lazos con empresas de combustibles f\u00f3siles<\/strong><\/span> Leer m\u00e1s &raquo;<\/a><\/p>\n","protected":false},"author":4,"featured_media":35234,"comment_status":"closed","ping_status":"closed","sticky":false,"template":"","format":"standard","meta":{"_uf_show_specific_survey":0,"_uf_disable_surveys":false,"site-sidebar-layout":"default","site-content-layout":"default","ast-global-header-display":"","ast-main-header-display":"","ast-hfb-above-header-display":"","ast-hfb-below-header-display":"","ast-hfb-mobile-header-display":"","site-post-title":"","ast-breadcrumbs-content":"","ast-featured-img":"","footer-sml-layout":"","theme-transparent-header-meta":"","adv-header-id-meta":"","stick-header-meta":"","header-above-stick-meta":"","header-main-stick-meta":"","header-below-stick-meta":""},"categories":[9],"tags":[],"acf":[],"aioseo_notices":[],"yoast_head":"<!-- This site is optimized with the Yoast SEO plugin v14.5 - https:\/\/yoast.com\/wordpress\/plugins\/seo\/ -->\n<title>Global: Im\u00e1genes alarmantes refuerzan los peligros de celebrar la COP29 en un pa\u00eds con estrechos lazos con empresas de combustibles f\u00f3siles - amnistia.org.mx<\/title>\n<meta name=\"description\" content=\"Amnist\u00eda Internacional advierte que Azerbaij\u00e1n podr\u00eda estar buscando acuerdo sobre combustibles f\u00f3siles, previo al COP29.\" \/>\n<meta name=\"robots\" content=\"index, follow\" \/>\n<meta name=\"googlebot\" content=\"index, follow, max-snippet:-1, max-image-preview:large, max-video-preview:-1\" \/>\n<meta name=\"bingbot\" content=\"index, follow, max-snippet:-1, max-image-preview:large, max-video-preview:-1\" \/>\n<link rel=\"canonical\" href=\"https:\/\/amnistia.org.mx\/contenido\/index.php\/global-imagenes-alarmantes-refuerzan-los-peligros-de-celebrar-la-cop29-en-un-pais-con-estrechos-lazos-con-empresas-de-combustibles-fosiles\/\" \/>\n<meta property=\"og:locale\" content=\"es_MX\" \/>\n<meta property=\"og:type\" content=\"article\" \/>\n<meta property=\"og:title\" content=\"Global: Im\u00e1genes alarmantes refuerzan los peligros de celebrar la COP29 en un pa\u00eds con estrechos lazos con empresas de combustibles f\u00f3siles - amnistia.org.mx\" \/>\n<meta property=\"og:description\" content=\"Amnist\u00eda Internacional advierte que Azerbaij\u00e1n podr\u00eda estar buscando acuerdo sobre combustibles f\u00f3siles, previo al COP29.\" \/>\n<meta property=\"og:url\" content=\"https:\/\/amnistia.org.mx\/contenido\/index.php\/global-imagenes-alarmantes-refuerzan-los-peligros-de-celebrar-la-cop29-en-un-pais-con-estrechos-lazos-con-empresas-de-combustibles-fosiles\/\" \/>\n<meta property=\"og:site_name\" content=\"amnistia.org.mx\" \/>\n<meta property=\"article:published_time\" content=\"2024-11-11T23:21:44+00:00\" \/>\n<meta property=\"article:modified_time\" content=\"2024-11-11T23:21:45+00:00\" \/>\n<meta property=\"og:image\" content=\"https:\/\/amnistia.org.mx\/contenido\/wp-content\/uploads\/2024\/11\/Foto-ajustada-1.jpg\" \/>\n\t<meta property=\"og:image:width\" content=\"800\" \/>\n\t<meta property=\"og:image:height\" content=\"386\" \/>\n<meta name=\"twitter:card\" content=\"summary_large_image\" \/>\n<script type=\"application\/ld+json\" class=\"yoast-schema-graph\">{\"@context\":\"https:\/\/schema.org\",\"@graph\":[{\"@type\":\"WebSite\",\"@id\":\"https:\/\/amnistia.org.mx\/contenido\/#website\",\"url\":\"https:\/\/amnistia.org.mx\/contenido\/\",\"name\":\"amnistia.org.mx\",\"description\":\"Nueva p\\u00e1gina de Amnist\\u00eda\",\"potentialAction\":[{\"@type\":\"SearchAction\",\"target\":\"https:\/\/amnistia.org.mx\/contenido\/?s={search_term_string}\",\"query-input\":\"required name=search_term_string\"}],\"inLanguage\":\"es-MX\"},{\"@type\":\"ImageObject\",\"@id\":\"https:\/\/amnistia.org.mx\/contenido\/index.php\/global-imagenes-alarmantes-refuerzan-los-peligros-de-celebrar-la-cop29-en-un-pais-con-estrechos-lazos-con-empresas-de-combustibles-fosiles\/#primaryimage\",\"inLanguage\":\"es-MX\",\"url\":\"https:\/\/amnistia.org.mx\/contenido\/wp-content\/uploads\/2024\/11\/Foto-ajustada-1.jpg\",\"width\":800,\"height\":386},{\"@type\":\"WebPage\",\"@id\":\"https:\/\/amnistia.org.mx\/contenido\/index.php\/global-imagenes-alarmantes-refuerzan-los-peligros-de-celebrar-la-cop29-en-un-pais-con-estrechos-lazos-con-empresas-de-combustibles-fosiles\/#webpage\",\"url\":\"https:\/\/amnistia.org.mx\/contenido\/index.php\/global-imagenes-alarmantes-refuerzan-los-peligros-de-celebrar-la-cop29-en-un-pais-con-estrechos-lazos-con-empresas-de-combustibles-fosiles\/\",\"name\":\"Global: Im\\u00e1genes alarmantes refuerzan los peligros de celebrar la COP29 en un pa\\u00eds con estrechos lazos con empresas de combustibles f\\u00f3siles - amnistia.org.mx\",\"isPartOf\":{\"@id\":\"https:\/\/amnistia.org.mx\/contenido\/#website\"},\"primaryImageOfPage\":{\"@id\":\"https:\/\/amnistia.org.mx\/contenido\/index.php\/global-imagenes-alarmantes-refuerzan-los-peligros-de-celebrar-la-cop29-en-un-pais-con-estrechos-lazos-con-empresas-de-combustibles-fosiles\/#primaryimage\"},\"datePublished\":\"2024-11-11T23:21:44+00:00\",\"dateModified\":\"2024-11-11T23:21:45+00:00\",\"author\":{\"@id\":\"https:\/\/amnistia.org.mx\/contenido\/#\/schema\/person\/7db421c495688267ce8ede4625c17fa5\"},\"description\":\"Amnist\\u00eda Internacional advierte que Azerbaij\\u00e1n podr\\u00eda estar buscando acuerdo sobre combustibles f\\u00f3siles, previo al COP29.\",\"breadcrumb\":{\"@id\":\"https:\/\/amnistia.org.mx\/contenido\/index.php\/global-imagenes-alarmantes-refuerzan-los-peligros-de-celebrar-la-cop29-en-un-pais-con-estrechos-lazos-con-empresas-de-combustibles-fosiles\/#breadcrumb\"},\"inLanguage\":\"es-MX\",\"potentialAction\":[{\"@type\":\"ReadAction\",\"target\":[\"https:\/\/amnistia.org.mx\/contenido\/index.php\/global-imagenes-alarmantes-refuerzan-los-peligros-de-celebrar-la-cop29-en-un-pais-con-estrechos-lazos-con-empresas-de-combustibles-fosiles\/\"]}]},{\"@type\":\"BreadcrumbList\",\"@id\":\"https:\/\/amnistia.org.mx\/contenido\/index.php\/global-imagenes-alarmantes-refuerzan-los-peligros-de-celebrar-la-cop29-en-un-pais-con-estrechos-lazos-con-empresas-de-combustibles-fosiles\/#breadcrumb\",\"itemListElement\":[{\"@type\":\"ListItem\",\"position\":1,\"item\":{\"@type\":\"WebPage\",\"@id\":\"https:\/\/amnistia.org.mx\/contenido\/\",\"url\":\"https:\/\/amnistia.org.mx\/contenido\/\",\"name\":\"Home\"}},{\"@type\":\"ListItem\",\"position\":2,\"item\":{\"@type\":\"WebPage\",\"@id\":\"https:\/\/amnistia.org.mx\/contenido\/index.php\/global-imagenes-alarmantes-refuerzan-los-peligros-de-celebrar-la-cop29-en-un-pais-con-estrechos-lazos-con-empresas-de-combustibles-fosiles\/\",\"url\":\"https:\/\/amnistia.org.mx\/contenido\/index.php\/global-imagenes-alarmantes-refuerzan-los-peligros-de-celebrar-la-cop29-en-un-pais-con-estrechos-lazos-con-empresas-de-combustibles-fosiles\/\",\"name\":\"Global: Im\\u00e1genes alarmantes refuerzan los peligros de celebrar la COP29 en un pa\\u00eds con estrechos lazos con empresas de combustibles f\\u00f3siles\"}}]},{\"@type\":[\"Person\"],\"@id\":\"https:\/\/amnistia.org.mx\/contenido\/#\/schema\/person\/7db421c495688267ce8ede4625c17fa5\",\"name\":\"Alejandro Ju\\u00e1rez Gamero\",\"image\":{\"@type\":\"ImageObject\",\"@id\":\"https:\/\/amnistia.org.mx\/contenido\/#personlogo\",\"inLanguage\":\"es-MX\",\"url\":\"https:\/\/secure.gravatar.com\/avatar\/e312d5566d1c3ffb56f86415d6f0e606?s=96&d=mm&r=g\",\"caption\":\"Alejandro Ju\\u00e1rez Gamero\"}}]}<\/script>\n<!-- \/ Yoast SEO plugin. -->","_links":{"self":[{"href":"https:\/\/amnistia.org.mx\/contenido\/index.php\/wp-json\/wp\/v2\/posts\/35233"}],"collection":[{"href":"https:\/\/amnistia.org.mx\/contenido\/index.php\/wp-json\/wp\/v2\/posts"}],"about":[{"href":"https:\/\/amnistia.org.mx\/contenido\/index.php\/wp-json\/wp\/v2\/types\/post"}],"author":[{"embeddable":true,"href":"https:\/\/amnistia.org.mx\/contenido\/index.php\/wp-json\/wp\/v2\/users\/4"}],"replies":[{"embeddable":true,"href":"https:\/\/amnistia.org.mx\/contenido\/index.php\/wp-json\/wp\/v2\/comments?post=35233"}],"version-history":[{"count":3,"href":"https:\/\/amnistia.org.mx\/contenido\/index.php\/wp-json\/wp\/v2\/posts\/35233\/revisions"}],"predecessor-version":[{"id":35237,"href":"https:\/\/amnistia.org.mx\/contenido\/index.php\/wp-json\/wp\/v2\/posts\/35233\/revisions\/35237"}],"wp:featuredmedia":[{"embeddable":true,"href":"https:\/\/amnistia.org.mx\/contenido\/index.php\/wp-json\/wp\/v2\/media\/35234"}],"wp:attachment":[{"href":"https:\/\/amnistia.org.mx\/contenido\/index.php\/wp-json\/wp\/v2\/media?parent=35233"}],"wp:term":[{"taxonomy":"category","embeddable":true,"href":"https:\/\/amnistia.org.mx\/contenido\/index.php\/wp-json\/wp\/v2\/categories?post=35233"},{"taxonomy":"post_tag","embeddable":true,"href":"https:\/\/amnistia.org.mx\/contenido\/index.php\/wp-json\/wp\/v2\/tags?post=35233"}],"curies":[{"name":"wp","href":"https:\/\/api.w.org\/{rel}","templated":true}]}}