
{"id":35638,"date":"2024-11-25T14:02:58","date_gmt":"2024-11-25T20:02:58","guid":{"rendered":"https:\/\/amnistia.org.mx\/contenido\/?p=35638"},"modified":"2024-11-25T14:05:05","modified_gmt":"2024-11-25T20:05:05","slug":"mexico-el-estado-debe-cumplir-las-recomendaciones-de-cedaw","status":"publish","type":"post","link":"https:\/\/amnistia.org.mx\/contenido\/index.php\/mexico-el-estado-debe-cumplir-las-recomendaciones-de-cedaw\/","title":{"rendered":"<strong>M\u00e9xico: el Estado debe cumplir las recomendaciones de CEDAW para erradicar las causas estructurales que impiden a las mujeres una vida sin violencias<\/strong>"},"content":{"rendered":"\n<figure class=\"wp-block-image alignwide size-full\"><img decoding=\"async\" loading=\"lazy\" width=\"700\" height=\"466\" src=\"https:\/\/amnistia.org.mx\/contenido\/wp-content\/uploads\/2024\/11\/Foto-ajustada-para-comunicado-25N.jpg\" alt=\"\" class=\"wp-image-35639\"\/><\/figure>\n\n\n\n<p>La Glorieta de las mujeres que luchan es ya un lugar ic\u00f3nico en el que confluyen las causas de las mujeres ind\u00edgenas y afromexicanas, buscadoras; madres de v\u00edctimas de feminicidio; defensoras de la tierra y el territorio; defensoras del agua; periodistas, sobrevivientes de violencias feminicidas, entre muchas otras. (Foto: Amnist\u00eda Internacional, secci\u00f3n mexicana)<\/p>\n\n\n\n<ul>\n<li>El llamado fue hecho por Amnist\u00eda Internacional en el marco de la conmemoraci\u00f3n del 25N<\/li>\n<\/ul>\n\n\n\n<ul>\n<li>Es necesario que el nuevo gobierno adopte las medidas necesarias para que las reformas sobre igualdad sustantiva no se queden en el papel<\/li>\n<\/ul>\n\n\n\n<ul>\n<li>Amnist\u00eda Internacional llama a los tres niveles de gobierno a respetar el derecho a la protesta de las colectivas feministas que marchan este 25N y a no reprimirlas<\/li>\n<\/ul>\n\n\n\n<p>En el D\u00eda Internacional de la Eliminaci\u00f3n de la Violencia contra la Mujer (25N), Amnist\u00eda Internacional hace eco nuevamente de la exigencia de cientos de colectivas feministas para que el Estado mexicano erradique las causas estructurales que impiden a las mujeres y las ni\u00f1as mexicanas tener una vida digna, sin violencias, que frenan el pleno goce de sus derechos humanos.<\/p>\n\n\n\n<p>\u201cEn el marco del nuevo gobierno de la Presidenta Claudia Sheinbaum Pardo, hacemos propicia la ocasi\u00f3n para invitarla a que d\u00e9 contenido y sentido a su frase: <strong>\u201cllegamos todas\u201d<\/strong> \u2013dicha en su toma de posesi\u00f3n\u2013, mediante la adopci\u00f3n de medidas que permitan la efectiva aplicaci\u00f3n de la reforma constitucional en materia de <a href=\"https:\/\/www.dof.gob.mx\/nota_detalle.php?codigo=5743185&amp;fecha=15\/11\/2024#gsc.tab=0\">igualdad sustantiva<\/a> reci\u00e9n aprobada por el Poder Legislativo, para que no se quede en el papel\u201d, declar\u00f3 Edith Olivares Ferreto<strong>,<\/strong> Directora Ejecutiva de Amnist\u00eda Internacional, secci\u00f3n mexicana.<\/p>\n\n\n\n<p>\u201cNo olvidemos que el intenso e incansable trabajo de diversas colectivas de mujeres impuls\u00f3 en M\u00e9xico la creaci\u00f3n \u2013a lo largo de m\u00e1s de tres d\u00e9cadas\u2013 de un robusto andamiaje legal e institucional para tutelar los derechos de las mujeres. Sin embargo, \u00e9ste no opera de manera adecuada porque el Estado no ha invertido en la infraestructura, los presupuestos, ni en el personal adecuado.<\/p>\n\n\n\n<p>\u201cPara atacar de ra\u00edz los factores estructurales que impiden el pleno ejercicio de los derechos de las mujeres, ser\u00eda ideal que el nuevo gobierno d\u00e9 cabal cumplimiento a las recomendaciones que el Comit\u00e9 para la Eliminaci\u00f3n de la Discriminaci\u00f3n contra la Mujer (CEDAW) ha hecho al Estado mexicano, y a las que se le han realizado en el marco del Examen Peri\u00f3dico Universal (EPU), el \u00faltimo de los cuales tuvo lugar en enero de 2024\u201d, precis\u00f3 Edith Olivares Ferreto.<\/p>\n\n\n\n<p>\u201cLa deuda de M\u00e9xico con las mujeres es inmensa, y el Estado mexicano sigue quedando corto en su obligaci\u00f3n de garantizar derechos fundamentales como la vida y la justicia. Cada d\u00eda, <a href=\"https:\/\/amnistia.org.mx\/contenido\/index.php\/carta-abierta-a-la-presidenta-electa-de-mexico\/\">diez mujeres<\/a> son asesinadas en promedio; de estos cr\u00edmenes, al menos una tercera parte son investigados como feminicidios, y la mayor\u00eda queda en la impunidad.<\/p>\n\n\n\n<p>\u201cA esto se suma la violencia que enfrentan las mujeres buscadoras, quienes adem\u00e1s de cargar con la ausencia de sus seres queridos, enfrentan agresiones, estigmatizaci\u00f3n y falta de apoyo estatal en su b\u00fasqueda. El aborto sigue siendo un derecho escatimado, afectando la salud de miles de mujeres, incluidas ni\u00f1as v\u00edctimas de violencia sexual. Los pendientes son muchos, y urge que este nuevo gobierno tome medidas concretas para consolidar los derechos de las mujeres, tan largamente postergados\u201d, afirm\u00f3 Edith Olivares Ferreto.<\/p>\n\n\n\n<p><strong>Tareas imprescindibles<\/strong><strong><\/strong><\/p>\n\n\n\n<p>Las cifras de asesinatos de mujeres en M\u00e9xico siguen siendo muy altas, en 2020 se registraron 3, 957; en 2021, 4,002; en 2022, 3,928 y en 2023, 3,578. M\u00e1s all\u00e1 de la discusi\u00f3n de si han bajado las cifras o no, el tema debe centrarse en que las pol\u00edticas p\u00fablicas puestas en pr\u00e1ctica hasta el momento no son efectivas para disminuir los asesinatos y garantizar la vida de las mujeres en M\u00e9xico.<\/p>\n\n\n\n<p>Desde Amnist\u00eda Internacional hemos advertido que las violencias contra las mujeres son reflejo de un sistema de opresi\u00f3n y que los cambios que se requieren son de fondo. Es imprescindible poner el acento, como lo establecen las recomendaciones de la CEDAW, en la prevenci\u00f3n de las violencias con pol\u00edticas articuladas, empezando por la parte educativa, para atacar de ra\u00edz las actitudes machistas -\u2013cuya expresi\u00f3n m\u00e1xima se refleja en las agresiones y asesinatos de mujeres\u2013, que est\u00e1n profundamente enraizadas en la idiosincracia mexicana.<\/p>\n\n\n\n<p>Amnist\u00eda Internacional ha insistido tambi\u00e9n en erradicar la imparable impunidad que persiste en las investigaciones de los feminicidios. La sanci\u00f3n en \u00e9stos debe ser eficiente y para ello hay que poner especial atenci\u00f3n al trabajo de las fiscal\u00edas. En el informe <a href=\"https:\/\/amnistia.org.mx\/contenido\/wp-content\/uploads\/2021\/09\/Informe-Juicio-a-la-Justicia-Amnist%25C3%25ADa-Internacional-M%25C3%25A9xico.pdf\">Juicio a la Justicia<\/a>, Amnist\u00eda Internacional document\u00f3 ampliamente las ineficiencias en que incurren \u00e9stas y que impiden el acceso a la verdad, la justicia, la reparaci\u00f3n del da\u00f1o y a las garant\u00edas de no repetici\u00f3n para las familias de las v\u00edctimas.<\/p>\n\n\n\n<p>En el informe referido se destaca la necesidad de que las fiscal\u00edas cuenten con personal calificado; con capacitaci\u00f3n permanente y adecuada; con la infraestructura necesaria para efectuar su trabajo y presupuestos suficientes. De lo contrario persistir\u00e1 la impunidad y con ello el mensaje de que no habr\u00e1 ninguna consecuencia por violentar una mujer en este pa\u00eds.<\/p>\n\n\n\n<p><strong>Amnist<\/strong><strong>\u00eda Internacional en la marcha del 25N<\/strong><strong><\/strong><\/p>\n\n\n\n<p>Como cada a\u00f1o, una contingenta de Amnist\u00eda Internacional se sumar\u00e1 a las cientos de colectivas de mujeres que participar\u00e1n en la marcha conmemorativa del 25N. En esta ocasi\u00f3n la contingenta saldr\u00e1 de la Glorieta de las Mujeres que Luchan.<\/p>\n\n\n\n<p>Desde Amnist\u00eda Internacional hacemos tambi\u00e9n un llamado a la Jefa de Gobierno de la Ciudad de M\u00e9xico, Clara Brugada, para que se concluyan los tr\u00e1mites que formalicen jur\u00eddicamente, y de manera definitiva, a la Glorieta de las Mujeres que Luchan, que en principio <a href=\"https:\/\/amnistia.org.mx\/contenido\/index.php\/la-glorieta-de-las-mujeres-que-luchan-se-queda\/\">fue reconocida<\/a> por su antecesor, Mart\u00ed Batres Guadarrama, en conferencia de medios el 22 de junio de 2023.<\/p>\n\n\n\n<p><strong>Respetar el derecho a la protesta<\/strong><strong><\/strong><\/p>\n\n\n\n<p>\u201cRecordamos tambi\u00e9n a los tres niveles de gobierno que deben respetar el derecho a la protesta y no reprimir a las colectivas feministas que este 25N tomar\u00e1n las calles en los estados del pa\u00eds para exigir el cumplimiento de diversas demandas largamente aplazadas, entre ellas el derecho a un aborto seguro, a transitar con libertad y seguridad, a prevenir los feminicidios y acabar con la impunidad en \u00e9stos casos, as\u00ed como a erradicar las diferentes violencias que les impiden ejercer a plenitud sus derechos humanos\u201d, concluy\u00f3 Edith Olivares Ferreto.<\/p>\n\n\n\n<p><strong>Para m<\/strong><strong>\u00e1s informaci\u00f3n o concertar una entrevista, contacte a:<\/strong><strong><\/strong><\/p>\n\n\n\n<p>Alejandro Ju\u00e1rez Gamero (Amnist\u00eda Internacional M\u00e9xico): <a href=\"mailto:prensa@amnist%C3%ADa.org.mx\">prensa@amnist\u00eda.org.mx<\/a><\/p>\n\n\n\n<p>+52 55 2265 4331<\/p>\n","protected":false},"excerpt":{"rendered":"<p>La Glorieta de las mujeres que luchan es ya un lugar ic\u00f3nico en el que confluyen las causas de las mujeres ind\u00edgenas y afromexicanas, buscadoras; madres de v\u00edctimas de feminicidio; &hellip;<\/p>\n<p class=\"read-more\"> <a class=\"\" href=\"https:\/\/amnistia.org.mx\/contenido\/index.php\/mexico-el-estado-debe-cumplir-las-recomendaciones-de-cedaw\/\"> <span class=\"screen-reader-text\"><strong>M\u00e9xico: el Estado debe cumplir las recomendaciones de CEDAW para erradicar las causas estructurales que impiden a las mujeres una vida sin violencias<\/strong><\/span> Leer m\u00e1s &raquo;<\/a><\/p>\n","protected":false},"author":4,"featured_media":35642,"comment_status":"closed","ping_status":"closed","sticky":false,"template":"","format":"standard","meta":{"_uf_show_specific_survey":0,"_uf_disable_surveys":false,"site-sidebar-layout":"default","site-content-layout":"default","ast-global-header-display":"","ast-main-header-display":"","ast-hfb-above-header-display":"","ast-hfb-below-header-display":"","ast-hfb-mobile-header-display":"","site-post-title":"","ast-breadcrumbs-content":"","ast-featured-img":"","footer-sml-layout":"","theme-transparent-header-meta":"","adv-header-id-meta":"","stick-header-meta":"","header-above-stick-meta":"","header-main-stick-meta":"","header-below-stick-meta":""},"categories":[20],"tags":[28],"acf":[],"aioseo_notices":[],"yoast_head":"<!-- This site is optimized with the Yoast SEO plugin v14.5 - https:\/\/yoast.com\/wordpress\/plugins\/seo\/ -->\n<title>M\u00e9xico: el Estado debe cumplir las recomendaciones de CEDAW para erradicar las causas estructurales que impiden a las mujeres una vida sin violencias - amnistia.org.mx<\/title>\n<meta name=\"description\" content=\"Amnist\u00eda Internacional llama al Estado mexicano a cumplir las recomendaciones de CEDAW para que las mujeres accedan a una vida digna y sin violencias.\" \/>\n<meta name=\"robots\" content=\"index, follow\" \/>\n<meta name=\"googlebot\" content=\"index, follow, max-snippet:-1, max-image-preview:large, max-video-preview:-1\" \/>\n<meta name=\"bingbot\" content=\"index, follow, max-snippet:-1, max-image-preview:large, max-video-preview:-1\" \/>\n<link rel=\"canonical\" href=\"https:\/\/amnistia.org.mx\/contenido\/index.php\/mexico-el-estado-debe-cumplir-las-recomendaciones-de-cedaw\/\" \/>\n<meta property=\"og:locale\" content=\"es_MX\" \/>\n<meta property=\"og:type\" content=\"article\" \/>\n<meta property=\"og:title\" content=\"M\u00e9xico: el Estado debe cumplir las recomendaciones de CEDAW para erradicar las causas estructurales que impiden a las mujeres una vida sin violencias - amnistia.org.mx\" \/>\n<meta property=\"og:description\" content=\"Amnist\u00eda Internacional llama al Estado mexicano a cumplir las recomendaciones de CEDAW para que las mujeres accedan a una vida digna y sin violencias.\" \/>\n<meta property=\"og:url\" content=\"https:\/\/amnistia.org.mx\/contenido\/index.php\/mexico-el-estado-debe-cumplir-las-recomendaciones-de-cedaw\/\" \/>\n<meta property=\"og:site_name\" content=\"amnistia.org.mx\" \/>\n<meta property=\"article:published_time\" content=\"2024-11-25T20:02:58+00:00\" \/>\n<meta property=\"article:modified_time\" content=\"2024-11-25T20:05:05+00:00\" \/>\n<meta property=\"og:image\" content=\"https:\/\/amnistia.org.mx\/contenido\/wp-content\/uploads\/2024\/11\/Foto-ajustada-para-comunicado-25N-1.jpg\" \/>\n\t<meta property=\"og:image:width\" content=\"700\" \/>\n\t<meta property=\"og:image:height\" content=\"466\" \/>\n<meta name=\"twitter:card\" content=\"summary_large_image\" \/>\n<script type=\"application\/ld+json\" class=\"yoast-schema-graph\">{\"@context\":\"https:\/\/schema.org\",\"@graph\":[{\"@type\":\"WebSite\",\"@id\":\"https:\/\/amnistia.org.mx\/contenido\/#website\",\"url\":\"https:\/\/amnistia.org.mx\/contenido\/\",\"name\":\"amnistia.org.mx\",\"description\":\"Nueva p\\u00e1gina de Amnist\\u00eda\",\"potentialAction\":[{\"@type\":\"SearchAction\",\"target\":\"https:\/\/amnistia.org.mx\/contenido\/?s={search_term_string}\",\"query-input\":\"required name=search_term_string\"}],\"inLanguage\":\"es-MX\"},{\"@type\":\"ImageObject\",\"@id\":\"https:\/\/amnistia.org.mx\/contenido\/index.php\/mexico-el-estado-debe-cumplir-las-recomendaciones-de-cedaw\/#primaryimage\",\"inLanguage\":\"es-MX\",\"url\":\"https:\/\/amnistia.org.mx\/contenido\/wp-content\/uploads\/2024\/11\/Foto-ajustada-para-comunicado-25N-1.jpg\",\"width\":700,\"height\":466},{\"@type\":\"WebPage\",\"@id\":\"https:\/\/amnistia.org.mx\/contenido\/index.php\/mexico-el-estado-debe-cumplir-las-recomendaciones-de-cedaw\/#webpage\",\"url\":\"https:\/\/amnistia.org.mx\/contenido\/index.php\/mexico-el-estado-debe-cumplir-las-recomendaciones-de-cedaw\/\",\"name\":\"M\\u00e9xico: el Estado debe cumplir las recomendaciones de CEDAW para erradicar las causas estructurales que impiden a las mujeres una vida sin violencias - amnistia.org.mx\",\"isPartOf\":{\"@id\":\"https:\/\/amnistia.org.mx\/contenido\/#website\"},\"primaryImageOfPage\":{\"@id\":\"https:\/\/amnistia.org.mx\/contenido\/index.php\/mexico-el-estado-debe-cumplir-las-recomendaciones-de-cedaw\/#primaryimage\"},\"datePublished\":\"2024-11-25T20:02:58+00:00\",\"dateModified\":\"2024-11-25T20:05:05+00:00\",\"author\":{\"@id\":\"https:\/\/amnistia.org.mx\/contenido\/#\/schema\/person\/7db421c495688267ce8ede4625c17fa5\"},\"description\":\"Amnist\\u00eda Internacional llama al Estado mexicano a cumplir las recomendaciones de CEDAW para que las mujeres accedan a una vida digna y sin violencias.\",\"breadcrumb\":{\"@id\":\"https:\/\/amnistia.org.mx\/contenido\/index.php\/mexico-el-estado-debe-cumplir-las-recomendaciones-de-cedaw\/#breadcrumb\"},\"inLanguage\":\"es-MX\",\"potentialAction\":[{\"@type\":\"ReadAction\",\"target\":[\"https:\/\/amnistia.org.mx\/contenido\/index.php\/mexico-el-estado-debe-cumplir-las-recomendaciones-de-cedaw\/\"]}]},{\"@type\":\"BreadcrumbList\",\"@id\":\"https:\/\/amnistia.org.mx\/contenido\/index.php\/mexico-el-estado-debe-cumplir-las-recomendaciones-de-cedaw\/#breadcrumb\",\"itemListElement\":[{\"@type\":\"ListItem\",\"position\":1,\"item\":{\"@type\":\"WebPage\",\"@id\":\"https:\/\/amnistia.org.mx\/contenido\/\",\"url\":\"https:\/\/amnistia.org.mx\/contenido\/\",\"name\":\"Home\"}},{\"@type\":\"ListItem\",\"position\":2,\"item\":{\"@type\":\"WebPage\",\"@id\":\"https:\/\/amnistia.org.mx\/contenido\/index.php\/mexico-el-estado-debe-cumplir-las-recomendaciones-de-cedaw\/\",\"url\":\"https:\/\/amnistia.org.mx\/contenido\/index.php\/mexico-el-estado-debe-cumplir-las-recomendaciones-de-cedaw\/\",\"name\":\"M\\u00e9xico: el Estado debe cumplir las recomendaciones de CEDAW para erradicar las causas estructurales que impiden a las mujeres una vida sin violencias\"}}]},{\"@type\":[\"Person\"],\"@id\":\"https:\/\/amnistia.org.mx\/contenido\/#\/schema\/person\/7db421c495688267ce8ede4625c17fa5\",\"name\":\"Alejandro Ju\\u00e1rez Gamero\",\"image\":{\"@type\":\"ImageObject\",\"@id\":\"https:\/\/amnistia.org.mx\/contenido\/#personlogo\",\"inLanguage\":\"es-MX\",\"url\":\"https:\/\/secure.gravatar.com\/avatar\/e312d5566d1c3ffb56f86415d6f0e606?s=96&d=mm&r=g\",\"caption\":\"Alejandro Ju\\u00e1rez Gamero\"}}]}<\/script>\n<!-- \/ Yoast SEO plugin. -->","_links":{"self":[{"href":"https:\/\/amnistia.org.mx\/contenido\/index.php\/wp-json\/wp\/v2\/posts\/35638"}],"collection":[{"href":"https:\/\/amnistia.org.mx\/contenido\/index.php\/wp-json\/wp\/v2\/posts"}],"about":[{"href":"https:\/\/amnistia.org.mx\/contenido\/index.php\/wp-json\/wp\/v2\/types\/post"}],"author":[{"embeddable":true,"href":"https:\/\/amnistia.org.mx\/contenido\/index.php\/wp-json\/wp\/v2\/users\/4"}],"replies":[{"embeddable":true,"href":"https:\/\/amnistia.org.mx\/contenido\/index.php\/wp-json\/wp\/v2\/comments?post=35638"}],"version-history":[{"count":8,"href":"https:\/\/amnistia.org.mx\/contenido\/index.php\/wp-json\/wp\/v2\/posts\/35638\/revisions"}],"predecessor-version":[{"id":35648,"href":"https:\/\/amnistia.org.mx\/contenido\/index.php\/wp-json\/wp\/v2\/posts\/35638\/revisions\/35648"}],"wp:featuredmedia":[{"embeddable":true,"href":"https:\/\/amnistia.org.mx\/contenido\/index.php\/wp-json\/wp\/v2\/media\/35642"}],"wp:attachment":[{"href":"https:\/\/amnistia.org.mx\/contenido\/index.php\/wp-json\/wp\/v2\/media?parent=35638"}],"wp:term":[{"taxonomy":"category","embeddable":true,"href":"https:\/\/amnistia.org.mx\/contenido\/index.php\/wp-json\/wp\/v2\/categories?post=35638"},{"taxonomy":"post_tag","embeddable":true,"href":"https:\/\/amnistia.org.mx\/contenido\/index.php\/wp-json\/wp\/v2\/tags?post=35638"}],"curies":[{"name":"wp","href":"https:\/\/api.w.org\/{rel}","templated":true}]}}