
{"id":37310,"date":"2025-02-18T13:53:04","date_gmt":"2025-02-18T19:53:04","guid":{"rendered":"https:\/\/amnistia.org.mx\/contenido\/?p=37310"},"modified":"2025-02-18T13:53:08","modified_gmt":"2025-02-18T19:53:08","slug":"strongmeta-corre-riesgo-de-fomentar-violencia-y-genocidio-con-sus-normas-sobre-contenido-strong","status":"publish","type":"post","link":"https:\/\/amnistia.org.mx\/contenido\/index.php\/strongmeta-corre-riesgo-de-fomentar-violencia-y-genocidio-con-sus-normas-sobre-contenido-strong\/","title":{"rendered":"<strong>Meta corre el riesgo de fomentar m\u00e1s violencia y genocidio con sus nuevas normas sobre contenido<\/strong>"},"content":{"rendered":"\n<p class=\"has-text-align-right\">Foto: @ Gatty Images<\/p>\n\n\n\n<p><em>De Pat de Br\u00fan, responsable de Rendici\u00f3n de Cuentas de las Grandes Empresas Tecnol\u00f3gicas de Amnist\u00eda Internacional, y Maung Sawyeddollah, fundador y director ejecutivo de la Red de Estudiantes Rohiny\u00e1s.<\/em><\/p>\n\n\n\n<p>Los recientes anuncios de Meta sobre sus pol\u00edticas de contenido entra\u00f1an un grave riesgo para las comunidades vulnerables de todo el mundo y aumentan exponencialmente el riesgo de que esta empresa vuelva a contribuir a la violencia masiva y a la comisi\u00f3n de abusos graves contra los derechos humanos, como ya hizo en <a href=\"https:\/\/www.amnesty.org\/es\/documents\/asa16\/5933\/2022\/es\/\" target=\"_blank\" rel=\"noreferrer noopener\"><strong>Myanmar en 2017<\/strong><\/a>. La importante contribuci\u00f3n de la empresa a las atrocidades sufridas por el pueblo rohiny\u00e1 es el objeto de una nueva demanda <a href=\"https:\/\/www.amnesty.org\/es\/documents\/asa16\/8964\/2025\/en\/\" target=\"_blank\" rel=\"noreferrer noopener\"><strong>presentada<\/strong><\/a> recientemente&nbsp;por denunciantes de irregularidades ante la Comisi\u00f3n de Valores y Bolsa de Estados Unidos.<\/p>\n\n\n\n<p>El 7 de enero, Mark Zuckerberg, fundador y director ejecutivo de Meta, <a href=\"https:\/\/www.techpolicy.press\/transcript-mark-zuckerberg-announces-major-changes-to-metas-content-moderation-policies-and-operations\/\" target=\"_blank\" rel=\"noreferrer noopener\"><strong>anunci\u00f3 un gran n\u00famero de cambios<\/strong><\/a> en las normas de contenido de la empresa, aparentemente para ganarse el favor del nuevo gobierno de Trump. Entre esos cambios est\u00e1 el levantamiento de las prohibiciones sobre determinados discursos, como la denigraci\u00f3n y el hostigamiento de las minor\u00edas racializadas. Adem\u00e1s, Zuckerberg anunci\u00f3 un cambio dr\u00e1stico en las pr\u00e1cticas de moderaci\u00f3n de contenidos, con una reducci\u00f3n significativa de la moderaci\u00f3n autom\u00e1tica de contenidos. Aunque estos cambios s\u00f3lo se est\u00e1n implementando en Estados Unidos, Meta ha <a href=\"https:\/\/www.bloomberg.com\/news\/articles\/2025-01-20\/meta-will-keep-its-fact-checkers-outside-of-the-us-for-now\" target=\"_blank\" rel=\"noreferrer noopener\"><strong>se\u00f1alado<\/strong><\/a> que podr\u00edan extenderse a escala internacional. Esto marca un claro distanciamiento de los compromisos declarados anteriormente por la empresa en materia de gobernanza responsable de los contenidos.<\/p>\n\n\n\n<p>Como han <a href=\"https:\/\/www.amnesty.org\/es\/documents\/pol30\/1404\/2019\/es\/\" target=\"_blank\" rel=\"noreferrer noopener\"><strong>documentado de sobra<\/strong><\/a> Amnist\u00eda Internacional y otros, los algoritmos de Meta priorizan y amplifican algunos de los contenidos m\u00e1s nocivos, como la apolog\u00eda del odio, la desinformaci\u00f3n y la incitaci\u00f3n a la violencia racial, todo ello en aras de potenciar al m\u00e1ximo \u201cla interacci\u00f3n de los usuarios\u201d y, por extensi\u00f3n, los beneficios. La <a href=\"https:\/\/www.amnesty.org\/es\/latest\/news\/2023\/10\/meta-failure-contributed-to-abuses-against-tigray-ethiopia\/\" target=\"_blank\" rel=\"noreferrer noopener\"><strong>investigaci\u00f3n<\/strong><\/a> ha demostrado que estos algoritmos promueven continuamente el contenido que genera reacciones emocionales m\u00e1s fuertes, frecuentemente en detrimento de los derechos humanos y la seguridad. Con la eliminaci\u00f3n de garant\u00edas existentes sobre el contenido, parece que la situaci\u00f3n s\u00f3lo puede ir a peor.<\/p>\n\n\n\n<p>Como un exempleado de Meta dijo a <a href=\"https:\/\/www.platformer.news\/meta-fact-checking-free-speech-surrender\/\" target=\"_blank\" rel=\"noreferrer noopener\"><strong>Platformer<\/strong><\/a> recientemente: \u201cEstoy convencido de que esto es la antesala de un genocidio [\u2026] Ya lo hemos visto antes. Va a poner en verdadero peligro la vida de personas reales\u201d. Esta declaraci\u00f3n se hace eco de las advertencias de diversos especialistas en derechos humanos sobre el papel de Meta en el fomento de la violencia masiva en sociedades fr\u00e1giles y afectadas por el conflicto.<\/p>\n\n\n\n<p>Ya hemos visto antes las terribles consecuencias de la irresponsabilidad de Meta. En 2017, las fuerzas de seguridad de Myanmar emprendieron una brutal campa\u00f1a de limpieza \u00e9tnica contra la comunidad musulmana rohiny\u00e1. Una <a href=\"https:\/\/www.ohchr.org\/en\/press-releases\/2018\/09\/myanmar-un-fact-finding-mission-releases-its-full-account-massive-violations\" target=\"_blank\" rel=\"noreferrer noopener\"><strong>comisi\u00f3n de investigaci\u00f3n independiente de la ONU<\/strong><\/a> concluy\u00f3 en 2018 que Myanmar hab\u00eda cometido genocidio. En los a\u00f1os anteriores a estos ataques, Facebook se hab\u00eda convertido en una c\u00e1mara de resonancia del odio virulento al pueblo rohiny\u00e1. La difusi\u00f3n masiva de contenido deshumanizante antirrohiny\u00e1 aviv\u00f3 el fuego de una discriminaci\u00f3n hist\u00f3rica y contribuy\u00f3 a crear un entorno propicio para la violencia generalizada. En ausencia de unas salvaguardias adecuadas, los t\u00f3xicos algoritmos de Facebook intensificaron una tormenta de odio contra las personas rohiny\u00e1s que favoreci\u00f3 estas atrocidades. Seg\u00fan un <a href=\"https:\/\/ap.ohchr.org\/documents\/dpage_e.aspx?si=A\/HRC\/39\/64\" target=\"_blank\" rel=\"noreferrer noopener\"><strong>informe<\/strong><\/a> de las Naciones Unidas, Facebook tuvo una influencia decisiva en la radicalizaci\u00f3n de la poblaci\u00f3n local y la incitaci\u00f3n a la violencia contra la poblaci\u00f3n rohiny\u00e1.<\/p>\n\n\n\n<p>En lugar de aprender de sus irresponsables contribuciones a la violencia masiva en pa\u00edses como Myanmar y Etiop\u00eda, Meta se despoja de importantes protecciones destinadas a evitar que se repitan estos da\u00f1os.<\/p>\n\n\n\n<p>Al adoptar estos cambios, en la pr\u00e1ctica Meta ha abierto la veda del odio y el hostigamiento dirigidos contra quienes son m\u00e1s vulnerables y est\u00e1n en situaci\u00f3n de riesgo, como las personas trans, migrantes y refugiadas.<\/p>\n\n\n\n<p>Meta afirma que estos cambios obedecen a su intenci\u00f3n de promover la libertad de expresi\u00f3n. Si bien es cierto que Meta ha <a href=\"https:\/\/www.amnesty.org\/es\/documents\/asa41\/3243\/2020\/en\/\" target=\"_blank\" rel=\"noreferrer noopener\"><strong>restringido indebidamente<\/strong><\/a> contenido leg\u00edtimo en muchos casos, la soluci\u00f3n no es esta dr\u00e1stica renuncia a las salvaguardias existentes. La empresa debe adoptar un enfoque equilibrado que permita la libertad de expresi\u00f3n y al mismo tiempo proteja a las poblaciones vulnerables.<\/p>\n\n\n\n<p>Todas las empresas, incluida Meta, tienen la obligaci\u00f3n inequ\u00edvoca de respetar todos los derechos humanos <a href=\"https:\/\/www.techpolicy.press\/how-meta-turned-its-back-on-human-rights\/\" target=\"_blank\" rel=\"noreferrer noopener\"><strong>conforme a<\/strong><\/a> las normas internacionales de derechos humanos. No puede ser que un director ejecutivo multimillonario decida sin m\u00e1s respetar unos derechos al tiempo que desprecia otros ol\u00edmpicamente y con ello ponga en peligro de forma irresponsable los derechos de millones de personas.<\/p>\n\n\n\n<p>Tras una <a href=\"https:\/\/www.amnesty.org\/es\/documents\/asa16\/5933\/2022\/es\/\" target=\"_blank\" rel=\"noreferrer noopener\"><strong>investigaci\u00f3n<\/strong><\/a> realizada en 2021, Amnist\u00eda Internacional concluy\u00f3 que Meta hab\u00eda \u201ccontribuido de manera sustancial\u201d a las atrocidades perpetradas contra el pueblo rohiny\u00e1, y que la empresa ten\u00eda la obligaci\u00f3n de proporcionar un recurso efectivo a la comunidad. Sin embargo, Meta ha dejado claro que no piensa hacerlo.<\/p>\n\n\n\n<p>Comunidades rohiny\u00e1s \u2014que en su mayor\u00eda se vieron obligadas a huir de sus hogares hace ocho a\u00f1os y a\u00fan viven en extensos campos en el vecino Bangladesh\u2014 tambi\u00e9n <a href=\"https:\/\/www.amnesty.org\/es\/latest\/news\/2023\/08\/myanmar-time-for-meta-to-pay-reparations-to-rohingya-for-role-in-ethnic-cleansing\/\" target=\"_blank\" rel=\"noreferrer noopener\"><strong>han pedido<\/strong><\/a> a Meta una reparaci\u00f3n de un mill\u00f3n de d\u00f3lares estadounidenses para financiar un proyecto de educaci\u00f3n en los campos para personas refugiadas. Esta cantidad representa s\u00f3lo el 0,0007% de los beneficios de Meta en 2023, 134.000 millones de d\u00f3lares. Pese a ello, Meta <a href=\"https:\/\/www.amnesty.org\/en\/documents\/asa16\/5933\/2022\/en\/\" target=\"_blank\" rel=\"noreferrer noopener\"><strong>rechaz\u00f3<\/strong><\/a> la solicitud. Esta negativa demuestra m\u00e1s si cabe la falta de responsabilidad de la empresa y su compromiso con los beneficios por encima de la dignidad humana.<\/p>\n\n\n\n<p>Por todo ello, a 23 de enero de 2025, hemos presentado \u2014Maung Sawyeddollah (rohiny\u00e1 sobreviviente de las atrocidades) con el apoyo de Amnist\u00eda Internacional, la <a href=\"https:\/\/www.justiceinitiative.org\/newsroom\/justice-initiative-supports-rohingya-survivor-in-sec-complaint-against-meta\" target=\"_blank\" rel=\"noreferrer noopener\"><strong>Iniciativa Pro-Justicia de la Sociedad Abierta<\/strong><\/a> y <a href=\"https:\/\/www.victimadvocatesinternational.org\/latest\" target=\"_blank\" rel=\"noreferrer noopener\"><strong>Victim Advocates International<\/strong><\/a>\u2014 una demanda de denunciantes de irregularidades ante la Comisi\u00f3n de Valores y Bolsa de Estados Unidos. En esta <a href=\"https:\/\/www.amnesty.org\/es\/documents\/asa16\/8964\/2025\/en\/\" target=\"_blank\" rel=\"noreferrer noopener\"><strong>demanda<\/strong><\/a> se subraya que Meta hizo caso omiso de las m\u00faltiples advertencias de la sociedad civil de 2013 a 2017 sobre el papel de Facebook en el fomento de la violencia contra el pueblo rohiny\u00e1. Pedimos a la Comisi\u00f3n que investigue a Meta por presuntas infracciones de las leyes que regulan el mercado de valores derivadas de las informaciones err\u00f3neas de la empresa a sus accionistas en relaci\u00f3n con su contribuci\u00f3n a las atrocidades sufridas por la poblaci\u00f3n rohiny\u00e1 en 2017.<\/p>\n\n\n\n<p>Entre 2015 y 2017, ejecutivos de Meta informaron a sus accionistas de que los algoritmos de Facebook no generaban polarizaci\u00f3n, a pesar de las advertencias de que su plataforma promov\u00eda activamente la proliferaci\u00f3n de contenido contra la poblaci\u00f3n rohiny\u00e1 en Myanmar. Al mismo tiempo, Meta no revel\u00f3 plenamente al accionariado los riesgos que entra\u00f1aban las operaciones de la empresa en Myanmar. Al contrario, en 2015 y 2016 Meta <a href=\"https:\/\/www.amnesty.org\/es\/documents\/asa16\/8964\/2025\/en\/\" target=\"_blank\" rel=\"noreferrer noopener\"><strong>se opuso<\/strong><\/a> a las propuestas de accionistas de llevar a cabo una evaluaci\u00f3n del impacto en los derechos humanos y establecer un comit\u00e9 interno para supervisar las pol\u00edticas y pr\u00e1cticas de la empresa en materia de pol\u00edticas p\u00fablicas internacionales, incluidos los derechos humanos.<\/p>\n\n\n\n<p>Con Zuckerberg y otros directores ejecutivos formando fila \u2014literalmente en la reciente investidura\u2014 detr\u00e1s del gobierno de Trump en sus ataques generalizados a los derechos humanos, el accionariado de Meta tiene que reaccionar y exigir a la direcci\u00f3n de la empresa que rinda cuentas para evitar que Meta vuelva a convertirse en veh\u00edculo de la violencia masiva, e incluso del genocidio.<\/p>\n\n\n\n<p>De igual modo, legisladores y legisladoras de Estados Unidos deben asegurarse de que la Comisi\u00f3n de Valores y Bolsa conserva su neutralidad, investiga debidamente las demandas leg\u00edtimas (como la que acaba de presentarse) y garantiza que quienes cometen abusos contra los derechos humanos responden ante la justicia.<\/p>\n\n\n\n<p>En el plano internacional, gobiernos y organismos regionales como la Uni\u00f3n Europea deben redoblar sus esfuerzos para obligar a Meta y otras grandes empresas tecnol\u00f3gicas rindan cuentas por su impacto en los derechos humanos. Como ya hemos visto, habr\u00eda incontables vidas humanas en situaci\u00f3n de riesgo si se permite que empresas como Meta act\u00faen a su conveniencia.<\/p>\n\n\n\n<p><em>Pat de Br\u00fan es responsable del \u00e1rea de Rendici\u00f3n de Cuentas de las Grandes Empresas Tecnol\u00f3gicas en Amnist\u00eda Internacional y director adjunto de Amnesty Tech.<\/em><\/p>\n\n\n\n<p><em>Maung Sawyeddollah es fundador y director ejecutivo de la Red de Estudiantes Rohiny\u00e1. Sobrevivi\u00f3 a las atrocidades de las fuerzas armadas de Myanmar en 2017 y huy\u00f3 a Bangladesh. Actualmente estudia&nbsp;en la Universidad de Nueva York mientras contin\u00faa haciendo campa\u00f1a en favor de justicia para el pueblo rohiny\u00e1.<\/em><\/p>\n","protected":false},"excerpt":{"rendered":"<p>Foto: @ Gatty Images De Pat de Br\u00fan, responsable de Rendici\u00f3n de Cuentas de las Grandes Empresas Tecnol\u00f3gicas de Amnist\u00eda Internacional, y Maung Sawyeddollah, fundador y director ejecutivo de la &hellip;<\/p>\n<p class=\"read-more\"> <a class=\"\" href=\"https:\/\/amnistia.org.mx\/contenido\/index.php\/strongmeta-corre-riesgo-de-fomentar-violencia-y-genocidio-con-sus-normas-sobre-contenido-strong\/\"> <span class=\"screen-reader-text\"><strong>Meta corre el riesgo de fomentar m\u00e1s violencia y genocidio con sus nuevas normas sobre contenido<\/strong><\/span> Leer m\u00e1s &raquo;<\/a><\/p>\n","protected":false},"author":4,"featured_media":37311,"comment_status":"closed","ping_status":"closed","sticky":false,"template":"","format":"standard","meta":{"_uf_show_specific_survey":0,"_uf_disable_surveys":false,"site-sidebar-layout":"default","site-content-layout":"default","ast-global-header-display":"","ast-main-header-display":"","ast-hfb-above-header-display":"","ast-hfb-below-header-display":"","ast-hfb-mobile-header-display":"","site-post-title":"","ast-breadcrumbs-content":"","ast-featured-img":"","footer-sml-layout":"","theme-transparent-header-meta":"","adv-header-id-meta":"","stick-header-meta":"","header-above-stick-meta":"","header-main-stick-meta":"","header-below-stick-meta":""},"categories":[9],"tags":[235],"acf":[],"aioseo_notices":[],"yoast_head":"<!-- This site is optimized with the Yoast SEO plugin v14.5 - https:\/\/yoast.com\/wordpress\/plugins\/seo\/ -->\n<title>Meta corre el riesgo de fomentar m\u00e1s violencia y genocidio con sus nuevas normas sobre contenido - amnistia.org.mx<\/title>\n<meta name=\"description\" content=\"Las nuevas pol\u00edticas de Meta implican graves riesgos para comunidades vulnerables y abusos graves a derechos humanos, advierte Amnist\u00eda Internacional\" \/>\n<meta name=\"robots\" content=\"index, follow\" \/>\n<meta name=\"googlebot\" content=\"index, follow, max-snippet:-1, max-image-preview:large, max-video-preview:-1\" \/>\n<meta name=\"bingbot\" content=\"index, follow, max-snippet:-1, max-image-preview:large, max-video-preview:-1\" \/>\n<link rel=\"canonical\" href=\"https:\/\/amnistia.org.mx\/contenido\/index.php\/strongmeta-corre-riesgo-de-fomentar-violencia-y-genocidio-con-sus-normas-sobre-contenido-strong\/\" \/>\n<meta property=\"og:locale\" content=\"es_MX\" \/>\n<meta property=\"og:type\" content=\"article\" \/>\n<meta property=\"og:title\" content=\"Meta corre el riesgo de fomentar m\u00e1s violencia y genocidio con sus nuevas normas sobre contenido - amnistia.org.mx\" \/>\n<meta property=\"og:description\" content=\"Las nuevas pol\u00edticas de Meta implican graves riesgos para comunidades vulnerables y abusos graves a derechos humanos, advierte Amnist\u00eda Internacional\" \/>\n<meta property=\"og:url\" content=\"https:\/\/amnistia.org.mx\/contenido\/index.php\/strongmeta-corre-riesgo-de-fomentar-violencia-y-genocidio-con-sus-normas-sobre-contenido-strong\/\" \/>\n<meta property=\"og:site_name\" content=\"amnistia.org.mx\" \/>\n<meta property=\"article:published_time\" content=\"2025-02-18T19:53:04+00:00\" \/>\n<meta property=\"article:modified_time\" content=\"2025-02-18T19:53:08+00:00\" \/>\n<meta property=\"og:image\" content=\"https:\/\/amnistia.org.mx\/contenido\/wp-content\/uploads\/2025\/02\/Foto-ajustada-8.jpg\" \/>\n\t<meta property=\"og:image:width\" content=\"800\" \/>\n\t<meta property=\"og:image:height\" content=\"387\" \/>\n<meta name=\"twitter:card\" content=\"summary_large_image\" \/>\n<script type=\"application\/ld+json\" class=\"yoast-schema-graph\">{\"@context\":\"https:\/\/schema.org\",\"@graph\":[{\"@type\":\"WebSite\",\"@id\":\"https:\/\/amnistia.org.mx\/contenido\/#website\",\"url\":\"https:\/\/amnistia.org.mx\/contenido\/\",\"name\":\"amnistia.org.mx\",\"description\":\"Nueva p\\u00e1gina de Amnist\\u00eda\",\"potentialAction\":[{\"@type\":\"SearchAction\",\"target\":\"https:\/\/amnistia.org.mx\/contenido\/?s={search_term_string}\",\"query-input\":\"required name=search_term_string\"}],\"inLanguage\":\"es-MX\"},{\"@type\":\"ImageObject\",\"@id\":\"https:\/\/amnistia.org.mx\/contenido\/index.php\/strongmeta-corre-riesgo-de-fomentar-violencia-y-genocidio-con-sus-normas-sobre-contenido-strong\/#primaryimage\",\"inLanguage\":\"es-MX\",\"url\":\"https:\/\/amnistia.org.mx\/contenido\/wp-content\/uploads\/2025\/02\/Foto-ajustada-8.jpg\",\"width\":800,\"height\":387},{\"@type\":\"WebPage\",\"@id\":\"https:\/\/amnistia.org.mx\/contenido\/index.php\/strongmeta-corre-riesgo-de-fomentar-violencia-y-genocidio-con-sus-normas-sobre-contenido-strong\/#webpage\",\"url\":\"https:\/\/amnistia.org.mx\/contenido\/index.php\/strongmeta-corre-riesgo-de-fomentar-violencia-y-genocidio-con-sus-normas-sobre-contenido-strong\/\",\"name\":\"Meta corre el riesgo de fomentar m\\u00e1s violencia y genocidio con sus nuevas normas sobre contenido - amnistia.org.mx\",\"isPartOf\":{\"@id\":\"https:\/\/amnistia.org.mx\/contenido\/#website\"},\"primaryImageOfPage\":{\"@id\":\"https:\/\/amnistia.org.mx\/contenido\/index.php\/strongmeta-corre-riesgo-de-fomentar-violencia-y-genocidio-con-sus-normas-sobre-contenido-strong\/#primaryimage\"},\"datePublished\":\"2025-02-18T19:53:04+00:00\",\"dateModified\":\"2025-02-18T19:53:08+00:00\",\"author\":{\"@id\":\"https:\/\/amnistia.org.mx\/contenido\/#\/schema\/person\/7db421c495688267ce8ede4625c17fa5\"},\"description\":\"Las nuevas pol\\u00edticas de Meta implican graves riesgos para comunidades vulnerables y abusos graves a derechos humanos, advierte Amnist\\u00eda Internacional\",\"breadcrumb\":{\"@id\":\"https:\/\/amnistia.org.mx\/contenido\/index.php\/strongmeta-corre-riesgo-de-fomentar-violencia-y-genocidio-con-sus-normas-sobre-contenido-strong\/#breadcrumb\"},\"inLanguage\":\"es-MX\",\"potentialAction\":[{\"@type\":\"ReadAction\",\"target\":[\"https:\/\/amnistia.org.mx\/contenido\/index.php\/strongmeta-corre-riesgo-de-fomentar-violencia-y-genocidio-con-sus-normas-sobre-contenido-strong\/\"]}]},{\"@type\":\"BreadcrumbList\",\"@id\":\"https:\/\/amnistia.org.mx\/contenido\/index.php\/strongmeta-corre-riesgo-de-fomentar-violencia-y-genocidio-con-sus-normas-sobre-contenido-strong\/#breadcrumb\",\"itemListElement\":[{\"@type\":\"ListItem\",\"position\":1,\"item\":{\"@type\":\"WebPage\",\"@id\":\"https:\/\/amnistia.org.mx\/contenido\/\",\"url\":\"https:\/\/amnistia.org.mx\/contenido\/\",\"name\":\"Home\"}},{\"@type\":\"ListItem\",\"position\":2,\"item\":{\"@type\":\"WebPage\",\"@id\":\"https:\/\/amnistia.org.mx\/contenido\/index.php\/strongmeta-corre-riesgo-de-fomentar-violencia-y-genocidio-con-sus-normas-sobre-contenido-strong\/\",\"url\":\"https:\/\/amnistia.org.mx\/contenido\/index.php\/strongmeta-corre-riesgo-de-fomentar-violencia-y-genocidio-con-sus-normas-sobre-contenido-strong\/\",\"name\":\"Meta corre el riesgo de fomentar m\\u00e1s violencia y genocidio con sus nuevas normas sobre contenido\"}}]},{\"@type\":[\"Person\"],\"@id\":\"https:\/\/amnistia.org.mx\/contenido\/#\/schema\/person\/7db421c495688267ce8ede4625c17fa5\",\"name\":\"Alejandro Ju\\u00e1rez Gamero\",\"image\":{\"@type\":\"ImageObject\",\"@id\":\"https:\/\/amnistia.org.mx\/contenido\/#personlogo\",\"inLanguage\":\"es-MX\",\"url\":\"https:\/\/secure.gravatar.com\/avatar\/e312d5566d1c3ffb56f86415d6f0e606?s=96&d=mm&r=g\",\"caption\":\"Alejandro Ju\\u00e1rez Gamero\"}}]}<\/script>\n<!-- \/ Yoast SEO plugin. -->","_links":{"self":[{"href":"https:\/\/amnistia.org.mx\/contenido\/index.php\/wp-json\/wp\/v2\/posts\/37310"}],"collection":[{"href":"https:\/\/amnistia.org.mx\/contenido\/index.php\/wp-json\/wp\/v2\/posts"}],"about":[{"href":"https:\/\/amnistia.org.mx\/contenido\/index.php\/wp-json\/wp\/v2\/types\/post"}],"author":[{"embeddable":true,"href":"https:\/\/amnistia.org.mx\/contenido\/index.php\/wp-json\/wp\/v2\/users\/4"}],"replies":[{"embeddable":true,"href":"https:\/\/amnistia.org.mx\/contenido\/index.php\/wp-json\/wp\/v2\/comments?post=37310"}],"version-history":[{"count":6,"href":"https:\/\/amnistia.org.mx\/contenido\/index.php\/wp-json\/wp\/v2\/posts\/37310\/revisions"}],"predecessor-version":[{"id":37317,"href":"https:\/\/amnistia.org.mx\/contenido\/index.php\/wp-json\/wp\/v2\/posts\/37310\/revisions\/37317"}],"wp:featuredmedia":[{"embeddable":true,"href":"https:\/\/amnistia.org.mx\/contenido\/index.php\/wp-json\/wp\/v2\/media\/37311"}],"wp:attachment":[{"href":"https:\/\/amnistia.org.mx\/contenido\/index.php\/wp-json\/wp\/v2\/media?parent=37310"}],"wp:term":[{"taxonomy":"category","embeddable":true,"href":"https:\/\/amnistia.org.mx\/contenido\/index.php\/wp-json\/wp\/v2\/categories?post=37310"},{"taxonomy":"post_tag","embeddable":true,"href":"https:\/\/amnistia.org.mx\/contenido\/index.php\/wp-json\/wp\/v2\/tags?post=37310"}],"curies":[{"name":"wp","href":"https:\/\/api.w.org\/{rel}","templated":true}]}}