
{"id":37334,"date":"2025-02-20T12:25:30","date_gmt":"2025-02-20T18:25:30","guid":{"rendered":"https:\/\/amnistia.org.mx\/contenido\/?p=37334"},"modified":"2025-02-21T12:31:54","modified_gmt":"2025-02-21T18:31:54","slug":"strongen-la-frontera-entre-estados-unidos-y-mexico-no-existe-el-asilo-strong","status":"publish","type":"post","link":"https:\/\/amnistia.org.mx\/contenido\/index.php\/strongen-la-frontera-entre-estados-unidos-y-mexico-no-existe-el-asilo-strong\/","title":{"rendered":"<strong>Amnist\u00eda Internacional considera que en la frontera entre Estados Unidos y M\u00e9xico no existe el asilo<\/strong>"},"content":{"rendered":"\n<p class=\"has-text-align-right\">Foto Alli McCracken\/Amnist\u00eda Internacional.<\/p>\n\n\n\n<p>Amnist\u00eda Internacional ha concluido que el derecho al asilo en la frontera entre Estados Unidos y M\u00e9xico es inexistente, en violaci\u00f3n a las obligaciones nacionales e internacionales de Estados Unidos en materia de derechos humanos. La organizaci\u00f3n ha expuesto sus conclusiones en un nuevo informe publicado hoy que documenta el trato recibido por personas migrantes y solicitantes de asilo en Estados Unidos entrevistadas entre el 3 y el 9 de febrero.<\/p>\n\n\n\n<p>Estas alarmantes conclusiones se derivan de las acciones ejecutivas de la administraci\u00f3n Trump y de la creciente militarizaci\u00f3n de la frontera por parte del gobierno mexicano.<\/p>\n\n\n\n<p>El informe <a href=\"https:\/\/www.amnesty.org\/es\/documents\/amr51\/9029\/2025\/es\/\" target=\"_blank\" rel=\"noreferrer noopener\"><strong><em>Vidas en el limbo: Las devastadoras consecuencias de las pol\u00edticas de Trump sobre migraci\u00f3n y asilo<\/em><\/strong><\/a> expone la demolici\u00f3n total del derecho de asilo por el gobierno estadounidense en la frontera entre Estados Unidos y M\u00e9xico, que no deja ninguna v\u00eda para que las personas migrantes y solicitantes de asilo sigan el proceso legal. De conformidad con la legislaci\u00f3n de Estados Unidos sobre inmigraci\u00f3n, las personas \u00fanicamente pueden solicitar asilo una vez que est\u00e1n dentro de Estados Unidos, independientemente de su forma de entrada.<\/p>\n\n\n\n<p>En las conclusiones de su investigaci\u00f3n, la organizaci\u00f3n afirma que, aunque el uso obligatorio de la aplicaci\u00f3n inform\u00e1tica CBP One para solicitar asilo era il\u00edcito, poner fin a su uso ha dejado a decenas de miles de personas atrapadas en M\u00e9xico sin un lugar al que ir; incluso ni\u00f1os y ni\u00f1as no acompa\u00f1ados est\u00e1n atrapados y no tienen forma de buscar seguridad.<\/p>\n\n\n\n<p>Sin las citas de CPB One, la gente est\u00e1 atrapada en una situaci\u00f3n de riesgo y precariedad en el lado sur de la frontera, que es especialmente peligroso para las personas solicitantes de asilo mexicanas. Amnist\u00eda Internacional entrevist\u00f3 a decenas de personas que sufren las consecuencias de ese cambio en las pol\u00edticas de fronteras, y el informe ofrece sus testimonios.<\/p>\n\n\n\n<p>Adem\u00e1s de ordenar el despliegue espec\u00edfico del Servicio de Inmigraci\u00f3n y Control de Aduanas por todo el pa\u00eds, la administraci\u00f3n Trump ha desmantelado el Programa de Admisi\u00f3n de Refugiados de Estados Unidos, ha anulado derechos consagrados en la Constituci\u00f3n estadounidense \u2014como la ciudadan\u00eda por nacimiento\u2014 y ha anunciado otras medidas cimentadas en el racismo y la supremac\u00eda blanca.<\/p>\n\n\n\n<figure class=\"wp-block-image alignwide size-full\"><img decoding=\"async\" loading=\"lazy\" width=\"800\" height=\"600\" src=\"https:\/\/amnistia.org.mx\/contenido\/wp-content\/uploads\/2025\/02\/Foto-ajustada-2-1.jpg\" alt=\"\" class=\"wp-image-37336\"\/><figcaption class=\"wp-element-caption\">Foto Alli McCracken\/Amnist\u00eda Internacional.<\/figcaption><\/figure>\n\n\n\n<p>\u201cLa administraci\u00f3n Trump ha convertido la frontera de M\u00e9xico y Estados Unidos en una zona abiertamente hostil para los derechos humanos y muestra un desprecio absoluto por la humanidad y la dignidad de las personas en movimiento\u201d, ha declarado Amy Fischer, directora de Derechos de las Personas Refugiadas y Migrantes de Amnist\u00eda Internacional Estados Unidos. \u201cEl derecho a solicitar asilo simplemente no existe en la frontera, y las personas en situaci\u00f3n&nbsp;de vulnerabilidad est\u00e1n atrapadas junto con las organizaciones que trabajan all\u00ed \u2014que a su vez ahora pueden ser objeto de represalias y criminalizaci\u00f3n a manos del gobierno estadounidense\u2014 y que luchan por evitar un desastre humanitario a\u00fan mayor\u201d.<\/p>\n\n\n\n<p>Esta oportuna investigaci\u00f3n ve la luz en un contexto m\u00e1s amplio en el que el gobierno de Trump est\u00e1 retirando la financiaci\u00f3n a organizaciones humanitarias cruciales que trabajan en la frontera y que recib\u00edan dinero de USAID y de otros programas gubernamentales cuya financiaci\u00f3n ahora se ha congelado.<\/p>\n\n\n\n<p>Las organizaciones humanitarias y de inmigraci\u00f3n que trabajan en la frontera para proporcionar refugio, orientaci\u00f3n jur\u00eddica y atenci\u00f3n humanitaria a las personas que buscan seguridad tambi\u00e9n afrontan actualmente una crisis que las ha dejado sin medios econ\u00f3micos para seguir funcionando y desempe\u00f1ando su labor, que salva vidas.<\/p>\n\n\n\n<p>\u201cLos albergues de la frontera tienen dificultades para decirles a los ni\u00f1os y las ni\u00f1as que ya no les quedan opciones\u201d, ha a\u00f1adido Mary Kapron, investigadora de Amnist\u00eda Internacional. \u201cPara empezar, muchos ni\u00f1os y ni\u00f1as apenas entienden lo que les est\u00e1 pasando. Y quienes lo entienden se hallan ante una decisi\u00f3n imposible: regresar al lugar del que hab\u00edan huido y comprender que puede que no sobrevivan o poner su vida en manos de traficantes de seres humanos\u201d.<\/p>\n\n\n\n<p>En M\u00e9xico, el gobierno envi\u00f3 a la frontera a 10.000 miembros del ej\u00e9rcito, lo que ha alimentado el clima de miedo entre las personas migrantes y solicitantes de asilo y ha dado lugar a detenciones y deportaciones masivas.<\/p>\n\n\n\n<p>\u201cEl hecho de que ahora resulte imposible pedir asilo en la frontera entre Estados Unidos y M\u00e9xico deja a las personas mexicanas en una situaci\u00f3n de especial riesgo\u201d, ha afirmado M\u00f3nica Oehler Toca, investigadora de Amnist\u00eda Internacional. \u201cA diferencia de las personas de otras nacionalidades, ellas huyen de la persecuci\u00f3n en M\u00e9xico y ahora no tienen manera de pedir protecci\u00f3n internacional en Estados Unidos\u201d.<\/p>\n\n\n\n<figure class=\"wp-block-image alignwide size-full\"><img decoding=\"async\" loading=\"lazy\" width=\"700\" height=\"933\" src=\"https:\/\/amnistia.org.mx\/contenido\/wp-content\/uploads\/2025\/02\/Foto-ajustada-3-1.jpg\" alt=\"\" class=\"wp-image-37337\"\/><figcaption class=\"wp-element-caption\">Foto Alli McCracken\/Amnist\u00eda Internacional.<\/figcaption><\/figure>\n\n\n\n<p>Amnist\u00eda Internacional sigue pidiendo a Estados Unidos que adopte urgentemente soluciones que se ajusten a sus obligaciones en materia de derechos humanos y que abandone el juego de la pol\u00edtica y deje de utilizar la vida de la gente para fomentar el miedo y facilitar la adopci\u00f3n de medidas fronterizas y migratorias cada vez m\u00e1s draconianas que vulneran los derechos humanos de las personas migrantes y solicitantes de asilo, medidas que fomentan la violencia&nbsp;contra las comunidades negras, ind\u00edgenas y otras personas racializadas y que exacerban la disfuncionalidad de un sistema de inmigraci\u00f3n ya de por s\u00ed problem\u00e1tico.<\/p>\n\n\n\n<p>La organizaci\u00f3n tambi\u00e9n pide al gobierno mexicano que deje de colaborar con las nocivas pol\u00edticas de Estados Unidos sobre inmigraci\u00f3n y que aplique de inmediato medidas para garantizar la seguridad y protecci\u00f3n de las personas solicitantes de asilo en tr\u00e1nsito por M\u00e9xico.<\/p>\n\n\n\n<p>Por \u00faltimo, Amnist\u00eda Internacional seguir\u00e1 documentando abusos contra los derechos humanos, defendiendo los derechos de todas las personas migrantes y de las que buscan seguridad en Estados Unidos, y haciendo rendir cuentas a las autoridades gubernamentales estadounidenses y mexicanas.<\/p>\n","protected":false},"excerpt":{"rendered":"<p>Foto Alli McCracken\/Amnist\u00eda Internacional. Amnist\u00eda Internacional ha concluido que el derecho al asilo en la frontera entre Estados Unidos y M\u00e9xico es inexistente, en violaci\u00f3n a las obligaciones nacionales e &hellip;<\/p>\n<p class=\"read-more\"> <a class=\"\" href=\"https:\/\/amnistia.org.mx\/contenido\/index.php\/strongen-la-frontera-entre-estados-unidos-y-mexico-no-existe-el-asilo-strong\/\"> <span class=\"screen-reader-text\"><strong>Amnist\u00eda Internacional considera que en la frontera entre Estados Unidos y M\u00e9xico no existe el asilo<\/strong><\/span> Leer m\u00e1s &raquo;<\/a><\/p>\n","protected":false},"author":4,"featured_media":37335,"comment_status":"open","ping_status":"open","sticky":false,"template":"","format":"standard","meta":{"_uf_show_specific_survey":0,"_uf_disable_surveys":false,"site-sidebar-layout":"default","site-content-layout":"default","ast-global-header-display":"","ast-main-header-display":"","ast-hfb-above-header-display":"","ast-hfb-below-header-display":"","ast-hfb-mobile-header-display":"","site-post-title":"","ast-breadcrumbs-content":"","ast-featured-img":"","footer-sml-layout":"","theme-transparent-header-meta":"","adv-header-id-meta":"","stick-header-meta":"","header-above-stick-meta":"","header-main-stick-meta":"","header-below-stick-meta":""},"categories":[9],"tags":[236],"acf":[],"aioseo_notices":[],"yoast_head":"<!-- This site is optimized with the Yoast SEO plugin v14.5 - https:\/\/yoast.com\/wordpress\/plugins\/seo\/ -->\n<title>Amnist\u00eda Internacional considera que en la frontera entre Estados Unidos y M\u00e9xico no existe el asilo - amnistia.org.mx<\/title>\n<meta name=\"description\" content=\"Las pol\u00edticas de Trump y la militarizaci\u00f3n de la frontera por el gobierno mexicano, dejan a migrantes sin derecho al asilo: Amnist\u00eda Internacional\" \/>\n<meta name=\"robots\" content=\"index, follow\" \/>\n<meta name=\"googlebot\" content=\"index, follow, max-snippet:-1, max-image-preview:large, max-video-preview:-1\" \/>\n<meta name=\"bingbot\" content=\"index, follow, max-snippet:-1, max-image-preview:large, max-video-preview:-1\" \/>\n<link rel=\"canonical\" href=\"https:\/\/amnistia.org.mx\/contenido\/index.php\/strongen-la-frontera-entre-estados-unidos-y-mexico-no-existe-el-asilo-strong\/\" \/>\n<meta property=\"og:locale\" content=\"es_MX\" \/>\n<meta property=\"og:type\" content=\"article\" \/>\n<meta property=\"og:title\" content=\"Amnist\u00eda Internacional considera que en la frontera entre Estados Unidos y M\u00e9xico no existe el asilo - amnistia.org.mx\" \/>\n<meta property=\"og:description\" content=\"Las pol\u00edticas de Trump y la militarizaci\u00f3n de la frontera por el gobierno mexicano, dejan a migrantes sin derecho al asilo: Amnist\u00eda Internacional\" \/>\n<meta property=\"og:url\" content=\"https:\/\/amnistia.org.mx\/contenido\/index.php\/strongen-la-frontera-entre-estados-unidos-y-mexico-no-existe-el-asilo-strong\/\" \/>\n<meta property=\"og:site_name\" content=\"amnistia.org.mx\" \/>\n<meta property=\"article:published_time\" content=\"2025-02-20T18:25:30+00:00\" \/>\n<meta property=\"article:modified_time\" content=\"2025-02-21T18:31:54+00:00\" \/>\n<meta property=\"og:image\" content=\"https:\/\/amnistia.org.mx\/contenido\/wp-content\/uploads\/2025\/02\/Foto-ajustada1.jpg\" \/>\n\t<meta property=\"og:image:width\" content=\"800\" \/>\n\t<meta property=\"og:image:height\" content=\"600\" \/>\n<meta name=\"twitter:card\" content=\"summary_large_image\" \/>\n<script type=\"application\/ld+json\" class=\"yoast-schema-graph\">{\"@context\":\"https:\/\/schema.org\",\"@graph\":[{\"@type\":\"WebSite\",\"@id\":\"https:\/\/amnistia.org.mx\/contenido\/#website\",\"url\":\"https:\/\/amnistia.org.mx\/contenido\/\",\"name\":\"amnistia.org.mx\",\"description\":\"Nueva p\\u00e1gina de Amnist\\u00eda\",\"potentialAction\":[{\"@type\":\"SearchAction\",\"target\":\"https:\/\/amnistia.org.mx\/contenido\/?s={search_term_string}\",\"query-input\":\"required name=search_term_string\"}],\"inLanguage\":\"es-MX\"},{\"@type\":\"ImageObject\",\"@id\":\"https:\/\/amnistia.org.mx\/contenido\/index.php\/strongen-la-frontera-entre-estados-unidos-y-mexico-no-existe-el-asilo-strong\/#primaryimage\",\"inLanguage\":\"es-MX\",\"url\":\"https:\/\/amnistia.org.mx\/contenido\/wp-content\/uploads\/2025\/02\/Foto-ajustada1.jpg\",\"width\":800,\"height\":600},{\"@type\":\"WebPage\",\"@id\":\"https:\/\/amnistia.org.mx\/contenido\/index.php\/strongen-la-frontera-entre-estados-unidos-y-mexico-no-existe-el-asilo-strong\/#webpage\",\"url\":\"https:\/\/amnistia.org.mx\/contenido\/index.php\/strongen-la-frontera-entre-estados-unidos-y-mexico-no-existe-el-asilo-strong\/\",\"name\":\"Amnist\\u00eda Internacional considera que en la frontera entre Estados Unidos y M\\u00e9xico no existe el asilo - amnistia.org.mx\",\"isPartOf\":{\"@id\":\"https:\/\/amnistia.org.mx\/contenido\/#website\"},\"primaryImageOfPage\":{\"@id\":\"https:\/\/amnistia.org.mx\/contenido\/index.php\/strongen-la-frontera-entre-estados-unidos-y-mexico-no-existe-el-asilo-strong\/#primaryimage\"},\"datePublished\":\"2025-02-20T18:25:30+00:00\",\"dateModified\":\"2025-02-21T18:31:54+00:00\",\"author\":{\"@id\":\"https:\/\/amnistia.org.mx\/contenido\/#\/schema\/person\/7db421c495688267ce8ede4625c17fa5\"},\"description\":\"Las pol\\u00edticas de Trump y la militarizaci\\u00f3n de la frontera por el gobierno mexicano, dejan a migrantes sin derecho al asilo: Amnist\\u00eda Internacional\",\"breadcrumb\":{\"@id\":\"https:\/\/amnistia.org.mx\/contenido\/index.php\/strongen-la-frontera-entre-estados-unidos-y-mexico-no-existe-el-asilo-strong\/#breadcrumb\"},\"inLanguage\":\"es-MX\",\"potentialAction\":[{\"@type\":\"ReadAction\",\"target\":[\"https:\/\/amnistia.org.mx\/contenido\/index.php\/strongen-la-frontera-entre-estados-unidos-y-mexico-no-existe-el-asilo-strong\/\"]}]},{\"@type\":\"BreadcrumbList\",\"@id\":\"https:\/\/amnistia.org.mx\/contenido\/index.php\/strongen-la-frontera-entre-estados-unidos-y-mexico-no-existe-el-asilo-strong\/#breadcrumb\",\"itemListElement\":[{\"@type\":\"ListItem\",\"position\":1,\"item\":{\"@type\":\"WebPage\",\"@id\":\"https:\/\/amnistia.org.mx\/contenido\/\",\"url\":\"https:\/\/amnistia.org.mx\/contenido\/\",\"name\":\"Home\"}},{\"@type\":\"ListItem\",\"position\":2,\"item\":{\"@type\":\"WebPage\",\"@id\":\"https:\/\/amnistia.org.mx\/contenido\/index.php\/strongen-la-frontera-entre-estados-unidos-y-mexico-no-existe-el-asilo-strong\/\",\"url\":\"https:\/\/amnistia.org.mx\/contenido\/index.php\/strongen-la-frontera-entre-estados-unidos-y-mexico-no-existe-el-asilo-strong\/\",\"name\":\"Amnist\\u00eda Internacional considera que en la frontera entre Estados Unidos y M\\u00e9xico no existe el asilo\"}}]},{\"@type\":[\"Person\"],\"@id\":\"https:\/\/amnistia.org.mx\/contenido\/#\/schema\/person\/7db421c495688267ce8ede4625c17fa5\",\"name\":\"Alejandro Ju\\u00e1rez Gamero\",\"image\":{\"@type\":\"ImageObject\",\"@id\":\"https:\/\/amnistia.org.mx\/contenido\/#personlogo\",\"inLanguage\":\"es-MX\",\"url\":\"https:\/\/secure.gravatar.com\/avatar\/e312d5566d1c3ffb56f86415d6f0e606?s=96&d=mm&r=g\",\"caption\":\"Alejandro Ju\\u00e1rez Gamero\"}}]}<\/script>\n<!-- \/ Yoast SEO plugin. -->","_links":{"self":[{"href":"https:\/\/amnistia.org.mx\/contenido\/index.php\/wp-json\/wp\/v2\/posts\/37334"}],"collection":[{"href":"https:\/\/amnistia.org.mx\/contenido\/index.php\/wp-json\/wp\/v2\/posts"}],"about":[{"href":"https:\/\/amnistia.org.mx\/contenido\/index.php\/wp-json\/wp\/v2\/types\/post"}],"author":[{"embeddable":true,"href":"https:\/\/amnistia.org.mx\/contenido\/index.php\/wp-json\/wp\/v2\/users\/4"}],"replies":[{"embeddable":true,"href":"https:\/\/amnistia.org.mx\/contenido\/index.php\/wp-json\/wp\/v2\/comments?post=37334"}],"version-history":[{"count":6,"href":"https:\/\/amnistia.org.mx\/contenido\/index.php\/wp-json\/wp\/v2\/posts\/37334\/revisions"}],"predecessor-version":[{"id":37378,"href":"https:\/\/amnistia.org.mx\/contenido\/index.php\/wp-json\/wp\/v2\/posts\/37334\/revisions\/37378"}],"wp:featuredmedia":[{"embeddable":true,"href":"https:\/\/amnistia.org.mx\/contenido\/index.php\/wp-json\/wp\/v2\/media\/37335"}],"wp:attachment":[{"href":"https:\/\/amnistia.org.mx\/contenido\/index.php\/wp-json\/wp\/v2\/media?parent=37334"}],"wp:term":[{"taxonomy":"category","embeddable":true,"href":"https:\/\/amnistia.org.mx\/contenido\/index.php\/wp-json\/wp\/v2\/categories?post=37334"},{"taxonomy":"post_tag","embeddable":true,"href":"https:\/\/amnistia.org.mx\/contenido\/index.php\/wp-json\/wp\/v2\/tags?post=37334"}],"curies":[{"name":"wp","href":"https:\/\/api.w.org\/{rel}","templated":true}]}}