
{"id":37401,"date":"2025-02-27T13:32:21","date_gmt":"2025-02-27T19:32:21","guid":{"rendered":"https:\/\/amnistia.org.mx\/contenido\/?p=37401"},"modified":"2025-02-27T13:32:23","modified_gmt":"2025-02-27T19:32:23","slug":"israel-tpo-comunidad-en-cisjordania-corre-peligro-de-traslado-forzoso","status":"publish","type":"post","link":"https:\/\/amnistia.org.mx\/contenido\/index.php\/israel-tpo-comunidad-en-cisjordania-corre-peligro-de-traslado-forzoso\/","title":{"rendered":"Israel \/ TPO: Una comunidad de Masafer Yatta, en la Cisjordania ocupada, corre peligro inminente de traslado forzoso"},"content":{"rendered":"\n<p>La comunidad palestina de Shib al Butum, en Masafer Yatta, corre peligro inminente de traslado forzoso debido al aumento de los ataques de colonos respaldados por el Estado y a las demoliciones de casas, las restricciones de acceso a tierras y la expansi\u00f3n ilegal de asentamientos por las autoridades israel\u00edes; as\u00ed lo ha manifestado hoy Amnist\u00eda Internacional.<\/p>\n\n\n\n<p>Esta comunidad dedicada al pastoreo, en la que residen unas 300 personas palestinas, es una de las 12 comunidades que constituyen la regi\u00f3n de Masafer Yatta, al sur de Hebr\u00f3n, y lleva d\u00e9cadas sufriendo ataques cada vez m\u00e1s frecuentes de colonos respaldados por el Estado y medidas represivas por parte de las autoridades israel\u00edes. Desde el 7 de octubre de 2023, la situaci\u00f3n ha empeorado considerablemente. Si no se toman medidas de inmediato para exigir rendici\u00f3n de cuentas a los colonos y para poner fin a las demoliciones de casas y la expansi\u00f3n de los asentamientos cercanos, esta comunidad, como otras de la zona, sufrir\u00e1 desplazamiento forzoso.<\/p>\n\n\n\n<p>\u201cLa situaci\u00f3n de la comunidad de Shib al Butum es un microcosmos de lo que est\u00e1 sufriendo la poblaci\u00f3n palestina, especialmente las comunidades beduinas y dedicadas al pastoreo, en la mayor parte de la Cisjordania ocupada. Los colonos entran ilegalmente en sus tierras, vandalizan y roban sus bienes, y los acosan y atacan con absoluta impunidad\u201d, ha afirmado Erika Guevara Rosas, directora general de Investigaci\u00f3n, Incidencia, Pol\u00edtica y Campa\u00f1as de Amnist\u00eda Internacional.<\/p>\n\n\n\n<p>\u201cMediante el efecto acumulado de d\u00e9cadas de ocupaci\u00f3n y <em>apartheid<\/em>, que incluyen violencia, discriminaci\u00f3n institucionalizada y expansi\u00f3n ilegal de los asentamientos, Israel est\u00e1 creando de forma intencionada un entorno coercitivo que obliga a comunidades palestinas como la de Shib al Butum a abandonar su tierra. El traslado forzoso de civiles contra su voluntad es una grave infracci\u00f3n del Cuarto Convenio de Ginebra y constituye un crimen de guerra\u201d.<\/p>\n\n\n\n<p>Desde el 7 de octubre de 2023, el repunte de la violencia de los colonos respaldada por el Estado y las medidas adoptadas por las autoridades israel\u00edes han causado desplazamientos forzosos de poblaci\u00f3n palestina en toda Cisjordania. Tales medidas incluyen la aplicaci\u00f3n de nuevas \u00f3rdenes militares de confiscaci\u00f3n, un marcado incremento de la destrucci\u00f3n de bienes palestinos, y apoyar y participar en ataques de colonos contra poblaci\u00f3n palestina y no prevenir ni castigar tales ataques.<\/p>\n\n\n\n<p>Seg\u00fan la Oficina de Coordinaci\u00f3n de Asuntos Humanitarios (OCAH), 2024 ha sido el peor a\u00f1o de violencia de colonos en toda la Cisjordania ocupada, incluido Jerusal\u00e9n Oriental, desde que la organizaci\u00f3n comenz\u00f3 a llevar un registro hace 20 a\u00f1os. Del 7 de octubre de 2023 al 31 de diciembre de 2024, la OCAH document\u00f3 1.860 casos de violencia de colonos que causaron el desplazamiento de m\u00e1s de 300 familias (1.762 personas, de las que 856 eran menores). Asimismo, la OCAH registr\u00f3 un aumento de los ataques violentos de colonos en Cisjordania, que pasaron de un promedio de dos al d\u00eda en 2022 a cuatro al d\u00eda en 2024.<\/p>\n\n\n\n<p>Organizaciones de derechos humanos israel\u00edes, entre ellas Yesh Din y Haqel, han documentado tambi\u00e9n la falta de protecci\u00f3n de la poblaci\u00f3n palestina por los servicios encargados de hacer cumplir la ley israel\u00edes en la Cisjordania ilegalmente ocupada.<\/p>\n\n\n\n<p>Seg\u00fan ha documentado Amnist\u00eda Internacional, la intensificaci\u00f3n del entorno coercitivo creado por Israel, incluso a trav\u00e9s de violencia de colonos respaldada por el Estado, ya ha dado lugar al traslado forzoso de la comunidad de Zanuta, en las colinas del sur de Hebr\u00f3n, dedicada al pastoreo. Shib al Butum se enfrenta al mismo destino.<\/p>\n\n\n\n<p><strong>Indicios de traslado forzoso en Zanuta<\/strong><strong><\/strong><\/p>\n\n\n\n<p>En marzo de 2024, Amnist\u00eda Internacional visit\u00f3 el sitio abandonado de Zanuta, donde antes resid\u00edan unas 250 personas, entre ellas 100 ni\u00f1os y ni\u00f1as. Adem\u00e1s, la organizaci\u00f3n entrevist\u00f3 a cinco miembros de la comunidad que hab\u00eda vivido en Zanuta, quienes dijeron que la frecuencia y virulencia de los ataques de colonos contra su comunidad se intensificaron tras los ataques perpetrados por Ham\u00e1s el 7 de octubre de 2023 en el sur de Israel y obligaron a marcharse a toda la comunidad.<\/p>\n\n\n\n<p>Contaban que los colonos de un puesto de avanzada cercano, Granja Meitarim, hab\u00edan atacado y acosado sistem\u00e1ticamente a su comunidad desde 2021. Adem\u00e1s, y pesar de que estos puestos de avanzada tambi\u00e9n son ilegales con arreglo a la legislaci\u00f3n israel\u00ed, los colonos hab\u00edan levantado estructuras y comenzado a pastorear sus ovejas en las tierras agr\u00edcolas de Zanuta, causando da\u00f1os en los cultivos.<\/p>\n\n\n\n<p>Seg\u00fan estos residentes, los ataques de colonos hab\u00edan aumentado y eran casi diarios desde el 7 de octubre de 2023, lo que hab\u00eda llevado a muchos palestinos a huir. En varias ocasiones, los colonos prendieron fuego a sus propiedades o vertieron aguas residuales en sus terrenos de cultivo.<\/p>\n\n\n\n<p>\u201cLos colonos nos atacaron en nuestra casa m\u00e1s de una vez despu\u00e9s del 7 de octubre de 2023. Una vez rompieron la puerta y golpearon a nuestros hijos con sus rifles. Rompieron las ventanas cuando est\u00e1bamos durmiendo\u201d, cont\u00f3 Hadeel Jabareen.<\/p>\n\n\n\n<p>La comunidad se desplaz\u00f3 al completo antes del 22 de octubre de 2023. En julio de 2024, el Tribunal Supremo de Israel orden\u00f3 que se permitiera a los habitantes de Zanuta regresar a su comunidad. Sin embargo, tras la vuelta de algunas familias en agosto, los ataques de colonos se reanudaron enseguida y los habitantes tuvieron que huir de nuevo.<\/p>\n\n\n\n<p>Las \u00faltimas familias se marcharon de Zanuta el 18 de octubre de 2024.<\/p>\n\n\n\n<p>\u201cLos colonos iban armados y no paraban de atacarnos. \u00c9ramos la \u00faltima familia que quedaba all\u00ed. Todos los dem\u00e1s se hab\u00edan ido, as\u00ed que tambi\u00e9n tuvimos que hacerlo, por la seguridad de nuestros hijos y nuestro ganado. Ten\u00edamos miedo, era terror\u00edfico\u201d, dijo Adel A-Tal, exresidente.<\/p>\n\n\n\n<p><strong>Shib al Butum, una comunidad en peligro<\/strong><strong><\/strong><\/p>\n\n\n\n<p>Amnist\u00eda Internacional ha documentado asimismo un aumento de la violencia de colonos israel\u00edes contra personas palestinas dedicadas al pastoreo en zonas de alrededor de Shib al Butum desde el 7 de octubre de 2023, quienes ahora podr\u00edan correr la misma suerte que la poblaci\u00f3n de Zanuta. La organizaci\u00f3n entrevist\u00f3 a seis miembros de la comunidad y verific\u00f3 38 v\u00eddeos de los ataques.<\/p>\n\n\n\n<p>Los residentes contaron a Amnist\u00eda Internacional que colonos de Mitzpe Yair, puesto de avanzada cercano, y del asentamiento de Avigayil los hostigan y atacan pr\u00e1cticamente a diario desde el 7 de octubre de 2023. Avigayil es uno de los 10 puestos de avanzada que el gabinete de seguridad israel\u00ed \u201clegaliz\u00f3\u201d con car\u00e1cter retroactivo en febrero de 2023.<\/p>\n\n\n\n<p>Los residentes contaron que los colonos abordaban sistem\u00e1ticamente a los pastores y los amenazaban, empleaban lenguaje insultante y a menudo denunciaban en falso a personas palestinas por el robo de ovejas ante los servicios encargados de hacer cumplir la ley israel\u00edes. Casos parecidos se han denunciado en otras comunidades de las colinas del sur de Hebr\u00f3n y otras partes de Cisjordania.<\/p>\n\n\n\n<p>En lugar de protegerlos, las fuerzas armadas israel\u00edes ordenaron a los pastores palestinos de Shib al Butum que dejaran de usar esas zonas y los confinaron en su pueblo, donde no hay alimento suficiente para sus reba\u00f1os. Esto ha supuesto una enorme carga econ\u00f3mica para muchos pastores, que no pueden comprar comida para sus animales durante todo el a\u00f1o y se ven obligados a vender parte de sus reba\u00f1os, su principal medio de vida, para llegar a fin de mes.<\/p>\n\n\n\n<p>El pastor Khalil Jabarin cont\u00f3 lo siguiente a Amnist\u00eda:\u201cNadie se atreve ya a pastorear sus reba\u00f1os fuera del pueblo. Se llevaron todo lo que quisieron, pero a\u00fan no les basta [&#8230;] quieren que nos vayamos. Vienen aqu\u00ed y me dicen que no tengo tierra aqu\u00ed y que debo irme a Yatta [ciudad palestina cercana]\u201d.<\/p>\n\n\n\n<p>Seg\u00fan los residentes, desde principios de septiembre de 2024, un colono de Mitzpe Yair en particular irrumpe regularmente en el pueblo a cualquier hora del d\u00eda o de la noche, armado y con uniforme militar. Se pasea por el lugar, hace fotos y vandaliza bienes, especialmente estructuras y tierras de cultivo. En v\u00eddeos grabados por residentes, se lo ve destruyendo puertas y cercas en sus tierras de cultivo. Los miembros de la comunidad viven con miedo constante por ese motivo. En otros v\u00eddeos, verificados por Amnist\u00eda Internacional, se ven colonos armados paseando por la comunidad o pasando a toda velocidad en motocicletas para amedrentar a la poblaci\u00f3n palestina.<\/p>\n\n\n\n<p>Iman Jabarin, madre de siete hijos y residente en la comunidad, cont\u00f3: \u201cNo nos sentimos a salvo en casa. No tenemos seguridad, ni yo, ni mis hijos, ni mi esposo\u201d.<\/p>\n\n\n\n<p>En un v\u00eddeo de 19 de julio de 2024 verificado por Amnist\u00eda Internacional se ve a un grupo de ocho colonos acompa\u00f1ados de un soldado atacando a miembros de la familia Najjar cuando estaban sentados a la puerta de su casa. Seg\u00fan la familia, los colonos los golpearon con palos mientras el soldado se manten\u00eda al margen. En las im\u00e1genes se ve tambi\u00e9n al soldado apuntando a la familia palestina con su arma y haciendo un disparo al aire. Dos miembros de la familia fueron hospitalizados por las lesiones sufridas. Una de ellos, Wadha Najjar, de 64 a\u00f1os, dijo que, en vista de la impunidad con que se siguen cometiendo estos ataques, no tienen ninguna confianza en el sistema de justicia israel\u00ed.<\/p>\n\n\n\n<p>Las autoridades israel\u00edes tambi\u00e9n han demolido viviendas y bienes palestinos en Shib al Butum. El 22 de noviembre de 2023, las fuerzas israel\u00edes demolieron ocho estructuras en la comunidad por falta de permisos de edificaci\u00f3n israel\u00edes, que son pr\u00e1cticamente imposibles de obtener. <a href=\"https:\/\/www.unocha.org\/publications\/report\/occupied-palestinian-territory\/hostilities-gaza-strip-and-israel-flash-update-50\">Seg\u00fan la OCAH<\/a>, las demoliciones obligaron a 19 personas palestinas \u2014incluidos 11 menores\u2014 a desplazarse de Shib al Butum. El 8 de julio de 2024, las fuerzas israel\u00edes demolieron dos estructuras residenciales por falta de permisos, y con ello causaron el desplazamiento de 11 personas. Seg\u00fan la organizaci\u00f3n israel\u00ed Peace Now, que vigila la expansi\u00f3n de los asentamientos, las autoridades urban\u00edsticas israel\u00edes <a href=\"https:\/\/peacenow.org.il\/wp-content\/uploads\/2025\/02\/SW-Report-Summary-2024-Peace-Now-February-2025.pdf\">no aprobaron<\/a> un solo permiso o recurso de edificaci\u00f3n con fines residenciales para personas palestinas en el \u00c1rea C de Cisjordania.<\/p>\n\n\n\n<p><strong>Los colonos, por encima de la ley<\/strong><strong><\/strong><\/p>\n\n\n\n<p>Los colonos siguen disfrutando de impunidad casi total por la violencia que ejercen contra la poblaci\u00f3n palestina. Yesh Din, grupo de derechos humanos israel\u00ed, concluy\u00f3 que alrededor del 94% de las investigaciones policiales sobre la violencia de los colonos contra personas palestinas en toda Cisjordania de 2005 a 2024 concluyeron sin una acusaci\u00f3n formal. Estos datos avalan la convicci\u00f3n de la poblaci\u00f3n palestina de que el sistema israel\u00ed para hacer cumplir la ley est\u00e1 concebido para anteponer los intereses de los colonos en detrimento suyo.<\/p>\n\n\n\n<p>La inacci\u00f3n internacional tambi\u00e9n ha permitido que prosperen las pol\u00edticas de asentamiento de Israel y la violencia de los colonos, y ha consolidado la impunidad. El 21 de enero, el presidente de Estados Unidos, Donald Trump, revoc\u00f3 todas las sanciones estadounidenses impuestas a colonos israel\u00edes violentos. La misma existencia de todos los asentamientos israel\u00edes en Territorio Palestino Ocupado, con independencia de su condici\u00f3n con arreglo a la legislaci\u00f3n israel\u00ed, constituye una violaci\u00f3n manifiesta del derecho internacional y, sin embargo, los Estados no han actuado en repetidas ocasiones para detener su expansi\u00f3n y garantizar protecci\u00f3n a la poblaci\u00f3n del Territorio Palestino Ocupado. A pesar de que la Corte Internacional de Justicia declar\u00f3 en su opini\u00f3n consultiva de julio de 2024 que la presencia de Israel en el Territorio Palestino Ocupado era ilegal y pidi\u00f3 su desmantelamiento en el plazo de 12 meses, los Estados no han tomado medidas para hacerlo.<\/p>\n\n\n\n<p>\u201cLa impunidad profundamente arraigada por la violencia de los colonos y el hecho de que la comunidad internacional lleve tiempo sin actuar para impedir la expansi\u00f3n de los asentamientos ilegales israel\u00edes y poner fin a la ocupaci\u00f3n de Israel est\u00e1n propiciando el traslado forzoso de comunidades palestinas, lo que constituye un crimen de guerra. En lugar de seguir permitiendo la incesante apropiaci\u00f3n de territorio por Israel, con consecuencias demoledoras para las personas palestinas, los dirigentes mundiales deben presionar a Israel para que ponga fin a su ocupaci\u00f3n ilegal y desmantele su sistema de <em>apartheid <\/em>contra la poblaci\u00f3n palestina\u201d, ha dicho Erika Guevara Rosas.<\/p>\n\n\n\n<p>Adem\u00e1s de Shib al Butum, otras nueve comunidades de Masafer Yatta corren peligro inminente de desplazamiento forzoso, ya que las fuerzas armadas israel\u00edes han declarado sus pueblos como parte integrante de zonas de entrenamiento militar. La dif\u00edcil situaci\u00f3n de estas comunidades y su lucha para permanecer en sus tierras ancestrales se describen en el documental <a href=\"https:\/\/www.972mag.com\/no-other-land-oscars-masafer-yatta-erasure\/\"><em>No Other Land<\/em><\/a>, recientemente nominado a los Oscar.<\/p>\n","protected":false},"excerpt":{"rendered":"<p>La comunidad palestina de Shib al Butum, en Masafer Yatta, corre peligro inminente de traslado forzoso debido al aumento de los ataques de colonos respaldados por el Estado y a &hellip;<\/p>\n<p class=\"read-more\"> <a class=\"\" href=\"https:\/\/amnistia.org.mx\/contenido\/index.php\/israel-tpo-comunidad-en-cisjordania-corre-peligro-de-traslado-forzoso\/\"> <span class=\"screen-reader-text\">Israel \/ TPO: Una comunidad de Masafer Yatta, en la Cisjordania ocupada, corre peligro inminente de traslado forzoso<\/span> Leer m\u00e1s &raquo;<\/a><\/p>\n","protected":false},"author":4,"featured_media":37402,"comment_status":"closed","ping_status":"closed","sticky":false,"template":"","format":"standard","meta":{"_uf_show_specific_survey":0,"_uf_disable_surveys":false,"site-sidebar-layout":"default","site-content-layout":"default","ast-global-header-display":"","ast-main-header-display":"","ast-hfb-above-header-display":"","ast-hfb-below-header-display":"","ast-hfb-mobile-header-display":"","site-post-title":"","ast-breadcrumbs-content":"","ast-featured-img":"","footer-sml-layout":"","theme-transparent-header-meta":"","adv-header-id-meta":"","stick-header-meta":"","header-above-stick-meta":"","header-main-stick-meta":"","header-below-stick-meta":""},"categories":[9],"tags":[238],"acf":[],"aioseo_notices":[],"yoast_head":"<!-- This site is optimized with the Yoast SEO plugin v14.5 - https:\/\/yoast.com\/wordpress\/plugins\/seo\/ -->\n<title>Israel \/ TPO: Una comunidad de Masafer Yatta, en la Cisjordania ocupada, corre peligro inminente de traslado forzoso - amnistia.org.mx<\/title>\n<meta name=\"description\" content=\"Comunidad palestina corre peligro inminente de traslado forzoso, por ataques de colonos israel\u00edes apoyados por el Estado, advierte Amnist\u00eda Internacional.\" \/>\n<meta name=\"robots\" content=\"index, follow\" \/>\n<meta name=\"googlebot\" content=\"index, follow, max-snippet:-1, max-image-preview:large, max-video-preview:-1\" \/>\n<meta name=\"bingbot\" content=\"index, follow, max-snippet:-1, max-image-preview:large, max-video-preview:-1\" \/>\n<link rel=\"canonical\" href=\"https:\/\/amnistia.org.mx\/contenido\/index.php\/israel-tpo-comunidad-en-cisjordania-corre-peligro-de-traslado-forzoso\/\" \/>\n<meta property=\"og:locale\" content=\"es_MX\" \/>\n<meta property=\"og:type\" content=\"article\" \/>\n<meta property=\"og:title\" content=\"Israel \/ TPO: Una comunidad de Masafer Yatta, en la Cisjordania ocupada, corre peligro inminente de traslado forzoso - amnistia.org.mx\" \/>\n<meta property=\"og:description\" content=\"Comunidad palestina corre peligro inminente de traslado forzoso, por ataques de colonos israel\u00edes apoyados por el Estado, advierte Amnist\u00eda Internacional.\" \/>\n<meta property=\"og:url\" content=\"https:\/\/amnistia.org.mx\/contenido\/index.php\/israel-tpo-comunidad-en-cisjordania-corre-peligro-de-traslado-forzoso\/\" \/>\n<meta property=\"og:site_name\" content=\"amnistia.org.mx\" \/>\n<meta property=\"article:published_time\" content=\"2025-02-27T19:32:21+00:00\" \/>\n<meta property=\"article:modified_time\" content=\"2025-02-27T19:32:23+00:00\" \/>\n<meta property=\"og:image\" content=\"https:\/\/amnistia.org.mx\/contenido\/wp-content\/uploads\/2025\/02\/foto-ajustada-10.jpg\" \/>\n\t<meta property=\"og:image:width\" content=\"800\" \/>\n\t<meta property=\"og:image:height\" content=\"337\" \/>\n<meta name=\"twitter:card\" content=\"summary_large_image\" \/>\n<script type=\"application\/ld+json\" class=\"yoast-schema-graph\">{\"@context\":\"https:\/\/schema.org\",\"@graph\":[{\"@type\":\"WebSite\",\"@id\":\"https:\/\/amnistia.org.mx\/contenido\/#website\",\"url\":\"https:\/\/amnistia.org.mx\/contenido\/\",\"name\":\"amnistia.org.mx\",\"description\":\"Nueva p\\u00e1gina de Amnist\\u00eda\",\"potentialAction\":[{\"@type\":\"SearchAction\",\"target\":\"https:\/\/amnistia.org.mx\/contenido\/?s={search_term_string}\",\"query-input\":\"required name=search_term_string\"}],\"inLanguage\":\"es-MX\"},{\"@type\":\"ImageObject\",\"@id\":\"https:\/\/amnistia.org.mx\/contenido\/index.php\/israel-tpo-comunidad-en-cisjordania-corre-peligro-de-traslado-forzoso\/#primaryimage\",\"inLanguage\":\"es-MX\",\"url\":\"https:\/\/amnistia.org.mx\/contenido\/wp-content\/uploads\/2025\/02\/foto-ajustada-10.jpg\",\"width\":800,\"height\":337},{\"@type\":\"WebPage\",\"@id\":\"https:\/\/amnistia.org.mx\/contenido\/index.php\/israel-tpo-comunidad-en-cisjordania-corre-peligro-de-traslado-forzoso\/#webpage\",\"url\":\"https:\/\/amnistia.org.mx\/contenido\/index.php\/israel-tpo-comunidad-en-cisjordania-corre-peligro-de-traslado-forzoso\/\",\"name\":\"Israel \/ TPO: Una comunidad de Masafer Yatta, en la Cisjordania ocupada, corre peligro inminente de traslado forzoso - amnistia.org.mx\",\"isPartOf\":{\"@id\":\"https:\/\/amnistia.org.mx\/contenido\/#website\"},\"primaryImageOfPage\":{\"@id\":\"https:\/\/amnistia.org.mx\/contenido\/index.php\/israel-tpo-comunidad-en-cisjordania-corre-peligro-de-traslado-forzoso\/#primaryimage\"},\"datePublished\":\"2025-02-27T19:32:21+00:00\",\"dateModified\":\"2025-02-27T19:32:23+00:00\",\"author\":{\"@id\":\"https:\/\/amnistia.org.mx\/contenido\/#\/schema\/person\/7db421c495688267ce8ede4625c17fa5\"},\"description\":\"Comunidad palestina corre peligro inminente de traslado forzoso, por ataques de colonos israel\\u00edes apoyados por el Estado, advierte Amnist\\u00eda Internacional.\",\"breadcrumb\":{\"@id\":\"https:\/\/amnistia.org.mx\/contenido\/index.php\/israel-tpo-comunidad-en-cisjordania-corre-peligro-de-traslado-forzoso\/#breadcrumb\"},\"inLanguage\":\"es-MX\",\"potentialAction\":[{\"@type\":\"ReadAction\",\"target\":[\"https:\/\/amnistia.org.mx\/contenido\/index.php\/israel-tpo-comunidad-en-cisjordania-corre-peligro-de-traslado-forzoso\/\"]}]},{\"@type\":\"BreadcrumbList\",\"@id\":\"https:\/\/amnistia.org.mx\/contenido\/index.php\/israel-tpo-comunidad-en-cisjordania-corre-peligro-de-traslado-forzoso\/#breadcrumb\",\"itemListElement\":[{\"@type\":\"ListItem\",\"position\":1,\"item\":{\"@type\":\"WebPage\",\"@id\":\"https:\/\/amnistia.org.mx\/contenido\/\",\"url\":\"https:\/\/amnistia.org.mx\/contenido\/\",\"name\":\"Home\"}},{\"@type\":\"ListItem\",\"position\":2,\"item\":{\"@type\":\"WebPage\",\"@id\":\"https:\/\/amnistia.org.mx\/contenido\/index.php\/israel-tpo-comunidad-en-cisjordania-corre-peligro-de-traslado-forzoso\/\",\"url\":\"https:\/\/amnistia.org.mx\/contenido\/index.php\/israel-tpo-comunidad-en-cisjordania-corre-peligro-de-traslado-forzoso\/\",\"name\":\"Israel \/ TPO: Una comunidad de Masafer Yatta, en la Cisjordania ocupada, corre peligro inminente de traslado forzoso\"}}]},{\"@type\":[\"Person\"],\"@id\":\"https:\/\/amnistia.org.mx\/contenido\/#\/schema\/person\/7db421c495688267ce8ede4625c17fa5\",\"name\":\"Alejandro Ju\\u00e1rez Gamero\",\"image\":{\"@type\":\"ImageObject\",\"@id\":\"https:\/\/amnistia.org.mx\/contenido\/#personlogo\",\"inLanguage\":\"es-MX\",\"url\":\"https:\/\/secure.gravatar.com\/avatar\/e312d5566d1c3ffb56f86415d6f0e606?s=96&d=mm&r=g\",\"caption\":\"Alejandro Ju\\u00e1rez Gamero\"}}]}<\/script>\n<!-- \/ Yoast SEO plugin. -->","_links":{"self":[{"href":"https:\/\/amnistia.org.mx\/contenido\/index.php\/wp-json\/wp\/v2\/posts\/37401"}],"collection":[{"href":"https:\/\/amnistia.org.mx\/contenido\/index.php\/wp-json\/wp\/v2\/posts"}],"about":[{"href":"https:\/\/amnistia.org.mx\/contenido\/index.php\/wp-json\/wp\/v2\/types\/post"}],"author":[{"embeddable":true,"href":"https:\/\/amnistia.org.mx\/contenido\/index.php\/wp-json\/wp\/v2\/users\/4"}],"replies":[{"embeddable":true,"href":"https:\/\/amnistia.org.mx\/contenido\/index.php\/wp-json\/wp\/v2\/comments?post=37401"}],"version-history":[{"count":9,"href":"https:\/\/amnistia.org.mx\/contenido\/index.php\/wp-json\/wp\/v2\/posts\/37401\/revisions"}],"predecessor-version":[{"id":37411,"href":"https:\/\/amnistia.org.mx\/contenido\/index.php\/wp-json\/wp\/v2\/posts\/37401\/revisions\/37411"}],"wp:featuredmedia":[{"embeddable":true,"href":"https:\/\/amnistia.org.mx\/contenido\/index.php\/wp-json\/wp\/v2\/media\/37402"}],"wp:attachment":[{"href":"https:\/\/amnistia.org.mx\/contenido\/index.php\/wp-json\/wp\/v2\/media?parent=37401"}],"wp:term":[{"taxonomy":"category","embeddable":true,"href":"https:\/\/amnistia.org.mx\/contenido\/index.php\/wp-json\/wp\/v2\/categories?post=37401"},{"taxonomy":"post_tag","embeddable":true,"href":"https:\/\/amnistia.org.mx\/contenido\/index.php\/wp-json\/wp\/v2\/tags?post=37401"}],"curies":[{"name":"wp","href":"https:\/\/api.w.org\/{rel}","templated":true}]}}