
{"id":37599,"date":"2025-03-19T13:32:00","date_gmt":"2025-03-19T19:32:00","guid":{"rendered":"https:\/\/amnistia.org.mx\/contenido\/?p=37599"},"modified":"2025-03-19T15:52:33","modified_gmt":"2025-03-19T21:52:33","slug":"los-ataques-aereos-israelies-matan-a-mas-de-400-personas-palestinas-en-gaza-tras-la-reanudacion-unilateral-de-los-ataques-masivos","status":"publish","type":"post","link":"https:\/\/amnistia.org.mx\/contenido\/index.php\/los-ataques-aereos-israelies-matan-a-mas-de-400-personas-palestinas-en-gaza-tras-la-reanudacion-unilateral-de-los-ataques-masivos\/","title":{"rendered":"Los ataques a\u00e9reos israel\u00edes matan a m\u00e1s de 400 personas palestinas en Gaza tras la reanudaci\u00f3n unilateral de los ataques masivos"},"content":{"rendered":"\n<p>En respuesta a una serie de ataques israel\u00edes producidos durante la noche en la Franja de Gaza ocupada, que han causado la muerte de al menos 414 personas palestinas, entre ellas 174 menores de edad, y la hospitalizaci\u00f3n de m\u00e1s de 550, lo que constituye el fin unilateral de la tregua con Ham\u00e1s, la secretaria general de Amnist\u00eda Internacional, Agn\u00e8s Callamard, ha declarado:<\/p>\n\n\n\n<p>\u201cHoy es un d\u00eda desesperadamente triste para la humanidad. Israel ha reanudado sin pudor su devastadora campa\u00f1a de bombardeos en Gaza y ha acabado con la vida de al menos 414 personas mientras dorm\u00edan, entre ellas m\u00e1s de 100 ni\u00f1os y ni\u00f1as, y ha aniquilado nuevamente familias enteras en cuesti\u00f3n de horas. La poblaci\u00f3n palestina de Gaza, que apenas ha tenido ocasi\u00f3n de recomponer su vida y sigue enfrent\u00e1ndose al trauma provocado por los previos ataques de Israel, se ha despertado una vez m\u00e1s envuelta en el infierno de un intenso bombardeo.\u201d<\/p>\n\n\n\n<blockquote class=\"wp-block-quote\">\n<p>La poblaci\u00f3n palestina de Gaza, que apenas ha tenido ocasi\u00f3n de recomponer su vida y sigue enfrent\u00e1ndose al trauma provocado por los previos ataques de Israel, se ha despertado una vez m\u00e1s envuelta en el infierno de un intenso bombardeo.Agn\u00e8s Callamard, secretaria general de Amnist\u00eda Internacional<\/p>\n<\/blockquote>\n\n\n\n<p>\u201cEl genocidio causado por Israel y sus ataques a\u00e9reos il\u00edcitos ya han provocado un sufrimiento humanitario sin precedentes en Gaza. Hoy regresamos al punto de partida. Desde el 2 de marzo, Israel impone nuevamente un asedio total a Gaza, que impide la entrada de cualquier ayuda humanitaria, medicamento y suministro comercial, incluidos combustible y alimentos, lo que constituye una flagrante violaci\u00f3n del derecho internacional. Israel tambi\u00e9n ha cortado el suministro el\u00e9ctrico de la principal planta desalinizadora activa en Gaza. Hoy las fuerzas armadas israel\u00edes han vuelto a emitir \u00f3rdenes de \u2018evacuaci\u00f3n\u2019 masiva para desplazar a la poblaci\u00f3n palestina.\u201d<\/p>\n\n\n\n<p>\u201cEl equipo de investigaci\u00f3n de Amnist\u00eda Internacional ha hablado con personal m\u00e9dico que trabaja en tres hospitales de la ciudad de Gaza y la gobernaci\u00f3n de Gaza del Norte, quienes describieron escenas de horror indescriptible desde primera hora de la ma\u00f1ana. Al-Shifa, que en su d\u00eda fue el centro m\u00e9dico m\u00e1s grande de Gaza, ha sido destruido en gran parte por los ataques de las fuerzas armadas israel\u00edes y ten\u00eda \u00fanicamente tres camas para recibir a las personas heridas.\u201d<\/p>\n\n\n\n<p>\u201cEl hospital bautista Al-Ahli Arab de la ciudad de Gaza, el \u00fanico que cuenta con una unidad de cuidados intensivos en funcionamiento, se ha visto obligado a atender a algunas de las 80 personas heridas recibidas en los pasillos y el patio. El hospital indonesio es el \u00fanico de la gobernaci\u00f3n de Gaza del Norte que funciona, aunque a duras penas, puesto que sigue en proceso de reconstrucci\u00f3n, tras la anterior campa\u00f1a militar de Israel.\u201d<\/p>\n\n\n\n<p>\u201cLa aniquilaci\u00f3n pr\u00e1cticamente total del sistema sanitario en Gaza, especialmente en el norte, y la acuciante escasez de equipos y suministros m\u00e9dicos, agravada por el asedio il\u00edcito de Israel, supone en la pr\u00e1ctica una condena a muerte para muchas de las personas que sufren lesiones y enfermedades graves, incluidas aquellas que podr\u00edan curarse f\u00e1cilmente en condiciones normales. Mientras tanto, las autoridades israel\u00edes siguen imponiendo restricciones extremadamente estrictas que dificultan las evacuaciones de Gaza por motivos m\u00e9dicos.\u201d<\/p>\n\n\n\n<p>\u201cLa reanudaci\u00f3n de los ataques de Israel tambi\u00e9n pone en peligro la vida de los 24 rehenes israel\u00edes que se cree que siguen con vida. Adem\u00e1s, supone un golpe cruel para los rehenes y detenidos palestinos, as\u00ed como para sus familias. Recordamos a todas las partes que la poblaci\u00f3n palestina civil tomada como reh\u00e9n y sometida a detenci\u00f3n arbitraria debe ser puesta en libertad.\u201d<\/p>\n\n\n\n<p>\u201cEl mundo no puede quedarse de brazos cruzados y permitir que Israel siga infligiendo niveles impensables de muerte y sufrimiento a la poblaci\u00f3n palestina de Gaza. Instamos a todos los Estados a que cumplan su obligaci\u00f3n de prevenir y castigar el genocidio y a que garanticen el respeto del derecho internacional humanitario, presionando a Israel para que ponga fin a sus ataques y facilite la entrada de la ayuda humanitaria sin condiciones ni obst\u00e1culos. Los Estados deben unirse y exigir el restablecimiento inmediato de un alto el fuego duradero, el fin del genocidio de Israel contra la poblaci\u00f3n palestina de Gaza y el desmantelamiento de su sistema de&nbsp;<em>apartheid<\/em>&nbsp;y ocupaci\u00f3n ilegal del territorio palestino.\u201d<\/p>\n","protected":false},"excerpt":{"rendered":"<p>En respuesta a una serie de ataques israel\u00edes producidos durante la noche en la Franja de Gaza ocupada, que han causado la muerte de al menos 414 personas palestinas, entre &hellip;<\/p>\n<p class=\"read-more\"> <a class=\"\" href=\"https:\/\/amnistia.org.mx\/contenido\/index.php\/los-ataques-aereos-israelies-matan-a-mas-de-400-personas-palestinas-en-gaza-tras-la-reanudacion-unilateral-de-los-ataques-masivos\/\"> <span class=\"screen-reader-text\">Los ataques a\u00e9reos israel\u00edes matan a m\u00e1s de 400 personas palestinas en Gaza tras la reanudaci\u00f3n unilateral de los ataques masivos<\/span> Leer m\u00e1s &raquo;<\/a><\/p>\n","protected":false},"author":4,"featured_media":37600,"comment_status":"closed","ping_status":"closed","sticky":false,"template":"","format":"standard","meta":{"_uf_show_specific_survey":0,"_uf_disable_surveys":false,"site-sidebar-layout":"default","site-content-layout":"default","ast-global-header-display":"","ast-main-header-display":"","ast-hfb-above-header-display":"","ast-hfb-below-header-display":"","ast-hfb-mobile-header-display":"","site-post-title":"","ast-breadcrumbs-content":"","ast-featured-img":"disabled","footer-sml-layout":"","theme-transparent-header-meta":"","adv-header-id-meta":"","stick-header-meta":"","header-above-stick-meta":"","header-main-stick-meta":"","header-below-stick-meta":""},"categories":[9],"tags":[238],"acf":[],"aioseo_notices":[],"yoast_head":"<!-- This site is optimized with the Yoast SEO plugin v14.5 - https:\/\/yoast.com\/wordpress\/plugins\/seo\/ -->\n<title>Los ataques a\u00e9reos israel\u00edes matan a m\u00e1s de 400 personas palestinas en Gaza tras la reanudaci\u00f3n unilateral de los ataques masivos - amnistia.org.mx<\/title>\n<meta name=\"description\" content=\"Israel ha reanudado sin pudor su devastadora campa\u00f1a de bombardeos en Gaza y ha acabado con la vida de al menos 414 personas mientras dorm\u00edan, entre ellas m\u00e1s de 100 ni\u00f1os y ni\u00f1as: Agn\u00e8s Callamard.\" \/>\n<meta name=\"robots\" content=\"index, follow\" \/>\n<meta name=\"googlebot\" content=\"index, follow, max-snippet:-1, max-image-preview:large, max-video-preview:-1\" \/>\n<meta name=\"bingbot\" content=\"index, follow, max-snippet:-1, max-image-preview:large, max-video-preview:-1\" \/>\n<link rel=\"canonical\" href=\"https:\/\/amnistia.org.mx\/contenido\/index.php\/los-ataques-aereos-israelies-matan-a-mas-de-400-personas-palestinas-en-gaza-tras-la-reanudacion-unilateral-de-los-ataques-masivos\/\" \/>\n<meta property=\"og:locale\" content=\"es_MX\" \/>\n<meta property=\"og:type\" content=\"article\" \/>\n<meta property=\"og:title\" content=\"Los ataques a\u00e9reos israel\u00edes matan a m\u00e1s de 400 personas palestinas en Gaza tras la reanudaci\u00f3n unilateral de los ataques masivos - amnistia.org.mx\" \/>\n<meta property=\"og:description\" content=\"Israel ha reanudado sin pudor su devastadora campa\u00f1a de bombardeos en Gaza y ha acabado con la vida de al menos 414 personas mientras dorm\u00edan, entre ellas m\u00e1s de 100 ni\u00f1os y ni\u00f1as: Agn\u00e8s Callamard.\" \/>\n<meta property=\"og:url\" content=\"https:\/\/amnistia.org.mx\/contenido\/index.php\/los-ataques-aereos-israelies-matan-a-mas-de-400-personas-palestinas-en-gaza-tras-la-reanudacion-unilateral-de-los-ataques-masivos\/\" \/>\n<meta property=\"og:site_name\" content=\"amnistia.org.mx\" \/>\n<meta property=\"article:published_time\" content=\"2025-03-19T19:32:00+00:00\" \/>\n<meta property=\"article:modified_time\" content=\"2025-03-19T21:52:33+00:00\" \/>\n<meta property=\"og:image\" content=\"https:\/\/amnistia.org.mx\/contenido\/wp-content\/uploads\/2025\/03\/Ataques-Gaza-tpo.jpg\" \/>\n\t<meta property=\"og:image:width\" content=\"700\" \/>\n\t<meta property=\"og:image:height\" content=\"295\" \/>\n<meta name=\"twitter:card\" content=\"summary_large_image\" \/>\n<script type=\"application\/ld+json\" class=\"yoast-schema-graph\">{\"@context\":\"https:\/\/schema.org\",\"@graph\":[{\"@type\":\"WebSite\",\"@id\":\"https:\/\/amnistia.org.mx\/contenido\/#website\",\"url\":\"https:\/\/amnistia.org.mx\/contenido\/\",\"name\":\"amnistia.org.mx\",\"description\":\"Nueva p\\u00e1gina de Amnist\\u00eda\",\"potentialAction\":[{\"@type\":\"SearchAction\",\"target\":\"https:\/\/amnistia.org.mx\/contenido\/?s={search_term_string}\",\"query-input\":\"required name=search_term_string\"}],\"inLanguage\":\"es-MX\"},{\"@type\":\"ImageObject\",\"@id\":\"https:\/\/amnistia.org.mx\/contenido\/index.php\/los-ataques-aereos-israelies-matan-a-mas-de-400-personas-palestinas-en-gaza-tras-la-reanudacion-unilateral-de-los-ataques-masivos\/#primaryimage\",\"inLanguage\":\"es-MX\",\"url\":\"https:\/\/amnistia.org.mx\/contenido\/wp-content\/uploads\/2025\/03\/Ataques-Gaza-tpo.jpg\",\"width\":700,\"height\":295},{\"@type\":\"WebPage\",\"@id\":\"https:\/\/amnistia.org.mx\/contenido\/index.php\/los-ataques-aereos-israelies-matan-a-mas-de-400-personas-palestinas-en-gaza-tras-la-reanudacion-unilateral-de-los-ataques-masivos\/#webpage\",\"url\":\"https:\/\/amnistia.org.mx\/contenido\/index.php\/los-ataques-aereos-israelies-matan-a-mas-de-400-personas-palestinas-en-gaza-tras-la-reanudacion-unilateral-de-los-ataques-masivos\/\",\"name\":\"Los ataques a\\u00e9reos israel\\u00edes matan a m\\u00e1s de 400 personas palestinas en Gaza tras la reanudaci\\u00f3n unilateral de los ataques masivos - amnistia.org.mx\",\"isPartOf\":{\"@id\":\"https:\/\/amnistia.org.mx\/contenido\/#website\"},\"primaryImageOfPage\":{\"@id\":\"https:\/\/amnistia.org.mx\/contenido\/index.php\/los-ataques-aereos-israelies-matan-a-mas-de-400-personas-palestinas-en-gaza-tras-la-reanudacion-unilateral-de-los-ataques-masivos\/#primaryimage\"},\"datePublished\":\"2025-03-19T19:32:00+00:00\",\"dateModified\":\"2025-03-19T21:52:33+00:00\",\"author\":{\"@id\":\"https:\/\/amnistia.org.mx\/contenido\/#\/schema\/person\/7db421c495688267ce8ede4625c17fa5\"},\"description\":\"Israel ha reanudado sin pudor su devastadora campa\\u00f1a de bombardeos en Gaza y ha acabado con la vida de al menos 414 personas mientras dorm\\u00edan, entre ellas m\\u00e1s de 100 ni\\u00f1os y ni\\u00f1as: Agn\\u00e8s Callamard.\",\"breadcrumb\":{\"@id\":\"https:\/\/amnistia.org.mx\/contenido\/index.php\/los-ataques-aereos-israelies-matan-a-mas-de-400-personas-palestinas-en-gaza-tras-la-reanudacion-unilateral-de-los-ataques-masivos\/#breadcrumb\"},\"inLanguage\":\"es-MX\",\"potentialAction\":[{\"@type\":\"ReadAction\",\"target\":[\"https:\/\/amnistia.org.mx\/contenido\/index.php\/los-ataques-aereos-israelies-matan-a-mas-de-400-personas-palestinas-en-gaza-tras-la-reanudacion-unilateral-de-los-ataques-masivos\/\"]}]},{\"@type\":\"BreadcrumbList\",\"@id\":\"https:\/\/amnistia.org.mx\/contenido\/index.php\/los-ataques-aereos-israelies-matan-a-mas-de-400-personas-palestinas-en-gaza-tras-la-reanudacion-unilateral-de-los-ataques-masivos\/#breadcrumb\",\"itemListElement\":[{\"@type\":\"ListItem\",\"position\":1,\"item\":{\"@type\":\"WebPage\",\"@id\":\"https:\/\/amnistia.org.mx\/contenido\/\",\"url\":\"https:\/\/amnistia.org.mx\/contenido\/\",\"name\":\"Home\"}},{\"@type\":\"ListItem\",\"position\":2,\"item\":{\"@type\":\"WebPage\",\"@id\":\"https:\/\/amnistia.org.mx\/contenido\/index.php\/los-ataques-aereos-israelies-matan-a-mas-de-400-personas-palestinas-en-gaza-tras-la-reanudacion-unilateral-de-los-ataques-masivos\/\",\"url\":\"https:\/\/amnistia.org.mx\/contenido\/index.php\/los-ataques-aereos-israelies-matan-a-mas-de-400-personas-palestinas-en-gaza-tras-la-reanudacion-unilateral-de-los-ataques-masivos\/\",\"name\":\"Los ataques a\\u00e9reos israel\\u00edes matan a m\\u00e1s de 400 personas palestinas en Gaza tras la reanudaci\\u00f3n unilateral de los ataques masivos\"}}]},{\"@type\":[\"Person\"],\"@id\":\"https:\/\/amnistia.org.mx\/contenido\/#\/schema\/person\/7db421c495688267ce8ede4625c17fa5\",\"name\":\"Alejandro Ju\\u00e1rez Gamero\",\"image\":{\"@type\":\"ImageObject\",\"@id\":\"https:\/\/amnistia.org.mx\/contenido\/#personlogo\",\"inLanguage\":\"es-MX\",\"url\":\"https:\/\/secure.gravatar.com\/avatar\/e312d5566d1c3ffb56f86415d6f0e606?s=96&d=mm&r=g\",\"caption\":\"Alejandro Ju\\u00e1rez Gamero\"}}]}<\/script>\n<!-- \/ Yoast SEO plugin. -->","_links":{"self":[{"href":"https:\/\/amnistia.org.mx\/contenido\/index.php\/wp-json\/wp\/v2\/posts\/37599"}],"collection":[{"href":"https:\/\/amnistia.org.mx\/contenido\/index.php\/wp-json\/wp\/v2\/posts"}],"about":[{"href":"https:\/\/amnistia.org.mx\/contenido\/index.php\/wp-json\/wp\/v2\/types\/post"}],"author":[{"embeddable":true,"href":"https:\/\/amnistia.org.mx\/contenido\/index.php\/wp-json\/wp\/v2\/users\/4"}],"replies":[{"embeddable":true,"href":"https:\/\/amnistia.org.mx\/contenido\/index.php\/wp-json\/wp\/v2\/comments?post=37599"}],"version-history":[{"count":4,"href":"https:\/\/amnistia.org.mx\/contenido\/index.php\/wp-json\/wp\/v2\/posts\/37599\/revisions"}],"predecessor-version":[{"id":37604,"href":"https:\/\/amnistia.org.mx\/contenido\/index.php\/wp-json\/wp\/v2\/posts\/37599\/revisions\/37604"}],"wp:featuredmedia":[{"embeddable":true,"href":"https:\/\/amnistia.org.mx\/contenido\/index.php\/wp-json\/wp\/v2\/media\/37600"}],"wp:attachment":[{"href":"https:\/\/amnistia.org.mx\/contenido\/index.php\/wp-json\/wp\/v2\/media?parent=37599"}],"wp:term":[{"taxonomy":"category","embeddable":true,"href":"https:\/\/amnistia.org.mx\/contenido\/index.php\/wp-json\/wp\/v2\/categories?post=37599"},{"taxonomy":"post_tag","embeddable":true,"href":"https:\/\/amnistia.org.mx\/contenido\/index.php\/wp-json\/wp\/v2\/tags?post=37599"}],"curies":[{"name":"wp","href":"https:\/\/api.w.org\/{rel}","templated":true}]}}