
{"id":37646,"date":"2025-03-26T14:01:00","date_gmt":"2025-03-26T20:01:00","guid":{"rendered":"https:\/\/amnistia.org.mx\/contenido\/?p=37646"},"modified":"2025-03-26T14:01:01","modified_gmt":"2025-03-26T20:01:01","slug":"dirigentes-mundiales-deben-unirse-para-hacer-frente-a-cualquiera-que-socave-el-orden-legal-internacional-en-ucrania","status":"publish","type":"post","link":"https:\/\/amnistia.org.mx\/contenido\/index.php\/dirigentes-mundiales-deben-unirse-para-hacer-frente-a-cualquiera-que-socave-el-orden-legal-internacional-en-ucrania\/","title":{"rendered":"Los y las dirigentes mundiales deben unirse para hacer frente a cualquiera que socave el orden legal internacional, en Ucrania y en todas partes"},"content":{"rendered":"\n<p>Ante la cumbre que se celebrar\u00e1 el jueves en Par\u00eds, donde una coalici\u00f3n de Estados que agrupa a dirigentes de toda Europa, Australia, Canad\u00e1, Jap\u00f3n, Nueva Zelanda, Corea del Sur y Turqu\u00eda debatir\u00e1n sobre el apoyo a Ucrania y la defensa contra la agresi\u00f3n rusa, Agn\u00e8s Callamard, secretaria general de Amnist\u00eda Internacional, ha declarado:<\/p>\n\n\n\n<p>\u201cAnte la reuni\u00f3n de dirigentes de Europa y de otros lugares para afirmar su determinaci\u00f3n de defender a Ucrania frente a la guerra de agresi\u00f3n rusa, Amnist\u00eda Internacional les pide que den prioridad a que se haga justicia con Ucrania y que centren sus propuestas en la protecci\u00f3n de los derechos humanos para todas las personas.<\/p>\n\n\n\n<p>Rusia ha perpetrado en Ucrania todo tipo de cr\u00edmenes de guerra y violaciones del derecho internacional humanitario, incluidos ataques a\u00e9reos mortales y deliberados contra la poblaci\u00f3n y las infraestructuras civiles, tortura y desaparici\u00f3n forzada de personas ucranianas, tanto civiles detenidos como prisioneros de guerra, as\u00ed como ejecuciones y homicidios de personas cautivas en Rusia. Tambi\u00e9n ha supervisado el traslado forzoso de ni\u00f1os y ni\u00f1as a Rusia, la supresi\u00f3n de las identidades no rusas y una campa\u00f1a de hostigamiento e intimidaci\u00f3n para asegurar la obediencia a las autoridades rusas en Crimea y otros territorios bajo su ocupaci\u00f3n.<\/p>\n\n\n\n<p>Instamos a los y las dirigentes que asistan a la cumbre que utilicen todo su poder y autoridad para poner fin a estos atroces cr\u00edmenes, proteger a la ciudadan\u00eda de Ucrania y garantizar su derecho a la justicia, la rendici\u00f3n de cuentas y la reparaci\u00f3n. Les pedimos que se aseguren de que se escucha a las personas que se han visto m\u00e1s afectadas por la guerra de agresi\u00f3n de Rusia y que se cubren sus necesidades.<\/p>\n\n\n\n<blockquote class=\"wp-block-quote\">\n<p>Cuando no aplican el derecho internacional en un lugar, los y las dirigentes de Europa contribuyen a debilitarlo en todas partes.Agn\u00e8s Callamard, secretaria general de Amnist\u00eda Internacional<\/p>\n<\/blockquote>\n\n\n\n<p>Como demuestra diariamente la poblaci\u00f3n que est\u00e1 atrapada en los conflictos mundiales, tanto en Ucrania como en muchos otros lugares, la justicia y la libertad frente a la opresi\u00f3n se aseguran mediante una actitud de resistencia que defienda los derechos humanos, unos valores compartidos y una visi\u00f3n clara de un futuro mejor y m\u00e1s justo.<\/p>\n\n\n\n<p>La coalici\u00f3n de Estados europeos y no europeos debe reconocer que su posicionamiento en favor de Ucrania se basa en una visi\u00f3n m\u00e1s amplia: una visi\u00f3n en favor de la libertad y la seguridad humana de los y las ucranianos y ucranianas y de las personas de todo el mundo, basada en la promesa de la Carta de las Naciones Unidas de la Declaraci\u00f3n Universal de Derechos Humanos. Los y las dirigentes actuales deben defender esas normas firmemente, sin temores ni tratos de favor.<\/p>\n\n\n\n<p>En este caso, los agresores son las autoridades rusas y Vladimir Putin. Pero muchos dirigentes mundiales, desde Benjamin Netanyahu hasta Donald Trump, pasando por Xi Jinping y Nayib Bukele, est\u00e1n socavando activamente el Estado de derecho internacional. Observamos con alarma c\u00f3mo en todo el mundo llegan al poder dirigentes cada vez m\u00e1s autoritarios, muchos de los cuales se sienten c\u00f3modos con el desprecio que comparten los presidentes Putin y Trump por el derecho internacional y su disposici\u00f3n a sacrificar la justicia y los derechos de las v\u00edctimas.<\/p>\n\n\n\n<p>Los y las dirigentes europeos deben estar especialmente alerta ante esta preocupante tendencia. Deben rechazar los dobles raseros que se han convertido en una se\u00f1a de identidad de la pol\u00edtica internacional europea, como evidencia dolorosamente el hecho de que no haya protegido a la poblaci\u00f3n de Gaza frente al genocidio de Israel. Cuando no aplican el derecho internacional en un lugar, los y las dirigentes de Europa contribuyen a debilitarlo en todas partes.<\/p>\n\n\n\n<p>Europa debe crear una coalici\u00f3n internacional diferente, m\u00e1s amplia y mucho m\u00e1s fuerte, que no s\u00f3lo sea capaz de ofrecer resistencia ante las beligerantes ambiciones de Rusia, sino tambi\u00e9n de proteger los derechos humanos y el orden jur\u00eddico multilateral e internacional. Apoyar a Ucrania exige que apliquen a todos los gobiernos el mismo rasero que a Rusia. Adem\u00e1s, exige que hagan cumplir el embargo de armas a Sud\u00e1n y que rectifiquen todos los casos en que se ha aplicado un doble rasero. Continuar con un enfoque selectivo e incoherente del derecho internacional har\u00e1 que la postura de los y las dirigentes europeos carezca de cualquier credibilidad internacional.\u201d<\/p>\n","protected":false},"excerpt":{"rendered":"<p>Ante la cumbre que se celebrar\u00e1 el jueves en Par\u00eds, donde una coalici\u00f3n de Estados que agrupa a dirigentes de toda Europa, Australia, Canad\u00e1, Jap\u00f3n, Nueva Zelanda, Corea del Sur &hellip;<\/p>\n<p class=\"read-more\"> <a class=\"\" href=\"https:\/\/amnistia.org.mx\/contenido\/index.php\/dirigentes-mundiales-deben-unirse-para-hacer-frente-a-cualquiera-que-socave-el-orden-legal-internacional-en-ucrania\/\"> <span class=\"screen-reader-text\">Los y las dirigentes mundiales deben unirse para hacer frente a cualquiera que socave el orden legal internacional, en Ucrania y en todas partes<\/span> Leer m\u00e1s &raquo;<\/a><\/p>\n","protected":false},"author":4,"featured_media":37647,"comment_status":"closed","ping_status":"closed","sticky":false,"template":"","format":"standard","meta":{"_uf_show_specific_survey":0,"_uf_disable_surveys":false,"site-sidebar-layout":"default","site-content-layout":"default","ast-global-header-display":"","ast-main-header-display":"","ast-hfb-above-header-display":"","ast-hfb-below-header-display":"","ast-hfb-mobile-header-display":"","site-post-title":"","ast-breadcrumbs-content":"","ast-featured-img":"","footer-sml-layout":"","theme-transparent-header-meta":"","adv-header-id-meta":"","stick-header-meta":"","header-above-stick-meta":"","header-main-stick-meta":"","header-below-stick-meta":""},"categories":[9],"tags":[235],"acf":[],"aioseo_notices":[],"yoast_head":"<!-- This site is optimized with the Yoast SEO plugin v14.5 - https:\/\/yoast.com\/wordpress\/plugins\/seo\/ -->\n<title>Los y las dirigentes mundiales deben unirse para hacer frente a cualquiera que socave el orden legal internacional, en Ucrania y en todas partes - amnistia.org.mx<\/title>\n<meta name=\"description\" content=\"Amnist\u00eda Internacional les pide que den prioridad, a que se haga justicia con Ucrania y que centren sus propuestas en la protecci\u00f3n de los derechos humanos para todas las personas.\" \/>\n<meta name=\"robots\" content=\"index, follow\" \/>\n<meta name=\"googlebot\" content=\"index, follow, max-snippet:-1, max-image-preview:large, max-video-preview:-1\" \/>\n<meta name=\"bingbot\" content=\"index, follow, max-snippet:-1, max-image-preview:large, max-video-preview:-1\" \/>\n<link rel=\"canonical\" href=\"https:\/\/amnistia.org.mx\/contenido\/index.php\/dirigentes-mundiales-deben-unirse-para-hacer-frente-a-cualquiera-que-socave-el-orden-legal-internacional-en-ucrania\/\" \/>\n<meta property=\"og:locale\" content=\"es_MX\" \/>\n<meta property=\"og:type\" content=\"article\" \/>\n<meta property=\"og:title\" content=\"Los y las dirigentes mundiales deben unirse para hacer frente a cualquiera que socave el orden legal internacional, en Ucrania y en todas partes - amnistia.org.mx\" \/>\n<meta property=\"og:description\" content=\"Amnist\u00eda Internacional les pide que den prioridad, a que se haga justicia con Ucrania y que centren sus propuestas en la protecci\u00f3n de los derechos humanos para todas las personas.\" \/>\n<meta property=\"og:url\" content=\"https:\/\/amnistia.org.mx\/contenido\/index.php\/dirigentes-mundiales-deben-unirse-para-hacer-frente-a-cualquiera-que-socave-el-orden-legal-internacional-en-ucrania\/\" \/>\n<meta property=\"og:site_name\" content=\"amnistia.org.mx\" \/>\n<meta property=\"article:published_time\" content=\"2025-03-26T20:01:00+00:00\" \/>\n<meta property=\"article:modified_time\" content=\"2025-03-26T20:01:01+00:00\" \/>\n<meta property=\"og:image\" content=\"https:\/\/amnistia.org.mx\/contenido\/wp-content\/uploads\/2025\/03\/rusia.jpg\" \/>\n\t<meta property=\"og:image:width\" content=\"1468\" \/>\n\t<meta property=\"og:image:height\" content=\"710\" \/>\n<meta name=\"twitter:card\" content=\"summary_large_image\" \/>\n<script type=\"application\/ld+json\" class=\"yoast-schema-graph\">{\"@context\":\"https:\/\/schema.org\",\"@graph\":[{\"@type\":\"WebSite\",\"@id\":\"https:\/\/amnistia.org.mx\/contenido\/#website\",\"url\":\"https:\/\/amnistia.org.mx\/contenido\/\",\"name\":\"amnistia.org.mx\",\"description\":\"Nueva p\\u00e1gina de Amnist\\u00eda\",\"potentialAction\":[{\"@type\":\"SearchAction\",\"target\":\"https:\/\/amnistia.org.mx\/contenido\/?s={search_term_string}\",\"query-input\":\"required name=search_term_string\"}],\"inLanguage\":\"es-MX\"},{\"@type\":\"ImageObject\",\"@id\":\"https:\/\/amnistia.org.mx\/contenido\/index.php\/dirigentes-mundiales-deben-unirse-para-hacer-frente-a-cualquiera-que-socave-el-orden-legal-internacional-en-ucrania\/#primaryimage\",\"inLanguage\":\"es-MX\",\"url\":\"https:\/\/amnistia.org.mx\/contenido\/wp-content\/uploads\/2025\/03\/rusia.jpg\",\"width\":1468,\"height\":710},{\"@type\":\"WebPage\",\"@id\":\"https:\/\/amnistia.org.mx\/contenido\/index.php\/dirigentes-mundiales-deben-unirse-para-hacer-frente-a-cualquiera-que-socave-el-orden-legal-internacional-en-ucrania\/#webpage\",\"url\":\"https:\/\/amnistia.org.mx\/contenido\/index.php\/dirigentes-mundiales-deben-unirse-para-hacer-frente-a-cualquiera-que-socave-el-orden-legal-internacional-en-ucrania\/\",\"name\":\"Los y las dirigentes mundiales deben unirse para hacer frente a cualquiera que socave el orden legal internacional, en Ucrania y en todas partes - amnistia.org.mx\",\"isPartOf\":{\"@id\":\"https:\/\/amnistia.org.mx\/contenido\/#website\"},\"primaryImageOfPage\":{\"@id\":\"https:\/\/amnistia.org.mx\/contenido\/index.php\/dirigentes-mundiales-deben-unirse-para-hacer-frente-a-cualquiera-que-socave-el-orden-legal-internacional-en-ucrania\/#primaryimage\"},\"datePublished\":\"2025-03-26T20:01:00+00:00\",\"dateModified\":\"2025-03-26T20:01:01+00:00\",\"author\":{\"@id\":\"https:\/\/amnistia.org.mx\/contenido\/#\/schema\/person\/7db421c495688267ce8ede4625c17fa5\"},\"description\":\"Amnist\\u00eda Internacional les pide que den prioridad, a que se haga justicia con Ucrania y que centren sus propuestas en la protecci\\u00f3n de los derechos humanos para todas las personas.\",\"breadcrumb\":{\"@id\":\"https:\/\/amnistia.org.mx\/contenido\/index.php\/dirigentes-mundiales-deben-unirse-para-hacer-frente-a-cualquiera-que-socave-el-orden-legal-internacional-en-ucrania\/#breadcrumb\"},\"inLanguage\":\"es-MX\",\"potentialAction\":[{\"@type\":\"ReadAction\",\"target\":[\"https:\/\/amnistia.org.mx\/contenido\/index.php\/dirigentes-mundiales-deben-unirse-para-hacer-frente-a-cualquiera-que-socave-el-orden-legal-internacional-en-ucrania\/\"]}]},{\"@type\":\"BreadcrumbList\",\"@id\":\"https:\/\/amnistia.org.mx\/contenido\/index.php\/dirigentes-mundiales-deben-unirse-para-hacer-frente-a-cualquiera-que-socave-el-orden-legal-internacional-en-ucrania\/#breadcrumb\",\"itemListElement\":[{\"@type\":\"ListItem\",\"position\":1,\"item\":{\"@type\":\"WebPage\",\"@id\":\"https:\/\/amnistia.org.mx\/contenido\/\",\"url\":\"https:\/\/amnistia.org.mx\/contenido\/\",\"name\":\"Home\"}},{\"@type\":\"ListItem\",\"position\":2,\"item\":{\"@type\":\"WebPage\",\"@id\":\"https:\/\/amnistia.org.mx\/contenido\/index.php\/dirigentes-mundiales-deben-unirse-para-hacer-frente-a-cualquiera-que-socave-el-orden-legal-internacional-en-ucrania\/\",\"url\":\"https:\/\/amnistia.org.mx\/contenido\/index.php\/dirigentes-mundiales-deben-unirse-para-hacer-frente-a-cualquiera-que-socave-el-orden-legal-internacional-en-ucrania\/\",\"name\":\"Los y las dirigentes mundiales deben unirse para hacer frente a cualquiera que socave el orden legal internacional, en Ucrania y en todas partes\"}}]},{\"@type\":[\"Person\"],\"@id\":\"https:\/\/amnistia.org.mx\/contenido\/#\/schema\/person\/7db421c495688267ce8ede4625c17fa5\",\"name\":\"Alejandro Ju\\u00e1rez Gamero\",\"image\":{\"@type\":\"ImageObject\",\"@id\":\"https:\/\/amnistia.org.mx\/contenido\/#personlogo\",\"inLanguage\":\"es-MX\",\"url\":\"https:\/\/secure.gravatar.com\/avatar\/e312d5566d1c3ffb56f86415d6f0e606?s=96&d=mm&r=g\",\"caption\":\"Alejandro Ju\\u00e1rez Gamero\"}}]}<\/script>\n<!-- \/ Yoast SEO plugin. -->","_links":{"self":[{"href":"https:\/\/amnistia.org.mx\/contenido\/index.php\/wp-json\/wp\/v2\/posts\/37646"}],"collection":[{"href":"https:\/\/amnistia.org.mx\/contenido\/index.php\/wp-json\/wp\/v2\/posts"}],"about":[{"href":"https:\/\/amnistia.org.mx\/contenido\/index.php\/wp-json\/wp\/v2\/types\/post"}],"author":[{"embeddable":true,"href":"https:\/\/amnistia.org.mx\/contenido\/index.php\/wp-json\/wp\/v2\/users\/4"}],"replies":[{"embeddable":true,"href":"https:\/\/amnistia.org.mx\/contenido\/index.php\/wp-json\/wp\/v2\/comments?post=37646"}],"version-history":[{"count":3,"href":"https:\/\/amnistia.org.mx\/contenido\/index.php\/wp-json\/wp\/v2\/posts\/37646\/revisions"}],"predecessor-version":[{"id":37650,"href":"https:\/\/amnistia.org.mx\/contenido\/index.php\/wp-json\/wp\/v2\/posts\/37646\/revisions\/37650"}],"wp:featuredmedia":[{"embeddable":true,"href":"https:\/\/amnistia.org.mx\/contenido\/index.php\/wp-json\/wp\/v2\/media\/37647"}],"wp:attachment":[{"href":"https:\/\/amnistia.org.mx\/contenido\/index.php\/wp-json\/wp\/v2\/media?parent=37646"}],"wp:term":[{"taxonomy":"category","embeddable":true,"href":"https:\/\/amnistia.org.mx\/contenido\/index.php\/wp-json\/wp\/v2\/categories?post=37646"},{"taxonomy":"post_tag","embeddable":true,"href":"https:\/\/amnistia.org.mx\/contenido\/index.php\/wp-json\/wp\/v2\/tags?post=37646"}],"curies":[{"name":"wp","href":"https:\/\/api.w.org\/{rel}","templated":true}]}}