
{"id":37701,"date":"2025-03-27T15:39:00","date_gmt":"2025-03-27T21:39:00","guid":{"rendered":"https:\/\/amnistia.org.mx\/contenido\/?p=37701"},"modified":"2025-03-27T15:39:01","modified_gmt":"2025-03-27T21:39:01","slug":"la-pena-de-prision-de-ponomarenko-ampliada-en-plena-escalada-de-la-represion","status":"publish","type":"post","link":"https:\/\/amnistia.org.mx\/contenido\/index.php\/la-pena-de-prision-de-ponomarenko-ampliada-en-plena-escalada-de-la-represion\/","title":{"rendered":"La pena de prisi\u00f3n de la activista contra la guerra Maria Ponomarenko, ampliada en plena escalada de la represi\u00f3n"},"content":{"rendered":"\n<p>En respuesta a la resoluci\u00f3n del Tribunal de Distrito de Shipunovsky, que ampl\u00eda la pena de seis a\u00f1os de prisi\u00f3n de la periodista rusa y activista contra la guerra Maria Ponomarenko, por alzar la voz contra la invasi\u00f3n en gran escala de Ucrania por Rusia, Natalia Zviagina, directora de Amnist\u00eda Internacional Rusia, ha declarado:<\/p>\n\n\n\n<p>\u201cLas autoridades rusas deben liberar de inmediato y sin condiciones a Maria Ponomarenko. Condenarla a seis a\u00f1os de prisi\u00f3n simplemente por alzar la voz contra la guerra, denunciar el bombardeo ruso del teatro de Mari\u00fapol y llorar por la p\u00e9rdida de vidas inocentes ya era algo inconcebible. Ampliar esa condena por cargos falsos de atacar a dos guardias \u2014claramente una cortina de humo para castigarla por no cambiar de opini\u00f3n y por defender la justicia\u2014 representa una nueva cota de vileza en el trato que las autoridades est\u00e1n dando a Maria\u201d.<\/p>\n\n\n\n<p>\u201cDesde que comenz\u00f3 la guerra de agresi\u00f3n contra Ucrania, las autoridades rusas han utilizado de forma habitual y con descaro t\u00e1cticas para silenciar la disidencia, utilizando cargos falsos para encarcelar por motivos pol\u00edticos a quienes las critican. Las autoridades rusas deben detener la guerra contra Ucrania, poner fin a la represi\u00f3n de su propia poblaci\u00f3n, derogar la legislaci\u00f3n de \u2018censura de guerra\u2019 y poner en libertad a todas las personas encarceladas&nbsp;en virtud de ella\u201d.<\/p>\n\n\n\n<p><strong>Informaci\u00f3n complementaria<\/strong><\/p>\n\n\n\n<p>El 27 de marzo, el Tribunal de Distrito de Shipunovsky conden\u00f3 a un a\u00f1o y 10 meses adicionales a Maria Ponomarenko y orden\u00f3 que la activista fuera sometida a tratamiento psiqui\u00e1trico ambulatorio despu\u00e9s de su puesta en libertad. Teniendo en cuenta la coincidencia de las condenas, esta pena de 22 meses no se a\u00f1adir\u00e1 autom\u00e1ticamente a la pena previa de prisi\u00f3n de Maria Ponomarenko, lo que significa que su pena de prisi\u00f3n combinada es de menos de siete a\u00f1os y 10 meses.<\/p>\n\n\n\n<p>Maria Ponomarenko es una periodista del medio de comunicaci\u00f3n digital RusNews y activista de Barna\u00fal (krai de Alt\u00e1i). El 15 de febrero de 2023 fue <a href=\"https:\/\/www.amnesty.org\/es\/latest\/news\/2023\/02\/russia-journalist-maria-ponomarenko-sentenced-to-six-years-in-penal-colony-over-ukraine-bombing-post\/\" target=\"_blank\" rel=\"noreferrer noopener\"><strong>condenada<\/strong><\/a> a seis a\u00f1os de prisi\u00f3n en virtud del art\u00edculo 207.3 del C\u00f3digo Penal ruso (\u201cdifundir a sabiendas informaci\u00f3n falsa sobre las fuerzas armadas rusas\u201d). Los cargos se derivaban de las publicaciones de la periodista en las redes sociales sobre el <a href=\"https:\/\/www.amnesty.org\/es\/latest\/news\/2022\/06\/ukraine-deadly-mariupol-theatre-strike-a-clear-war-crime-by-russian-forces-new-investigation\/\" target=\"_blank\" rel=\"noreferrer noopener\"><strong>bombardeo<\/strong><\/a> del teatro de Mari\u00fapol, en el que seg\u00fan informes se refugiaban centenares de civiles.<\/p>\n\n\n\n<p>Maria Ponomarenko cumple su pena en la colonia penitenciaria IK-6, en Shipunovo, un pueblo a 175 km de Barnaul. Durante su encarcelamiento ha sufrido malos tratos, como la reclusi\u00f3n en r\u00e9gimen de aislamiento en una celda de castigo (SHIZO) \u2014una unidad de aislamiento dura y atestada utilizada para quebrar el \u00e1nimo de las personas all\u00ed recluidas mediante severas restricciones y privaciones\u2014 donde ha sido enviada en m\u00faltiples ocasiones por motivos falsos, y la negaci\u00f3n de atenci\u00f3n m\u00e9dica adecuada, incluso para su salud mental cada vez m\u00e1s deteriorada.<\/p>\n\n\n\n<p>En noviembre de 2023, tan s\u00f3lo unos meses despu\u00e9s del traslado de Maria Ponomarenko a IK-6, las autoridades iniciaron otra causa penal contra ella. Esta vez se basaba en el art\u00edculo 321.2 del C\u00f3digo Penal ruso, y se la acusaba de atacar presuntamente a dos guardias varones de la colonia penitenciaria, cargos que ella niega tajantemente. Su procesamiento penal adicional contin\u00faa la tendencia por la que las autoridades rusas imponen sanciones penitenciarias adicionales a las personas encarceladas por cargos de motivaci\u00f3n pol\u00edtica, como <a href=\"https:\/\/www.amnesty.org\/es\/latest\/news\/2024\/11\/russia-anti-war-activist-aleksei-gorinov-sentenced-to-three-additional-years-behind-bars\/\" target=\"_blank\" rel=\"noreferrer noopener\"><strong>demuestra<\/strong><\/a> el caso de Aleksei Gorinov, otra poderosa voz contra la guerra.<\/p>\n","protected":false},"excerpt":{"rendered":"<p>En respuesta a la resoluci\u00f3n del Tribunal de Distrito de Shipunovsky, que ampl\u00eda la pena de seis a\u00f1os de prisi\u00f3n de la periodista rusa y activista contra la guerra Maria &hellip;<\/p>\n<p class=\"read-more\"> <a class=\"\" href=\"https:\/\/amnistia.org.mx\/contenido\/index.php\/la-pena-de-prision-de-ponomarenko-ampliada-en-plena-escalada-de-la-represion\/\"> <span class=\"screen-reader-text\">La pena de prisi\u00f3n de la activista contra la guerra Maria Ponomarenko, ampliada en plena escalada de la represi\u00f3n<\/span> Leer m\u00e1s &raquo;<\/a><\/p>\n","protected":false},"author":4,"featured_media":37702,"comment_status":"closed","ping_status":"closed","sticky":false,"template":"","format":"standard","meta":{"_uf_show_specific_survey":0,"_uf_disable_surveys":false,"site-sidebar-layout":"default","site-content-layout":"default","ast-global-header-display":"","ast-main-header-display":"","ast-hfb-above-header-display":"","ast-hfb-below-header-display":"","ast-hfb-mobile-header-display":"","site-post-title":"","ast-breadcrumbs-content":"","ast-featured-img":"","footer-sml-layout":"","theme-transparent-header-meta":"","adv-header-id-meta":"","stick-header-meta":"","header-above-stick-meta":"","header-main-stick-meta":"","header-below-stick-meta":""},"categories":[9],"tags":[203],"acf":[],"aioseo_notices":[],"yoast_head":"<!-- This site is optimized with the Yoast SEO plugin v14.5 - https:\/\/yoast.com\/wordpress\/plugins\/seo\/ -->\n<title>La pena de prisi\u00f3n de la activista contra la guerra Maria Ponomarenko, ampliada en plena escalada de la represi\u00f3n - amnistia.org.mx<\/title>\n<meta name=\"description\" content=\"Autoridades rusas deben liberar de inmediato a Maria Ponomarenko, periodista rusa y activista contra la guerra: Amnist\u00eda Internacional.\" \/>\n<meta name=\"robots\" content=\"index, follow\" \/>\n<meta name=\"googlebot\" content=\"index, follow, max-snippet:-1, max-image-preview:large, max-video-preview:-1\" \/>\n<meta name=\"bingbot\" content=\"index, follow, max-snippet:-1, max-image-preview:large, max-video-preview:-1\" \/>\n<link rel=\"canonical\" href=\"https:\/\/amnistia.org.mx\/contenido\/index.php\/la-pena-de-prision-de-ponomarenko-ampliada-en-plena-escalada-de-la-represion\/\" \/>\n<meta property=\"og:locale\" content=\"es_MX\" \/>\n<meta property=\"og:type\" content=\"article\" \/>\n<meta property=\"og:title\" content=\"La pena de prisi\u00f3n de la activista contra la guerra Maria Ponomarenko, ampliada en plena escalada de la represi\u00f3n - amnistia.org.mx\" \/>\n<meta property=\"og:description\" content=\"Autoridades rusas deben liberar de inmediato a Maria Ponomarenko, periodista rusa y activista contra la guerra: Amnist\u00eda Internacional.\" \/>\n<meta property=\"og:url\" content=\"https:\/\/amnistia.org.mx\/contenido\/index.php\/la-pena-de-prision-de-ponomarenko-ampliada-en-plena-escalada-de-la-represion\/\" \/>\n<meta property=\"og:site_name\" content=\"amnistia.org.mx\" \/>\n<meta property=\"article:published_time\" content=\"2025-03-27T21:39:00+00:00\" \/>\n<meta property=\"article:modified_time\" content=\"2025-03-27T21:39:01+00:00\" \/>\n<meta property=\"og:image\" content=\"https:\/\/amnistia.org.mx\/contenido\/wp-content\/uploads\/2025\/03\/Foto-Maria-Ponomarenko-ajustada.jpg\" \/>\n\t<meta property=\"og:image:width\" content=\"800\" \/>\n\t<meta property=\"og:image:height\" content=\"381\" \/>\n<meta name=\"twitter:card\" content=\"summary_large_image\" \/>\n<script type=\"application\/ld+json\" class=\"yoast-schema-graph\">{\"@context\":\"https:\/\/schema.org\",\"@graph\":[{\"@type\":\"WebSite\",\"@id\":\"https:\/\/amnistia.org.mx\/contenido\/#website\",\"url\":\"https:\/\/amnistia.org.mx\/contenido\/\",\"name\":\"amnistia.org.mx\",\"description\":\"Nueva p\\u00e1gina de Amnist\\u00eda\",\"potentialAction\":[{\"@type\":\"SearchAction\",\"target\":\"https:\/\/amnistia.org.mx\/contenido\/?s={search_term_string}\",\"query-input\":\"required name=search_term_string\"}],\"inLanguage\":\"es-MX\"},{\"@type\":\"ImageObject\",\"@id\":\"https:\/\/amnistia.org.mx\/contenido\/index.php\/la-pena-de-prision-de-ponomarenko-ampliada-en-plena-escalada-de-la-represion\/#primaryimage\",\"inLanguage\":\"es-MX\",\"url\":\"https:\/\/amnistia.org.mx\/contenido\/wp-content\/uploads\/2025\/03\/Foto-Maria-Ponomarenko-ajustada.jpg\",\"width\":800,\"height\":381},{\"@type\":\"WebPage\",\"@id\":\"https:\/\/amnistia.org.mx\/contenido\/index.php\/la-pena-de-prision-de-ponomarenko-ampliada-en-plena-escalada-de-la-represion\/#webpage\",\"url\":\"https:\/\/amnistia.org.mx\/contenido\/index.php\/la-pena-de-prision-de-ponomarenko-ampliada-en-plena-escalada-de-la-represion\/\",\"name\":\"La pena de prisi\\u00f3n de la activista contra la guerra Maria Ponomarenko, ampliada en plena escalada de la represi\\u00f3n - amnistia.org.mx\",\"isPartOf\":{\"@id\":\"https:\/\/amnistia.org.mx\/contenido\/#website\"},\"primaryImageOfPage\":{\"@id\":\"https:\/\/amnistia.org.mx\/contenido\/index.php\/la-pena-de-prision-de-ponomarenko-ampliada-en-plena-escalada-de-la-represion\/#primaryimage\"},\"datePublished\":\"2025-03-27T21:39:00+00:00\",\"dateModified\":\"2025-03-27T21:39:01+00:00\",\"author\":{\"@id\":\"https:\/\/amnistia.org.mx\/contenido\/#\/schema\/person\/7db421c495688267ce8ede4625c17fa5\"},\"description\":\"Autoridades rusas deben liberar de inmediato a Maria Ponomarenko, periodista rusa y activista contra la guerra: Amnist\\u00eda Internacional.\",\"breadcrumb\":{\"@id\":\"https:\/\/amnistia.org.mx\/contenido\/index.php\/la-pena-de-prision-de-ponomarenko-ampliada-en-plena-escalada-de-la-represion\/#breadcrumb\"},\"inLanguage\":\"es-MX\",\"potentialAction\":[{\"@type\":\"ReadAction\",\"target\":[\"https:\/\/amnistia.org.mx\/contenido\/index.php\/la-pena-de-prision-de-ponomarenko-ampliada-en-plena-escalada-de-la-represion\/\"]}]},{\"@type\":\"BreadcrumbList\",\"@id\":\"https:\/\/amnistia.org.mx\/contenido\/index.php\/la-pena-de-prision-de-ponomarenko-ampliada-en-plena-escalada-de-la-represion\/#breadcrumb\",\"itemListElement\":[{\"@type\":\"ListItem\",\"position\":1,\"item\":{\"@type\":\"WebPage\",\"@id\":\"https:\/\/amnistia.org.mx\/contenido\/\",\"url\":\"https:\/\/amnistia.org.mx\/contenido\/\",\"name\":\"Home\"}},{\"@type\":\"ListItem\",\"position\":2,\"item\":{\"@type\":\"WebPage\",\"@id\":\"https:\/\/amnistia.org.mx\/contenido\/index.php\/la-pena-de-prision-de-ponomarenko-ampliada-en-plena-escalada-de-la-represion\/\",\"url\":\"https:\/\/amnistia.org.mx\/contenido\/index.php\/la-pena-de-prision-de-ponomarenko-ampliada-en-plena-escalada-de-la-represion\/\",\"name\":\"La pena de prisi\\u00f3n de la activista contra la guerra Maria Ponomarenko, ampliada en plena escalada de la represi\\u00f3n\"}}]},{\"@type\":[\"Person\"],\"@id\":\"https:\/\/amnistia.org.mx\/contenido\/#\/schema\/person\/7db421c495688267ce8ede4625c17fa5\",\"name\":\"Alejandro Ju\\u00e1rez Gamero\",\"image\":{\"@type\":\"ImageObject\",\"@id\":\"https:\/\/amnistia.org.mx\/contenido\/#personlogo\",\"inLanguage\":\"es-MX\",\"url\":\"https:\/\/secure.gravatar.com\/avatar\/e312d5566d1c3ffb56f86415d6f0e606?s=96&d=mm&r=g\",\"caption\":\"Alejandro Ju\\u00e1rez Gamero\"}}]}<\/script>\n<!-- \/ Yoast SEO plugin. -->","_links":{"self":[{"href":"https:\/\/amnistia.org.mx\/contenido\/index.php\/wp-json\/wp\/v2\/posts\/37701"}],"collection":[{"href":"https:\/\/amnistia.org.mx\/contenido\/index.php\/wp-json\/wp\/v2\/posts"}],"about":[{"href":"https:\/\/amnistia.org.mx\/contenido\/index.php\/wp-json\/wp\/v2\/types\/post"}],"author":[{"embeddable":true,"href":"https:\/\/amnistia.org.mx\/contenido\/index.php\/wp-json\/wp\/v2\/users\/4"}],"replies":[{"embeddable":true,"href":"https:\/\/amnistia.org.mx\/contenido\/index.php\/wp-json\/wp\/v2\/comments?post=37701"}],"version-history":[{"count":4,"href":"https:\/\/amnistia.org.mx\/contenido\/index.php\/wp-json\/wp\/v2\/posts\/37701\/revisions"}],"predecessor-version":[{"id":37706,"href":"https:\/\/amnistia.org.mx\/contenido\/index.php\/wp-json\/wp\/v2\/posts\/37701\/revisions\/37706"}],"wp:featuredmedia":[{"embeddable":true,"href":"https:\/\/amnistia.org.mx\/contenido\/index.php\/wp-json\/wp\/v2\/media\/37702"}],"wp:attachment":[{"href":"https:\/\/amnistia.org.mx\/contenido\/index.php\/wp-json\/wp\/v2\/media?parent=37701"}],"wp:term":[{"taxonomy":"category","embeddable":true,"href":"https:\/\/amnistia.org.mx\/contenido\/index.php\/wp-json\/wp\/v2\/categories?post=37701"},{"taxonomy":"post_tag","embeddable":true,"href":"https:\/\/amnistia.org.mx\/contenido\/index.php\/wp-json\/wp\/v2\/tags?post=37701"}],"curies":[{"name":"wp","href":"https:\/\/api.w.org\/{rel}","templated":true}]}}