
{"id":37854,"date":"2025-04-02T10:33:50","date_gmt":"2025-04-02T16:33:50","guid":{"rendered":"https:\/\/amnistia.org.mx\/contenido\/?p=37854"},"modified":"2025-04-02T11:19:17","modified_gmt":"2025-04-02T17:19:17","slug":"hungria-deben-detener-y-entregar-al-primer-ministro-israeli-netanyahu-a-la-corte-penal-internacional","status":"publish","type":"post","link":"https:\/\/amnistia.org.mx\/contenido\/index.php\/hungria-deben-detener-y-entregar-al-primer-ministro-israeli-netanyahu-a-la-corte-penal-internacional\/","title":{"rendered":"Hungr\u00eda: Deben detener y entregar al primer ministro israel\u00ed Netanyahu a la Corte Penal Internacional"},"content":{"rendered":"\n<p>Ante la informaci\u00f3n que indica que el primer ministro de Hungr\u00eda, Viktor Orb\u00e1n, ha invitado al primer ministro de Israel, Benjamin Netanyahu, y tiene previsto recibirlo en Hungr\u00eda el pr\u00f3ximo mi\u00e9rcoles, Erika Guevara Rosas, directora de Investigaci\u00f3n, Trabajo de Incidencia y Pol\u00edtica Globales de Amnist\u00eda Internacional, ha afirmado:<\/p>\n\n\n\n<p>\u201cEl primer ministro Netanyahu es un presunto criminal de guerra que est\u00e1 acusado de usar el hambre como arma de guerra, de atacar intencionadamente a civiles y de los cr\u00edmenes de lesa humanidad de asesinato, persecuci\u00f3n y otros actos inhumanos. Como Estado miembro de la Corte Penal Internacional (CPI), Hungr\u00eda debe proceder a detenerlo si viaja al pa\u00eds y entregarlo a la Corte. Cualquier viaje que realice a un Estado miembro de la CPI que no acabe en su detenci\u00f3n envalentonar\u00eda a Israel para cometer nuevos cr\u00edmenes contra la poblaci\u00f3n palestina en el Territorio Palestino Ocupado.<\/p>\n\n\n\n<p>\u201cLa visita anunciada de Netanyahu debe entenderse como un c\u00ednico intento de menoscabar la CPI y su labor, y es un insulto para las v\u00edctimas de estos cr\u00edmenes que recurren a la Corte para obtener justicia. La invitaci\u00f3n de Hungr\u00eda demuestra desprecio por el derecho internacional y confirma que presuntos criminales de guerra reclamados por la CPI son bienvenidos en las calles de un Estado miembro de la Uni\u00f3n Europea.<\/p>\n\n\n\n<p>\u201cLa visita de Netanyahu a Hungr\u00eda no debe convertirse en un indicador del futuro de los derechos humanos en Europa. Los dirigentes europeos y mundiales deben poner fin a su vergonzoso silencio e inacci\u00f3n y pedir a Hungr\u00eda que detenga a Netanyahu durante una visita que constituir\u00eda una burla del sufrimiento de las v\u00edctimas palestinas del&nbsp;<a href=\"https:\/\/www.amnesty.org\/es\/documents\/mde15\/8744\/2024\/es\/\">genocidio<\/a>&nbsp;de Israel en Gaza, sus cr\u00edmenes de guerra en otras partes del Territorio Palestino Ocupado y su arraigado sistema de&nbsp;<a href=\"https:\/\/www.amnesty.org\/es\/documents\/mde15\/5141\/2022\/es\/\"><em>apartheid<\/em><\/a>&nbsp;contra todas las personas palestinas cuyos derechos controla.<\/p>\n\n\n\n<p>\u201cAmnist\u00eda Internacional insta a la fiscal\u00eda de la CPI a investigar y enjuiciar todos los cr\u00edmenes de Israel. Hungr\u00eda debe actuar de igual modo aplicando los principios de jurisdicci\u00f3n universal. Los l\u00edderes poderosos, como Netanyahu, acusados por la CPI de cr\u00edmenes de guerra y cr\u00edmenes de lesa humanidad, deben dejar de disfrutar de la perspectiva de impunidad perpetua.\u201d<\/p>\n\n\n\n<p>\u201cLa CPI se cre\u00f3 para garantizar la rendici\u00f3n de cuentas para las v\u00edctimas de genocidio y otros cr\u00edmenes de derecho internacional, y para que los cr\u00edmenes que conmueven la conciencia de la humanidad \u201cnunca m\u00e1s\u201d vayan acompa\u00f1ados de impunidad. Para \u2018llevar al poder ante la justicia\u2019, la CPI se enfrenta ahora a la reacci\u00f3n global de poderosos l\u00edderes que intentan menoscabar el Estado de derecho internacional y acabar con la perspectiva de la rendici\u00f3n de cuentas para los m\u00e1s poderosos.\u201d<\/p>\n\n\n\n<p>En noviembre de 2024,&nbsp;<a href=\"https:\/\/www.amnesty.org\/en\/latest\/news\/2024\/11\/israel-opt-netanyahu-gallant-and-al-masri-must-face-justice-at-the-icc-for-charges-of-war-crimes-and-crimes-against-humanity\/\"><strong>la Corte Penal Internacional dict\u00f3 \u00f3rdenes de arresto<\/strong><\/a>&nbsp;contra el primer ministro israel\u00ed Benjamin Netanyahu y el exministro de Defensa Yoav Gallant, as\u00ed como contra el jefe de las brigadas de Al Qassam, Mohammed Diab Ibrahim al Masri, por cargos de cr\u00edmenes de guerra y de lesa humanidad.<\/p>\n\n\n\n<p>Desde entonces, dirigentes de Estados miembros de la CPI como Francia, Alemania, Italia, Hungr\u00eda y Polonia han afirmado o insinuado que no detendr\u00edan a Benjamin Netanyahu si viajaba a sus respectivos pa\u00edses. Estados Unidos tambi\u00e9n ha aprobado sanciones contra el fiscal de la CPI, Karim Khan.<\/p>\n\n\n\n<h2 class=\"has-medium-font-size\" id=\"h-background\"><strong>Informaci\u00f3n complementaria<\/strong><\/h2>\n\n\n\n<p>Uno de los principios esenciales del fundacional Estatuto de Roma de la Corte Penal Internacional es que todas las personas que sean objeto de \u00f3rdenes de detenci\u00f3n de la CPI deben ser detenidas y entregadas a la Corte sin que puedan ampararse en la inmunidad cuando est\u00e9n dentro de la jurisdicci\u00f3n de los Estados miembros de la CPI, incluido su territorio.<\/p>\n","protected":false},"excerpt":{"rendered":"<p>Ante la informaci\u00f3n que indica que el primer ministro de Hungr\u00eda, Viktor Orb\u00e1n, ha invitado al primer ministro de Israel, Benjamin Netanyahu, y tiene previsto recibirlo en Hungr\u00eda el pr\u00f3ximo &hellip;<\/p>\n<p class=\"read-more\"> <a class=\"\" href=\"https:\/\/amnistia.org.mx\/contenido\/index.php\/hungria-deben-detener-y-entregar-al-primer-ministro-israeli-netanyahu-a-la-corte-penal-internacional\/\"> <span class=\"screen-reader-text\">Hungr\u00eda: Deben detener y entregar al primer ministro israel\u00ed Netanyahu a la Corte Penal Internacional<\/span> Leer m\u00e1s &raquo;<\/a><\/p>\n","protected":false},"author":4,"featured_media":37855,"comment_status":"closed","ping_status":"closed","sticky":false,"template":"","format":"standard","meta":{"_uf_show_specific_survey":0,"_uf_disable_surveys":false,"site-sidebar-layout":"default","site-content-layout":"default","ast-global-header-display":"","ast-main-header-display":"","ast-hfb-above-header-display":"","ast-hfb-below-header-display":"","ast-hfb-mobile-header-display":"","site-post-title":"","ast-breadcrumbs-content":"","ast-featured-img":"","footer-sml-layout":"","theme-transparent-header-meta":"","adv-header-id-meta":"","stick-header-meta":"","header-above-stick-meta":"","header-main-stick-meta":"","header-below-stick-meta":""},"categories":[9],"tags":[243],"acf":[],"aioseo_notices":[],"yoast_head":"<!-- This site is optimized with the Yoast SEO plugin v14.5 - https:\/\/yoast.com\/wordpress\/plugins\/seo\/ -->\n<title>Hungr\u00eda: Deben detener y entregar al primer ministro israel\u00ed Netanyahu a la Corte Penal Internacional - amnistia.org.mx<\/title>\n<meta name=\"description\" content=\"La visita anunciada de Netanyahu debe entenderse como un c\u00ednico intento de menoscabar la CPI y su labor, y es un insulto para las v\u00edctimas de estos cr\u00edmenes que recurren a la Corte para obtener justicia: Erika Guevara\" \/>\n<meta name=\"robots\" content=\"index, follow\" \/>\n<meta name=\"googlebot\" content=\"index, follow, max-snippet:-1, max-image-preview:large, max-video-preview:-1\" \/>\n<meta name=\"bingbot\" content=\"index, follow, max-snippet:-1, max-image-preview:large, max-video-preview:-1\" \/>\n<link rel=\"canonical\" href=\"https:\/\/amnistia.org.mx\/contenido\/index.php\/hungria-deben-detener-y-entregar-al-primer-ministro-israeli-netanyahu-a-la-corte-penal-internacional\/\" \/>\n<meta property=\"og:locale\" content=\"es_MX\" \/>\n<meta property=\"og:type\" content=\"article\" \/>\n<meta property=\"og:title\" content=\"Hungr\u00eda: Deben detener y entregar al primer ministro israel\u00ed Netanyahu a la Corte Penal Internacional - amnistia.org.mx\" \/>\n<meta property=\"og:description\" content=\"La visita anunciada de Netanyahu debe entenderse como un c\u00ednico intento de menoscabar la CPI y su labor, y es un insulto para las v\u00edctimas de estos cr\u00edmenes que recurren a la Corte para obtener justicia: Erika Guevara\" \/>\n<meta property=\"og:url\" content=\"https:\/\/amnistia.org.mx\/contenido\/index.php\/hungria-deben-detener-y-entregar-al-primer-ministro-israeli-netanyahu-a-la-corte-penal-internacional\/\" \/>\n<meta property=\"og:site_name\" content=\"amnistia.org.mx\" \/>\n<meta property=\"article:published_time\" content=\"2025-04-02T16:33:50+00:00\" \/>\n<meta property=\"article:modified_time\" content=\"2025-04-02T17:19:17+00:00\" \/>\n<meta property=\"og:image\" content=\"https:\/\/amnistia.org.mx\/contenido\/wp-content\/uploads\/2025\/04\/Hungria.jpg\" \/>\n\t<meta property=\"og:image:width\" content=\"1047\" \/>\n\t<meta property=\"og:image:height\" content=\"450\" \/>\n<meta name=\"twitter:card\" content=\"summary_large_image\" \/>\n<script type=\"application\/ld+json\" class=\"yoast-schema-graph\">{\"@context\":\"https:\/\/schema.org\",\"@graph\":[{\"@type\":\"WebSite\",\"@id\":\"https:\/\/amnistia.org.mx\/contenido\/#website\",\"url\":\"https:\/\/amnistia.org.mx\/contenido\/\",\"name\":\"amnistia.org.mx\",\"description\":\"Nueva p\\u00e1gina de Amnist\\u00eda\",\"potentialAction\":[{\"@type\":\"SearchAction\",\"target\":\"https:\/\/amnistia.org.mx\/contenido\/?s={search_term_string}\",\"query-input\":\"required name=search_term_string\"}],\"inLanguage\":\"es-MX\"},{\"@type\":\"ImageObject\",\"@id\":\"https:\/\/amnistia.org.mx\/contenido\/index.php\/hungria-deben-detener-y-entregar-al-primer-ministro-israeli-netanyahu-a-la-corte-penal-internacional\/#primaryimage\",\"inLanguage\":\"es-MX\",\"url\":\"https:\/\/amnistia.org.mx\/contenido\/wp-content\/uploads\/2025\/04\/Hungria.jpg\",\"width\":1047,\"height\":450},{\"@type\":\"WebPage\",\"@id\":\"https:\/\/amnistia.org.mx\/contenido\/index.php\/hungria-deben-detener-y-entregar-al-primer-ministro-israeli-netanyahu-a-la-corte-penal-internacional\/#webpage\",\"url\":\"https:\/\/amnistia.org.mx\/contenido\/index.php\/hungria-deben-detener-y-entregar-al-primer-ministro-israeli-netanyahu-a-la-corte-penal-internacional\/\",\"name\":\"Hungr\\u00eda: Deben detener y entregar al primer ministro israel\\u00ed Netanyahu a la Corte Penal Internacional - amnistia.org.mx\",\"isPartOf\":{\"@id\":\"https:\/\/amnistia.org.mx\/contenido\/#website\"},\"primaryImageOfPage\":{\"@id\":\"https:\/\/amnistia.org.mx\/contenido\/index.php\/hungria-deben-detener-y-entregar-al-primer-ministro-israeli-netanyahu-a-la-corte-penal-internacional\/#primaryimage\"},\"datePublished\":\"2025-04-02T16:33:50+00:00\",\"dateModified\":\"2025-04-02T17:19:17+00:00\",\"author\":{\"@id\":\"https:\/\/amnistia.org.mx\/contenido\/#\/schema\/person\/7db421c495688267ce8ede4625c17fa5\"},\"description\":\"La visita anunciada de Netanyahu debe entenderse como un c\\u00ednico intento de menoscabar la CPI y su labor, y es un insulto para las v\\u00edctimas de estos cr\\u00edmenes que recurren a la Corte para obtener justicia: Erika Guevara\",\"breadcrumb\":{\"@id\":\"https:\/\/amnistia.org.mx\/contenido\/index.php\/hungria-deben-detener-y-entregar-al-primer-ministro-israeli-netanyahu-a-la-corte-penal-internacional\/#breadcrumb\"},\"inLanguage\":\"es-MX\",\"potentialAction\":[{\"@type\":\"ReadAction\",\"target\":[\"https:\/\/amnistia.org.mx\/contenido\/index.php\/hungria-deben-detener-y-entregar-al-primer-ministro-israeli-netanyahu-a-la-corte-penal-internacional\/\"]}]},{\"@type\":\"BreadcrumbList\",\"@id\":\"https:\/\/amnistia.org.mx\/contenido\/index.php\/hungria-deben-detener-y-entregar-al-primer-ministro-israeli-netanyahu-a-la-corte-penal-internacional\/#breadcrumb\",\"itemListElement\":[{\"@type\":\"ListItem\",\"position\":1,\"item\":{\"@type\":\"WebPage\",\"@id\":\"https:\/\/amnistia.org.mx\/contenido\/\",\"url\":\"https:\/\/amnistia.org.mx\/contenido\/\",\"name\":\"Home\"}},{\"@type\":\"ListItem\",\"position\":2,\"item\":{\"@type\":\"WebPage\",\"@id\":\"https:\/\/amnistia.org.mx\/contenido\/index.php\/hungria-deben-detener-y-entregar-al-primer-ministro-israeli-netanyahu-a-la-corte-penal-internacional\/\",\"url\":\"https:\/\/amnistia.org.mx\/contenido\/index.php\/hungria-deben-detener-y-entregar-al-primer-ministro-israeli-netanyahu-a-la-corte-penal-internacional\/\",\"name\":\"Hungr\\u00eda: Deben detener y entregar al primer ministro israel\\u00ed Netanyahu a la Corte Penal Internacional\"}}]},{\"@type\":[\"Person\"],\"@id\":\"https:\/\/amnistia.org.mx\/contenido\/#\/schema\/person\/7db421c495688267ce8ede4625c17fa5\",\"name\":\"Alejandro Ju\\u00e1rez Gamero\",\"image\":{\"@type\":\"ImageObject\",\"@id\":\"https:\/\/amnistia.org.mx\/contenido\/#personlogo\",\"inLanguage\":\"es-MX\",\"url\":\"https:\/\/secure.gravatar.com\/avatar\/e312d5566d1c3ffb56f86415d6f0e606?s=96&d=mm&r=g\",\"caption\":\"Alejandro Ju\\u00e1rez Gamero\"}}]}<\/script>\n<!-- \/ Yoast SEO plugin. -->","_links":{"self":[{"href":"https:\/\/amnistia.org.mx\/contenido\/index.php\/wp-json\/wp\/v2\/posts\/37854"}],"collection":[{"href":"https:\/\/amnistia.org.mx\/contenido\/index.php\/wp-json\/wp\/v2\/posts"}],"about":[{"href":"https:\/\/amnistia.org.mx\/contenido\/index.php\/wp-json\/wp\/v2\/types\/post"}],"author":[{"embeddable":true,"href":"https:\/\/amnistia.org.mx\/contenido\/index.php\/wp-json\/wp\/v2\/users\/4"}],"replies":[{"embeddable":true,"href":"https:\/\/amnistia.org.mx\/contenido\/index.php\/wp-json\/wp\/v2\/comments?post=37854"}],"version-history":[{"count":4,"href":"https:\/\/amnistia.org.mx\/contenido\/index.php\/wp-json\/wp\/v2\/posts\/37854\/revisions"}],"predecessor-version":[{"id":37862,"href":"https:\/\/amnistia.org.mx\/contenido\/index.php\/wp-json\/wp\/v2\/posts\/37854\/revisions\/37862"}],"wp:featuredmedia":[{"embeddable":true,"href":"https:\/\/amnistia.org.mx\/contenido\/index.php\/wp-json\/wp\/v2\/media\/37855"}],"wp:attachment":[{"href":"https:\/\/amnistia.org.mx\/contenido\/index.php\/wp-json\/wp\/v2\/media?parent=37854"}],"wp:term":[{"taxonomy":"category","embeddable":true,"href":"https:\/\/amnistia.org.mx\/contenido\/index.php\/wp-json\/wp\/v2\/categories?post=37854"},{"taxonomy":"post_tag","embeddable":true,"href":"https:\/\/amnistia.org.mx\/contenido\/index.php\/wp-json\/wp\/v2\/tags?post=37854"}],"curies":[{"name":"wp","href":"https:\/\/api.w.org\/{rel}","templated":true}]}}