
{"id":38265,"date":"2025-04-30T14:37:41","date_gmt":"2025-04-30T19:37:41","guid":{"rendered":"https:\/\/amnistia.org.mx\/contenido\/?p=38265"},"modified":"2025-04-30T14:40:05","modified_gmt":"2025-04-30T19:40:05","slug":"los-primeros-100-dias-del-presidente-trump-ataques-a-los-ddhh","status":"publish","type":"post","link":"https:\/\/amnistia.org.mx\/contenido\/index.php\/los-primeros-100-dias-del-presidente-trump-ataques-a-los-ddhh\/","title":{"rendered":"Los primeros 100 d\u00edas del presidente Trump: Ataques a los derechos humanos, crueldad y caos"},"content":{"rendered":"\n<p>Al cumplirse los primeros 100 d\u00edas de la presidencia de Trump, Amnist\u00eda Internacional pone de relieve la crisis de derechos humanos impulsada por las pr\u00e1cticas autoritarias, las pol\u00edticas discriminatorias y racistas y la peligrosa ret\u00f3rica de su administraci\u00f3n.<\/p>\n\n\n\n<p>En el informe&nbsp;<em><a href=\"https:\/\/www.amnesty.org\/es\/documents\/amr51\/9313\/2025\/en\/\">Chaos &amp; Cruelty: 10 Compounding Assaults on Human Rights<\/a>,&nbsp;<\/em>(Caos y Crueldad: 10 graves ataques a los derechos humanos), Amnist\u00eda Internacional analiza los ataques del presidente Trump contra los derechos humanos nacionales e internacionales en sus primeros 100 d\u00edas de gobierno. Desde reprimir la disidencia a poner en el punto de mira a los inmigrantes, pasando por retirarse de organismos multilaterales que protegen los derechos humanos en todo el mundo, la administraci\u00f3n Trump ha estado erosionando sistem\u00e1ticamente las salvaguardias de derechos humanos, fomentando un clima de miedo y divisi\u00f3n y socavando el Estado de derecho.<\/p>\n\n\n\n<p>\u201cEn los primeros 100 d\u00edas de su segundo mandato, el presidente Trump ha gobernado con crueldad y ha sembrado el caos, creando una emergencia de derechos humanos que ha afectado a millones de personas al reprimir la disidencia, socavar el Estado de derecho y erosionar normas e instituciones esenciales para la protecci\u00f3n de los derechos humanos\u201d, ha manifestado Paul O\u2019Brien, director ejecutivo de Amnist\u00eda Internacional Estados Unidos. \u201cLa administraci\u00f3n Trump ha adoptado plenamente t\u00e1cticas autoritarias que suelen asociarse a dirigentes represivos para silenciar y castigar a quienes est\u00e9n en desacuerdo con \u00e9l, al tiempo que ha utilizado el gobierno como arma contra personas e instituciones, tanto dentro como fuera de Estados Unidos, para afianzar su propio poder y llevar adelante su agenda antiderechos.\u201d<\/p>\n\n\n\n<blockquote class=\"wp-block-quote\">\n<p>En los primeros 100 d\u00edas de su segundo mandato, el presidente Trump ha gobernado con crueldad y ha sembrado el caos, creando una emergencia de derechos humanos que ha afectado a millones de personas al reprimir la disidencia, socavar el Estado de derecho y erosionar normas e instituciones esenciales para la protecci\u00f3n de los derechos humanos.Paul O\u2019Brien, director ejecutivo de Amnist\u00eda Internacional Estados Unidos<\/p>\n<\/blockquote>\n\n\n\n<p>Las pol\u00edticas de la administraci\u00f3n Trump en sus primeros 100 d\u00edas ya han tenido consecuencias devastadoras sobre las vidas de personas, tanto en Estados Unidos como en otras partes del mundo:<\/p>\n\n\n\n<ul>\n<li><strong>Acabar con los procedimientos de asilo y poner en el punto de mira a los inmigrantes<\/strong>: Las deportaciones masivas, las desapariciones forzadas invocando la Ley de enemigos Extranjeros, las separaciones de familias y las duras restricciones del derecho de asilo han violado el derecho internacional. Estas medidas han destrozado comunidades y creado una realidad que empuja a las personas inmigrantes, incluidas las que se han dirigido a Estados Unidos en busca de seguridad, a permanecer en la sombra y vivir con miedo.<\/li>\n\n\n\n<li><strong>Atacar la libertad de expresi\u00f3n y el derecho a protestar<\/strong>: La represi\u00f3n de las protestas estudiantiles, en especial las que apoyan los derechos de la poblaci\u00f3n palestina, ha amenazado los derechos a la libertad de expresi\u00f3n y de reuni\u00f3n pac\u00edfica. Los ataques se han dirigido especialmente contra estudiantes que no tienen ciudadan\u00eda estadounidense, a quienes se ha amenazado con la detenci\u00f3n y la deportaci\u00f3n por ejercer su derecho a la libertad de expresi\u00f3n.<\/li>\n\n\n\n<li><strong>Menoscabo del Estado de derecho:&nbsp;<\/strong>Incumplimiento de \u00f3rdenes judiciales, amenazas de destituci\u00f3n de jueces, ataques a abogados y bufetes, abuso del poder ejecutivo y erosi\u00f3n de los controles y contrapesos entre los poderes del Estado son pr\u00e1cticas autoritarias que la administraci\u00f3n Trump ha utilizado para llevar adelante su agenda antiderechos.<\/li>\n\n\n\n<li><strong>Menoscabo de la libertad de prensa<\/strong>&nbsp;Ataques a periodistas, demandas contra medios de comunicaci\u00f3n, retirada de la financiaci\u00f3n que apoya a la prensa libre en todo el mundo y uso abusivo de su facultad reguladora a trav\u00e9s de la Comisi\u00f3n Federal de Comunicaciones son pr\u00e1cticas que socavan la primordial funci\u00f3n que ejercen los medios de comunicaci\u00f3n independientes de fomentar el debate, el intercambio de opiniones y la discrepancia, algo esencial para la defensa de los derechos humanos.<\/li>\n\n\n\n<li><strong>Ataque a los derechos de las mujeres y las comunidades LGBTQIA+<\/strong>: Pol\u00edticas y \u00f3rdenes ejecutivas contrarias a los derechos trans han contribuido a crear un peligroso clima de discriminaci\u00f3n e indican un intento de borrar la existencia de las personas transg\u00e9nero en virtud de la ley. Tambi\u00e9n se han tomado medidas para debilitar las garant\u00edas en materia de derechos sexuales y reproductivos para todas las personas, particularmente el derecho al aborto de las mujeres y las personas que pueden quedarse embarazadas.<\/li>\n\n\n\n<li><strong>Marginaci\u00f3n de las comunidades negras y otras comunidades racializadas:<\/strong>&nbsp;La suspensi\u00f3n forzosa de los programas de apoyo a la Diversidad, Equidad e Inclusi\u00f3n (DEI) y las amenazas de retirar la financiaci\u00f3n a universidades que apoyan la igualdad racial son un ataque frontal a la justicia racial.<\/li>\n<\/ul>\n\n\n\n<p>Los ataques del presidente Trump a los derechos humanos se solapan y se agravan. Cientos de estudiantes universitarios amenazados con ser deportados. Un ejemplo emblem\u00e1tico de la actuaci\u00f3n racista, la represi\u00f3n y el desprecio por los derechos humanos de la administraci\u00f3n Trump es el caso de Mahmoud Khalil, estudiante palestino con residencia permanente legal en Estados Unidos, que fue detenido y sometido a procedimientos de deportaci\u00f3n por participar en protestas pac\u00edficas en la Universidad de Columbia.<\/p>\n\n\n\n<p>\u201cEl caso de Mahmoud Khalil transmite un mensaje intimidatorio: si defiendes los derechos humanos te pondr\u00e1n en el punto de mira, te castigar\u00e1n y no tendr\u00e1s garant\u00edas procesales\u201d, ha afirmado O\u2019Brien. \u201cSe trata de una perspectiva aterradora, no s\u00f3lo para estudiantes, no s\u00f3lo para inmigrantes, sino para cualquiera. Al observar el efecto acumulativo de las acciones de la administraci\u00f3n Trump, vemos que equivale a un ataque radical a los derechos humanos y los sistemas que los sustentan. Desde esta perspectiva, el da\u00f1o y la devastaci\u00f3n que han producido sus primeros 100 d\u00edas es innegable.\u201d<\/p>\n\n\n\n<blockquote class=\"wp-block-quote\">\n<p>Al observar el efecto acumulativo de las acciones de la administraci\u00f3n Trump, vemos que equivale a un ataque radical a los derechos humanos y los sistemas que los sustentan. Desde esta perspectiva, el da\u00f1o y la devastaci\u00f3n que han producido sus primeros 100 d\u00edas es innegable.Paul O\u2019Brien, director ejecutivo de Amnist\u00eda Internacional Estados Unidos<\/p>\n<\/blockquote>\n\n\n\n<p>La ca\u00f3tica y cruel agenda del presidente Trump tambi\u00e9n est\u00e1 minando los derechos de personas en todo el mundo, creando una inestabilidad y una incertidumbre que da\u00f1an la protecci\u00f3n y la seguridad de las personas no s\u00f3lo fuera, sino tambi\u00e9n dentro de Estados Unidos, y socava su prosperidad.<\/p>\n\n\n\n<ul>\n<li><strong>Repentino desmantelamiento de la ayuda exterior estadounidense:&nbsp;<\/strong>El efecto de los recortes radicales y abruptos en la ayuda exterior ha sido catastr\u00f3fico para los esfuerzos globales en materia humanitaria, de desarrollo y de derechos humanos. Estos recortes no son s\u00f3lo econ\u00f3micos, sino que representan el abandono del compromiso de Estados Unidos con los derechos humanos, la salud p\u00fablica y la paz y la seguridad mundiales.<\/li>\n\n\n\n<li><strong>Retirada de los organismos multilaterales que protegen los derechos humanos en el mundo<\/strong>: Al abandonar el liderazgo global, retirarse del Consejo de Derechos Humanos (CDH), la Organizaci\u00f3n Mundial de la Salud y el Acuerdo de Par\u00eds sobre el cambio clim\u00e1tico, revisar su pertenencia a la UNESCO e imponer sanciones a la Corte Penal Internacional, la administraci\u00f3n Trump ha intensificado sus esfuerzos para minar los mecanismos globales de justicia y rendici\u00f3n de cuentas.<\/li>\n\n\n\n<li><strong>Abandono de los esfuerzos por mitigar los da\u00f1os de la poblaci\u00f3n civil<\/strong>: Desde reducir departamentos cuya finalidad era aminorar los da\u00f1os a la poblaci\u00f3n civil causados por las operaciones del ej\u00e9rcito estadounidense, a revertir \u00f3rdenes ejecutivas dirigidas a garantizar que las transferencias de armas de Estados Unidos no contribuyan a violar el derecho internacional, la administraci\u00f3n Trump ha demostrado un peligroso desprecio por las vidas civiles amenazadas por conflictos armados.<\/li>\n\n\n\n<li><strong>Destrucci\u00f3n de los controles sobre rendici\u00f3n de cuentas de las empresas&nbsp;<\/strong>El presidente Trump y su administraci\u00f3n han retirado los controles que exist\u00edan sobre rendici\u00f3n de cuentas de las empresas y reducido dr\u00e1sticamente la lucha contra la corrupci\u00f3n, entre otras cosas deteniendo la aplicaci\u00f3n de la Ley sobre Pr\u00e1cticas Corruptas en el Extranjero. Las tecnol\u00f3gicas llevan largo tiempo facilitando pr\u00e1cticas discriminatorias y autoritarias, pero las medidas del presidente Trump han exacerbado esta tendencia. Mientras, Trump parece haber dado carta blanca al hombre m\u00e1s rico del mundo, Elon Musk, para que act\u00fae a voluntad con el Departamento de Eficiencia Gubernamental (DOGE, por sus siglas en ingl\u00e9s), ordenando actuaciones que parecen violar las leyes federales, como acceder a datos personales sensibles de millones de estadounidenses.<\/li>\n<\/ul>\n\n\n\n<p>El peligroso estado de los derechos humanos en Estados Unidos se produce en un momento en el que&nbsp;<a href=\"https:\/\/www.amnesty.org\/es\/latest\/news\/2025\/04\/president-trumps-first-100-days-attacks-on-human-rights\/www.amnestyusa.org%2Fpress-releases%2Famnesty-international-warns-of-global-human-rights-crisis-as-trump-effect-accelerates-destructive-trends%2F&amp;data=05%7C02%7Ctania.briseno.o%40amnesty.org%7C49967500e63a4e37a07208dd878ffc2f%7Cc2dbf829378d44c1b47a1c043924ddf3%7C0%7C0%7C638815775611139005%7CUnknown%7CTWFpbGZsb3d8eyJFbXB0eU1hcGkiOnRydWUsIlYiOiIwLjAuMDAwMCIsIlAiOiJXaW4zMiIsIkFOIjoiTWFpbCIsIldUIjoyfQ%3D%3D%7C0%7C%7C%7C&amp;sdata=mygXw1Y4ax7zR0i0V5BcGkkG1SKFDslDfJ%2FKz2MyQW0%3D&amp;reserved=0\">las pr\u00e1cticas autoritarias se han incrementado en todo el mundo.<\/a>. De hecho, los incesantes ataques de la administraci\u00f3n Trump contra los derechos humanos est\u00e1n dando alas a tendencias nocivas ya presentes, vaciando de contenido salvaguardias internacionales de derechos humanos y poniendo en peligro a miles de millones de personas en todo el planeta.<\/p>\n\n\n\n<p>\u201cEstamos presenciando una alarmante escalada de represi\u00f3n patrocinada por los Estados, as\u00ed como el abandono del Estado de derecho y las normas de derechos humanos en todo el mundo. Somos la mayor organizaci\u00f3n de derechos humanos de base del mundo, y nos estamos movilizando para proteger el espacio de la sociedad civil, oponernos a las pr\u00e1cticas autoritarias y generar poder popular a largo plazo\u201d, ha afirmado Erika Guevara-Rosas, directora general de Investigaci\u00f3n, Incidencia, Pol\u00edtica y Campa\u00f1as de Amnist\u00eda Internacional. Los derechos humanos no deben ser un pe\u00f3n en el ajedrez pol\u00edtico. Los l\u00edderes y lideresas mundiales deben rechazar y denunciar las pr\u00e1cticas autoritarias que violan los derechos humanos y tomar medidas para abordar su impacto dondequiera que se produzcan, incluido Estados Unidos. Personas de todo el mundo, incluidas las que pertenecen a movimientos que defienden los derechos humanos y la justicia, est\u00e1n resisti\u00e9ndose y oponi\u00e9ndose firmemente a las tendencias que amenazan con arrastrar al abismo a las generaciones presentes y futuras. Los l\u00edderes y lideresas pol\u00edticos deben aprovechar este momento crucial para proteger y defender los derechos y la dignidad de todas las personas.\u201d<\/p>\n\n\n\n<blockquote class=\"wp-block-quote\">\n<p>Estamos presenciando una alarmante escalada de represi\u00f3n patrocinada por los Estados, as\u00ed como el abandono del Estado de derecho y las normas de derechos humanos en todo el mundo. Somos la mayor organizaci\u00f3n de derechos humanos de base del mundo, y nos estamos movilizando para proteger el espacio de la sociedad civil, oponernos a las pr\u00e1cticas autoritarias y generar poder popular a largo plazo.Erika Guevara Rosas, directora general de Investigaci\u00f3n, Incidencia, Pol\u00edtica y Campa\u00f1as de Amnist\u00eda Internacional<\/p>\n<\/blockquote>\n\n\n\n<p><\/p>\n","protected":false},"excerpt":{"rendered":"<p>Al cumplirse los primeros 100 d\u00edas de la presidencia de Trump, Amnist\u00eda Internacional pone de relieve la crisis de derechos humanos impulsada por las pr\u00e1cticas autoritarias, las pol\u00edticas discriminatorias y &hellip;<\/p>\n<p class=\"read-more\"> <a class=\"\" href=\"https:\/\/amnistia.org.mx\/contenido\/index.php\/los-primeros-100-dias-del-presidente-trump-ataques-a-los-ddhh\/\"> <span class=\"screen-reader-text\">Los primeros 100 d\u00edas del presidente Trump: Ataques a los derechos humanos, crueldad y caos<\/span> Leer m\u00e1s &raquo;<\/a><\/p>\n","protected":false},"author":4,"featured_media":38266,"comment_status":"closed","ping_status":"closed","sticky":false,"template":"","format":"standard","meta":{"_uf_show_specific_survey":0,"_uf_disable_surveys":false,"site-sidebar-layout":"default","site-content-layout":"default","ast-global-header-display":"","ast-main-header-display":"","ast-hfb-above-header-display":"","ast-hfb-below-header-display":"","ast-hfb-mobile-header-display":"","site-post-title":"","ast-breadcrumbs-content":"","ast-featured-img":"","footer-sml-layout":"","theme-transparent-header-meta":"","adv-header-id-meta":"","stick-header-meta":"","header-above-stick-meta":"","header-main-stick-meta":"","header-below-stick-meta":""},"categories":[9],"tags":[235],"acf":[],"aioseo_notices":[],"yoast_head":"<!-- This site is optimized with the Yoast SEO plugin v14.5 - https:\/\/yoast.com\/wordpress\/plugins\/seo\/ -->\n<title>Los primeros 100 d\u00edas del presidente Trump: Ataques a los derechos humanos, crueldad y caos - amnistia.org.mx<\/title>\n<meta name=\"description\" content=\"En el informe\u00a0&quot;Caos y Crueldad: 10 graves ataques a los derechos humanos&quot;, Amnist\u00eda Internacional analiza los ataques del presidente Trump contra los derechos humanos nacionales e internacionales en sus primeros 100 d\u00edas de gobierno.\" \/>\n<meta name=\"robots\" content=\"index, follow\" \/>\n<meta name=\"googlebot\" content=\"index, follow, max-snippet:-1, max-image-preview:large, max-video-preview:-1\" \/>\n<meta name=\"bingbot\" content=\"index, follow, max-snippet:-1, max-image-preview:large, max-video-preview:-1\" \/>\n<link rel=\"canonical\" href=\"https:\/\/amnistia.org.mx\/contenido\/index.php\/los-primeros-100-dias-del-presidente-trump-ataques-a-los-ddhh\/\" \/>\n<meta property=\"og:locale\" content=\"es_MX\" \/>\n<meta property=\"og:type\" content=\"article\" \/>\n<meta property=\"og:title\" content=\"Los primeros 100 d\u00edas del presidente Trump: Ataques a los derechos humanos, crueldad y caos - amnistia.org.mx\" \/>\n<meta property=\"og:description\" content=\"En el informe\u00a0&quot;Caos y Crueldad: 10 graves ataques a los derechos humanos&quot;, Amnist\u00eda Internacional analiza los ataques del presidente Trump contra los derechos humanos nacionales e internacionales en sus primeros 100 d\u00edas de gobierno.\" \/>\n<meta property=\"og:url\" content=\"https:\/\/amnistia.org.mx\/contenido\/index.php\/los-primeros-100-dias-del-presidente-trump-ataques-a-los-ddhh\/\" \/>\n<meta property=\"og:site_name\" content=\"amnistia.org.mx\" \/>\n<meta property=\"article:published_time\" content=\"2025-04-30T19:37:41+00:00\" \/>\n<meta property=\"article:modified_time\" content=\"2025-04-30T19:40:05+00:00\" \/>\n<meta property=\"og:image\" content=\"https:\/\/amnistia.org.mx\/contenido\/wp-content\/uploads\/2025\/04\/20250430-Trump.jpg\" \/>\n\t<meta property=\"og:image:width\" content=\"1024\" \/>\n\t<meta property=\"og:image:height\" content=\"683\" \/>\n<meta name=\"twitter:card\" content=\"summary_large_image\" \/>\n<script type=\"application\/ld+json\" class=\"yoast-schema-graph\">{\"@context\":\"https:\/\/schema.org\",\"@graph\":[{\"@type\":\"WebSite\",\"@id\":\"https:\/\/amnistia.org.mx\/contenido\/#website\",\"url\":\"https:\/\/amnistia.org.mx\/contenido\/\",\"name\":\"amnistia.org.mx\",\"description\":\"Nueva p\\u00e1gina de Amnist\\u00eda\",\"potentialAction\":[{\"@type\":\"SearchAction\",\"target\":\"https:\/\/amnistia.org.mx\/contenido\/?s={search_term_string}\",\"query-input\":\"required name=search_term_string\"}],\"inLanguage\":\"es-MX\"},{\"@type\":\"ImageObject\",\"@id\":\"https:\/\/amnistia.org.mx\/contenido\/index.php\/los-primeros-100-dias-del-presidente-trump-ataques-a-los-ddhh\/#primaryimage\",\"inLanguage\":\"es-MX\",\"url\":\"https:\/\/amnistia.org.mx\/contenido\/wp-content\/uploads\/2025\/04\/20250430-Trump.jpg\",\"width\":1024,\"height\":683},{\"@type\":\"WebPage\",\"@id\":\"https:\/\/amnistia.org.mx\/contenido\/index.php\/los-primeros-100-dias-del-presidente-trump-ataques-a-los-ddhh\/#webpage\",\"url\":\"https:\/\/amnistia.org.mx\/contenido\/index.php\/los-primeros-100-dias-del-presidente-trump-ataques-a-los-ddhh\/\",\"name\":\"Los primeros 100 d\\u00edas del presidente Trump: Ataques a los derechos humanos, crueldad y caos - amnistia.org.mx\",\"isPartOf\":{\"@id\":\"https:\/\/amnistia.org.mx\/contenido\/#website\"},\"primaryImageOfPage\":{\"@id\":\"https:\/\/amnistia.org.mx\/contenido\/index.php\/los-primeros-100-dias-del-presidente-trump-ataques-a-los-ddhh\/#primaryimage\"},\"datePublished\":\"2025-04-30T19:37:41+00:00\",\"dateModified\":\"2025-04-30T19:40:05+00:00\",\"author\":{\"@id\":\"https:\/\/amnistia.org.mx\/contenido\/#\/schema\/person\/7db421c495688267ce8ede4625c17fa5\"},\"description\":\"En el informe\\u00a0\\\"Caos y Crueldad: 10 graves ataques a los derechos humanos\\\", Amnist\\u00eda Internacional analiza los ataques del presidente Trump contra los derechos humanos nacionales e internacionales en sus primeros 100 d\\u00edas de gobierno.\",\"breadcrumb\":{\"@id\":\"https:\/\/amnistia.org.mx\/contenido\/index.php\/los-primeros-100-dias-del-presidente-trump-ataques-a-los-ddhh\/#breadcrumb\"},\"inLanguage\":\"es-MX\",\"potentialAction\":[{\"@type\":\"ReadAction\",\"target\":[\"https:\/\/amnistia.org.mx\/contenido\/index.php\/los-primeros-100-dias-del-presidente-trump-ataques-a-los-ddhh\/\"]}]},{\"@type\":\"BreadcrumbList\",\"@id\":\"https:\/\/amnistia.org.mx\/contenido\/index.php\/los-primeros-100-dias-del-presidente-trump-ataques-a-los-ddhh\/#breadcrumb\",\"itemListElement\":[{\"@type\":\"ListItem\",\"position\":1,\"item\":{\"@type\":\"WebPage\",\"@id\":\"https:\/\/amnistia.org.mx\/contenido\/\",\"url\":\"https:\/\/amnistia.org.mx\/contenido\/\",\"name\":\"Home\"}},{\"@type\":\"ListItem\",\"position\":2,\"item\":{\"@type\":\"WebPage\",\"@id\":\"https:\/\/amnistia.org.mx\/contenido\/index.php\/los-primeros-100-dias-del-presidente-trump-ataques-a-los-ddhh\/\",\"url\":\"https:\/\/amnistia.org.mx\/contenido\/index.php\/los-primeros-100-dias-del-presidente-trump-ataques-a-los-ddhh\/\",\"name\":\"Los primeros 100 d\\u00edas del presidente Trump: Ataques a los derechos humanos, crueldad y caos\"}}]},{\"@type\":[\"Person\"],\"@id\":\"https:\/\/amnistia.org.mx\/contenido\/#\/schema\/person\/7db421c495688267ce8ede4625c17fa5\",\"name\":\"Alejandro Ju\\u00e1rez Gamero\",\"image\":{\"@type\":\"ImageObject\",\"@id\":\"https:\/\/amnistia.org.mx\/contenido\/#personlogo\",\"inLanguage\":\"es-MX\",\"url\":\"https:\/\/secure.gravatar.com\/avatar\/e312d5566d1c3ffb56f86415d6f0e606?s=96&d=mm&r=g\",\"caption\":\"Alejandro Ju\\u00e1rez Gamero\"}}]}<\/script>\n<!-- \/ Yoast SEO plugin. -->","_links":{"self":[{"href":"https:\/\/amnistia.org.mx\/contenido\/index.php\/wp-json\/wp\/v2\/posts\/38265"}],"collection":[{"href":"https:\/\/amnistia.org.mx\/contenido\/index.php\/wp-json\/wp\/v2\/posts"}],"about":[{"href":"https:\/\/amnistia.org.mx\/contenido\/index.php\/wp-json\/wp\/v2\/types\/post"}],"author":[{"embeddable":true,"href":"https:\/\/amnistia.org.mx\/contenido\/index.php\/wp-json\/wp\/v2\/users\/4"}],"replies":[{"embeddable":true,"href":"https:\/\/amnistia.org.mx\/contenido\/index.php\/wp-json\/wp\/v2\/comments?post=38265"}],"version-history":[{"count":3,"href":"https:\/\/amnistia.org.mx\/contenido\/index.php\/wp-json\/wp\/v2\/posts\/38265\/revisions"}],"predecessor-version":[{"id":38269,"href":"https:\/\/amnistia.org.mx\/contenido\/index.php\/wp-json\/wp\/v2\/posts\/38265\/revisions\/38269"}],"wp:featuredmedia":[{"embeddable":true,"href":"https:\/\/amnistia.org.mx\/contenido\/index.php\/wp-json\/wp\/v2\/media\/38266"}],"wp:attachment":[{"href":"https:\/\/amnistia.org.mx\/contenido\/index.php\/wp-json\/wp\/v2\/media?parent=38265"}],"wp:term":[{"taxonomy":"category","embeddable":true,"href":"https:\/\/amnistia.org.mx\/contenido\/index.php\/wp-json\/wp\/v2\/categories?post=38265"},{"taxonomy":"post_tag","embeddable":true,"href":"https:\/\/amnistia.org.mx\/contenido\/index.php\/wp-json\/wp\/v2\/tags?post=38265"}],"curies":[{"name":"wp","href":"https:\/\/api.w.org\/{rel}","templated":true}]}}