
{"id":38272,"date":"2025-05-09T11:24:16","date_gmt":"2025-05-09T16:24:16","guid":{"rendered":"https:\/\/amnistia.org.mx\/contenido\/?p=38272"},"modified":"2025-05-09T11:35:47","modified_gmt":"2025-05-09T16:35:47","slug":"la-libertad-de-prensa-mundial-en-2025","status":"publish","type":"post","link":"https:\/\/amnistia.org.mx\/contenido\/index.php\/la-libertad-de-prensa-mundial-en-2025\/","title":{"rendered":"\u00bfEn qu\u00e9 situaci\u00f3n se encuentra la libertad de prensa mundial en 2025?"},"content":{"rendered":"\t\t<div data-elementor-type=\"wp-post\" data-elementor-id=\"38272\" class=\"elementor elementor-38272\">\n\t\t\t\t\t\t\t\t\t<section class=\"elementor-section elementor-top-section elementor-element elementor-element-17548305 elementor-section-boxed elementor-section-height-default elementor-section-height-default\" data-id=\"17548305\" data-element_type=\"section\">\n\t\t\t\t\t\t<div class=\"elementor-container elementor-column-gap-default\">\n\t\t\t\t\t<div class=\"elementor-column elementor-col-100 elementor-top-column elementor-element elementor-element-52987f91\" data-id=\"52987f91\" data-element_type=\"column\">\n\t\t\t<div class=\"elementor-widget-wrap elementor-element-populated\">\n\t\t\t\t\t\t\t\t<div class=\"elementor-element elementor-element-3d8c9372 elementor-author-box--layout-image-above elementor-author-box--align-center elementor-widget elementor-widget-author-box\" data-id=\"3d8c9372\" data-element_type=\"widget\" data-widget_type=\"author-box.default\">\n\t\t\t\t<div class=\"elementor-widget-container\">\n\t\t\t<link rel=\"stylesheet\" href=\"https:\/\/amnistia.org.mx\/contenido\/wp-content\/plugins\/elementor-pro\/assets\/css\/widget-theme-elements.min.css\">\t\t<div class=\"elementor-author-box\">\n\t\t\t\t\t\t\t<div  class=\"elementor-author-box__avatar\">\n\t\t\t\t\t<img decoding=\"async\" src=\"https:\/\/amnistia.org.mx\/contenido\/wp-content\/uploads\/2020\/06\/circle-cropped-6-300x300.png\" alt=\"Por Amnist\u00eda Internacional\">\n\t\t\t\t<\/div>\n\t\t\t\n\t\t\t<div class=\"elementor-author-box__text\">\n\t\t\t\t\t\t\t\t\t<div >\n\t\t\t\t\t\t<h4 class=\"elementor-author-box__name\">\n\t\t\t\t\t\t\tPor Amnist\u00eda Internacional\t\t\t\t\t\t<\/h4>\n\t\t\t\t\t<\/div>\n\t\t\t\t\n\t\t\t\t\n\t\t\t\t\t\t\t<\/div>\n\t\t<\/div>\n\t\t\t\t<\/div>\n\t\t\t\t<\/div>\n\t\t\t\t<div class=\"elementor-element elementor-element-5035accd elementor-widget-divider--view-line elementor-widget elementor-widget-divider\" data-id=\"5035accd\" data-element_type=\"widget\" data-widget_type=\"divider.default\">\n\t\t\t\t<div class=\"elementor-widget-container\">\n\t\t\t<style>\/*! elementor - v3.11.5 - 14-03-2023 *\/\n.elementor-widget-divider{--divider-border-style:none;--divider-border-width:1px;--divider-color:#0c0d0e;--divider-icon-size:20px;--divider-element-spacing:10px;--divider-pattern-height:24px;--divider-pattern-size:20px;--divider-pattern-url:none;--divider-pattern-repeat:repeat-x}.elementor-widget-divider .elementor-divider{display:flex}.elementor-widget-divider .elementor-divider__text{font-size:15px;line-height:1;max-width:95%}.elementor-widget-divider .elementor-divider__element{margin:0 var(--divider-element-spacing);flex-shrink:0}.elementor-widget-divider .elementor-icon{font-size:var(--divider-icon-size)}.elementor-widget-divider .elementor-divider-separator{display:flex;margin:0;direction:ltr}.elementor-widget-divider--view-line_icon .elementor-divider-separator,.elementor-widget-divider--view-line_text .elementor-divider-separator{align-items:center}.elementor-widget-divider--view-line_icon .elementor-divider-separator:after,.elementor-widget-divider--view-line_icon .elementor-divider-separator:before,.elementor-widget-divider--view-line_text .elementor-divider-separator:after,.elementor-widget-divider--view-line_text .elementor-divider-separator:before{display:block;content:\"\";border-bottom:0;flex-grow:1;border-top:var(--divider-border-width) var(--divider-border-style) var(--divider-color)}.elementor-widget-divider--element-align-left .elementor-divider .elementor-divider-separator>.elementor-divider__svg:first-of-type{flex-grow:0;flex-shrink:100}.elementor-widget-divider--element-align-left .elementor-divider-separator:before{content:none}.elementor-widget-divider--element-align-left .elementor-divider__element{margin-left:0}.elementor-widget-divider--element-align-right .elementor-divider .elementor-divider-separator>.elementor-divider__svg:last-of-type{flex-grow:0;flex-shrink:100}.elementor-widget-divider--element-align-right .elementor-divider-separator:after{content:none}.elementor-widget-divider--element-align-right .elementor-divider__element{margin-right:0}.elementor-widget-divider:not(.elementor-widget-divider--view-line_text):not(.elementor-widget-divider--view-line_icon) .elementor-divider-separator{border-top:var(--divider-border-width) var(--divider-border-style) var(--divider-color)}.elementor-widget-divider--separator-type-pattern{--divider-border-style:none}.elementor-widget-divider--separator-type-pattern.elementor-widget-divider--view-line .elementor-divider-separator,.elementor-widget-divider--separator-type-pattern:not(.elementor-widget-divider--view-line) .elementor-divider-separator:after,.elementor-widget-divider--separator-type-pattern:not(.elementor-widget-divider--view-line) .elementor-divider-separator:before,.elementor-widget-divider--separator-type-pattern:not([class*=elementor-widget-divider--view]) .elementor-divider-separator{width:100%;min-height:var(--divider-pattern-height);-webkit-mask-size:var(--divider-pattern-size) 100%;mask-size:var(--divider-pattern-size) 100%;-webkit-mask-repeat:var(--divider-pattern-repeat);mask-repeat:var(--divider-pattern-repeat);background-color:var(--divider-color);-webkit-mask-image:var(--divider-pattern-url);mask-image:var(--divider-pattern-url)}.elementor-widget-divider--no-spacing{--divider-pattern-size:auto}.elementor-widget-divider--bg-round{--divider-pattern-repeat:round}.rtl .elementor-widget-divider .elementor-divider__text{direction:rtl}.e-con-inner>.elementor-widget-divider,.e-con>.elementor-widget-divider{width:var(--container-widget-width,100%);--flex-grow:var(--container-widget-flex-grow)}<\/style>\t\t<div class=\"elementor-divider\">\n\t\t\t<span class=\"elementor-divider-separator\">\n\t\t\t\t\t\t<\/span>\n\t\t<\/div>\n\t\t\t\t<\/div>\n\t\t\t\t<\/div>\n\t\t\t\t\t<\/div>\n\t\t<\/div>\n\t\t\t\t\t\t\t<\/div>\n\t\t<\/section>\n\t\t\t\t<section class=\"elementor-section elementor-top-section elementor-element elementor-element-5f66aaa6 elementor-section-boxed elementor-section-height-default elementor-section-height-default\" data-id=\"5f66aaa6\" data-element_type=\"section\">\n\t\t\t\t\t\t<div class=\"elementor-container elementor-column-gap-default\">\n\t\t\t\t\t<div class=\"elementor-column elementor-col-100 elementor-top-column elementor-element elementor-element-251eee3a\" data-id=\"251eee3a\" data-element_type=\"column\">\n\t\t\t<div class=\"elementor-widget-wrap elementor-element-populated\">\n\t\t\t\t\t\t\t\t<div class=\"elementor-element elementor-element-7e8a076e elementor-align-center elementor-widget elementor-widget-post-info\" data-id=\"7e8a076e\" data-element_type=\"widget\" data-widget_type=\"post-info.default\">\n\t\t\t\t<div class=\"elementor-widget-container\">\n\t\t\t<link rel=\"stylesheet\" href=\"https:\/\/amnistia.org.mx\/contenido\/wp-content\/plugins\/elementor\/assets\/css\/widget-icon-list.min.css\">\t\t<ul class=\"elementor-inline-items elementor-icon-list-items elementor-post-info\">\n\t\t\t\t\t\t\t\t<li class=\"elementor-icon-list-item elementor-repeater-item-faf80c6 elementor-inline-item\" itemprop=\"datePublished\">\n\t\t\t\t\t\t<a href=\"https:\/\/amnistia.org.mx\/contenido\/index.php\/2025\/05\/09\/\">\n\t\t\t\t\t\t\t\t\t\t\t<span class=\"elementor-icon-list-icon\">\n\t\t\t\t\t\t\t\t<svg aria-hidden=\"true\" class=\"e-font-icon-svg e-fas-calendar\" viewBox=\"0 0 448 512\" xmlns=\"http:\/\/www.w3.org\/2000\/svg\"><path d=\"M12 192h424c6.6 0 12 5.4 12 12v260c0 26.5-21.5 48-48 48H48c-26.5 0-48-21.5-48-48V204c0-6.6 5.4-12 12-12zm436-44v-36c0-26.5-21.5-48-48-48h-48V12c0-6.6-5.4-12-12-12h-40c-6.6 0-12 5.4-12 12v52H160V12c0-6.6-5.4-12-12-12h-40c-6.6 0-12 5.4-12 12v52H48C21.5 64 0 85.5 0 112v36c0 6.6 5.4 12 12 12h424c6.6 0 12-5.4 12-12z\"><\/path><\/svg>\t\t\t\t\t\t\t<\/span>\n\t\t\t\t\t\t\t\t\t<span class=\"elementor-icon-list-text elementor-post-info__item elementor-post-info__item--type-date\">\n\t\t\t\t\t\t\t\t\t\tmayo 9, 2025\t\t\t\t\t<\/span>\n\t\t\t\t\t\t\t\t\t<\/a>\n\t\t\t\t<\/li>\n\t\t\t\t<\/ul>\n\t\t\t\t<\/div>\n\t\t\t\t<\/div>\n\t\t\t\t\t<\/div>\n\t\t<\/div>\n\t\t\t\t\t\t\t<\/div>\n\t\t<\/section>\n\t\t\t\t<section class=\"elementor-section elementor-top-section elementor-element elementor-element-3ee19949 elementor-section-boxed elementor-section-height-default elementor-section-height-default\" data-id=\"3ee19949\" data-element_type=\"section\">\n\t\t\t\t\t\t<div class=\"elementor-container elementor-column-gap-wide\">\n\t\t\t\t\t<div class=\"elementor-column elementor-col-66 elementor-top-column elementor-element elementor-element-3c8820fa\" data-id=\"3c8820fa\" data-element_type=\"column\">\n\t\t\t<div class=\"elementor-widget-wrap elementor-element-populated\">\n\t\t\t\t\t\t\t\t<div class=\"elementor-element elementor-element-7290cf4 elementor-widget elementor-widget-text-editor\" data-id=\"7290cf4\" data-element_type=\"widget\" data-widget_type=\"text-editor.default\">\n\t\t\t\t<div class=\"elementor-widget-container\">\n\t\t\t<style>\/*! elementor - v3.11.5 - 14-03-2023 *\/\n.elementor-widget-text-editor.elementor-drop-cap-view-stacked .elementor-drop-cap{background-color:#69727d;color:#fff}.elementor-widget-text-editor.elementor-drop-cap-view-framed .elementor-drop-cap{color:#69727d;border:3px solid;background-color:transparent}.elementor-widget-text-editor:not(.elementor-drop-cap-view-default) .elementor-drop-cap{margin-top:8px}.elementor-widget-text-editor:not(.elementor-drop-cap-view-default) .elementor-drop-cap-letter{width:1em;height:1em}.elementor-widget-text-editor .elementor-drop-cap{float:left;text-align:center;line-height:1;font-size:50px}.elementor-widget-text-editor .elementor-drop-cap-letter{display:inline-block}<\/style>\t\t\t\t<p>En todo el mundo se est\u00e1 acallando, encarcelando y haciendo desaparecer a periodistas, simplemente porque hacen su trabajo. En pa\u00edses como Guatemala, Estados Unidos de Am\u00e9rica, Rusia o Pakist\u00e1n, los gobiernos recurren cada vez m\u00e1s a pr\u00e1cticas autoritarias y utilizan como armas unas leyes ambiguas, los sistemas judiciales y la fuerza bruta para reprimir la libertad de prensa.<\/p><p>Estos ataques a la prensa no son incidentes aislados; suelen estar en el n\u00facleo de unas estrategias deliberadas para desmantelar los fundamentos mismos de los derechos humanos. El deterioro de la libertad de prensa es una advertencia, una se\u00f1al que indica una inclinaci\u00f3n m\u00e1s amplia hacia el autoritarismo.<\/p><p>En el D\u00eda Mundial de la Libertad de Prensa, arrojamos luz sobre la situaci\u00f3n de la libertad de prensa en todo el mundo, destacamos algunas tendencias preocupantes y explicamos algunos de los \u00faltimos acontecimientos que ponen en peligro a los y las periodistas.<\/p>\t\t\t\t\t\t<\/div>\n\t\t\t\t<\/div>\n\t\t\t\t<div class=\"elementor-element elementor-element-fd9b518 elementor-widget elementor-widget-heading\" data-id=\"fd9b518\" data-element_type=\"widget\" data-widget_type=\"heading.default\">\n\t\t\t\t<div class=\"elementor-widget-container\">\n\t\t\t<style>\/*! elementor - v3.11.5 - 14-03-2023 *\/\n.elementor-heading-title{padding:0;margin:0;line-height:1}.elementor-widget-heading .elementor-heading-title[class*=elementor-size-]>a{color:inherit;font-size:inherit;line-height:inherit}.elementor-widget-heading .elementor-heading-title.elementor-size-small{font-size:15px}.elementor-widget-heading .elementor-heading-title.elementor-size-medium{font-size:19px}.elementor-widget-heading .elementor-heading-title.elementor-size-large{font-size:29px}.elementor-widget-heading .elementor-heading-title.elementor-size-xl{font-size:39px}.elementor-widget-heading .elementor-heading-title.elementor-size-xxl{font-size:59px}<\/style><h2 class=\"elementor-heading-title elementor-size-default\">\u00bfPor qu\u00e9 es importante la libertad de prensa?\n<\/h2>\t\t<\/div>\n\t\t\t\t<\/div>\n\t\t\t\t<div class=\"elementor-element elementor-element-3f93a28 elementor-widget elementor-widget-text-editor\" data-id=\"3f93a28\" data-element_type=\"widget\" data-widget_type=\"text-editor.default\">\n\t\t\t\t<div class=\"elementor-widget-container\">\n\t\t\t\t\t\t\t<p>La\u00a0<a href=\"https:\/\/www.amnesty.org\/es\/what-we-do\/freedom-of-expression\/\">libertad de prensa<\/a>\u00a0es fundamental para el cumplimiento del derecho humano a la libertad de expresi\u00f3n, en particular el de buscar, difundir y recibir informaci\u00f3n e ideas de todo tipo. La libertad de prensa desempe\u00f1a una funci\u00f3n esencial a la hora de hacer rendir cuentas a los gobiernos y otros actores poderosos. Para ello, la prensa debe poder informar con libertad e independencia, sin sufrir amenazas, intimidaci\u00f3n ni castigo.<\/p><p>Una prensa libre, que informe sobre los asuntos de inter\u00e9s p\u00fablico que conforman nuestras vidas, es una de las piedras angulares de cualquier sociedad respetuosa con los derechos humanos. Sin embargo, en muchos pa\u00edses, los y las periodistas se enfrentan a represi\u00f3n y agresiones.<\/p><p>Los gobiernos deben promover y proteger la existencia de unos medios de comunicaci\u00f3n independientes y libres y extremar \u2014en lugar de restringir\u2014 la transparencia y el acceso a la informaci\u00f3n.<\/p>\t\t\t\t\t\t<\/div>\n\t\t\t\t<\/div>\n\t\t\t\t<div class=\"elementor-element elementor-element-2276a90 elementor-widget elementor-widget-heading\" data-id=\"2276a90\" data-element_type=\"widget\" data-widget_type=\"heading.default\">\n\t\t\t\t<div class=\"elementor-widget-container\">\n\t\t\t<h2 class=\"elementor-heading-title elementor-size-default\">\u00bfDe que manera se est\u00e1 atacando a la libertad de prensa en Estados Unidos?\n<\/h2>\t\t<\/div>\n\t\t\t\t<\/div>\n\t\t\t\t<div class=\"elementor-element elementor-element-c92675e elementor-widget elementor-widget-text-editor\" data-id=\"c92675e\" data-element_type=\"widget\" data-widget_type=\"text-editor.default\">\n\t\t\t\t<div class=\"elementor-widget-container\">\n\t\t\t\t\t\t\t<p>El presidente Donald Trump ha adoptado diversas medidas para restringir indebidamente el derecho a la libertad de expresi\u00f3n y limitar la libertad de prensa, entre ellas\u00a0<a href=\"https:\/\/www.nytimes.com\/2025\/02\/25\/business\/media\/trump-white-house-press.html\">seleccionar cuidadosamente los medios de comunicaci\u00f3n que pueden informar sobre la Casa Blanca<\/a>\u00a0y demonizar a periodistas. Antes de convertirse en presidente, present\u00f3 una demanda contra los medios\u00a0<em>CBS News\u00a0<\/em>y\u00a0<em>Des Moines Register<\/em>\u00a0por publicar algo con lo que no estaba de acuerdo. Asimismo, ha prohibido a Associated Press (Prensa Asociada) informar sobre los actos que tienen lugar en la Casa Blanca porque no estaba de acuerdo con la decisi\u00f3n editorial de esta agencia de noticias de utilizar el t\u00e9rmino \u201cgolfo de M\u00e9xico\u201d en lugar de \u201cgolfo de Am\u00e9rica\u201d.<\/p><p>El presidente ha pedido a los medios de comunicaci\u00f3n que despidan a determinados periodistas por difundir informaci\u00f3n que no lo presenta desde una perspectiva favorable y ha bromeado con que\u00a0<a href=\"https:\/\/www.npr.org\/2024\/10\/22\/nx-s1-5161480\/trump-media-threats-abc-cbs-60-minutes-journalists\">encarcelar\u00eda a periodistas<\/a>\u00a0como represalia por ofrecer informaci\u00f3n desfavorable. Adem\u00e1s de desmantelar Voz de Am\u00e9rica, junto con\u00a0<a href=\"https:\/\/www.amnesty.org\/es\/latest\/news\/2025\/03\/trumps-gutting-of-rfa-hits-press-freedom-and-helps-its-opponents-across-asia\/\">Radio Free Asia<\/a>, Radio Free Europe\/Radio Liberty, Radio Mart\u00ed \u2014que informa sobre Cuba\u2014 y las emisoras que transmiten en Oriente Medio, est\u00e1 a favor de reducir radicalmente\u00a0<a href=\"https:\/\/www.npr.org\/2025\/04\/15\/nx-s1-5352827\/npr-pbs-public-media-trump-rescission-funding\">la financiaci\u00f3n de otras<\/a>\u00a0emisoras que reciben fondos p\u00fablicos, como NPR y PBS. Por otra parte, el recorte aplicado a la Agencia de los Estados Unidos para el Desarrollo Internacional (USAID) ha afectado a la ayuda humanitaria destinada a periodistas en situaci\u00f3n de riesgo.<\/p><p>M\u00e1s a\u00fan: mientras el presidente Trump ataca la libertad de prensa y la integridad period\u00edstica, las empresas de redes sociales \u2014especialmente\u00a0<a href=\"https:\/\/www.nbcnews.com\/tech\/social-media\/meta-ends-fact-checking-program-community-notes-x-rcna186468\">Meta y X, que pertenece a Elon Musk<\/a>\u2014 han liquidado los programas de comprobaci\u00f3n de datos de sus plataformas, lo que contribuye a la difusi\u00f3n de desinformaci\u00f3n. Esto resulta especialmente preocupante en cuanto que un porcentaje muy elevado de la poblaci\u00f3n estadounidense se informa a trav\u00e9s de las plataformas de redes sociales.<\/p>\t\t\t\t\t\t<\/div>\n\t\t\t\t<\/div>\n\t\t\t\t<div class=\"elementor-element elementor-element-42ef6a9 elementor-widget elementor-widget-heading\" data-id=\"42ef6a9\" data-element_type=\"widget\" data-widget_type=\"heading.default\">\n\t\t\t\t<div class=\"elementor-widget-container\">\n\t\t\t<h2 class=\"elementor-heading-title elementor-size-default\">\u00bfPor qu\u00e9 figura Afganist\u00e1n entre los peores pa\u00edses con respecto a la libertad de medios de comunicaci\u00f3n?\n<\/h2>\t\t<\/div>\n\t\t\t\t<\/div>\n\t\t\t\t<div class=\"elementor-element elementor-element-e0e1ca8 elementor-widget elementor-widget-text-editor\" data-id=\"e0e1ca8\" data-element_type=\"widget\" data-widget_type=\"text-editor.default\">\n\t\t\t\t<div class=\"elementor-widget-container\">\n\t\t\t\t\t\t\t<p>Los talibanes siguen reprimiendo de forma implacable la libertad de expresi\u00f3n mediante la prohibici\u00f3n del funcionamiento de medios de comunicaci\u00f3n y la limitaci\u00f3n de su programaci\u00f3n, y deteniendo il\u00edcitamente y torturando a periodistas por informaciones cr\u00edticas con sus pol\u00edticas y normas draconianas. Por ejemplo, en noviembre de 2024, la\u00a0<a href=\"https:\/\/unama.unmissions.org\/\">Misi\u00f3n de Asistencia de las Naciones Unidas en Afganist\u00e1n<\/a>\u00a0denunci\u00f3 el uso de la detenci\u00f3n arbitraria, la tortura y otros malos tratos, y amenazas e intimidaci\u00f3n contra 336 periodistas y miembros del personal de los medios de comunicaci\u00f3n, entre agosto de 2021 y septiembre de 2024.\u00a0<a href=\"https:\/\/rsf.org\/en\/index?year=2024\">Afganist\u00e1n figura entre los peores pa\u00edses en cuanto a la libertad de medios de comunicaci\u00f3n<ins>\u00a0bajo el gobierno \u201cde facto\u201d de los talibanes.<\/ins><\/a><\/p><p>Desde su regreso en 2021, los\u00a0<a href=\"https:\/\/rsf.org\/en\/afghanistan-press-freedom-its-lowest-point-taliban-closed-12-media-outlets-less-year\">talibanes han prohibido y suspendido muchos medios de comunicaci\u00f3n<\/a>, especialmente emisoras de televisi\u00f3n y radio, del pa\u00eds por criticar sus pol\u00edticas. Adem\u00e1s, han impuesto restricciones a periodistas y comentaristas que trabajan y colaboran con determinados medios de comunicaci\u00f3n que operan fuera del pa\u00eds.<\/p><p>En el marco de su ataque continuado a la libertad de prensa y de expresi\u00f3n, se ha tenido noticia de que los talibanes han introducido limitaciones a los programas de debate pol\u00edtico en directo, especialmente sobre qui\u00e9n puede participar en las entrevistas y qu\u00e9 se puede decir. Los talibanes siguen aplicando la prohibici\u00f3n de grabar y emitir im\u00e1genes de \u201cseres vivos\u201d porque va en contra de la ley sobre el vicio y la virtud aplicada en varias provincias.<\/p>\t\t\t\t\t\t<\/div>\n\t\t\t\t<\/div>\n\t\t\t\t<div class=\"elementor-element elementor-element-f355756 elementor-widget elementor-widget-heading\" data-id=\"f355756\" data-element_type=\"widget\" data-widget_type=\"heading.default\">\n\t\t\t\t<div class=\"elementor-widget-container\">\n\t\t\t<h2 class=\"elementor-heading-title elementor-size-default\">\u00bfCu\u00e1l es la situaci\u00f3n de la libertad de prensa en Europa Oriental y Asia Central?\n<\/h2>\t\t<\/div>\n\t\t\t\t<\/div>\n\t\t\t\t<div class=\"elementor-element elementor-element-7e6952e elementor-widget elementor-widget-text-editor\" data-id=\"7e6952e\" data-element_type=\"widget\" data-widget_type=\"text-editor.default\">\n\t\t\t\t<div class=\"elementor-widget-container\">\n\t\t\t\t\t\t\t<p>En algunas zonas de Europa Orienta y Asia Centra, la\u00a0<a href=\"https:\/\/www.rferl.org\/a\/media-freedom-rsf-report-censorship\/32931885.html\">libertad de medios de comunicaci\u00f3n sigue disminuyendo<\/a>\u00a0mientras aumentan la censura y la represi\u00f3n de las voces independientes. Los gobiernos, cada vez m\u00e1s, utilizan la vigilancia ileg\u00edtima y hacen uso indebido de la legislaci\u00f3n para restringir la libertad de expresi\u00f3n y criminalizar la disidencia.<\/p><p>En\u00a0<a href=\"https:\/\/www.amnesty.org\/es\/location\/europe-and-central-asia\/eastern-europe-and-central-asia\/belarus\/\">Bielorrusia<\/a>, la libertad de medios de comunicaci\u00f3n pr\u00e1cticamente no existe: los medios de comunicaci\u00f3n opositores e independientes se han visto expulsados del pa\u00eds, y m\u00e1s de 40 periodistas permanecen en prisi\u00f3n. En Rusia, los medios de comunicaci\u00f3n independientes son calificados de \u201cindeseables\u201d, lo que provoca la criminalizaci\u00f3n de su trabajo, proh\u00edbe en la pr\u00e1ctica su actividad y los obliga a marcharse a otros pa\u00edses. Los y las periodistas tambi\u00e9n est\u00e1n se\u00f1alados como \u201c<a href=\"https:\/\/www.amnesty.org\/es\/latest\/press-release\/2020\/11\/russia-new-foreign-agents-bill-further-erodes-freedom-of-expression-and-association\/\">agentes extranjeros<\/a>\u201d, lo que supone que la financiaci\u00f3n que reciben se ve dr\u00e1sticamente reducida y su reputaci\u00f3n empa\u00f1ada, y son objeto de intimidaci\u00f3n y persecuci\u00f3n.<\/p><p><a href=\"https:\/\/www.amnesty.org.uk\/press-releases\/georgia-symbolic-acts-protest-targeted-draconian-new-law\">Los medios de comunicaci\u00f3n de Georgia<\/a>\u00a0se encuentran en primera l\u00ednea de la agresi\u00f3n del gobiernos a la protesta pac\u00edfica. La polic\u00eda ha actuado espec\u00edficamente contra periodistas, sobre todo mediante el uso ileg\u00edtimo de la fuerza, para evitar que informen sobre las protestas. La destacada periodista\u00a0<a href=\"https:\/\/frontnews.ge\/en\/amnesty-international-urges-georgian-gov-t-to-ensure-justice-in-case-of-jailed-media-manager\/\">Mzia Amaglobeli<\/a>, que se uni\u00f3 a quienes se manifestaban, es una de quienes est\u00e1n actualmente bajo custodia como presuntos delincuentes. En toda la regi\u00f3n, el acceso a informaci\u00f3n fidedigna se reduce y la desinformaci\u00f3n domina cada vez m\u00e1s el espacio p\u00fablico.<\/p>\t\t\t\t\t\t<\/div>\n\t\t\t\t<\/div>\n\t\t\t\t<div class=\"elementor-element elementor-element-33fcdc3 elementor-widget elementor-widget-heading\" data-id=\"33fcdc3\" data-element_type=\"widget\" data-widget_type=\"heading.default\">\n\t\t\t\t<div class=\"elementor-widget-container\">\n\t\t\t<h2 class=\"elementor-heading-title elementor-size-default\">\u00bfQu\u00e9 significa ser periodista en Centroam\u00e9rica?\n<\/h2>\t\t<\/div>\n\t\t\t\t<\/div>\n\t\t\t\t<div class=\"elementor-element elementor-element-64aceb3 elementor-widget elementor-widget-text-editor\" data-id=\"64aceb3\" data-element_type=\"widget\" data-widget_type=\"text-editor.default\">\n\t\t\t\t<div class=\"elementor-widget-container\">\n\t\t\t\t\t\t\t<p>Las autoridades guatemaltecas utilizan el C\u00f3digo Penal como arma para aplastar la libertad de prensa y acallar a quienes denuncian la corrupci\u00f3n y los abusos contra los derechos humanos. Se somete a periodistas, junto con defensores y defensoras de los derechos humanos y miembros de las dirigencias ind\u00edgenas, a simulacros de juicio, detenci\u00f3n arbitraria, campa\u00f1as difamatorias y amenazas \u2014especialmente ataques racistas y sexistas\u2014 mediante un sistema de justicia que sirve de agente encargado de aplicar la represi\u00f3n pol\u00edtica.<\/p><p>El periodista\u00a0<a href=\"https:\/\/www.amnesty.org\/es\/latest\/news\/2025\/03\/guatemala-amnistia-internacional-condena-el-regreso-a-prision-del-periodista-jose-ruben-zamora\/\" target=\"_blank\" rel=\"noreferrer noopener\">Jos\u00e9 Rub\u00e9n Zamora<\/a>\u00a0lleva m\u00e1s de 1.000 d\u00edas de persecuci\u00f3n injusta por denunciar la corrupci\u00f3n del gobierno. Tras haber pasado 800 d\u00edas preso entre julio de 2022 y octubre de 2024, en marzo de 2025 fue encarcelado de nuevo.\u00a0<\/p><p>Es uno de los centenares que sufren hostigamiento penal s\u00f3lo por ejercer su derecho a la libertad de expresi\u00f3n. Estos ataques vulneran los derechos humanos en Guatemala y ponen en peligro las bases mismas de una sociedad abierta y libre. Nuestra campa\u00f1a\u00a0<a href=\"https:\/\/www.amnesty.org\/es\/documents\/amr34\/8647\/2024\/es\/\">\u201cSin miedo ni mordaza\u201d<\/a>\u00a0es un llamamiento a apoyar a quienes se niegan a guardar silencio.<\/p>\t\t\t\t\t\t<\/div>\n\t\t\t\t<\/div>\n\t\t\t\t<div class=\"elementor-element elementor-element-d4c320e elementor-widget elementor-widget-image\" data-id=\"d4c320e\" data-element_type=\"widget\" data-widget_type=\"image.default\">\n\t\t\t\t<div class=\"elementor-widget-container\">\n\t\t\t<style>\/*! elementor - v3.11.5 - 14-03-2023 *\/\n.elementor-widget-image{text-align:center}.elementor-widget-image a{display:inline-block}.elementor-widget-image a img[src$=\".svg\"]{width:48px}.elementor-widget-image img{vertical-align:middle;display:inline-block}<\/style>\t\t\t\t\t\t\t\t\t<figure class=\"wp-caption\">\n\t\t\t\t\t\t\t\t\t\t\t<a href=\"https:\/\/www.amnesty.org\/es\/petition\/exige-a-ecuador-eliminar-los-mecheros-en-la-amazonia\/\">\n\t\t\t\t\t\t\t<img decoding=\"async\" width=\"1024\" height=\"576\" src=\"https:\/\/amnistia.org.mx\/contenido\/wp-content\/uploads\/2025\/05\/WP_Portada_Libertad_de_Prensa_2025-1024x576.png\" class=\"attachment-large size-large wp-image-38273\" alt=\"Agentes de la polic\u00eda antidisturbios detienen a un periodista durante una manifestaci\u00f3n no autorizada para exigir elecciones justas en la plaza Pushkinskaya de Mosc\u00fa el 3 de agosto de 2019. La manifestaci\u00f3n es la m\u00e1s reciente de una serie de manifestaciones despu\u00e9s de que las autoridades se negaran a permitir que los candidatos populares de la oposici\u00f3n se presentaran a las elecciones parlamentarias del pr\u00f3ximo mes. Foto de ALEXANDER NEMENOV\/AFP v\u00eda Getty Images.\" loading=\"lazy\" \/>\t\t\t\t\t\t\t\t<\/a>\n\t\t\t\t\t\t\t\t\t\t\t<figcaption class=\"widget-image-caption wp-caption-text\">Un grupo de trece ni\u00f1as y adolescentes activistas amaz\u00f3nicas llamado \"Guerreras por la Amazon\u00eda\" (GxA), enfrentan estigmatizaci\u00f3n e intimidaci\u00f3n por proteger la Amazon\u00eda ecuatoriana contra las antorchas de gas que contaminan sus comunidades y contribuyen a la crisis clim\u00e1tica. Fotograf\u00eda de Iv\u00e1n Mart\u00ednez \/ Amnesty International<\/figcaption>\n\t\t\t\t\t\t\t\t\t\t<\/figure>\n\t\t\t\t\t\t\t\t\t<\/div>\n\t\t\t\t<\/div>\n\t\t\t\t<div class=\"elementor-element elementor-element-f6c3192 elementor-widget elementor-widget-heading\" data-id=\"f6c3192\" data-element_type=\"widget\" data-widget_type=\"heading.default\">\n\t\t\t\t<div class=\"elementor-widget-container\">\n\t\t\t<h2 class=\"elementor-heading-title elementor-size-default\">\u00bfPor qu\u00e9 Pakist\u00e1n somete a periodistas a desaparici\u00f3n forzada?\n<\/h2>\t\t<\/div>\n\t\t\t\t<\/div>\n\t\t\t\t<div class=\"elementor-element elementor-element-2c92ac6 elementor-widget elementor-widget-text-editor\" data-id=\"2c92ac6\" data-element_type=\"widget\" data-widget_type=\"text-editor.default\">\n\t\t\t\t<div class=\"elementor-widget-container\">\n\t\t\t\t\t\t\t<p>El historial de\u00a0<a href=\"https:\/\/www.amnesty.org\/es\/documents\/asa33\/5872\/2022\/en\/\">Pakist\u00e1n<\/a>\u00a0en materia de derechos humanos lleva tiempo empa\u00f1ado por el uso de la desaparici\u00f3n forzada para acallar a periodista y reprimir a activistas y defensoras y defensoras de los derechos humanos que se atreven a expresar su opini\u00f3n y criticar al gobierno.<\/p><p>En 2024, al menos siete periodistas perdieron la vida en ataques selectivos cometidos en Pakist\u00e1n. Provincias tales como Baluchist\u00e1n y Jyber Pajtunjwa, ambas con mucha poblaci\u00f3n perteneciente a minor\u00edas \u00e9tnicas, son especialmente peligrosas, y Amnist\u00eda Internacional califica Baluchist\u00e1n de \u201c<a href=\"https:\/\/www.amnesty.org\/es\/documents\/ASA33\/005\/2014\/en\/\">cementerio de periodistas<\/a>\u201d.<\/p><p>Desde 2011 se han registrado en Pakist\u00e1n al menos\u00a0<a href=\"https:\/\/www.amnesty.org\/en\/projects\/enforced-disappearance-in-south-asia\/#:~:text=Pakistan-,Pakistan,on%20Enforced%20Disappearances%20(COIED)\">10.078<\/a>\u00a0desapariciones forzadas, entre ellas de periodistas, aunque los grupos de derechos humanos consideran que la cifra real es mucho m\u00e1s elevada. El\u00a0<a href=\"https:\/\/www.amnesty.org\/en\/latest\/news\/2021\/11\/pakistan-new-briefing-documents-far-reaching-impact-of-enforced-disappearance-on-families-of-the-vanished\/\">C\u00f3digo Penal de Pakist\u00e1n<\/a>\u00a0tipifica el rapto y el secuestro, pero no penaliza la desaparici\u00f3n forzada como delito aparte, y el poder judicial no suele poder hacer rendir cuentas a los organismos de seguridad, lo que se traduce en la falta de rendici\u00f3n de cuentas del Estado. Es habitual que las familias de las personas desaparecidas sufran hostigamiento, y la intimidaci\u00f3n\u00a0<a href=\"https:\/\/www.amnesty.org\/en\/latest\/news\/2022\/08\/pakistan-protests-by-families-of-the-disappeared-met-with-intimidation-harassment-and-violence\/\">se intensifica<\/a>\u00a0en el caso de quienes hayan puesto en marcha protestas p\u00fablicas y hecho campa\u00f1a abiertamente para exigir justicia para sus seres queridos. Tambi\u00e9n se vienen usando disposiciones tales como la Ley de Prevenci\u00f3n de Delitos Electr\u00f3nicos y su reforma de 2025 para detener a periodistas que critican al Estado.<\/p>\t\t\t\t\t\t<\/div>\n\t\t\t\t<\/div>\n\t\t\t\t<div class=\"elementor-element elementor-element-3f2dcef elementor-widget elementor-widget-heading\" data-id=\"3f2dcef\" data-element_type=\"widget\" data-widget_type=\"heading.default\">\n\t\t\t\t<div class=\"elementor-widget-container\">\n\t\t\t<h2 class=\"elementor-heading-title elementor-size-default\">\u00bfDe qu\u00e9 manera reprimen las autoridades de \u00c1frica Oriental y Austral a los y las periodistas?\n<\/h2>\t\t<\/div>\n\t\t\t\t<\/div>\n\t\t\t\t<div class=\"elementor-element elementor-element-38fb1ef elementor-widget elementor-widget-text-editor\" data-id=\"38fb1ef\" data-element_type=\"widget\" data-widget_type=\"text-editor.default\">\n\t\t\t\t<div class=\"elementor-widget-container\">\n\t\t\t\t\t\t\t<p>En toda \u00c1frica Oriental y Austral, las autoridades siguieron imponiendo restricciones a la libertad de medios de comunicaci\u00f3n y al derecho a la libertad derecho a la libertad de expresi\u00f3n, especialmente mediante la aprobaci\u00f3n de nueva legislaci\u00f3n represiva.<\/p><p>En Madagascar, el C\u00f3digo de la Cibercriminalidad y el C\u00f3digo de Comunicaci\u00f3n han obligado a los y las periodistas a autocensurarse por temor a represalias. Zimbabue ha promulgado la Ley de Reforma (Ley Patri\u00f3tica) del C\u00f3digo Penal (Codificaci\u00f3n y Reforma), que\u00a0<a href=\"https:\/\/rsf.org\/en\/patriot-bill-threat-zimbabwean-journalists-two-months-elections\">pone en peligro la libertad de medios de comunicaci\u00f3n<\/a>\u00a0y penaliza todo lo que las autoridades consideren que \u201cperjudica la soberan\u00eda y el inter\u00e9s nacional de Zimbabue\u201d.<\/p><p>Quienes se atreven a informar sobre denuncias de corrupci\u00f3n y violaciones de derechos humanos son tambi\u00e9n objeto de intimidaci\u00f3n, hostigamiento y detenci\u00f3n generalizados. En Mozambique, donde los y las periodistas sufren amenazas de muerte y actos de violencia e incluso son asesinados,\u00a0<a href=\"https:\/\/www.amnesty.org\/en\/latest\/news\/2025\/04\/mozambique-authorities-must-bring-perpetrators-to-justice-for-reckless-and-deadly-protest-crackdown\/\">hemos documentado<\/a>\u00a0numerosos incidentes en los que las autoridades actuaron contra periodistas, entre ellos el lanzamiento de gas lacrim\u00f3geno en una conferencia de prensa.<\/p>\t\t\t\t\t\t<\/div>\n\t\t\t\t<\/div>\n\t\t\t\t<div class=\"elementor-element elementor-element-248af97 elementor-widget elementor-widget-heading\" data-id=\"248af97\" data-element_type=\"widget\" data-widget_type=\"heading.default\">\n\t\t\t\t<div class=\"elementor-widget-container\">\n\t\t\t<h2 class=\"elementor-heading-title elementor-size-default\">Con este panorama tan desolador, \u00bfc\u00f3mo protege Amnist\u00eda Internacional a los y las periodistas?\n<\/h2>\t\t<\/div>\n\t\t\t\t<\/div>\n\t\t\t\t<div class=\"elementor-element elementor-element-2d144c7 elementor-widget elementor-widget-text-editor\" data-id=\"2d144c7\" data-element_type=\"widget\" data-widget_type=\"text-editor.default\">\n\t\t\t\t<div class=\"elementor-widget-container\">\n\t\t\t\t\t\t\t<p>Actuamos haciendo campa\u00f1a sobre casos de\u00a0<a href=\"https:\/\/www.amnesty.org\/es\/petition\/release-journalists-and-activists-in-azerbaijan\/\">periodistas<\/a>\u00a0que est\u00e1n en prisi\u00f3n de forma injusta, as\u00ed como manteniendo la presi\u00f3n sobre los gobiernos para que defiendan el derecho a la libertad de expresi\u00f3n.<\/p><p>Difundimos con frecuencia historias de todo el mundo sobre periodistas que han sufrido amenazas o intimidaci\u00f3n. Tambi\u00e9n apoyamos a las familias de quienes se encuentran en situaci\u00f3n de desaparici\u00f3n forzada o en prisi\u00f3n. E instamos a nuestra base de simpatizantes a que act\u00faen o\u00a0<a href=\"https:\/\/www.amnesty.org\/es\/petition\/liberen-a-jose-ruben\/\">firmen nuestras peticiones<\/a>, en las que se exige la liberaci\u00f3n de periodistas de todo el mundo.<\/p><p>Vamos a seguir pidiendo la abolici\u00f3n de todas las leyes que criminalizan a quienes expresan su opini\u00f3n o protestan de manera pac\u00edfica.<\/p>\t\t\t\t\t\t<\/div>\n\t\t\t\t<\/div>\n\t\t\t\t<div class=\"elementor-element elementor-element-d8b56bf elementor-post-navigation-borders-yes elementor-widget elementor-widget-post-navigation\" data-id=\"d8b56bf\" data-element_type=\"widget\" data-widget_type=\"post-navigation.default\">\n\t\t\t\t<div class=\"elementor-widget-container\">\n\t\t\t\t\t<div class=\"elementor-post-navigation\">\n\t\t\t<div class=\"elementor-post-navigation__prev elementor-post-navigation__link\">\n\t\t\t\t<a href=\"https:\/\/amnistia.org.mx\/contenido\/index.php\/ninez-defensora-derechos-humanos-adultocentrismo\/\" rel=\"prev\"><span class=\"post-navigation__arrow-wrapper post-navigation__arrow-prev\"><i class=\"fa fa-angle-left\" aria-hidden=\"true\"><\/i><span class=\"elementor-screen-only\">Previo<\/span><\/span><span class=\"elementor-post-navigation__link__prev\"><span class=\"post-navigation__prev--label\">Anterior<\/span><span class=\"post-navigation__prev--title\">Ni\u00f1ez Defensora de Derechos Humanos: Rompiendo el Adultocentrismo para una Sociedad Inclusiva<\/span><\/span><\/a>\t\t\t<\/div>\n\t\t\t\t\t\t\t<div class=\"elementor-post-navigation__separator-wrapper\">\n\t\t\t\t\t<div class=\"elementor-post-navigation__separator\"><\/div>\n\t\t\t\t<\/div>\n\t\t\t\t\t\t<div class=\"elementor-post-navigation__next elementor-post-navigation__link\">\n\t\t\t\t<a href=\"https:\/\/amnistia.org.mx\/contenido\/index.php\/testimonio-desde-gaza-ser-madre-durante-el-genocidio\/\" rel=\"next\"><span class=\"elementor-post-navigation__link__next\"><span class=\"post-navigation__next--label\">Siguiente<\/span><span class=\"post-navigation__next--title\">Testimonio desde Gaza: \u201cSer madre durante el genocidio es luchar cada minuto, cada segundo\u201d<\/span><\/span><span class=\"post-navigation__arrow-wrapper post-navigation__arrow-next\"><i class=\"fa fa-angle-right\" aria-hidden=\"true\"><\/i><span class=\"elementor-screen-only\">Next<\/span><\/span><\/a>\t\t\t<\/div>\n\t\t<\/div>\n\t\t\t\t<\/div>\n\t\t\t\t<\/div>\n\t\t\t\t\t<\/div>\n\t\t<\/div>\n\t\t\t\t<div class=\"elementor-column elementor-col-33 elementor-top-column elementor-element elementor-element-1f8f29d2\" data-id=\"1f8f29d2\" data-element_type=\"column\">\n\t\t\t<div class=\"elementor-widget-wrap elementor-element-populated\">\n\t\t\t\t\t\t\t\t<section class=\"elementor-section elementor-inner-section elementor-element elementor-element-51d3682b elementor-section-boxed elementor-section-height-default elementor-section-height-default\" data-id=\"51d3682b\" data-element_type=\"section\">\n\t\t\t\t\t\t<div class=\"elementor-container elementor-column-gap-default\">\n\t\t\t\t\t<div class=\"elementor-column elementor-col-100 elementor-inner-column elementor-element elementor-element-3b7514e6\" data-id=\"3b7514e6\" data-element_type=\"column\">\n\t\t\t<div class=\"elementor-widget-wrap elementor-element-populated\">\n\t\t\t\t\t\t\t\t<div class=\"elementor-element elementor-element-16f990f5 elementor-widget elementor-widget-heading\" data-id=\"16f990f5\" data-element_type=\"widget\" data-widget_type=\"heading.default\">\n\t\t\t\t<div class=\"elementor-widget-container\">\n\t\t\t<h4 class=\"elementor-heading-title elementor-size-default\">Comp\u00e1rtelo en redes<\/h4>\t\t<\/div>\n\t\t\t\t<\/div>\n\t\t\t\t<div class=\"elementor-element elementor-element-258c658a elementor-share-buttons--view-icon elementor-share-buttons--shape-circle elementor-share-buttons--skin-framed elementor-share-buttons--color-custom elementor-grid-0 elementor-widget elementor-widget-share-buttons\" data-id=\"258c658a\" data-element_type=\"widget\" data-widget_type=\"share-buttons.default\">\n\t\t\t\t<div class=\"elementor-widget-container\">\n\t\t\t<link rel=\"stylesheet\" href=\"https:\/\/amnistia.org.mx\/contenido\/wp-content\/plugins\/elementor-pro\/assets\/css\/widget-share-buttons.min.css\">\t\t<div class=\"elementor-grid\">\n\t\t\t\t\t\t\t\t<div class=\"elementor-grid-item\">\n\t\t\t\t\t\t<div\n\t\t\t\t\t\t\tclass=\"elementor-share-btn elementor-share-btn_facebook\"\n\t\t\t\t\t\t\trole=\"button\"\n\t\t\t\t\t\t\ttabindex=\"0\"\n\t\t\t\t\t\t\taria-label=\"Compartir en facebook\"\n\t\t\t\t\t\t>\n\t\t\t\t\t\t\t\t\t\t\t\t\t\t\t<span class=\"elementor-share-btn__icon\">\n\t\t\t\t\t\t\t\t<svg class=\"e-font-icon-svg e-fab-facebook\" viewBox=\"0 0 512 512\" xmlns=\"http:\/\/www.w3.org\/2000\/svg\"><path d=\"M504 256C504 119 393 8 256 8S8 119 8 256c0 123.78 90.69 226.38 209.25 245V327.69h-63V256h63v-54.64c0-62.15 37-96.48 93.67-96.48 27.14 0 55.52 4.84 55.52 4.84v61h-31.28c-30.8 0-40.41 19.12-40.41 38.73V256h68.78l-11 71.69h-57.78V501C413.31 482.38 504 379.78 504 256z\"><\/path><\/svg>\t\t\t\t\t\t\t<\/span>\n\t\t\t\t\t\t\t\t\t\t\t\t\t\t\t\t\t\t\t\t<\/div>\n\t\t\t\t\t<\/div>\n\t\t\t\t\t\t\t\t\t<div class=\"elementor-grid-item\">\n\t\t\t\t\t\t<div\n\t\t\t\t\t\t\tclass=\"elementor-share-btn elementor-share-btn_twitter\"\n\t\t\t\t\t\t\trole=\"button\"\n\t\t\t\t\t\t\ttabindex=\"0\"\n\t\t\t\t\t\t\taria-label=\"Compartir en twitter\"\n\t\t\t\t\t\t>\n\t\t\t\t\t\t\t\t\t\t\t\t\t\t\t<span class=\"elementor-share-btn__icon\">\n\t\t\t\t\t\t\t\t<svg class=\"e-font-icon-svg e-fab-twitter\" viewBox=\"0 0 512 512\" xmlns=\"http:\/\/www.w3.org\/2000\/svg\"><path d=\"M459.37 151.716c.325 4.548.325 9.097.325 13.645 0 138.72-105.583 298.558-298.558 298.558-59.452 0-114.68-17.219-161.137-47.106 8.447.974 16.568 1.299 25.34 1.299 49.055 0 94.213-16.568 130.274-44.832-46.132-.975-84.792-31.188-98.112-72.772 6.498.974 12.995 1.624 19.818 1.624 9.421 0 18.843-1.3 27.614-3.573-48.081-9.747-84.143-51.98-84.143-102.985v-1.299c13.969 7.797 30.214 12.67 47.431 13.319-28.264-18.843-46.781-51.005-46.781-87.391 0-19.492 5.197-37.36 14.294-52.954 51.655 63.675 129.3 105.258 216.365 109.807-1.624-7.797-2.599-15.918-2.599-24.04 0-57.828 46.782-104.934 104.934-104.934 30.213 0 57.502 12.67 76.67 33.137 23.715-4.548 46.456-13.32 66.599-25.34-7.798 24.366-24.366 44.833-46.132 57.827 21.117-2.273 41.584-8.122 60.426-16.243-14.292 20.791-32.161 39.308-52.628 54.253z\"><\/path><\/svg>\t\t\t\t\t\t\t<\/span>\n\t\t\t\t\t\t\t\t\t\t\t\t\t\t\t\t\t\t\t\t<\/div>\n\t\t\t\t\t<\/div>\n\t\t\t\t\t\t\t\t\t<div class=\"elementor-grid-item\">\n\t\t\t\t\t\t<div\n\t\t\t\t\t\t\tclass=\"elementor-share-btn elementor-share-btn_email\"\n\t\t\t\t\t\t\trole=\"button\"\n\t\t\t\t\t\t\ttabindex=\"0\"\n\t\t\t\t\t\t\taria-label=\"Compartir en email\"\n\t\t\t\t\t\t>\n\t\t\t\t\t\t\t\t\t\t\t\t\t\t\t<span class=\"elementor-share-btn__icon\">\n\t\t\t\t\t\t\t\t<svg class=\"e-font-icon-svg e-fas-envelope\" viewBox=\"0 0 512 512\" xmlns=\"http:\/\/www.w3.org\/2000\/svg\"><path d=\"M502.3 190.8c3.9-3.1 9.7-.2 9.7 4.7V400c0 26.5-21.5 48-48 48H48c-26.5 0-48-21.5-48-48V195.6c0-5 5.7-7.8 9.7-4.7 22.4 17.4 52.1 39.5 154.1 113.6 21.1 15.4 56.7 47.8 92.2 47.6 35.7.3 72-32.8 92.3-47.6 102-74.1 131.6-96.3 154-113.7zM256 320c23.2.4 56.6-29.2 73.4-41.4 132.7-96.3 142.8-104.7 173.4-128.7 5.8-4.5 9.2-11.5 9.2-18.9v-19c0-26.5-21.5-48-48-48H48C21.5 64 0 85.5 0 112v19c0 7.4 3.4 14.3 9.2 18.9 30.6 23.9 40.7 32.4 173.4 128.7 16.8 12.2 50.2 41.8 73.4 41.4z\"><\/path><\/svg>\t\t\t\t\t\t\t<\/span>\n\t\t\t\t\t\t\t\t\t\t\t\t\t\t\t\t\t\t\t\t<\/div>\n\t\t\t\t\t<\/div>\n\t\t\t\t\t\t\t\t\t<div class=\"elementor-grid-item\">\n\t\t\t\t\t\t<div\n\t\t\t\t\t\t\tclass=\"elementor-share-btn elementor-share-btn_whatsapp\"\n\t\t\t\t\t\t\trole=\"button\"\n\t\t\t\t\t\t\ttabindex=\"0\"\n\t\t\t\t\t\t\taria-label=\"Compartir en whatsapp\"\n\t\t\t\t\t\t>\n\t\t\t\t\t\t\t\t\t\t\t\t\t\t\t<span class=\"elementor-share-btn__icon\">\n\t\t\t\t\t\t\t\t<svg class=\"e-font-icon-svg e-fab-whatsapp\" viewBox=\"0 0 448 512\" xmlns=\"http:\/\/www.w3.org\/2000\/svg\"><path d=\"M380.9 97.1C339 55.1 283.2 32 223.9 32c-122.4 0-222 99.6-222 222 0 39.1 10.2 77.3 29.6 111L0 480l117.7-30.9c32.4 17.7 68.9 27 106.1 27h.1c122.3 0 224.1-99.6 224.1-222 0-59.3-25.2-115-67.1-157zm-157 341.6c-33.2 0-65.7-8.9-94-25.7l-6.7-4-69.8 18.3L72 359.2l-4.4-7c-18.5-29.4-28.2-63.3-28.2-98.2 0-101.7 82.8-184.5 184.6-184.5 49.3 0 95.6 19.2 130.4 54.1 34.8 34.9 56.2 81.2 56.1 130.5 0 101.8-84.9 184.6-186.6 184.6zm101.2-138.2c-5.5-2.8-32.8-16.2-37.9-18-5.1-1.9-8.8-2.8-12.5 2.8-3.7 5.6-14.3 18-17.6 21.8-3.2 3.7-6.5 4.2-12 1.4-32.6-16.3-54-29.1-75.5-66-5.7-9.8 5.7-9.1 16.3-30.3 1.8-3.7.9-6.9-.5-9.7-1.4-2.8-12.5-30.1-17.1-41.2-4.5-10.8-9.1-9.3-12.5-9.5-3.2-.2-6.9-.2-10.6-.2-3.7 0-9.7 1.4-14.8 6.9-5.1 5.6-19.4 19-19.4 46.3 0 27.3 19.9 53.7 22.6 57.4 2.8 3.7 39.1 59.7 94.8 83.8 35.2 15.2 49 16.5 66.6 13.9 10.7-1.6 32.8-13.4 37.4-26.4 4.6-13 4.6-24.1 3.2-26.4-1.3-2.5-5-3.9-10.5-6.6z\"><\/path><\/svg>\t\t\t\t\t\t\t<\/span>\n\t\t\t\t\t\t\t\t\t\t\t\t\t\t\t\t\t\t\t\t<\/div>\n\t\t\t\t\t<\/div>\n\t\t\t\t\t\t<\/div>\n\t\t\t\t<\/div>\n\t\t\t\t<\/div>\n\t\t\t\t\t<\/div>\n\t\t<\/div>\n\t\t\t\t\t\t\t<\/div>\n\t\t<\/section>\n\t\t\t\t\t<\/div>\n\t\t<\/div>\n\t\t\t\t\t\t\t<\/div>\n\t\t<\/section>\n\t\t\t\t<section class=\"elementor-section elementor-top-section elementor-element elementor-element-20eabedc elementor-section-boxed elementor-section-height-default elementor-section-height-default\" data-id=\"20eabedc\" data-element_type=\"section\" data-settings=\"{&quot;background_background&quot;:&quot;classic&quot;}\">\n\t\t\t\t\t\t<div class=\"elementor-container elementor-column-gap-default\">\n\t\t\t\t\t<div class=\"elementor-column elementor-col-100 elementor-top-column elementor-element elementor-element-50c0c1dd\" data-id=\"50c0c1dd\" data-element_type=\"column\">\n\t\t\t<div class=\"elementor-widget-wrap elementor-element-populated\">\n\t\t\t\t\t\t\t\t<section class=\"elementor-section elementor-inner-section elementor-element elementor-element-6700d895 elementor-section-boxed elementor-section-height-default elementor-section-height-default\" data-id=\"6700d895\" data-element_type=\"section\">\n\t\t\t\t\t\t<div class=\"elementor-container elementor-column-gap-default\">\n\t\t\t\t\t<div class=\"elementor-column elementor-col-33 elementor-inner-column elementor-element elementor-element-53a33735\" data-id=\"53a33735\" data-element_type=\"column\">\n\t\t\t<div class=\"elementor-widget-wrap elementor-element-populated\">\n\t\t\t\t\t\t\t\t<div class=\"elementor-element elementor-element-717cb036 elementor-position-left elementor-vertical-align-middle elementor-view-default elementor-mobile-position-top elementor-widget elementor-widget-icon-box\" data-id=\"717cb036\" data-element_type=\"widget\" data-widget_type=\"icon-box.default\">\n\t\t\t\t<div class=\"elementor-widget-container\">\n\t\t\t<link rel=\"stylesheet\" href=\"https:\/\/amnistia.org.mx\/contenido\/wp-content\/plugins\/elementor\/assets\/css\/widget-icon-box.min.css\">\t\t<div class=\"elementor-icon-box-wrapper\">\n\t\t\t\t\t\t<div class=\"elementor-icon-box-icon\">\n\t\t\t\t<span class=\"elementor-icon elementor-animation-\" >\n\t\t\t\t<svg xmlns=\"http:\/\/www.w3.org\/2000\/svg\" width=\"82.818\" height=\"136.515\" viewBox=\"0 0 82.818 136.515\">\n  <g id=\"hand\" transform=\"translate(-100.695)\">\n    <g id=\"Grupo_115\" data-name=\"Grupo 115\" transform=\"translate(100.695)\">\n      <path id=\"Trazado_2550\" data-name=\"Trazado 2550\" d=\"M183.513,12.138H169.144V3.376H154.776V0H118.039V11.5l-12.581,1.44L100.695,48.2l24.481,31.943-1.455,56.37h8l1.354-52.429,9.461,2.58,2.105-7.719-13.028-3.553L109.07,45.975l3.484-25.8,13.225-1.515a4.07,4.07,0,0,1,2.265,7.692l-10,4.941V44.565l3.512.432c.226.028,22.659,3,23.3,21.184l8-.28c-.355-10.163-5.561-18.33-15.065-23.668q.238-.283.458-.581a11.163,11.163,0,0,0,10.622.048,11.16,11.16,0,0,0,15.071,2.964,11.16,11.16,0,0,0,11.582,3.347V67.423L168.9,80.686l.736,55.828h8l-.712-53.995,6.588-13.214V12.138Zm-57.473-1.5V8h6.367v4.317A12.016,12.016,0,0,0,126.04,10.636Zm6.368,24.4h0a3.184,3.184,0,0,1-6.161,1.129l5.34-2.638c.282-.139.555-.289.821-.447v1.955Zm11.183-.017a3.186,3.186,0,0,1-3.183-3.163V8h6.366V31.837h0A3.187,3.187,0,0,1,143.592,35.02Zm17.552.193h0a3.183,3.183,0,0,1-6.367,0V11.377h6.367V35.213Zm14.368,2.078a3.183,3.183,0,1,1-6.367,0V20.139h6.367V37.29Z\" transform=\"translate(-100.695)\"\/>\n    <\/g>\n  <\/g>\n<\/svg>\n\t\t\t\t<\/span>\n\t\t\t<\/div>\n\t\t\t\t\t\t<div class=\"elementor-icon-box-content\">\n\t\t\t\t<h3 class=\"elementor-icon-box-title\">\n\t\t\t\t\t<span  >\n\t\t\t\t\t\tDona\t\t\t\t\t<\/span>\n\t\t\t\t<\/h3>\n\t\t\t\t\t\t\t\t\t<p class=\"elementor-icon-box-description\">\n\t\t\t\t\t\tTrabajamos para exponer las violaciones de los derechos humanos, dando una luz de esperanza a quienes a\u00fan esperan justicia.\t\t\t\t\t<\/p>\n\t\t\t\t\t\t\t<\/div>\n\t\t<\/div>\n\t\t\t\t<\/div>\n\t\t\t\t<\/div>\n\t\t\t\t\t<\/div>\n\t\t<\/div>\n\t\t\t\t<div class=\"elementor-column elementor-col-33 elementor-inner-column elementor-element elementor-element-115edc7f\" data-id=\"115edc7f\" data-element_type=\"column\">\n\t\t\t<div class=\"elementor-widget-wrap elementor-element-populated\">\n\t\t\t\t\t\t\t\t<div class=\"elementor-element elementor-element-7b086a72 elementor-position-left elementor-vertical-align-middle elementor-view-default elementor-mobile-position-top elementor-widget elementor-widget-icon-box\" data-id=\"7b086a72\" data-element_type=\"widget\" data-widget_type=\"icon-box.default\">\n\t\t\t\t<div class=\"elementor-widget-container\">\n\t\t\t\t\t<div class=\"elementor-icon-box-wrapper\">\n\t\t\t\t\t\t<div class=\"elementor-icon-box-icon\">\n\t\t\t\t<span class=\"elementor-icon elementor-animation-\" >\n\t\t\t\t<svg xmlns=\"http:\/\/www.w3.org\/2000\/svg\" width=\"134.598\" height=\"104.976\" viewBox=\"0 0 134.598 104.976\">\n  <g id=\"Amnesty_Icons_041\" data-name=\"Amnesty Icons 041\" transform=\"translate(-12.5 -23.49)\">\n    <rect id=\"Rect\u00e1ngulo_38\" data-name=\"Rect\u00e1ngulo 38\" width=\"22.879\" height=\"2.692\" transform=\"translate(23.267 77.351)\"\/>\n    <rect id=\"Rect\u00e1ngulo_39\" data-name=\"Rect\u00e1ngulo 39\" width=\"22.879\" height=\"2.692\" transform=\"translate(50.184 77.351)\"\/>\n    <rect id=\"Rect\u00e1ngulo_40\" data-name=\"Rect\u00e1ngulo 40\" width=\"22.879\" height=\"2.692\" transform=\"translate(23.267 82.734)\"\/>\n    <rect id=\"Rect\u00e1ngulo_41\" data-name=\"Rect\u00e1ngulo 41\" width=\"22.879\" height=\"2.692\" transform=\"translate(50.184 82.734)\"\/>\n    <rect id=\"Rect\u00e1ngulo_42\" data-name=\"Rect\u00e1ngulo 42\" width=\"22.879\" height=\"2.692\" transform=\"translate(23.267 88.118)\"\/>\n    <rect id=\"Rect\u00e1ngulo_43\" data-name=\"Rect\u00e1ngulo 43\" width=\"22.879\" height=\"2.692\" transform=\"translate(50.184 88.118)\"\/>\n    <rect id=\"Rect\u00e1ngulo_44\" data-name=\"Rect\u00e1ngulo 44\" width=\"22.879\" height=\"2.692\" transform=\"translate(23.267 93.501)\"\/>\n    <rect id=\"Rect\u00e1ngulo_45\" data-name=\"Rect\u00e1ngulo 45\" width=\"22.879\" height=\"2.692\" transform=\"translate(50.184 93.501)\"\/>\n    <rect id=\"Rect\u00e1ngulo_46\" data-name=\"Rect\u00e1ngulo 46\" width=\"22.879\" height=\"2.692\" transform=\"translate(23.267 98.884)\"\/>\n    <rect id=\"Rect\u00e1ngulo_47\" data-name=\"Rect\u00e1ngulo 47\" width=\"22.879\" height=\"2.692\" transform=\"translate(50.184 98.884)\"\/>\n    <rect id=\"Rect\u00e1ngulo_48\" data-name=\"Rect\u00e1ngulo 48\" width=\"22.879\" height=\"2.692\" transform=\"translate(23.267 104.268)\"\/>\n    <rect id=\"Rect\u00e1ngulo_49\" data-name=\"Rect\u00e1ngulo 49\" width=\"22.879\" height=\"2.692\" transform=\"translate(50.184 104.268)\"\/>\n    <rect id=\"Rect\u00e1ngulo_50\" data-name=\"Rect\u00e1ngulo 50\" width=\"22.879\" height=\"2.692\" transform=\"translate(86.522 77.351)\"\/>\n    <rect id=\"Rect\u00e1ngulo_51\" data-name=\"Rect\u00e1ngulo 51\" width=\"22.879\" height=\"2.692\" transform=\"translate(113.439 77.351)\"\/>\n    <rect id=\"Rect\u00e1ngulo_52\" data-name=\"Rect\u00e1ngulo 52\" width=\"22.879\" height=\"2.692\" transform=\"translate(86.522 82.734)\"\/>\n    <rect id=\"Rect\u00e1ngulo_53\" data-name=\"Rect\u00e1ngulo 53\" width=\"22.879\" height=\"2.692\" transform=\"translate(113.439 82.734)\"\/>\n    <rect id=\"Rect\u00e1ngulo_54\" data-name=\"Rect\u00e1ngulo 54\" width=\"22.879\" height=\"2.692\" transform=\"translate(86.522 88.118)\"\/>\n    <rect id=\"Rect\u00e1ngulo_55\" data-name=\"Rect\u00e1ngulo 55\" width=\"22.879\" height=\"2.692\" transform=\"translate(113.439 88.118)\"\/>\n    <rect id=\"Rect\u00e1ngulo_56\" data-name=\"Rect\u00e1ngulo 56\" width=\"22.879\" height=\"2.692\" transform=\"translate(86.522 93.501)\"\/>\n    <rect id=\"Rect\u00e1ngulo_57\" data-name=\"Rect\u00e1ngulo 57\" width=\"22.879\" height=\"2.692\" transform=\"translate(113.439 93.501)\"\/>\n    <rect id=\"Rect\u00e1ngulo_58\" data-name=\"Rect\u00e1ngulo 58\" width=\"22.879\" height=\"2.692\" transform=\"translate(86.522 98.884)\"\/>\n    <rect id=\"Rect\u00e1ngulo_59\" data-name=\"Rect\u00e1ngulo 59\" width=\"22.879\" height=\"2.692\" transform=\"translate(113.439 98.884)\"\/>\n    <rect id=\"Rect\u00e1ngulo_60\" data-name=\"Rect\u00e1ngulo 60\" width=\"22.879\" height=\"2.692\" transform=\"translate(86.522 104.268)\"\/>\n    <rect id=\"Rect\u00e1ngulo_61\" data-name=\"Rect\u00e1ngulo 61\" width=\"22.879\" height=\"2.692\" transform=\"translate(113.439 104.268)\"\/>\n    <rect id=\"Rect\u00e1ngulo_62\" data-name=\"Rect\u00e1ngulo 62\" width=\"43.067\" height=\"8.075\" rx=\"1\" transform=\"translate(23.267 41.013)\"\/>\n    <rect id=\"Rect\u00e1ngulo_63\" data-name=\"Rect\u00e1ngulo 63\" width=\"32.3\" height=\"8.075\" rx=\"1\" transform=\"translate(23.267 51.78)\"\/>\n    <path id=\"Trazado_47\" data-name=\"Trazado 47\" d=\"M147.085,24.836a1.346,1.346,0,0,0-1.346-1.346H83.83a5.383,5.383,0,0,0-4.038,1.871,5.383,5.383,0,0,0-4.038-1.871H13.846A1.356,1.356,0,0,0,12.5,24.836v96.9a1.346,1.346,0,0,0,1.346,1.346H71.96a4.011,4.011,0,0,0,3.8,5.383H83.83a4.01,4.01,0,0,0,3.8-5.383h58.127a1.356,1.356,0,0,0,1.346-1.346ZM15.192,26.182H75.755a2.692,2.692,0,0,1,2.692,2.692v91.518H15.192ZM83.83,120.391H81.138V28.873a2.692,2.692,0,0,1,2.692-2.692h60.563v94.209Z\" transform=\"translate(0)\"\/>\n    <rect id=\"Rect\u00e1ngulo_64\" data-name=\"Rect\u00e1ngulo 64\" width=\"49.796\" height=\"33.646\" rx=\"1\" transform=\"translate(86.522 35.63)\"\/>\n  <\/g>\n<\/svg>\n\t\t\t\t<\/span>\n\t\t\t<\/div>\n\t\t\t\t\t\t<div class=\"elementor-icon-box-content\">\n\t\t\t\t<h3 class=\"elementor-icon-box-title\">\n\t\t\t\t\t<span  >\n\t\t\t\t\t\tFirma nuestras peticiones\t\t\t\t\t<\/span>\n\t\t\t\t<\/h3>\n\t\t\t\t\t\t\t\t\t<p class=\"elementor-icon-box-description\">\n\t\t\t\t\t\tCon tu \ufb01rma podemos presentarnos frente a las autoridades no solo como Amnist\u00eda Internacional \u00a1sino como miles de personas exigen un mundo mejor!\n\n\t\t\t\t\t<\/p>\n\t\t\t\t\t\t\t<\/div>\n\t\t<\/div>\n\t\t\t\t<\/div>\n\t\t\t\t<\/div>\n\t\t\t\t\t<\/div>\n\t\t<\/div>\n\t\t\t\t<div class=\"elementor-column elementor-col-33 elementor-inner-column elementor-element elementor-element-bce7d1f\" data-id=\"bce7d1f\" data-element_type=\"column\">\n\t\t\t<div class=\"elementor-widget-wrap elementor-element-populated\">\n\t\t\t\t\t\t\t\t<div class=\"elementor-element elementor-element-444b252e elementor-position-left elementor-vertical-align-middle elementor-view-default elementor-mobile-position-top elementor-widget elementor-widget-icon-box\" data-id=\"444b252e\" data-element_type=\"widget\" data-widget_type=\"icon-box.default\">\n\t\t\t\t<div class=\"elementor-widget-container\">\n\t\t\t\t\t<div class=\"elementor-icon-box-wrapper\">\n\t\t\t\t\t\t<div class=\"elementor-icon-box-icon\">\n\t\t\t\t<span class=\"elementor-icon elementor-animation-\" >\n\t\t\t\t<svg xmlns=\"http:\/\/www.w3.org\/2000\/svg\" id=\"tres-personas-icono\" width=\"92.484\" height=\"64.15\" viewBox=\"0 0 92.484 64.15\"><path id=\"Trazado_20\" data-name=\"Trazado 20\" d=\"M16.41,64.633c.406-2.073,1.2-2.229,3.238-2.229H32.875A14.279,14.279,0,0,1,33.5,60.57H19.666c-2.564,0-4.4.449-5.036,3.669L12.564,74.951c-.4,1.834-.461,4.21,2.527,5.723,1.411.706,5.313,2.449,7.518,3.421a2.343,2.343,0,0,0,3.118-1.247l1.061-2.522a2.331,2.331,0,0,0-.775-2.752l-4.538-3.146a.53.53,0,0,1-.184-.541L22.3,69.723a.913.913,0,0,0-.142-.984.924.924,0,0,0-1.61.48l-1.015,4.164a2.36,2.36,0,0,0,.922,2.449l4.492,3.183a.512.512,0,0,1,.148.615l-1.024,2.522a.515.515,0,0,1-.3.294.547.547,0,0,1-.415,0c-2.186-.963-6.06-2.66-7.379-3.357-1.78-.917-1.919-1.99-1.568-3.669Z\" transform=\"translate(-12.368 -30.273)\"><\/path><path id=\"Trazado_21\" data-name=\"Trazado 21\" d=\"M110.66,74.952l-2.048-10.7c-.636-3.265-2.472-3.669-5.036-3.669H89.74a11.876,11.876,0,0,1,.609,1.834h13.246c2.039,0,2.832.156,3.238,2.229l2.048,10.823c.351,1.688.212,2.752-1.568,3.669-1.365.7-5.239,2.394-7.379,3.357a.547.547,0,0,1-.415,0,.515.515,0,0,1-.3-.293l-1.052-2.522a.512.512,0,0,1,.148-.615l4.548-3.146a2.36,2.36,0,0,0,.922-2.449l-1.107-4.247a.922.922,0,1,0-1.78.422l1.005,4.164a.53.53,0,0,1-.184.541l-4.538,3.146a2.331,2.331,0,0,0-.775,2.752l1.052,2.522a2.343,2.343,0,0,0,3.118,1.247c2.2-.972,6.106-2.752,7.518-3.421C111.122,79.162,111.057,76.814,110.66,74.952Z\" transform=\"translate(-18.371 -30.274)\"><\/path><path id=\"Trazado_22\" data-name=\"Trazado 22\" d=\"M57.437,50.68a.923.923,0,0,0,1.218-.624l.535-2.091a2.744,2.744,0,0,0-1.125-3.045,6.448,6.448,0,1,1,6.807,0,2.743,2.743,0,0,0-1.07,3l.581,2.137a.923.923,0,0,0,1.218.624,11.981,11.981,0,1,0-8.117,0Z\" transform=\"translate(-15.253 -27.537)\"><\/path><path id=\"Trazado_23\" data-name=\"Trazado 23\" d=\"M86.629,54.456a.924.924,0,0,0,1.218-.6.916.916,0,0,0-.507-1.055,6.45,6.45,0,1,1,4.889,0,.916.916,0,0,0-.507,1.064h0a.924.924,0,0,0,1.218.6A8.249,8.249,0,0,0,89.562,38.58,8.36,8.36,0,0,0,81.5,46.761a8.254,8.254,0,0,0,5.129,7.7Z\" transform=\"translate(-17.732 -28.452)\"><\/path><path id=\"Trazado_24\" data-name=\"Trazado 24\" d=\"M30.666,54.477a.924.924,0,0,0,1.218-.6h0a.916.916,0,0,0-.507-1.055,6.45,6.45,0,1,1,4.9,0,.883.883,0,0,0-.042,1.615.927.927,0,0,0,.743.036A8.249,8.249,0,0,0,33.562,38.61,8.369,8.369,0,0,0,25.5,46.791a8.254,8.254,0,0,0,5.166,7.686Z\" transform=\"translate(-13.387 -28.454)\"><\/path><path id=\"Trazado_25\" data-name=\"Trazado 25\" d=\"M84.328,63.283a11.551,11.551,0,0,0-.609-2.22h0c-1.642-3.981-5.055-4.5-8-4.5h-31c-2.933,0-6.337.523-7.988,4.5h0a8.569,8.569,0,0,0-.341.972h0c-.111.394-.221.807-.314,1.266L33.143,78.893c-.36,1.7-1.439,6.842,4.391,9.8,2.048,1.036,7.7,3.54,10.894,4.953a4.862,4.862,0,0,0,6.457-2.559L57.1,87.01c.858-2.045-.48-3.962-2.278-5.283h-.111l-6.042-4.247,1.753-7.209a.917.917,0,0,0-.618-1.064l-3.69-.862H45.9a.922.922,0,0,0-.922.7l-1.421,5.842-.424,1.752a4.819,4.819,0,0,0,1.845,5h.065L51.057,85.8l-1.052,2.513c-5.027-2.174-8.625-3.834-9.99-4.512-1.67-.853-1.965-1.6-1.494-3.907L41.473,64.3c.415-2.11.775-2.284,3.247-2.284H75.667c2.472,0,2.841.174,3.247,2.265l2.961,15.748c.461,2.22.175,2.944-1.5,3.788-1.365.7-4.99,2.33-10,4.586l-1.052-2.55,6.014-4.127a.167.167,0,0,0,.065,0,4.783,4.783,0,0,0,1.845-5L75.4,69.1a.922.922,0,0,0-.922-.7h-.138l-3.69.853a.917.917,0,0,0-.627,1.073l1.706,7.154-6.042,4.247-.065.046a4.8,4.8,0,0,0-1.6,5.732l1.522,3.623a4.843,4.843,0,0,0,4.474,2.962,4.9,4.9,0,0,0,1.965-.44c3.182-1.4,8.828-3.916,10.885-4.962,5.839-2.953,4.75-8.126,4.409-9.759Z\" transform=\"translate(-13.955 -29.941)\"><\/path><\/svg>\t\t\t\t<\/span>\n\t\t\t<\/div>\n\t\t\t\t\t\t<div class=\"elementor-icon-box-content\">\n\t\t\t\t<h3 class=\"elementor-icon-box-title\">\n\t\t\t\t\t<span  >\n\t\t\t\t\t\tHazte miembro\t\t\t\t\t<\/span>\n\t\t\t\t<\/h3>\n\t\t\t\t\t\t\t\t\t<p class=\"elementor-icon-box-description\">\n\t\t\t\t\t\tAdem\u00e1s de donar, las personas que forman parte de la membres\u00eda cuentan con voz y voto para participar en las actividades de gobernanza de Amnist\u00eda Internacional Secci\u00f3n Mexicana.\t\t\t\t\t<\/p>\n\t\t\t\t\t\t\t<\/div>\n\t\t<\/div>\n\t\t\t\t<\/div>\n\t\t\t\t<\/div>\n\t\t\t\t\t<\/div>\n\t\t<\/div>\n\t\t\t\t\t\t\t<\/div>\n\t\t<\/section>\n\t\t\t\t\t<\/div>\n\t\t<\/div>\n\t\t\t\t\t\t\t<\/div>\n\t\t<\/section>\n\t\t\t\t\t\t\t<\/div>\n\t\t","protected":false},"excerpt":{"rendered":"<p>En todo el mundo se est\u00e1 acallando, encarcelando y haciendo desaparecer a periodistas, por hacer su trabajo. En pa\u00edses como Guatemala, Estados Unidos, Rusia o Pakist\u00e1n, los gobiernos recurren cada vez m\u00e1s a pr\u00e1cticas autoritarias y fuerza bruta para reprimir la libertad de prensa.<\/p>\n","protected":false},"author":18,"featured_media":38273,"comment_status":"closed","ping_status":"open","sticky":false,"template":"","format":"standard","meta":{"_uf_show_specific_survey":0,"_uf_disable_surveys":false,"site-sidebar-layout":"default","site-content-layout":"default","ast-global-header-display":"","ast-main-header-display":"","ast-hfb-above-header-display":"","ast-hfb-below-header-display":"","ast-hfb-mobile-header-display":"","site-post-title":"","ast-breadcrumbs-content":"","ast-featured-img":"","footer-sml-layout":"","theme-transparent-header-meta":"default","adv-header-id-meta":"","stick-header-meta":"","header-above-stick-meta":"","header-main-stick-meta":"","header-below-stick-meta":""},"categories":[18],"tags":[],"acf":[],"aioseo_notices":[],"yoast_head":"<!-- This site is optimized with the Yoast SEO plugin v14.5 - https:\/\/yoast.com\/wordpress\/plugins\/seo\/ -->\n<title>\u00bfEn qu\u00e9 situaci\u00f3n se encuentra la libertad de prensa mundial en 2025? - amnistia.org.mx<\/title>\n<meta name=\"description\" content=\"En pa\u00edses como Guatemala, Estados Unidos, Rusia o Pakist\u00e1n se est\u00e1 acallando, encarcelando y haciendo desaparecer a periodistas, por hacer su trabajo.\" \/>\n<meta name=\"robots\" content=\"index, follow\" \/>\n<meta name=\"googlebot\" content=\"index, follow, max-snippet:-1, max-image-preview:large, max-video-preview:-1\" \/>\n<meta name=\"bingbot\" content=\"index, follow, max-snippet:-1, max-image-preview:large, max-video-preview:-1\" \/>\n<link rel=\"canonical\" href=\"https:\/\/amnistia.org.mx\/contenido\/index.php\/la-libertad-de-prensa-mundial-en-2025\/\" \/>\n<meta property=\"og:locale\" content=\"es_MX\" \/>\n<meta property=\"og:type\" content=\"article\" \/>\n<meta property=\"og:title\" content=\"\u00bfEn qu\u00e9 situaci\u00f3n se encuentra la libertad de prensa mundial en 2025? - amnistia.org.mx\" \/>\n<meta property=\"og:description\" content=\"En pa\u00edses como Guatemala, Estados Unidos, Rusia o Pakist\u00e1n se est\u00e1 acallando, encarcelando y haciendo desaparecer a periodistas, por hacer su trabajo.\" \/>\n<meta property=\"og:url\" content=\"https:\/\/amnistia.org.mx\/contenido\/index.php\/la-libertad-de-prensa-mundial-en-2025\/\" \/>\n<meta property=\"og:site_name\" content=\"amnistia.org.mx\" \/>\n<meta property=\"article:published_time\" content=\"2025-05-09T16:24:16+00:00\" \/>\n<meta property=\"article:modified_time\" content=\"2025-05-09T16:35:47+00:00\" \/>\n<meta property=\"og:image\" content=\"https:\/\/amnistia.org.mx\/contenido\/wp-content\/uploads\/2025\/05\/WP_Portada_Libertad_de_Prensa_2025-1024x576.png\" \/>\n\t<meta property=\"og:image:width\" content=\"1024\" \/>\n\t<meta property=\"og:image:height\" content=\"576\" \/>\n<meta name=\"twitter:card\" content=\"summary_large_image\" \/>\n<script type=\"application\/ld+json\" class=\"yoast-schema-graph\">{\"@context\":\"https:\/\/schema.org\",\"@graph\":[{\"@type\":\"WebSite\",\"@id\":\"https:\/\/amnistia.org.mx\/contenido\/#website\",\"url\":\"https:\/\/amnistia.org.mx\/contenido\/\",\"name\":\"amnistia.org.mx\",\"description\":\"Nueva p\\u00e1gina de Amnist\\u00eda\",\"potentialAction\":[{\"@type\":\"SearchAction\",\"target\":\"https:\/\/amnistia.org.mx\/contenido\/?s={search_term_string}\",\"query-input\":\"required name=search_term_string\"}],\"inLanguage\":\"es-MX\"},{\"@type\":\"ImageObject\",\"@id\":\"https:\/\/amnistia.org.mx\/contenido\/index.php\/la-libertad-de-prensa-mundial-en-2025\/#primaryimage\",\"inLanguage\":\"es-MX\",\"url\":\"https:\/\/amnistia.org.mx\/contenido\/wp-content\/uploads\/2025\/05\/WP_Portada_Libertad_de_Prensa_2025.png\",\"width\":1600,\"height\":900,\"caption\":\"Agentes de la polic\\u00eda antidisturbios detienen a un periodista durante una manifestaci\\u00f3n no autorizada para exigir elecciones justas en la plaza Pushkinskaya de Mosc\\u00fa el 3 de agosto de 2019. La manifestaci\\u00f3n es la m\\u00e1s reciente de una serie de manifestaciones despu\\u00e9s de que las autoridades se negaran a permitir que los candidatos populares de la oposici\\u00f3n se presentaran a las elecciones parlamentarias del pr\\u00f3ximo mes. Foto de ALEXANDER NEMENOV\/AFP v\\u00eda Getty Images.\"},{\"@type\":\"WebPage\",\"@id\":\"https:\/\/amnistia.org.mx\/contenido\/index.php\/la-libertad-de-prensa-mundial-en-2025\/#webpage\",\"url\":\"https:\/\/amnistia.org.mx\/contenido\/index.php\/la-libertad-de-prensa-mundial-en-2025\/\",\"name\":\"\\u00bfEn qu\\u00e9 situaci\\u00f3n se encuentra la libertad de prensa mundial en 2025? - amnistia.org.mx\",\"isPartOf\":{\"@id\":\"https:\/\/amnistia.org.mx\/contenido\/#website\"},\"primaryImageOfPage\":{\"@id\":\"https:\/\/amnistia.org.mx\/contenido\/index.php\/la-libertad-de-prensa-mundial-en-2025\/#primaryimage\"},\"datePublished\":\"2025-05-09T16:24:16+00:00\",\"dateModified\":\"2025-05-09T16:35:47+00:00\",\"author\":{\"@id\":\"https:\/\/amnistia.org.mx\/contenido\/#\/schema\/person\/d2f786357f75df54423772c307a57fa2\"},\"description\":\"En pa\\u00edses como Guatemala, Estados Unidos, Rusia o Pakist\\u00e1n se est\\u00e1 acallando, encarcelando y haciendo desaparecer a periodistas, por hacer su trabajo.\",\"breadcrumb\":{\"@id\":\"https:\/\/amnistia.org.mx\/contenido\/index.php\/la-libertad-de-prensa-mundial-en-2025\/#breadcrumb\"},\"inLanguage\":\"es-MX\",\"potentialAction\":[{\"@type\":\"ReadAction\",\"target\":[\"https:\/\/amnistia.org.mx\/contenido\/index.php\/la-libertad-de-prensa-mundial-en-2025\/\"]}]},{\"@type\":\"BreadcrumbList\",\"@id\":\"https:\/\/amnistia.org.mx\/contenido\/index.php\/la-libertad-de-prensa-mundial-en-2025\/#breadcrumb\",\"itemListElement\":[{\"@type\":\"ListItem\",\"position\":1,\"item\":{\"@type\":\"WebPage\",\"@id\":\"https:\/\/amnistia.org.mx\/contenido\/\",\"url\":\"https:\/\/amnistia.org.mx\/contenido\/\",\"name\":\"Home\"}},{\"@type\":\"ListItem\",\"position\":2,\"item\":{\"@type\":\"WebPage\",\"@id\":\"https:\/\/amnistia.org.mx\/contenido\/index.php\/la-libertad-de-prensa-mundial-en-2025\/\",\"url\":\"https:\/\/amnistia.org.mx\/contenido\/index.php\/la-libertad-de-prensa-mundial-en-2025\/\",\"name\":\"\\u00bfEn qu\\u00e9 situaci\\u00f3n se encuentra la libertad de prensa mundial en 2025?\"}}]},{\"@type\":[\"Person\"],\"@id\":\"https:\/\/amnistia.org.mx\/contenido\/#\/schema\/person\/d2f786357f75df54423772c307a57fa2\",\"name\":\"Fernanda Jim\\u00e9nez Aguilar\",\"image\":{\"@type\":\"ImageObject\",\"@id\":\"https:\/\/amnistia.org.mx\/contenido\/#personlogo\",\"inLanguage\":\"es-MX\",\"url\":\"https:\/\/secure.gravatar.com\/avatar\/adfb626108fbdf0cbe48df94696b5411?s=96&d=mm&r=g\",\"caption\":\"Fernanda Jim\\u00e9nez Aguilar\"}}]}<\/script>\n<!-- \/ Yoast SEO plugin. -->","_links":{"self":[{"href":"https:\/\/amnistia.org.mx\/contenido\/index.php\/wp-json\/wp\/v2\/posts\/38272"}],"collection":[{"href":"https:\/\/amnistia.org.mx\/contenido\/index.php\/wp-json\/wp\/v2\/posts"}],"about":[{"href":"https:\/\/amnistia.org.mx\/contenido\/index.php\/wp-json\/wp\/v2\/types\/post"}],"author":[{"embeddable":true,"href":"https:\/\/amnistia.org.mx\/contenido\/index.php\/wp-json\/wp\/v2\/users\/18"}],"replies":[{"embeddable":true,"href":"https:\/\/amnistia.org.mx\/contenido\/index.php\/wp-json\/wp\/v2\/comments?post=38272"}],"version-history":[{"count":7,"href":"https:\/\/amnistia.org.mx\/contenido\/index.php\/wp-json\/wp\/v2\/posts\/38272\/revisions"}],"predecessor-version":[{"id":39400,"href":"https:\/\/amnistia.org.mx\/contenido\/index.php\/wp-json\/wp\/v2\/posts\/38272\/revisions\/39400"}],"wp:featuredmedia":[{"embeddable":true,"href":"https:\/\/amnistia.org.mx\/contenido\/index.php\/wp-json\/wp\/v2\/media\/38273"}],"wp:attachment":[{"href":"https:\/\/amnistia.org.mx\/contenido\/index.php\/wp-json\/wp\/v2\/media?parent=38272"}],"wp:term":[{"taxonomy":"category","embeddable":true,"href":"https:\/\/amnistia.org.mx\/contenido\/index.php\/wp-json\/wp\/v2\/categories?post=38272"},{"taxonomy":"post_tag","embeddable":true,"href":"https:\/\/amnistia.org.mx\/contenido\/index.php\/wp-json\/wp\/v2\/tags?post=38272"}],"curies":[{"name":"wp","href":"https:\/\/api.w.org\/{rel}","templated":true}]}}