
{"id":38282,"date":"2025-05-10T09:51:02","date_gmt":"2025-05-10T14:51:02","guid":{"rendered":"https:\/\/amnistia.org.mx\/contenido\/?p=38282"},"modified":"2025-05-10T13:27:04","modified_gmt":"2025-05-10T18:27:04","slug":"strongmexico-la-estrategia-para-prevenir-la-desaparicion-forzada-debe-construirse-con-las-colectivas-de-busqueda-strong","status":"publish","type":"post","link":"https:\/\/amnistia.org.mx\/contenido\/index.php\/strongmexico-la-estrategia-para-prevenir-la-desaparicion-forzada-debe-construirse-con-las-colectivas-de-busqueda-strong\/","title":{"rendered":"<strong>M\u00e9xico: La estrategia para prevenir la desaparici\u00f3n forzada debe construirse a trav\u00e9s de un di\u00e1logo permanente con las colectivas de b\u00fasqueda<\/strong>"},"content":{"rendered":"\n<ul>\n<li>Las colectivas de b\u00fasqueda cuentan con una gran experiencia, conocimiento y especializaci\u00f3n, adquiridos en campo a trav\u00e9s de a\u00f1os de efectuar labores de b\u00fasqueda<\/li>\n<\/ul>\n\n\n\n<ul>\n<li>La petici\u00f3n de informaci\u00f3n que har\u00e1 el CED de la ONU a M\u00e9xico, sobre la desaparici\u00f3n forzada, debe ser vista como una muestra del inter\u00e9s y voluntad de la ONU de trabajar para atender el tema<\/li>\n<\/ul>\n\n\n\n<p>En el marco de la XIII Marcha de la dignidad nacional Madres buscando a sus Hijos, Hijas, Verdad y Justicia, que se conmemora hoy 10 de mayo, Amnist\u00eda Internacional exhorta al Estado mexicano a construir pol\u00edticas que atiendan el problema estructural de la desaparici\u00f3n forzada de personas que tantas vidas ha costado en el pa\u00eds. Este proceso se puede lograr a partir del di\u00e1logo que mantiene con las colectivas de personas buscadoras quienes, por su experiencia, nivel de conocimiento y especializaci\u00f3n adquiridos, pueden hacer aportes fundamentales.<\/p>\n\n\n\n<p>Amnist\u00eda Internacional se suma a las exigencias de verdad y justicia planteadas por las diversas colectivas de personas buscadoras y con ese motivo participa en la marcha que efect\u00faan hoy para honrar la memoria de las miles de personas desaparecidas.<\/p>\n\n\n\n<p><strong>Otro punto que atender<\/strong><\/p>\n\n\n\n<p>Amnist\u00eda Internacional hace un llamado al Estado mexicano para que atienda la <a href=\"https:\/\/hchr.org.mx\/comunicados\/el-comite-contra-la-desaparicion-forzada-de-la-onu-aclara-su-procedimiento-en-virtud-del-articulo-34-de-la-convencion\/\">petici\u00f3n de informaci\u00f3n<\/a> que le har\u00e1 el Comit\u00e9 contra la Desaparici\u00f3n Forzada (CED) de la ONU, encaminada a documentar y analizar si existe una pr\u00e1ctica de desaparici\u00f3n forzada de forma generalizada y sistem\u00e1tica en el pa\u00eds, anunciada por \u00e9ste luego de clausurar su 28\u00ba per\u00edodo de sesiones, el 4 de abril de 2025.<\/p>\n\n\n\n<p>La desaparici\u00f3n forzada es un fen\u00f3meno constante y es uno de los problemas que forman parte de la crisis de derechos humanos que afecta a M\u00e9xico. En el informe <a href=\"https:\/\/amnistia.org.mx\/contenido\/index.php\/informe-2024-25-de-amnistia-internacional-la-situacion-de-los-derechos-humanos-en-el-mundo\/\">La situaci\u00f3n de los derechos humanos en el mundo<\/a>, Amnist\u00eda Internacional reporta que en el a\u00f1o 2024 se registr\u00f3 en M\u00e9xico la desaparici\u00f3n de 13 mil 588 personas. En el periodo 1952 al 10 de mayo de 2025 la cifra ascend\u00eda a <a href=\"https:\/\/versionpublicarnpdno.segob.gob.mx\/Dashboard\/ContextoGeneral\" target=\"_blank\" aria-label=\"undefined (abre en una nueva pesta\u00f1a)\" rel=\"noreferrer noopener\">128 mil 332<\/a>. En M\u00e9xico desaparecen a diario 30 personas ante la incapacidad del Estado de cumplir con su obligaci\u00f3n de garantizar la vida de sus ciudadanos.<\/p>\n\n\n\n<p>\u201cEstamos ante un fen\u00f3meno de grandes dimensiones. Primero, por lo que implica la p\u00e9rdida de una vida en s\u00ed misma y por el impacto que este hecho genera en la familia afectada, en madres, padres, esposas, hijas, hijos, hermanas, abuelas, abuelos, quienes sufren las consecuencias psicol\u00f3gicas y f\u00edsicas de esa desaparici\u00f3n. El da\u00f1o causado en las diferentes esferas de su vida es inmensurable\u201d, declar\u00f3 Edith Olivares Ferreto.<\/p>\n\n\n\n<p>\u201cDesde Amnist\u00eda Internacional saludamos el di\u00e1logo entre las autoridades del Estado mexicano y las colectivas de b\u00fasqueda. Es un proceso que por fin ocurre y que fue propuesto durante a\u00f1os por las colectivas de buscadoras. En ese sentido hacemos votos porque esos encuentros sean un <strong>espacio de escucha permanente<\/strong> y de <strong>di\u00e1logo efectivo<\/strong> en el que autoridades y colectivas estructuren medidas concretas, con los ajustes que ameriten a lo largo del tiempo, para prevenir y atender el fen\u00f3meno de la desaparici\u00f3n forzada\u201d, agreg\u00f3 Edith Olivares Ferreto.<\/p>\n\n\n\n<p>\u201cLa petici\u00f3n de informaci\u00f3n al gobierno mexicano, anunciada por el CED, no debe ser vista como un ataque, sino como una <strong>muestra del inter\u00e9s y voluntad de organizaciones como la ONU de trabajar para atender el tema<\/strong>. Esta colaboraci\u00f3n es fundamental pues con el apoyo de sus expertos pueden surgir medidas fundamentales que permitan atender debidamente el problema de la desaparici\u00f3n forzada en el pa\u00eds\u201d, concluy\u00f3 Edith Olivares Ferreto.<\/p>\n\n\n\n<p>El trabajo conjunto entre el CED y el Estado mexicano se viene dando desde hace m\u00e1s una d\u00e9cada. A manera de antecedente, el Estado mexicano ratific\u00f3 la Convenci\u00f3n Internacional para la protecci\u00f3n de todas las personas contra las desapariciones forzadas en 2008, la misma entr\u00f3 en vigor en diciembre de 2010. La <a href=\"https:\/\/hchr.org.mx\/cajas_herramientas\/comite-contra-la-desaparicion-forzada\/\">primera revisi\u00f3n<\/a> que hizo el CED a M\u00e9xico data de 2015 y la <a href=\"https:\/\/www.ohchr.org\/es\/press-releases\/2021\/12\/committee-enforced-disappearances-visit-mexico\">primera visita <em>in situ<\/em> a M\u00e9xico<\/a> se concret\u00f3 en noviembre de 2021. En ella, sus expertos independientes sostuvieron reuniones con autoridades, personas v\u00edctimas de desaparici\u00f3n forzada y diversas organizaciones de la sociedad civil. El <a href=\"https:\/\/hchr.org.mx\/wp\/wp-content\/uploads\/2022\/04\/Informe-de-visita-a-MX-del-Comite-contra-la-Desaparicion-Forzada-abril-2022.pdf\">informe de esa visita<\/a> fue dado a conocer el 12 de abril de 2022.<\/p>\n\n\n\n<p><strong>La desaparici\u00f3n forzada en M\u00e9xico<\/strong><\/p>\n\n\n\n<p>El fen\u00f3meno de la desaparici\u00f3n forzada es peculiar en M\u00e9xico. A diferencia de lo que ocurre en otros pa\u00edses del mundo y de la zona de las Am\u00e9ricas, donde las personas exigen a los Estados que busquen a las personas desaparecidas, en M\u00e9xico son las familias quienes realizan esa labor, debido a la inacci\u00f3n u omisi\u00f3n de las autoridades.<\/p>\n\n\n\n<p>Otra peculiaridad de ese problema en M\u00e9xico, es que si bien un alto porcentaje de personas desaparecidas son hombres, quienes lideran su b\u00fasqueda son mayoritariamente mujeres, agrupadas en diversas colectivas que a la fecha son m\u00e1s de 200. Esto no es una casualidad, es un hecho derivado de la imposici\u00f3n de los roles que la sociedad asigna a las mujeres, como lo ha advertido Amnist\u00eda Internacional en su informe <a href=\"https:\/\/amnistia.org.mx\/contenido\/wp-content\/uploads\/2024\/08\/AMR0184582024SPANISH.pdf\">Buscar sin miedo: Est\u00e1ndares internacionales aplicables a la protecci\u00f3n de mujeres buscadoras en las Am\u00e9ricas<\/a>.<\/p>\n\n\n\n<p>La b\u00fasqueda la realizan con sus propios recursos. Ellas costean la compra de diversos materiales como picos, palas, guantes, cubrebocas; su alimentaci\u00f3n y eventualmente alquiler de maquinaria. En ese proceso, las mujeres sufren amenazas y ataques que conllevan, en algunos casos, al desplazamiento forzado.<\/p>\n\n\n\n<p>En ese sentido, a la fecha han sido asesinadas 29 personas buscadoras, tres de ellas en el marco del di\u00e1logo que mantiene la Secretar\u00eda de Gobernaci\u00f3n con las diversas colectivas: <a href=\"https:\/\/x.com\/amnistiamexico\/status\/1915914608302231977\">Marco Antonio Su\u00e1stegui Mu\u00f1oz<\/a> (el 18 de abril de 2025) y <a href=\"https:\/\/x.com\/amnistiamexico\/status\/1915511023618187703\">Mar\u00eda del Carmen Morales<\/a> y su hijo Jaime Ram\u00edrez \u2013quien tambi\u00e9n se hab\u00eda incorporado a labores de b\u00fasqueda\u2013 (24 de abril de 2025).<\/p>\n\n\n\n<p><strong>Otras aristas a considerar<\/strong><\/p>\n\n\n\n<p>Esos problemas se entrecruzan adem\u00e1s con sus historias de vida, identidades, discapacidad, la edad y entornos socioecon\u00f3micos y culturales. Incluso son estigmatizadas por su labor, as\u00ed como sus familiares desaparecidos, adem\u00e1s de que son criminalizadas y obstaculizadas para realizar su labor.<\/p>\n\n\n\n<p>A todo ello se debe agregar el deterioro de su salud f\u00edsica y mental, as\u00ed como los impactos socioecon\u00f3micos derivados de la desaparici\u00f3n forzada de sus familiares y seres queridos.<\/p>\n\n\n\n<p>Las mujeres buscadoras son v\u00edctimas de la desaparici\u00f3n forzada de sus familiares y al mismo tiempo la labor que realizan las ha convertido en defensoras de derechos humanos.<\/p>\n\n\n\n<p>El fen\u00f3meno es complejo. Por ello, adem\u00e1s de atender el problema de la desaparici\u00f3n forzada en s\u00ed, el Estado mexicano debe considerar las diversas aristas referidas para dar una atenci\u00f3n diferenciada y con perspectiva de g\u00e9nero a las personas buscadoras.<\/p>\n\n\n\n<p>Amnist\u00eda Internacional, advierte que la actividad de b\u00fasqueda que realizan las colectivas est\u00e1 protegida por el Derecho Internacional de los derechos humanos y que \u00e9ste le asigna a los Estados obligaciones de respeto, garant\u00eda y protecci\u00f3n para quienes la realizan.<\/p>\n\n\n\n<p>Amnist\u00eda Internacional reitera las recomendaciones incluidas en su informe <a href=\"https:\/\/amnistia.org.mx\/contenido\/wp-content\/uploads\/2024\/08\/AMR0184582024SPANISH.pdf\">Buscar sin miedo<\/a>, entre ellas:<\/p>\n\n\n\n<p>Que los Estados reconozcan el derecho de las colectivas a participar en b\u00fasquedas con las autoridades y por cuenta propia; admitan la importante labor realizan las mujeres buscadoras como defensoras de derechos humanos, incluyendo mujeres negras y afrodescendientes, Ind\u00edgenas, con discapacidad y con orientaciones sexuales e identidades de g\u00e9nero diversas, as\u00ed como garantizar sus derechos, incluy\u00e9ndolas en los mecanismos de protecci\u00f3n correspondientes de conformidad con sus deseos.<\/p>\n\n\n\n<p>Abstenerse de estigmatizar tanto a las personas desaparecidas forzadamente como a quienes las buscan; prevenir todo tipo de ataques tanto de las autoridades como de terceras personas y promover la salvaguarda de los derechos de mujeres buscadoras; prevenir actos de violencia basada en g\u00e9nero y otros cr\u00edmenes de odio, as\u00ed como iniciar acciones penales, llevar a infractores a juicio e imponer sanciones penales pertinentes.<\/p>\n\n\n\n<p>Tomar medidas concretas contra la impunidad por hechos de desaparici\u00f3n forzada y por la violencia contra las mujeres, y dem\u00e1s amenazas y ataques que enfrentan las mujeres buscadoras en el desarrollo de su labor; adoptar medidas para garantizar la continuidad en el acceso a recursos para el mantenimiento de condiciones de vida digna de las mujeres buscadoras e implementar mecanismos de protecci\u00f3n y asistencia social que incluyan apoyo econ\u00f3mico para garantizar el derecho a la b\u00fasqueda.<\/p>\n\n\n\n<p><strong>Informaci\u00f3n de contexto:<\/strong><\/p>\n\n\n\n<p><a href=\"https:\/\/amnistia.org.mx\/contenido\/index.php\/buscar-sin-miedo-estandares-internacionales\/\">Buscar sin miedo: est\u00e1ndares internacionales aplicables a la protecci\u00f3n de mujeres buscadoras en las Am\u00e9ricas<\/a><\/p>\n\n\n\n<p><a href=\"https:\/\/amnistia.org.mx\/contenido\/index.php\/la-estrategia-sobre-desapariciones-pone-en-peligro-la-busqueda\/\">Acci\u00f3n Urgente M\u00e9xico: la estrategia sobre desapariciones pone en peligro la b\u00fasqueda<\/a><\/p>\n\n\n\n<p><a href=\"https:\/\/amnistia.org.mx\/contenido\/index.php\/peticion-mujeres-buscadoras\/\">Petici\u00f3n de apoyo a las colectivas de b\u00fasqueda<\/a><\/p>\n\n\n\n<p><strong>Para obtener m\u00e1s informaci\u00f3n o concertar una entrevista, p\u00f3ngase en contacto con:<\/strong><\/p>\n\n\n\n<p>Alejandro Ju\u00e1rez Gamero, Amnist\u00eda Internacional M\u00e9xico:<\/p>\n\n\n\n<p><a href=\"mailto:prensa@amnistia.org.mx\">prensa@amnistia.org.mx<\/a><\/p>\n\n\n\n<p>+52 55 2265 4331<\/p>\n","protected":false},"excerpt":{"rendered":"<p>En el marco de la XIII Marcha de la dignidad nacional Madres buscando a sus Hijos, Hijas, Verdad y Justicia, que se conmemora hoy 10 de mayo, Amnist\u00eda Internacional exhorta &hellip;<\/p>\n<p class=\"read-more\"> <a class=\"\" href=\"https:\/\/amnistia.org.mx\/contenido\/index.php\/strongmexico-la-estrategia-para-prevenir-la-desaparicion-forzada-debe-construirse-con-las-colectivas-de-busqueda-strong\/\"> <span class=\"screen-reader-text\"><strong>M\u00e9xico: La estrategia para prevenir la desaparici\u00f3n forzada debe construirse a trav\u00e9s de un di\u00e1logo permanente con las colectivas de b\u00fasqueda<\/strong><\/span> Leer m\u00e1s &raquo;<\/a><\/p>\n","protected":false},"author":4,"featured_media":38289,"comment_status":"closed","ping_status":"closed","sticky":false,"template":"","format":"standard","meta":{"_uf_show_specific_survey":0,"_uf_disable_surveys":false,"site-sidebar-layout":"default","site-content-layout":"default","ast-global-header-display":"","ast-main-header-display":"","ast-hfb-above-header-display":"","ast-hfb-below-header-display":"","ast-hfb-mobile-header-display":"","site-post-title":"","ast-breadcrumbs-content":"","ast-featured-img":"","footer-sml-layout":"","theme-transparent-header-meta":"","adv-header-id-meta":"","stick-header-meta":"","header-above-stick-meta":"","header-main-stick-meta":"","header-below-stick-meta":""},"categories":[20],"tags":[28],"acf":[],"aioseo_notices":[],"yoast_head":"<!-- This site is optimized with the Yoast SEO plugin v14.5 - https:\/\/yoast.com\/wordpress\/plugins\/seo\/ -->\n<title>M\u00e9xico: La estrategia para prevenir la desaparici\u00f3n forzada debe construirse a trav\u00e9s de un di\u00e1logo permanente con las colectivas de b\u00fasqueda - amnistia.org.mx<\/title>\n<meta name=\"description\" content=\"La estrategia para prevenir la desaparici\u00f3n forzada debe construirse con un di\u00e1logo permanente con las colectivas de b\u00fasqueda: Amnist\u00eda Internacional\" \/>\n<meta name=\"robots\" content=\"index, follow\" \/>\n<meta name=\"googlebot\" content=\"index, follow, max-snippet:-1, max-image-preview:large, max-video-preview:-1\" \/>\n<meta name=\"bingbot\" content=\"index, follow, max-snippet:-1, max-image-preview:large, max-video-preview:-1\" \/>\n<link rel=\"canonical\" href=\"https:\/\/amnistia.org.mx\/contenido\/index.php\/strongmexico-la-estrategia-para-prevenir-la-desaparicion-forzada-debe-construirse-con-las-colectivas-de-busqueda-strong\/\" \/>\n<meta property=\"og:locale\" content=\"es_MX\" \/>\n<meta property=\"og:type\" content=\"article\" \/>\n<meta property=\"og:title\" content=\"M\u00e9xico: La estrategia para prevenir la desaparici\u00f3n forzada debe construirse a trav\u00e9s de un di\u00e1logo permanente con las colectivas de b\u00fasqueda - amnistia.org.mx\" \/>\n<meta property=\"og:description\" content=\"La estrategia para prevenir la desaparici\u00f3n forzada debe construirse con un di\u00e1logo permanente con las colectivas de b\u00fasqueda: Amnist\u00eda Internacional\" \/>\n<meta property=\"og:url\" content=\"https:\/\/amnistia.org.mx\/contenido\/index.php\/strongmexico-la-estrategia-para-prevenir-la-desaparicion-forzada-debe-construirse-con-las-colectivas-de-busqueda-strong\/\" \/>\n<meta property=\"og:site_name\" content=\"amnistia.org.mx\" \/>\n<meta property=\"article:published_time\" content=\"2025-05-10T14:51:02+00:00\" \/>\n<meta property=\"article:modified_time\" content=\"2025-05-10T18:27:04+00:00\" \/>\n<meta property=\"og:image\" content=\"https:\/\/amnistia.org.mx\/contenido\/wp-content\/uploads\/2025\/05\/10MAYO.png\" \/>\n\t<meta property=\"og:image:width\" content=\"800\" \/>\n\t<meta property=\"og:image:height\" content=\"450\" \/>\n<meta name=\"twitter:card\" content=\"summary_large_image\" \/>\n<script type=\"application\/ld+json\" class=\"yoast-schema-graph\">{\"@context\":\"https:\/\/schema.org\",\"@graph\":[{\"@type\":\"WebSite\",\"@id\":\"https:\/\/amnistia.org.mx\/contenido\/#website\",\"url\":\"https:\/\/amnistia.org.mx\/contenido\/\",\"name\":\"amnistia.org.mx\",\"description\":\"Nueva p\\u00e1gina de Amnist\\u00eda\",\"potentialAction\":[{\"@type\":\"SearchAction\",\"target\":\"https:\/\/amnistia.org.mx\/contenido\/?s={search_term_string}\",\"query-input\":\"required name=search_term_string\"}],\"inLanguage\":\"es-MX\"},{\"@type\":\"ImageObject\",\"@id\":\"https:\/\/amnistia.org.mx\/contenido\/index.php\/strongmexico-la-estrategia-para-prevenir-la-desaparicion-forzada-debe-construirse-con-las-colectivas-de-busqueda-strong\/#primaryimage\",\"inLanguage\":\"es-MX\",\"url\":\"https:\/\/amnistia.org.mx\/contenido\/wp-content\/uploads\/2025\/05\/10MAYO.png\",\"width\":800,\"height\":450},{\"@type\":\"WebPage\",\"@id\":\"https:\/\/amnistia.org.mx\/contenido\/index.php\/strongmexico-la-estrategia-para-prevenir-la-desaparicion-forzada-debe-construirse-con-las-colectivas-de-busqueda-strong\/#webpage\",\"url\":\"https:\/\/amnistia.org.mx\/contenido\/index.php\/strongmexico-la-estrategia-para-prevenir-la-desaparicion-forzada-debe-construirse-con-las-colectivas-de-busqueda-strong\/\",\"name\":\"M\\u00e9xico: La estrategia para prevenir la desaparici\\u00f3n forzada debe construirse a trav\\u00e9s de un di\\u00e1logo permanente con las colectivas de b\\u00fasqueda - amnistia.org.mx\",\"isPartOf\":{\"@id\":\"https:\/\/amnistia.org.mx\/contenido\/#website\"},\"primaryImageOfPage\":{\"@id\":\"https:\/\/amnistia.org.mx\/contenido\/index.php\/strongmexico-la-estrategia-para-prevenir-la-desaparicion-forzada-debe-construirse-con-las-colectivas-de-busqueda-strong\/#primaryimage\"},\"datePublished\":\"2025-05-10T14:51:02+00:00\",\"dateModified\":\"2025-05-10T18:27:04+00:00\",\"author\":{\"@id\":\"https:\/\/amnistia.org.mx\/contenido\/#\/schema\/person\/7db421c495688267ce8ede4625c17fa5\"},\"description\":\"La estrategia para prevenir la desaparici\\u00f3n forzada debe construirse con un di\\u00e1logo permanente con las colectivas de b\\u00fasqueda: Amnist\\u00eda Internacional\",\"breadcrumb\":{\"@id\":\"https:\/\/amnistia.org.mx\/contenido\/index.php\/strongmexico-la-estrategia-para-prevenir-la-desaparicion-forzada-debe-construirse-con-las-colectivas-de-busqueda-strong\/#breadcrumb\"},\"inLanguage\":\"es-MX\",\"potentialAction\":[{\"@type\":\"ReadAction\",\"target\":[\"https:\/\/amnistia.org.mx\/contenido\/index.php\/strongmexico-la-estrategia-para-prevenir-la-desaparicion-forzada-debe-construirse-con-las-colectivas-de-busqueda-strong\/\"]}]},{\"@type\":\"BreadcrumbList\",\"@id\":\"https:\/\/amnistia.org.mx\/contenido\/index.php\/strongmexico-la-estrategia-para-prevenir-la-desaparicion-forzada-debe-construirse-con-las-colectivas-de-busqueda-strong\/#breadcrumb\",\"itemListElement\":[{\"@type\":\"ListItem\",\"position\":1,\"item\":{\"@type\":\"WebPage\",\"@id\":\"https:\/\/amnistia.org.mx\/contenido\/\",\"url\":\"https:\/\/amnistia.org.mx\/contenido\/\",\"name\":\"Home\"}},{\"@type\":\"ListItem\",\"position\":2,\"item\":{\"@type\":\"WebPage\",\"@id\":\"https:\/\/amnistia.org.mx\/contenido\/index.php\/strongmexico-la-estrategia-para-prevenir-la-desaparicion-forzada-debe-construirse-con-las-colectivas-de-busqueda-strong\/\",\"url\":\"https:\/\/amnistia.org.mx\/contenido\/index.php\/strongmexico-la-estrategia-para-prevenir-la-desaparicion-forzada-debe-construirse-con-las-colectivas-de-busqueda-strong\/\",\"name\":\"M\\u00e9xico: La estrategia para prevenir la desaparici\\u00f3n forzada debe construirse a trav\\u00e9s de un di\\u00e1logo permanente con las colectivas de b\\u00fasqueda\"}}]},{\"@type\":[\"Person\"],\"@id\":\"https:\/\/amnistia.org.mx\/contenido\/#\/schema\/person\/7db421c495688267ce8ede4625c17fa5\",\"name\":\"Alejandro Ju\\u00e1rez Gamero\",\"image\":{\"@type\":\"ImageObject\",\"@id\":\"https:\/\/amnistia.org.mx\/contenido\/#personlogo\",\"inLanguage\":\"es-MX\",\"url\":\"https:\/\/secure.gravatar.com\/avatar\/e312d5566d1c3ffb56f86415d6f0e606?s=96&d=mm&r=g\",\"caption\":\"Alejandro Ju\\u00e1rez Gamero\"}}]}<\/script>\n<!-- \/ Yoast SEO plugin. -->","_links":{"self":[{"href":"https:\/\/amnistia.org.mx\/contenido\/index.php\/wp-json\/wp\/v2\/posts\/38282"}],"collection":[{"href":"https:\/\/amnistia.org.mx\/contenido\/index.php\/wp-json\/wp\/v2\/posts"}],"about":[{"href":"https:\/\/amnistia.org.mx\/contenido\/index.php\/wp-json\/wp\/v2\/types\/post"}],"author":[{"embeddable":true,"href":"https:\/\/amnistia.org.mx\/contenido\/index.php\/wp-json\/wp\/v2\/users\/4"}],"replies":[{"embeddable":true,"href":"https:\/\/amnistia.org.mx\/contenido\/index.php\/wp-json\/wp\/v2\/comments?post=38282"}],"version-history":[{"count":7,"href":"https:\/\/amnistia.org.mx\/contenido\/index.php\/wp-json\/wp\/v2\/posts\/38282\/revisions"}],"predecessor-version":[{"id":38291,"href":"https:\/\/amnistia.org.mx\/contenido\/index.php\/wp-json\/wp\/v2\/posts\/38282\/revisions\/38291"}],"wp:featuredmedia":[{"embeddable":true,"href":"https:\/\/amnistia.org.mx\/contenido\/index.php\/wp-json\/wp\/v2\/media\/38289"}],"wp:attachment":[{"href":"https:\/\/amnistia.org.mx\/contenido\/index.php\/wp-json\/wp\/v2\/media?parent=38282"}],"wp:term":[{"taxonomy":"category","embeddable":true,"href":"https:\/\/amnistia.org.mx\/contenido\/index.php\/wp-json\/wp\/v2\/categories?post=38282"},{"taxonomy":"post_tag","embeddable":true,"href":"https:\/\/amnistia.org.mx\/contenido\/index.php\/wp-json\/wp\/v2\/tags?post=38282"}],"curies":[{"name":"wp","href":"https:\/\/api.w.org\/{rel}","templated":true}]}}