
{"id":38317,"date":"2025-05-15T13:37:30","date_gmt":"2025-05-15T18:37:30","guid":{"rendered":"https:\/\/amnistia.org.mx\/contenido\/?p=38317"},"modified":"2025-05-15T13:37:32","modified_gmt":"2025-05-15T18:37:32","slug":"la-fgr-da-carpetazo-al-caso-de-marco-antonio-amador-martinez-y-se-deslinda-en-la-busqueda-de-migrantes-desaparecidos","status":"publish","type":"post","link":"https:\/\/amnistia.org.mx\/contenido\/index.php\/la-fgr-da-carpetazo-al-caso-de-marco-antonio-amador-martinez-y-se-deslinda-en-la-busqueda-de-migrantes-desaparecidos\/","title":{"rendered":"La FGR da carpetazo al caso de Marco Antonio Amador Mart\u00ednez por &#8220;incompetencia&#8221; y se deslinda de su responsabilidad en la b\u00fasqueda de migrantes desaparecidos"},"content":{"rendered":"\n<figure class=\"wp-block-image aligncenter size-large\"><img decoding=\"async\" loading=\"lazy\" width=\"685\" height=\"1024\" src=\"https:\/\/amnistia.org.mx\/contenido\/wp-content\/uploads\/2025\/05\/Foto-Mary-Glorieta-Mujeres-1-685x1024.jpeg\" alt=\"\" class=\"wp-image-38323\"\/><\/figure>\n\n\n\n<p class=\"has-text-align-center\">Do\u00f1a Mary Elizabeth Mart\u00ednez Castro busca a su hijo Marco Antonio Amador, sin importar las fronteras.<\/p>\n\n\n\n<p>\u25cf La Fiscal\u00eda General de la Rep\u00fablica (FGR) decidi\u00f3 cerrar su participaci\u00f3n en la investigaci\u00f3n del caso de<br>Marco Antonio Amador Mart\u00ednez, joven migrante hondure\u00f1o desaparecido en Tamaulipas en 2013, ignorando<br>el dolor y la b\u00fasqueda de su madre, Mary Elizabeth Mart\u00ednez Castro.<br>\u25cf La FGR alega \u201cincompetencia\u201d para continuar con la investigaci\u00f3n, desentendiendose de su obligaci\u00f3n<br>constitucional de procurar justicia<br>\u25cf Esta decisi\u00f3n se contrapone a la Acci\u00f3n Urgente del Comit\u00e9 contra las Desapariciones Forzadas (CED) de la<br>ONU, que exige a todas las instancias del Estado mexicano actuar con la debida diligencia y de forma<br>coordinada para encontrar a Marco Antonio<br>\u25cf La familia de Marco Antonio, con el acompa\u00f1amiento legal de la Fundaci\u00f3n para la Justicia, ha interpuesto un<br>amparo para revertir esta resoluci\u00f3n injusta<br>\u25cf Este no es un caso aislado: la FGR ha mostrado un patr\u00f3n de abandono e incompetencia en la investigaci\u00f3n<br>de los casos de personas migrantes desaparecidas, vulnerando gravemente el derecho a la verdad y la<br>justicia de sus familias<\/p>\n\n\n\n<p>Marco Antonio Amador Mart\u00ednez es un joven hondure\u00f1o quien, para buscar una mejor vida para su familia,<br>se vio obligado a emigrar de su pa\u00eds hacia los Estados Unidos en el a\u00f1o 2013. No logr\u00f3 cruzar al otro lado<br>de la frontera pues, en la carretera entre Nuevo Laredo y Reynosa, en el estado de Tamaulipas, fue bajado<br>del autob\u00fas en el que viajaba por miembros de un grupo armado, y desde el 11 de marzo del 2013 se<br>encuentra desaparecido.<\/p>\n\n\n\n<p>La lucha que ha encabezado su madre Mary Elizabeth Mart\u00ednez Castro por encontrarlo sin importar las<br>fronteras se retrata en el documental \u201cToshkua\u201d del director Ludovic Bonleux, pel\u00edcula que se ha proyectado<br>en M\u00e9xico, Estados Unidos, Honduras, Francia, Italia, entre otros pa\u00edses, y ha sido acreedora a<br>reconocimientos internacionales y nacionales, como la Diosa de Plata a Mejor Documental.<\/p>\n\n\n\n<p>El caso tambi\u00e9n cuenta con la Acci\u00f3n Urgente 1650\/2023 emitida por el Comit\u00e9 contra las Desapariciones<br>Forzadas (CED) de la ONU, la cual urge a todas las instancias del Estado mexicano a coordinarse para<br>encontrar a Marco Antonio. En abril, este mismo Comit\u00e9 advirti\u00f3 que las desapariciones forzadas en M\u00e9xico<br>podr\u00edan ser generalizadas o sistem\u00e1ticas, lo que abre la posibilidad de elevar el caso ante la Asamblea<br>General de la ONU a trav\u00e9s del art\u00edculo 34 de la Convenci\u00f3n.<\/p>\n\n\n\n<p>A pesar de todo lo anterior, la Fiscal\u00eda General de la Rep\u00fablica (FGR) lejos de entender la importancia de<br>investigar los casos de personas migrantes desaparecidas, el 28 de abril notific\u00f3 a la representaci\u00f3n legal<br>de do\u00f1a Mary Mart\u00ednez la resoluci\u00f3n de la FGR, donde declara su \u201cincompetencia\u201d en el caso, alegando<br>que no encontr\u00f3 indicios de delincuencia organizada y, por tanto, remite el caso a la Fiscal\u00eda General de<br>Justicia de Tamaulipas (FGJTAM) como un asunto del fuero com\u00fan.<\/p>\n\n\n\n<p>Este deslinde de las autoridades federales implica un grave retroceso en la investigaci\u00f3n del caso, as\u00ed<br>como en el acceso a la justicia, la verdad y reparaci\u00f3n del da\u00f1o a que tiene derecho do\u00f1a Mary. A ello se<br>suma el hecho de que, para dar seguimiento a la carpeta de investigaci\u00f3n tendr\u00eda que viajar desde<br>Tegucigalpa, Honduras, al estado de Tamaulipas, con los consecuentes riesgos para su seguridad; adem\u00e1s<br>de otros retrocesos en su acceso a sus derechos como v\u00edctima.<\/p>\n\n\n\n<p>Desde Tegucigalpa, Do\u00f1a Mary Mart\u00ednez expres\u00f3 el amor a su hijo Marco Antonio, ausente nuevamente el<br>10 de mayo -D\u00eda de las Madres-, as\u00ed como su necesidad de encontrarlo con vida; para ello, consider\u00f3<br>urgente el apoyo de la FGR: \u201cMi hijo se fue buscando un futuro mejor para \u00e9l y su familia. La angustia que<br>vivo cada d\u00eda es muy fuerte. Cada d\u00eda que pasa y no s\u00e9 nada de \u00e9l, para nosotras las madres es muy<br>doloroso y desgastante para la salud. Todas las madres queremos encontrar a nuestros hijos. Por favor le<br>pido a las autoridades mexicanas y la FGR que me sigan apoyando, porque necesito de las instituciones<br>para encontrar a mi hijo Marco Antonio.\u201d<\/p>\n\n\n\n<p>Desafortunadamente, este hecho refleja un patr\u00f3n por parte de la Fiscal\u00eda. En mesas de trabajo con<br>personas servidoras p\u00fablicas, colectivos de familias migrantes buscadoras reclamaron al Fiscal Javier<br>P\u00e9rez Dur\u00f3n, jefe de la Fiscal\u00eda Especial de Investigaci\u00f3n de Delitos Relacionados con Personas Migrantes<br>y Refugiadas, su deslinde, por incompetencia, de otros casos de personas migrantes desaparecidas en<br>M\u00e9xico, incluso en casos del Mecanismo de Apoyo Exterior de B\u00fasqueda e Investigaci\u00f3n (MAEBI).<\/p>\n\n\n\n<p>\u201cLa decisi\u00f3n adoptada por la FGR en el caso de Marco Antonio representa una p\u00e9rdida de tiempo<br>fundamental, no s\u00f3lo para el proceso de la investigaci\u00f3n, sino tambi\u00e9n para la b\u00fasqueda en vida del joven<br>migrante. Por si fuera poco se contrapone con la Acci\u00f3n Urgente emitida por el CED de la ONU, que exige<br>a las autoridades mexicanas Otilia P\u00e9rez Pati\u00f1o acciones coordinadas para localizarlo. De esta forma, se<br>encuentran en falta con su obligaci\u00f3n de cumplir la Convenci\u00f3n Internacional para la protecci\u00f3n de todas<br>las personas contra las desapariciones forzadas, de la M\u00e9xico es Estado parte\u201d, declar\u00f3 Edith Olivares<br>Ferreto, Directora Ejecutiva de Amnist\u00eda Internacional, secci\u00f3n mexicana.<\/p>\n\n\n\n<p>\u201cDesde Amnist\u00eda Internacional recordamos, adem\u00e1s, a las autoridades mexicanas que migrar es un<br>derecho humano, que personas como Marco Antonio, salieron de su pa\u00eds en busca de mejores condiciones<br>de vida y que tanto \u00e9l como miles de migrantes m\u00e1s cuenta con derechos y libertades universales<br>establecidas en diversos instrumentos internacionales, entre ellos, la Declaraci\u00f3n de Cartagena sobre<br>refugiados (1984) y el Pacto Mundial sobre Migraci\u00f3n (2018), y que \u00e9stos, a su paso por M\u00e9xico, no se<br>anulan, al contrario, deben ser respetados durante todo el proceso migratorio\u201d, advirti\u00f3 Edith Olivares<br>Ferreto.<\/p>\n\n\n\n<p>La familia de Marco Antonio ha presentado un recurso de impugnaci\u00f3n para apelar esta decisi\u00f3n injusta a<br>trav\u00e9s de sus representantes jur\u00eddicos de la Fundaci\u00f3n para la Justicia, el cual debe resolverse por el juez<br>de control en d\u00edas pr\u00f3ximos.<\/p>\n\n\n\n<p>Mediante las redes sociales de Toshkua Film, Amnist\u00eda Internacional y la Fundaci\u00f3n para la Justicia<br>anunciaremos los resultados del recurso de impugnaci\u00f3n que fue promovido ante el juzgado, confiando en<br>que la justicia mexicana reforzar\u00e1 los precedentes jur\u00eddicos para la defensa de los derechos de las<br>personas migrantes desaparecidas y sus familias quienes no s\u00f3lo enfrentan el dolor de la desaparici\u00f3n de<br>un ser querido en la ruta migratoria, sino las barreras y revictimizaci\u00f3n de instituciones \u201cincompetentes\u201d<br>para buscarles e investigar.<\/p>\n\n\n\n<p><strong>\u00a1Porque vivxs se lxs llevaron, vivxs lxs queremos!<\/strong><br><br>Si desea m\u00e1s informaci\u00f3n sobre el caso o una entrevista con la familia por favor mandar whatsapp al<br>n\u00famero: +1 (818) 271-9268; o bien si desea una entrevista con la representaci\u00f3n legal del caso pueden<br>contactar a: prensa@fundacionjusticia.org<\/p>\n\n\n\n<p>Si desea ver el documental Toshkua (Ludovic Bonleux, 2023) para conocer el contexto, ingrese a esta liga<br>temporal:<br>Pel\u00edcula completa (80\u2019): https:\/\/youtu.be\/YEAW6rSjDZQ<br>Trailer oficial: https:\/\/youtu.be\/yxKaCksLYdU<\/p>\n\n\n\n<p><strong>Firman<\/strong><\/p>\n\n\n\n<ol>\n<li>Mary Elizabeth Mart\u00ednez Castro, madre de Marco Antonio Amador Mart\u00ednez e integrante de la Asociaci\u00f3n<br>Hondure\u00f1a de Familiares de Migrantes Desaparecidos Amor y Fe, Tegucigalpa, Honduras<\/li>\n\n\n\n<li>Impacta Cine<\/li>\n\n\n\n<li>Cadalpiotz<\/li>\n\n\n\n<li>Fundaci\u00f3n para la Justicia<\/li>\n\n\n\n<li>Amnist\u00eda Internacional M\u00e9xico<\/li>\n<\/ol>\n\n\n\n<p><strong>Colectivos y organizaciones<\/strong><\/p>\n\n\n\n<ol start=\"6\">\n<li>Red Regional de Familias Migrantes<\/li>\n\n\n\n<li>Familiares Caminando Por Justicia<\/li>\n\n\n\n<li>Acci\u00f3n de Memoria Corazones Robados<\/li>\n\n\n\n<li>Huellas de la Memoria<\/li>\n\n\n\n<li>Carovane Migranti<\/li>\n\n\n\n<li>La Furia Cine<\/li>\n\n\n\n<li>Programa de Derechos Humanos, Universidad Iberoamericana Ciudad de M\u00e9xico<\/li>\n\n\n\n<li>Borderline Incluir con Arte y Educaci\u00f3n, A.C. \/ Borderline Teatro<\/li>\n\n\n\n<li>Colectivo A Tu Encuentro<\/li>\n\n\n\n<li>Chicome Compartiendo Saberes<\/li>\n\n\n\n<li>Colectivo Proyecto de b\u00fasqueda Guanajuato A.C.<\/li>\n\n\n\n<li>Colectivo Buscadoras Guanajuato<\/li>\n\n\n\n<li>Colectivo TE BUSCO<\/li>\n\n\n\n<li>Colectivo FE FUERZA Y ESPERANZA Nogales<\/li>\n\n\n\n<li>Colectivo Salamanca Unidos Buscando Desaparecidos<\/li>\n\n\n\n<li>Colectivo \u00c1ngeles de Pie por T\u00ed<\/li>\n\n\n\n<li>Colectivo De Pie Hasta Encontrarte Guanajuato<\/li>\n\n\n\n<li>Colectivo Desaparecidos Justicia Guanajuato<\/li>\n\n\n\n<li>Colectivo Luz y Justicia<\/li>\n\n\n\n<li>Colectivo Al encuentro de nuestros desaparecidos<\/li>\n\n\n\n<li>Colectivo Buscando con el coraz\u00f3n<\/li>\n\n\n\n<li>Colectivo Una promesa por cumplir<\/li>\n\n\n\n<li>Colectivo Una luz en mi camino<\/li>\n\n\n\n<li>Colectivo No te olvidamos Te buscamos<\/li>\n\n\n\n<li>Colectivo Luz y Justicia<\/li>\n\n\n\n<li>Colectivo \u00bfD\u00f3nde est\u00e1n? Ac\u00e1mbaro<\/li>\n\n\n\n<li>Colectivo A tu encuentro<\/li>\n\n\n\n<li>Justicia y Dignidad Veracruz<\/li>\n\n\n\n<li>A d\u00f3nde van los desaparecidos<\/li>\n\n\n\n<li>Albergue Tochan-Nuestra Casa<\/li>\n\n\n\n<li>Comit\u00e9 de Solidaridad y Derechos Humanos Monse\u00f1or Romero<\/li>\n\n\n\n<li>Casa Tiyahui<\/li>\n\n\n\n<li>Secretariado Cristiano de Solidaridad con Am\u00e9rica Latina SICSAL<\/li>\n\n\n\n<li>Mujeres en b\u00fasqueda Nogales Veracruz<\/li>\n\n\n\n<li>Esposas buscadoras M\u00e9xico<\/li>\n\n\n\n<li>Resistimos: Festival de documentales en resistencia<\/li>\n\n\n\n<li>La Sand\u00eda Digital, Laboratorio de Cultura Audiovisual<\/li>\n\n\n\n<li>AMBULANTE<\/li>\n\n\n\n<li>Red Desaparecidos Colima A.C<\/li>\n\n\n\n<li>Red Regional de Familias Migrantes<\/li>\n\n\n\n<li>Unidas siempre Buscando Colima<\/li>\n\n\n\n<li>Bandada Films<\/li>\n\n\n\n<li>Colectivo Todxs Somos Jorge y Javier<\/li>\n\n\n\n<li>Colectivo Creando en Nubes<\/li>\n\n\n\n<li>Solsticio Red Solidaria<\/li>\n\n\n\n<li>T\u00b4ek\u00b4ei Grupo Interdisciplinario por la Igualdad<\/li>\n\n\n\n<li>Instituto Pro Igualdad y Desarrollo Sustentable<\/li>\n\n\n\n<li>Cooperativa de Im\u00e1genes<\/li>\n\n\n\n<li>Uni\u00f3n y Red Nacional de b\u00fasqueda de Personas y la RIAPD<\/li>\n\n\n\n<li>Colectivo Encontrando la Paz de Irapuato Guanajuato<\/li>\n\n\n\n<li>Todos Somos la Voz de los Desaparecidos Veracruz<\/li>\n\n\n\n<li>Buscando Con Amor y Lucha por ustedes Veracruz<\/li>\n\n\n\n<li>Colectivo en Tu B\u00fasqueda Michoac\u00e1n<\/li>\n\n\n\n<li>Colectivo Ayuda a Regresar a Luis Alberto Calleja AC de Poza Rica<\/li>\n\n\n\n<li>Camilo Justicia para todos<\/li>\n\n\n\n<li>Colectivo Buscando Corazones Perdidos Xalapa<\/li>\n\n\n\n<li>Colectiva Memoria Verdad y Justicia Acapulco<\/li>\n\n\n\n<li>Consejo Federal Ejecutivo Nacional e Internacional del Frente Mexicano Pro Derechos Humanos,<br>(FMPDH).<\/li>\n\n\n\n<li>Armadillos Rastreadores M\u00e9xico. Formadores de Paz<\/li>\n\n\n\n<li>Buscadoras por la paz Sonora<\/li>\n<\/ol>\n\n\n\n<p><strong>Personas<\/strong><\/p>\n\n\n\n<ol start=\"66\">\n<li>Maria Teresa Fuentes Hernandez<\/li>\n\n\n\n<li>Maria Guillermina Rodriguez Cervantes<\/li>\n\n\n\n<li>Merle Ilin\u00e1<\/li>\n\n\n\n<li>Michelle Plascencia<\/li>\n\n\n\n<li>Ludovic Bonleux<\/li>\n\n\n\n<li>Cecilia Garc\u00eda Pacheco<\/li>\n\n\n\n<li>Maricela Peralta Martinez<\/li>\n\n\n\n<li>Alfredo L\u00f3pez Casanova<\/li>\n\n\n\n<li>Fabiola Rayas<\/li>\n\n\n\n<li>Yuli Rodr\u00edguez<\/li>\n\n\n\n<li>Lizeth Cardona<\/li>\n\n\n\n<li>Andrea Horcasitas Mart\u00ednez<\/li>\n\n\n\n<li>Itzel Enciso<\/li>\n\n\n\n<li>Yesenia Fournier<\/li>\n\n\n\n<li>Estela Aguilar P\u00e9rez<\/li>\n\n\n\n<li>Vanessa Nieves V\u00e1zquez<\/li>\n\n\n\n<li>Mar\u00eda Armenta de la Rosa<\/li>\n\n\n\n<li>Alicia R\u00edos<\/li>\n\n\n\n<li>Maricarmen Cardona Mart\u00ednez<\/li>\n\n\n\n<li>Janette Carrillo D\u00edaz<\/li>\n\n\n\n<li>Karla Marisol Pedraza Jasso<\/li>\n\n\n\n<li>Ana B\u00e1rcenas Torres<\/li>\n\n\n\n<li>Ernesto Pardo<\/li>\n\n\n\n<li>Dario Cicardi<\/li>\n\n\n\n<li>Jos\u00e9 Carlos Victoria Cruz<\/li>\n\n\n\n<li>Paola Ivette Acosta Torres<\/li>\n\n\n\n<li>Gabriela Hernandez Chalte<\/li>\n\n\n\n<li>Adrian Ciriaco Salvador<\/li>\n\n\n\n<li>Maria del Carmen Montes<\/li>\n\n\n\n<li>Ana Cecilia Cedillo Guerrero<\/li>\n\n\n\n<li>Claudia Loredo Ibarra<\/li>\n\n\n\n<li>Erandi Mej\u00eda Arregui<\/li>\n\n\n\n<li>Paola Edith Gonz\u00e1lez Ram\u00edrez<\/li>\n\n\n\n<li>Guadalupe Adriana Diego Her\u00e1ndez<\/li>\n\n\n\n<li>Mar\u00eda Isabel Garc\u00eda Guti\u00e9rrez<\/li>\n\n\n\n<li>Ana Laura Hern\u00e1ndez Ram\u00edrez<\/li>\n\n\n\n<li>Fatima Damaris Romero Jim\u00e9nez<\/li>\n\n\n\n<li>Sara Leticia L\u00f3pez Uribe<\/li>\n\n\n\n<li>Jessica Rito<\/li>\n\n\n\n<li>Gabriela Mosqueda V\u00e1zquez<\/li>\n\n\n\n<li>Mariana Mar\u00edn Romero<\/li>\n\n\n\n<li>Olga Lidia S\u00e1nchez Armenta<\/li>\n\n\n\n<li>Otilia Perez Pati\u00f1o<\/li>\n\n\n\n<li>Andrea \u00c1ngel Jim\u00e9nez<\/li>\n\n\n\n<li>Mariel Murgu\u00eda Mart\u00ednez<\/li>\n\n\n\n<li>C\u00e9sar Omar Rosas Ur\u00eda<\/li>\n\n\n\n<li>Ruth Peza L\u00f3pez<\/li>\n\n\n\n<li>Jos\u00e9 Antonio Murgu\u00eda Moreno<\/li>\n\n\n\n<li>Dulce Arredondo Mart\u00ednez<\/li>\n\n\n\n<li>Jessica Hern\u00e1ndez<\/li>\n\n\n\n<li>Oscar Aguillon Garc\u00eda<\/li>\n\n\n\n<li>Karina Alejandra Hern\u00e1ndez Ram\u00edrez<\/li>\n\n\n\n<li>Karla Marisol Garc\u00eda Razo<\/li>\n\n\n\n<li>Maria Guadalupe Ramirez Amesquita<\/li>\n\n\n\n<li>Regina Rangel Hern\u00e1ndez<\/li>\n\n\n\n<li>Manuel cuevas Hern\u00e1ndez<\/li>\n\n\n\n<li>Jorge Miguel Hern\u00e1ndez Ram\u00edrez<\/li>\n\n\n\n<li>Itzel Mart\u00ednez del Ca\u00f1izo<\/li>\n\n\n\n<li>Maribel Jim\u00e9nez Rojas<\/li>\n\n\n\n<li>Esperanza S\u00e1nchez Cerezo<\/li>\n\n\n\n<li>Carmen Sep\u00falveda Gomez<\/li>\n\n\n\n<li>Blanca Estela Ram\u00edrez Hern\u00e1ndez<\/li>\n\n\n\n<li>Maribel Jim\u00e9nez Rojas<\/li>\n\n\n\n<li>Patricia Balderas Castro<\/li>\n\n\n\n<li>Dulce Yesenia Marin Hernandez<\/li>\n\n\n\n<li>Manuel Martinez Zarazua<\/li>\n\n\n\n<li>Diana Valdez Hern\u00e1ndez<\/li>\n\n\n\n<li>Jos\u00e9 Luis Cano<\/li>\n\n\n\n<li>Carolina Mart\u00ednez Romero<\/li>\n\n\n\n<li>Mercedes Ruiz Gonz\u00e1lez<\/li>\n\n\n\n<li>Teresa Morales Rodr\u00edguez Buscadora independiente<\/li>\n\n\n\n<li>Elvira Martinez Monroy Buscadora INDEPENDIENTE<\/li>\n\n\n\n<li>Ang\u00e9lica Zamudio Almanza<\/li>\n\n\n\n<li>Paola Adriana Segura<\/li>\n\n\n\n<li>Aleida Quintana Ordaz<\/li>\n\n\n\n<li>Sorey Martinez<\/li>\n\n\n\n<li>M\u00e1. Del Carmen Alarcon Hern\u00e1ndez Buscadora Independiente<\/li>\n\n\n\n<li>Micaela Gonz\u00e1lez Heras Buscadora Independiente Culiac\u00e1n Sinaloa<\/li>\n\n\n\n<li>Mar\u00eda del Carmen Ramirez Rosas<\/li>\n\n\n\n<li>Ana Silvia Larios Moreno<\/li>\n\n\n\n<li>Esmeralda Medina Montes Buscadora independiente<\/li>\n\n\n\n<li>Olga lidia Garrido Garrido Buscadora independiente<\/li>\n\n\n\n<li>Alejandra Garc\u00eda Buscadora independiente<\/li>\n\n\n\n<li>Griselda Torres Buscadora independiente<\/li>\n\n\n\n<li>Hilda Ortiz Rubio Buscadora Independiente<\/li>\n\n\n\n<li>Rocio Guadalupe Estribero baltierra<\/li>\n\n\n\n<li>Yadira Estrada, mam\u00e1 de Iv\u00e1n Alfredo y Esthela Guadalupe<\/li>\n\n\n\n<li>Martha de Alejandro, mam\u00e1 de Irving<\/li>\n\n\n\n<li>Maribel Pantoja, mam\u00e1 de Roberto Jes\u00fas<\/li>\n\n\n\n<li>Ruth Yolotli Manriquez L\u00f3pez, hermana de Alejandro<\/li>\n\n\n\n<li>Carlos Eduardo Vel\u00e1squez Panta<\/li>\n\n\n\n<li>Marisol Ojeda aguilar<\/li>\n\n\n\n<li>Gisela Teresita Serroque Avila<\/li>\n\n\n\n<li>Matilde Margarita Dom\u00ednguez Cornejo<\/li>\n\n\n\n<li>Maria Luisa Ramirez Ernst<\/li>\n\n\n\n<li>Sabrina Melenotte<\/li>\n\n\n\n<li>Medhin Tewolde Serrano<\/li>\n\n\n\n<li>Jes\u00fas Roberto Hern\u00e1ndez Mac\u00edas<\/li>\n\n\n\n<li>Paola Clerico Medina rjm<\/li>\n\n\n\n<li>Rufina Abaroa Rodriguez<\/li>\n\n\n\n<li>Michell Mart\u00ednez Crespo<\/li>\n\n\n\n<li>Maricela Reyes Barrera<\/li>\n\n\n\n<li>Jorge Antonio Gonzalez rocha<\/li>\n\n\n\n<li>Julio Mata Montiel<\/li>\n\n\n\n<li>Cecilia Delgado Grijalva<\/li>\n<\/ol>\n","protected":false},"excerpt":{"rendered":"<p>Do\u00f1a Mary Elizabeth Mart\u00ednez Castro busca a su hijo Marco Antonio Amador, sin importar las fronteras. \u25cf La Fiscal\u00eda General de la Rep\u00fablica (FGR) decidi\u00f3 cerrar su participaci\u00f3n en la &hellip;<\/p>\n<p class=\"read-more\"> <a class=\"\" href=\"https:\/\/amnistia.org.mx\/contenido\/index.php\/la-fgr-da-carpetazo-al-caso-de-marco-antonio-amador-martinez-y-se-deslinda-en-la-busqueda-de-migrantes-desaparecidos\/\"> <span class=\"screen-reader-text\">La FGR da carpetazo al caso de Marco Antonio Amador Mart\u00ednez por &#8220;incompetencia&#8221; y se deslinda de su responsabilidad en la b\u00fasqueda de migrantes desaparecidos<\/span> Leer m\u00e1s &raquo;<\/a><\/p>\n","protected":false},"author":4,"featured_media":38318,"comment_status":"closed","ping_status":"closed","sticky":false,"template":"","format":"standard","meta":{"_uf_show_specific_survey":0,"_uf_disable_surveys":false,"site-sidebar-layout":"default","site-content-layout":"default","ast-global-header-display":"","ast-main-header-display":"","ast-hfb-above-header-display":"","ast-hfb-below-header-display":"","ast-hfb-mobile-header-display":"","site-post-title":"","ast-breadcrumbs-content":"","ast-featured-img":"","footer-sml-layout":"","theme-transparent-header-meta":"","adv-header-id-meta":"","stick-header-meta":"","header-above-stick-meta":"","header-main-stick-meta":"","header-below-stick-meta":""},"categories":[20],"tags":[],"acf":[],"aioseo_notices":[],"yoast_head":"<!-- This site is optimized with the Yoast SEO plugin v14.5 - https:\/\/yoast.com\/wordpress\/plugins\/seo\/ -->\n<title>La FGR da carpetazo al caso de Marco Antonio Amador Mart\u00ednez por &quot;incompetencia&quot; y se deslinda de su responsabilidad en la b\u00fasqueda de migrantes desaparecidos - amnistia.org.mx<\/title>\n<meta name=\"description\" content=\"La Fiscal\u00eda General de la Rep\u00fablica (FGR) decidi\u00f3 cerrar su participaci\u00f3n en la investigaci\u00f3n del caso deMarco Antonio Amador Mart\u00ednez, joven migrante hondure\u00f1o desaparecido en Tamaulipas en 2013, ignorandoel dolor y la b\u00fasqueda de su madre, Mary Elizabeth Mart\u00ednez Castro.\" \/>\n<meta name=\"robots\" content=\"index, follow\" \/>\n<meta name=\"googlebot\" content=\"index, follow, max-snippet:-1, max-image-preview:large, max-video-preview:-1\" \/>\n<meta name=\"bingbot\" content=\"index, follow, max-snippet:-1, max-image-preview:large, max-video-preview:-1\" \/>\n<link rel=\"canonical\" href=\"https:\/\/amnistia.org.mx\/contenido\/index.php\/la-fgr-da-carpetazo-al-caso-de-marco-antonio-amador-martinez-y-se-deslinda-en-la-busqueda-de-migrantes-desaparecidos\/\" \/>\n<meta property=\"og:locale\" content=\"es_MX\" \/>\n<meta property=\"og:type\" content=\"article\" \/>\n<meta property=\"og:title\" content=\"La FGR da carpetazo al caso de Marco Antonio Amador Mart\u00ednez por &quot;incompetencia&quot; y se deslinda de su responsabilidad en la b\u00fasqueda de migrantes desaparecidos - amnistia.org.mx\" \/>\n<meta property=\"og:description\" content=\"La Fiscal\u00eda General de la Rep\u00fablica (FGR) decidi\u00f3 cerrar su participaci\u00f3n en la investigaci\u00f3n del caso deMarco Antonio Amador Mart\u00ednez, joven migrante hondure\u00f1o desaparecido en Tamaulipas en 2013, ignorandoel dolor y la b\u00fasqueda de su madre, Mary Elizabeth Mart\u00ednez Castro.\" \/>\n<meta property=\"og:url\" content=\"https:\/\/amnistia.org.mx\/contenido\/index.php\/la-fgr-da-carpetazo-al-caso-de-marco-antonio-amador-martinez-y-se-deslinda-en-la-busqueda-de-migrantes-desaparecidos\/\" \/>\n<meta property=\"og:site_name\" content=\"amnistia.org.mx\" \/>\n<meta property=\"article:published_time\" content=\"2025-05-15T18:37:30+00:00\" \/>\n<meta property=\"article:modified_time\" content=\"2025-05-15T18:37:32+00:00\" \/>\n<meta property=\"og:image\" content=\"https:\/\/amnistia.org.mx\/contenido\/wp-content\/uploads\/2025\/05\/Foto-Mary-Glorieta-Mujeres.jpeg\" \/>\n\t<meta property=\"og:image:width\" content=\"1069\" \/>\n\t<meta property=\"og:image:height\" content=\"1600\" \/>\n<meta name=\"twitter:card\" content=\"summary_large_image\" \/>\n<script type=\"application\/ld+json\" class=\"yoast-schema-graph\">{\"@context\":\"https:\/\/schema.org\",\"@graph\":[{\"@type\":\"WebSite\",\"@id\":\"https:\/\/amnistia.org.mx\/contenido\/#website\",\"url\":\"https:\/\/amnistia.org.mx\/contenido\/\",\"name\":\"amnistia.org.mx\",\"description\":\"Nueva p\\u00e1gina de Amnist\\u00eda\",\"potentialAction\":[{\"@type\":\"SearchAction\",\"target\":\"https:\/\/amnistia.org.mx\/contenido\/?s={search_term_string}\",\"query-input\":\"required name=search_term_string\"}],\"inLanguage\":\"es-MX\"},{\"@type\":\"ImageObject\",\"@id\":\"https:\/\/amnistia.org.mx\/contenido\/index.php\/la-fgr-da-carpetazo-al-caso-de-marco-antonio-amador-martinez-y-se-deslinda-en-la-busqueda-de-migrantes-desaparecidos\/#primaryimage\",\"inLanguage\":\"es-MX\",\"url\":\"https:\/\/amnistia.org.mx\/contenido\/wp-content\/uploads\/2025\/05\/Foto-Mary-Glorieta-Mujeres.jpeg\",\"width\":1069,\"height\":1600},{\"@type\":\"WebPage\",\"@id\":\"https:\/\/amnistia.org.mx\/contenido\/index.php\/la-fgr-da-carpetazo-al-caso-de-marco-antonio-amador-martinez-y-se-deslinda-en-la-busqueda-de-migrantes-desaparecidos\/#webpage\",\"url\":\"https:\/\/amnistia.org.mx\/contenido\/index.php\/la-fgr-da-carpetazo-al-caso-de-marco-antonio-amador-martinez-y-se-deslinda-en-la-busqueda-de-migrantes-desaparecidos\/\",\"name\":\"La FGR da carpetazo al caso de Marco Antonio Amador Mart\\u00ednez por \\\"incompetencia\\\" y se deslinda de su responsabilidad en la b\\u00fasqueda de migrantes desaparecidos - amnistia.org.mx\",\"isPartOf\":{\"@id\":\"https:\/\/amnistia.org.mx\/contenido\/#website\"},\"primaryImageOfPage\":{\"@id\":\"https:\/\/amnistia.org.mx\/contenido\/index.php\/la-fgr-da-carpetazo-al-caso-de-marco-antonio-amador-martinez-y-se-deslinda-en-la-busqueda-de-migrantes-desaparecidos\/#primaryimage\"},\"datePublished\":\"2025-05-15T18:37:30+00:00\",\"dateModified\":\"2025-05-15T18:37:32+00:00\",\"author\":{\"@id\":\"https:\/\/amnistia.org.mx\/contenido\/#\/schema\/person\/7db421c495688267ce8ede4625c17fa5\"},\"description\":\"La Fiscal\\u00eda General de la Rep\\u00fablica (FGR) decidi\\u00f3 cerrar su participaci\\u00f3n en la investigaci\\u00f3n del caso deMarco Antonio Amador Mart\\u00ednez, joven migrante hondure\\u00f1o desaparecido en Tamaulipas en 2013, ignorandoel dolor y la b\\u00fasqueda de su madre, Mary Elizabeth Mart\\u00ednez Castro.\",\"breadcrumb\":{\"@id\":\"https:\/\/amnistia.org.mx\/contenido\/index.php\/la-fgr-da-carpetazo-al-caso-de-marco-antonio-amador-martinez-y-se-deslinda-en-la-busqueda-de-migrantes-desaparecidos\/#breadcrumb\"},\"inLanguage\":\"es-MX\",\"potentialAction\":[{\"@type\":\"ReadAction\",\"target\":[\"https:\/\/amnistia.org.mx\/contenido\/index.php\/la-fgr-da-carpetazo-al-caso-de-marco-antonio-amador-martinez-y-se-deslinda-en-la-busqueda-de-migrantes-desaparecidos\/\"]}]},{\"@type\":\"BreadcrumbList\",\"@id\":\"https:\/\/amnistia.org.mx\/contenido\/index.php\/la-fgr-da-carpetazo-al-caso-de-marco-antonio-amador-martinez-y-se-deslinda-en-la-busqueda-de-migrantes-desaparecidos\/#breadcrumb\",\"itemListElement\":[{\"@type\":\"ListItem\",\"position\":1,\"item\":{\"@type\":\"WebPage\",\"@id\":\"https:\/\/amnistia.org.mx\/contenido\/\",\"url\":\"https:\/\/amnistia.org.mx\/contenido\/\",\"name\":\"Home\"}},{\"@type\":\"ListItem\",\"position\":2,\"item\":{\"@type\":\"WebPage\",\"@id\":\"https:\/\/amnistia.org.mx\/contenido\/index.php\/la-fgr-da-carpetazo-al-caso-de-marco-antonio-amador-martinez-y-se-deslinda-en-la-busqueda-de-migrantes-desaparecidos\/\",\"url\":\"https:\/\/amnistia.org.mx\/contenido\/index.php\/la-fgr-da-carpetazo-al-caso-de-marco-antonio-amador-martinez-y-se-deslinda-en-la-busqueda-de-migrantes-desaparecidos\/\",\"name\":\"La FGR da carpetazo al caso de Marco Antonio Amador Mart\\u00ednez por &#8220;incompetencia&#8221; y se deslinda de su responsabilidad en la b\\u00fasqueda de migrantes desaparecidos\"}}]},{\"@type\":[\"Person\"],\"@id\":\"https:\/\/amnistia.org.mx\/contenido\/#\/schema\/person\/7db421c495688267ce8ede4625c17fa5\",\"name\":\"Alejandro Ju\\u00e1rez Gamero\",\"image\":{\"@type\":\"ImageObject\",\"@id\":\"https:\/\/amnistia.org.mx\/contenido\/#personlogo\",\"inLanguage\":\"es-MX\",\"url\":\"https:\/\/secure.gravatar.com\/avatar\/e312d5566d1c3ffb56f86415d6f0e606?s=96&d=mm&r=g\",\"caption\":\"Alejandro Ju\\u00e1rez Gamero\"}}]}<\/script>\n<!-- \/ Yoast SEO plugin. -->","_links":{"self":[{"href":"https:\/\/amnistia.org.mx\/contenido\/index.php\/wp-json\/wp\/v2\/posts\/38317"}],"collection":[{"href":"https:\/\/amnistia.org.mx\/contenido\/index.php\/wp-json\/wp\/v2\/posts"}],"about":[{"href":"https:\/\/amnistia.org.mx\/contenido\/index.php\/wp-json\/wp\/v2\/types\/post"}],"author":[{"embeddable":true,"href":"https:\/\/amnistia.org.mx\/contenido\/index.php\/wp-json\/wp\/v2\/users\/4"}],"replies":[{"embeddable":true,"href":"https:\/\/amnistia.org.mx\/contenido\/index.php\/wp-json\/wp\/v2\/comments?post=38317"}],"version-history":[{"count":7,"href":"https:\/\/amnistia.org.mx\/contenido\/index.php\/wp-json\/wp\/v2\/posts\/38317\/revisions"}],"predecessor-version":[{"id":38326,"href":"https:\/\/amnistia.org.mx\/contenido\/index.php\/wp-json\/wp\/v2\/posts\/38317\/revisions\/38326"}],"wp:featuredmedia":[{"embeddable":true,"href":"https:\/\/amnistia.org.mx\/contenido\/index.php\/wp-json\/wp\/v2\/media\/38318"}],"wp:attachment":[{"href":"https:\/\/amnistia.org.mx\/contenido\/index.php\/wp-json\/wp\/v2\/media?parent=38317"}],"wp:term":[{"taxonomy":"category","embeddable":true,"href":"https:\/\/amnistia.org.mx\/contenido\/index.php\/wp-json\/wp\/v2\/categories?post=38317"},{"taxonomy":"post_tag","embeddable":true,"href":"https:\/\/amnistia.org.mx\/contenido\/index.php\/wp-json\/wp\/v2\/tags?post=38317"}],"curies":[{"name":"wp","href":"https:\/\/api.w.org\/{rel}","templated":true}]}}