
{"id":38389,"date":"2025-05-21T14:37:20","date_gmt":"2025-05-21T19:37:20","guid":{"rendered":"https:\/\/amnistia.org.mx\/contenido\/?p=38389"},"modified":"2025-05-21T14:43:02","modified_gmt":"2025-05-21T19:43:02","slug":"entre-balas-y-olvido","status":"publish","type":"post","link":"https:\/\/amnistia.org.mx\/contenido\/index.php\/entre-balas-y-olvido\/","title":{"rendered":"ENTRE BALAS Y OLVIDO"},"content":{"rendered":"\t\t<div data-elementor-type=\"wp-post\" data-elementor-id=\"38389\" class=\"elementor elementor-38389\">\n\t\t\t\t\t\t\t\t\t<section class=\"elementor-section elementor-top-section elementor-element elementor-element-39100665 elementor-section-boxed elementor-section-height-default elementor-section-height-default\" data-id=\"39100665\" data-element_type=\"section\">\n\t\t\t\t\t\t<div class=\"elementor-container elementor-column-gap-default\">\n\t\t\t\t\t<div class=\"elementor-column elementor-col-100 elementor-top-column elementor-element elementor-element-48a13770\" data-id=\"48a13770\" data-element_type=\"column\">\n\t\t\t<div class=\"elementor-widget-wrap elementor-element-populated\">\n\t\t\t\t\t\t\t\t<div class=\"elementor-element elementor-element-7880b1a5 elementor-widget elementor-widget-text-editor\" data-id=\"7880b1a5\" data-element_type=\"widget\" data-widget_type=\"text-editor.default\">\n\t\t\t\t<div class=\"elementor-widget-container\">\n\t\t\t<style>\/*! elementor - v3.11.5 - 14-03-2023 *\/\n.elementor-widget-text-editor.elementor-drop-cap-view-stacked .elementor-drop-cap{background-color:#69727d;color:#fff}.elementor-widget-text-editor.elementor-drop-cap-view-framed .elementor-drop-cap{color:#69727d;border:3px solid;background-color:transparent}.elementor-widget-text-editor:not(.elementor-drop-cap-view-default) .elementor-drop-cap{margin-top:8px}.elementor-widget-text-editor:not(.elementor-drop-cap-view-default) .elementor-drop-cap-letter{width:1em;height:1em}.elementor-widget-text-editor .elementor-drop-cap{float:left;text-align:center;line-height:1;font-size:50px}.elementor-widget-text-editor .elementor-drop-cap-letter{display:inline-block}<\/style>\t\t\t\t<p><!-- wp:paragraph --><\/p>\n<div class=\"page\" title=\"Page 3\">\n<div class=\"layoutArea\">\n<div class=\"column\">\n<p>Amnisti\u0301a Internacional pudo identificar que, en Me\u0301xico, y particularmente en el estado de Chihuahua, la lucha por la defensa del territorio se da en un contexto en que la presencia del crimen organizado representa una de las principales amenazas para las personas defensoras de derechos humanos. Por lo anterior, la organizacio\u0301n visito\u0301 la Sierra Tarahumara en dos ocasiones para documentar el caso de la defensa del territorio por parte de la comunidad de Pueblos Indi\u0301genas Rara\u0301muri de Coloradas de la Virgen. Amnisti\u0301a Internacional pudo identificar que los li\u0301deres indi\u0301genas que han representado a la comunidad han sido amenazados y atacados debido a la defensa que ejercen en representacio\u0301n de la comunidad de Coloradas de la Virgen. En dichas visitas, Amnisti\u0301a Internacional entrevisto\u0301 al defensor Julia\u0301n Carrillo, asesinado en octubre de 2018, pese a que teni\u0301a medidas de proteccio\u0301n por parte del Mecanismo de Proteccio\u0301n para Defensores de Derechos Humanos y Periodistas.<\/p>\n<\/div>\n<\/div>\n<\/div>\n<p><!-- \/wp:paragraph --><\/p>\n<p><!-- wp:paragraph {\"align\":\"center\"} --><\/p>\n<p style=\"text-align: center;\"><strong>\u00a1Lee el informe completo!<\/strong><\/p>\n<div>\n<p><!-- \/wp:button --><\/p>\n<\/div>\t\t\t\t\t\t<\/div>\n\t\t\t\t<\/div>\n\t\t\t\t\t<\/div>\n\t\t<\/div>\n\t\t\t\t\t\t\t<\/div>\n\t\t<\/section>\n\t\t<div class=\"elementor-element elementor-element-c1a75d7 e-con-boxed e-flex e-con\" data-id=\"c1a75d7\" data-element_type=\"container\" data-settings=\"{&quot;content_width&quot;:&quot;boxed&quot;}\">\n\t\t\t\t\t<div class=\"e-con-inner\">\n\t\t\t\t<div class=\"elementor-element elementor-element-4c8f400 elementor-align-center elementor-widget elementor-widget-button\" data-id=\"4c8f400\" data-element_type=\"widget\" data-widget_type=\"button.default\">\n\t\t\t\t<div class=\"elementor-widget-container\">\n\t\t\t\t\t<div class=\"elementor-button-wrapper\">\n\t\t\t<a href=\"https:\/\/amnistia.org.mx\/contenido\/wp-content\/uploads\/2025\/05\/210119-Informe-Raramuri-1.pdf\" class=\"elementor-button-link elementor-button elementor-size-sm\" role=\"button\">\n\t\t\t\t\t\t<span class=\"elementor-button-content-wrapper\">\n\t\t\t\t\t\t<span class=\"elementor-button-text\">DESC\u00c1RGALO AQU\u00cd<\/span>\n\t\t<\/span>\n\t\t\t\t\t<\/a>\n\t\t<\/div>\n\t\t\t\t<\/div>\n\t\t\t\t<\/div>\n\t\t\t\t\t<\/div>\n\t\t\t\t<\/div>\n\t\t\t\t\t\t\t<\/div>\n\t\t","protected":false},"excerpt":{"rendered":"<p>Cada a\u00f1o, Amnist\u00eda Internacional documenta la situaci\u00f3n de los derechos humanos en el mundo.<\/p>\n","protected":false},"author":16,"featured_media":38394,"comment_status":"closed","ping_status":"closed","sticky":false,"template":"","format":"standard","meta":{"_uf_show_specific_survey":0,"_uf_disable_surveys":false,"site-sidebar-layout":"default","site-content-layout":"default","ast-global-header-display":"","ast-main-header-display":"","ast-hfb-above-header-display":"","ast-hfb-below-header-display":"","ast-hfb-mobile-header-display":"","site-post-title":"","ast-breadcrumbs-content":"","ast-featured-img":"","footer-sml-layout":"","theme-transparent-header-meta":"","adv-header-id-meta":"","stick-header-meta":"","header-above-stick-meta":"","header-main-stick-meta":"","header-below-stick-meta":""},"categories":[17],"tags":[40],"acf":[],"aioseo_notices":[],"yoast_head":"<!-- This site is optimized with the Yoast SEO plugin v14.5 - https:\/\/yoast.com\/wordpress\/plugins\/seo\/ -->\n<title>ENTRE BALAS Y OLVIDO - amnistia.org.mx<\/title>\n<meta name=\"description\" content=\"El presente documento es parte de la campa\u00f1a de Amnist\u00eda Internacional a favor de las personas que defienden y promueven los derechos al territorio, al medio ambiente y aquellos vinculados al acceso a la tierra en las Am\u00e9ricas.\" \/>\n<meta name=\"robots\" content=\"index, follow\" \/>\n<meta name=\"googlebot\" content=\"index, follow, max-snippet:-1, max-image-preview:large, max-video-preview:-1\" \/>\n<meta name=\"bingbot\" content=\"index, follow, max-snippet:-1, max-image-preview:large, max-video-preview:-1\" \/>\n<link rel=\"canonical\" href=\"https:\/\/amnistia.org.mx\/contenido\/index.php\/entre-balas-y-olvido\/\" \/>\n<meta property=\"og:locale\" content=\"es_MX\" \/>\n<meta property=\"og:type\" content=\"article\" \/>\n<meta property=\"og:title\" content=\"ENTRE BALAS Y OLVIDO - amnistia.org.mx\" \/>\n<meta property=\"og:description\" content=\"El presente documento es parte de la campa\u00f1a de Amnist\u00eda Internacional a favor de las personas que defienden y promueven los derechos al territorio, al medio ambiente y aquellos vinculados al acceso a la tierra en las Am\u00e9ricas.\" \/>\n<meta property=\"og:url\" content=\"https:\/\/amnistia.org.mx\/contenido\/index.php\/entre-balas-y-olvido\/\" \/>\n<meta property=\"og:site_name\" content=\"amnistia.org.mx\" \/>\n<meta property=\"article:published_time\" content=\"2025-05-21T19:37:20+00:00\" \/>\n<meta property=\"article:modified_time\" content=\"2025-05-21T19:43:02+00:00\" \/>\n<meta property=\"og:image\" content=\"https:\/\/amnistia.org.mx\/contenido\/wp-content\/uploads\/2025\/05\/Captura-de-pantalla-2025-05-21-a-las-13.39.22-1024x738.png\" \/>\n\t<meta property=\"og:image:width\" content=\"1024\" \/>\n\t<meta property=\"og:image:height\" content=\"738\" \/>\n<meta name=\"twitter:card\" content=\"summary_large_image\" \/>\n<script type=\"application\/ld+json\" class=\"yoast-schema-graph\">{\"@context\":\"https:\/\/schema.org\",\"@graph\":[{\"@type\":\"WebSite\",\"@id\":\"https:\/\/amnistia.org.mx\/contenido\/#website\",\"url\":\"https:\/\/amnistia.org.mx\/contenido\/\",\"name\":\"amnistia.org.mx\",\"description\":\"Nueva p\\u00e1gina de Amnist\\u00eda\",\"potentialAction\":[{\"@type\":\"SearchAction\",\"target\":\"https:\/\/amnistia.org.mx\/contenido\/?s={search_term_string}\",\"query-input\":\"required name=search_term_string\"}],\"inLanguage\":\"es-MX\"},{\"@type\":\"ImageObject\",\"@id\":\"https:\/\/amnistia.org.mx\/contenido\/index.php\/entre-balas-y-olvido\/#primaryimage\",\"inLanguage\":\"es-MX\",\"url\":\"https:\/\/amnistia.org.mx\/contenido\/wp-content\/uploads\/2025\/05\/Captura-de-pantalla-2025-05-21-a-las-13.39.22.png\",\"width\":1402,\"height\":1010},{\"@type\":\"WebPage\",\"@id\":\"https:\/\/amnistia.org.mx\/contenido\/index.php\/entre-balas-y-olvido\/#webpage\",\"url\":\"https:\/\/amnistia.org.mx\/contenido\/index.php\/entre-balas-y-olvido\/\",\"name\":\"ENTRE BALAS Y OLVIDO - amnistia.org.mx\",\"isPartOf\":{\"@id\":\"https:\/\/amnistia.org.mx\/contenido\/#website\"},\"primaryImageOfPage\":{\"@id\":\"https:\/\/amnistia.org.mx\/contenido\/index.php\/entre-balas-y-olvido\/#primaryimage\"},\"datePublished\":\"2025-05-21T19:37:20+00:00\",\"dateModified\":\"2025-05-21T19:43:02+00:00\",\"author\":{\"@id\":\"https:\/\/amnistia.org.mx\/contenido\/#\/schema\/person\/3591ea02d9feb059690a05600cba6abc\"},\"description\":\"El presente documento es parte de la campa\\u00f1a de Amnist\\u00eda Internacional a favor de las personas que defienden y promueven los derechos al territorio, al medio ambiente y aquellos vinculados al acceso a la tierra en las Am\\u00e9ricas.\",\"breadcrumb\":{\"@id\":\"https:\/\/amnistia.org.mx\/contenido\/index.php\/entre-balas-y-olvido\/#breadcrumb\"},\"inLanguage\":\"es-MX\",\"potentialAction\":[{\"@type\":\"ReadAction\",\"target\":[\"https:\/\/amnistia.org.mx\/contenido\/index.php\/entre-balas-y-olvido\/\"]}]},{\"@type\":\"BreadcrumbList\",\"@id\":\"https:\/\/amnistia.org.mx\/contenido\/index.php\/entre-balas-y-olvido\/#breadcrumb\",\"itemListElement\":[{\"@type\":\"ListItem\",\"position\":1,\"item\":{\"@type\":\"WebPage\",\"@id\":\"https:\/\/amnistia.org.mx\/contenido\/\",\"url\":\"https:\/\/amnistia.org.mx\/contenido\/\",\"name\":\"Home\"}},{\"@type\":\"ListItem\",\"position\":2,\"item\":{\"@type\":\"WebPage\",\"@id\":\"https:\/\/amnistia.org.mx\/contenido\/index.php\/entre-balas-y-olvido\/\",\"url\":\"https:\/\/amnistia.org.mx\/contenido\/index.php\/entre-balas-y-olvido\/\",\"name\":\"ENTRE BALAS Y OLVIDO\"}}]},{\"@type\":[\"Person\"],\"@id\":\"https:\/\/amnistia.org.mx\/contenido\/#\/schema\/person\/3591ea02d9feb059690a05600cba6abc\",\"name\":\"Cristopher Isa\\u00ed Cruz Ordo\\u00f1ez\",\"image\":{\"@type\":\"ImageObject\",\"@id\":\"https:\/\/amnistia.org.mx\/contenido\/#personlogo\",\"inLanguage\":\"es-MX\",\"url\":\"https:\/\/secure.gravatar.com\/avatar\/a100f5949b8e942bf669a0aecb41ebbd?s=96&d=mm&r=g\",\"caption\":\"Cristopher Isa\\u00ed Cruz Ordo\\u00f1ez\"}}]}<\/script>\n<!-- \/ Yoast SEO plugin. -->","_links":{"self":[{"href":"https:\/\/amnistia.org.mx\/contenido\/index.php\/wp-json\/wp\/v2\/posts\/38389"}],"collection":[{"href":"https:\/\/amnistia.org.mx\/contenido\/index.php\/wp-json\/wp\/v2\/posts"}],"about":[{"href":"https:\/\/amnistia.org.mx\/contenido\/index.php\/wp-json\/wp\/v2\/types\/post"}],"author":[{"embeddable":true,"href":"https:\/\/amnistia.org.mx\/contenido\/index.php\/wp-json\/wp\/v2\/users\/16"}],"replies":[{"embeddable":true,"href":"https:\/\/amnistia.org.mx\/contenido\/index.php\/wp-json\/wp\/v2\/comments?post=38389"}],"version-history":[{"count":8,"href":"https:\/\/amnistia.org.mx\/contenido\/index.php\/wp-json\/wp\/v2\/posts\/38389\/revisions"}],"predecessor-version":[{"id":38400,"href":"https:\/\/amnistia.org.mx\/contenido\/index.php\/wp-json\/wp\/v2\/posts\/38389\/revisions\/38400"}],"wp:featuredmedia":[{"embeddable":true,"href":"https:\/\/amnistia.org.mx\/contenido\/index.php\/wp-json\/wp\/v2\/media\/38394"}],"wp:attachment":[{"href":"https:\/\/amnistia.org.mx\/contenido\/index.php\/wp-json\/wp\/v2\/media?parent=38389"}],"wp:term":[{"taxonomy":"category","embeddable":true,"href":"https:\/\/amnistia.org.mx\/contenido\/index.php\/wp-json\/wp\/v2\/categories?post=38389"},{"taxonomy":"post_tag","embeddable":true,"href":"https:\/\/amnistia.org.mx\/contenido\/index.php\/wp-json\/wp\/v2\/tags?post=38389"}],"curies":[{"name":"wp","href":"https:\/\/api.w.org\/{rel}","templated":true}]}}