
{"id":38427,"date":"2025-06-03T12:49:23","date_gmt":"2025-06-03T17:49:23","guid":{"rendered":"https:\/\/amnistia.org.mx\/contenido\/?p=38427"},"modified":"2025-06-03T12:49:25","modified_gmt":"2025-06-03T17:49:25","slug":"amnistia-internacional-insta-a-las-autoridades-a-garantizar-justicia-en-el-asesinato-de-juan-lopez","status":"publish","type":"post","link":"https:\/\/amnistia.org.mx\/contenido\/index.php\/amnistia-internacional-insta-a-las-autoridades-a-garantizar-justicia-en-el-asesinato-de-juan-lopez\/","title":{"rendered":"Amnist\u00eda Internacional insta a las autoridades a garantizar justicia en el asesinato de Juan L\u00f3pez"},"content":{"rendered":"\n<p>El 3 de junio tendr\u00e1 lugar la audiencia preliminar en el Palacio de Justicia de San Pedro Sula, Honduras, contra tres hombres acusados de haber participado en el asesinato del defensor del medioambiente Juan Antonio L\u00f3pez, coordinador del Comit\u00e9 Municipal en Defensa de los Bienes Comunes y P\u00fablicos (CMDBCP). Este proceso judicial puede ser clave para que la familia de Juan L\u00f3pez obtenga verdad, justicia y reparaci\u00f3n por el crimen cometido el pasado 14 de septiembre en el municipio de Tocoa, declar\u00f3 Amnist\u00eda Internacional. La organizaci\u00f3n insta a las autoridades hondure\u00f1as a garantizar que todas las personas sospechosas de estar involucradas en el asesinato de Juan L\u00f3pez, tanto los autores materiales como los autores intelectuales, sean llevadas ante la justicia en juicios justos.<\/p>\n\n\n\n<p>\u201cEl crimen contra Juan L\u00f3pez es una clara muestra de que la situaci\u00f3n de las personas defensoras del medioambiente no ha mejorado en Honduras. La organizaci\u00f3n saluda que el Ministerio P\u00fablico est\u00e9 avanzando con las investigaciones y espera que cada una de las autoridades involucradas cumplan con su deber de garantizar verdad, justicia y reparaci\u00f3n a la familia de Juan L\u00f3pez de manera efectiva\u201d, ha declarado Ana Piquer, directora para las Am\u00e9ricas de Amnist\u00eda Internacional.<\/p>\n\n\n\n<blockquote class=\"wp-block-quote\">\n<p>El crimen contra Juan L\u00f3pez es una clara muestra de que la situaci\u00f3n de las personas defensoras del medioambiente no ha mejorado en Honduras. La organizaci\u00f3n saluda que el Ministerio P\u00fablico est\u00e9 avanzando con las investigaciones y espera que cada una de las autoridades involucradas cumplan con su deber de garantizar verdad, justicia y reparaci\u00f3n a la familia de Juan L\u00f3pez de manera efectivaAna Piquer, directora para las Am\u00e9ricas de Amnist\u00eda Internacional<\/p>\n<\/blockquote>\n\n\n\n<p>El pasado 6 de octubre, el Ministerio P\u00fablico de Honduras anunci\u00f3 que tres personas fueron arrestadas como presuntos perpetradores del asesinato de Juan L\u00f3pez. Tres d\u00edas despu\u00e9s, un juzgado local orden\u00f3 la acusaci\u00f3n formal por el delito de asesinato en perjuicio del defensor del medioambiente Juan L\u00f3pez y mantenerlos bajo custodia. Desde entonces, los tres hombres est\u00e1n en prisi\u00f3n preventiva.<\/p>\n\n\n\n<h2 id=\"h-comunidades-de-tocoa-en-grave-riesgo\"><strong>Comunidades de Tocoa en grave riesgo<\/strong><\/h2>\n\n\n\n<p>Juan L\u00f3pez formaba parte de un grupo de 30 defensores, entre ellos integrantes del CMDBCPT y sus abogados y abogadas del Bufete Justicia para los Pueblos (BJP), a quienes la Comisi\u00f3n Interamericana de Derechos Humanos (CIDH) hab\u00eda otorgado&nbsp;<a href=\"https:\/\/www.oas.org\/es\/cidh\/decisiones\/mc\/2023\/res_55-23_mc_137-23_ho_es.pdf\">medidas cautelares<\/a>&nbsp;en octubre de 2023. D\u00edas antes de su asesinato, Juan concedi\u00f3 una entrevista en la que denunci\u00f3 la ineficaz aplicaci\u00f3n de estas medidas de protecci\u00f3n por parte del gobierno de Honduras. Tambi\u00e9n en los d\u00edas previos al crimen, el Comisionado Nacional de los Derechos Humanos (CONADEH) de Honduras, lanz\u00f3 una&nbsp;<a href=\"https:\/\/conadeh.hn\/wp-content\/uploads\/2024\/09\/ONDH-SAT.-T3.-Alerta-Temprana-No.-005-2024-AC.pdf\">alerta temprana<\/a>&nbsp;por la falta de implementaci\u00f3n de dichas medidas.<\/p>\n\n\n\n<p>Las personas defensoras de las comunidades de Tocoa, y sus abogados, se han enfrentado a continuos ataques \u2013el asesinato de Juan L\u00f3pez no es el \u00fanico\u2013 y criminalizaci\u00f3n desde 2015 por cuestionar pac\u00edficamente la legalidad del proyecto minero en el Parque Nacional Monta\u00f1a de Botaderos Carlos Escaleras Mej\u00eda.<\/p>\n\n\n\n<p>En 2021,&nbsp;<a href=\"https:\/\/www.amnesty.org\/es\/latest\/news\/2021\/12\/honduras-amnistia-internacional-insta-autoridades-liberar-inmediatamente-ocho-presos-conciencia\/\">Amnist\u00eda Internacional nombr\u00f3 a ocho defensores de Guapinol presos de conciencia<\/a>, por estar m\u00e1s de dos a\u00f1os encarcelados injustamente s\u00f3lo por defender pac\u00edficamente el derecho al agua.<\/p>\n\n\n\n<p>El 7 de enero de 2023, los defensores de derechos humanos&nbsp;<a href=\"https:\/\/www.amnesty.org\/es\/documents\/amr37\/6352\/2023\/es\/\">Aly Magdaleno Dom\u00ednguez Ramos y Jairo Bonilla Ayala<\/a>&nbsp;fueron interceptados por unos atacantes armados que dispararon contra ellos y los mataron en el acto. Cinco meses despu\u00e9s, el 15 de junio de 2023,&nbsp;<a href=\"https:\/\/www.amnesty.org\/es\/documents\/amr37\/6895\/2023\/es\/\">Oquel\u00ed Dom\u00ednguez<\/a>, hermano de Aly Dom\u00ednguez, fue tambi\u00e9n asesinado en la comunidad de Guapinol. Nadie hasta ahora ha sido llevado ante los tribunales por estos cr\u00edmenes.<\/p>\n\n\n\n<p>En febrero de 2025,&nbsp;<a href=\"https:\/\/x.com\/BufeteBJP\/status\/1887912176020566379\">el BJP denunci\u00f3 seguimiento a Kenia Oliva<\/a>, una de las abogadas que participa en la b\u00fasqueda de justicia en el caso de Juan L\u00f3pez y de los otros casos vinculados a la protecci\u00f3n del Parque Nacional Carlos Escaleras. El CMDBCP y el BJP han denunciado varios episodios de vigilancia, difamaci\u00f3n en redes sociales, intimidaciones, as\u00ed como el desplazamiento forzado de personas defensoras.<\/p>\n\n\n\n<p>Honduras ocupa el primer lugar en el mundo en n\u00famero de personas defensoras de la tierra y el medioambiente asesinadas per c\u00e1pita&nbsp;<a href=\"https:\/\/globalwitness.org\/es\/campaigns\/land-and-environmental-defenders\/voces-silenciadas\/\">seg\u00fan Global Witness<\/a>. En un informe de 2016,&nbsp;<a href=\"https:\/\/www.amnesty.org\/es\/documents\/amr01\/4562\/2016\/es\/\">Amnist\u00eda Internacional constat\u00f3<\/a>&nbsp;que las personas defensoras del medioambiente, aun cuando son beneficiarias medidas cautelares de la CIDH, son atacadas y, en algunos casos, asesinadas. Es el Sistema Nacional de Protecci\u00f3n, como parte de la Secretar\u00eda de Derechos Humanos, el que debe implementar las medidas de protecci\u00f3n. No obstante, en los \u00faltimos a\u00f1os, este ente ha recibido cr\u00edticas de parte de organizaciones internacionales y nacionales por su debilidad e ineficacia.<\/p>\n\n\n\n<p>\u201cEs lamentable que las autoridades hondure\u00f1as no se tomen en serio el riesgo que enfrentan las personas defensoras de derechos humanos en el pa\u00eds. Es imperativo que el gobierno de Xiomara Castro deje de mirar para otro lado y tome medidas contundentes e inmediatas para acabar con la violencia contra las comunidades de Tocoa que defienden el medioambiente, incluido investigar todos los ataques en su contra,\u201d dijo Ana Piquer.<\/p>\n\n\n\n<blockquote class=\"wp-block-quote\">\n<p>Es lamentable que las autoridades hondure\u00f1as no se tomen en serio el riesgo que enfrentan las personas defensoras de derechos humanos en el pa\u00eds. Es imperativo que el gobierno de Xiomara Castro deje de mirar para otro lado y tome medidas contundentes e inmediatas para acabar con la violencia contra las comunidades de Tocoa que defienden el medioambiente, incluido investigar todos los ataques en su contraAna Piquer, directora para las Am\u00e9ricas de Amnist\u00eda Internacional<\/p>\n<\/blockquote>\n\n\n\n<p>Amnist\u00eda Internacional insta tambi\u00e9n al Estado hondure\u00f1o a tomar todas las medidas necesarias para garantizar la seguridad de la familia de Juan L\u00f3pez, as\u00ed como todas las personas que integran el CMDBCPT, el BJP y los testigos del asesinato del defensor en acuerdo con las personas afectadas. Asimismo, la organizaci\u00f3n urge a Honduras a elaborar e implementar un protocolo para investigar ataques contra personas defensoras, ordenado por la Corte Interamericana de Derechos Humanos en el caso Escaleras Mej\u00eda y otros Vs Honduras en 2018.<\/p>\n\n\n\n<h2 id=\"h-garantizar-el-derecho-a-un-medioambiente-sano\"><strong>Garantizar el derecho a un medioambiente sano<\/strong><\/h2>\n\n\n\n<p>Juan L\u00f3pez era coordinador del CMDBCP, organizaci\u00f3n que re\u00fane a decenas de comunidades, grupos religiosos y organizaciones locales ambientalistas del municipio de Tocoa que desde 2015 cuestionan pac\u00edficamente la legalidad de las concesiones mineras de hierro otorgadas a Inversiones Los Pinares (ILP), y argumentan que han afectado a la calidad de las aguas de los r\u00edos Guapinol y San Pedro y al Parque Nacional protegido Monta\u00f1a de Botaderos Carlos Escaleras Mej\u00eda.&nbsp;<\/p>\n\n\n\n<p>Desde un inicio, el CMDBCP solicit\u00f3 a las autoridades competentes informaci\u00f3n sobre las concesiones y las evaluaciones medioambientales, y present\u00f3 quejas ante el Congreso, los tribunales locales y los organismos gubernamentales. Como resultado de estas acciones, recientemente avanz\u00f3 un proceso penal contra tres ejecutivos de la empresa ILP, acusados de los delitos de explotaci\u00f3n ilegal de recursos naturales y da\u00f1os agravados en el Parque Nacional Monta\u00f1a de Botaderos Carlos Escaleras Mej\u00eda. Asimismo, en otro proceso, el Ministerio P\u00fablico acus\u00f3 a la secretaria municipal de Tocoa del delito de falsificaci\u00f3n de documentos, por hechos ocurridos en el marco de una consulta (cabildo abierto) celebrado en 2016 y que habr\u00eda favorecido el desarrollo de los proyectos mineros.<\/p>\n\n\n\n<p>Por otro lado, el 6 de mayo de 2024, gracias al impulso de las comunidades de Tocoa y la Oficina en Honduras del Alto Comisionado para los Derechos Humanos, entr\u00f3 en vigor el Decreto 18-2024. Este decreto restablece el trazado original del Parque Nacional Carlos Escaleras que habr\u00eda sido puesto en cuesti\u00f3n hace una d\u00e9cada con otro decreto que reduc\u00eda la zona m\u00e1s protegida del parque. Adem\u00e1s, el decreto 18-2024, incluye medidas para su protecci\u00f3n y restauraci\u00f3n. Las autoridades competentes no han anunciado p\u00fablicamente a\u00fan los planes para su implementaci\u00f3n.<\/p>\n\n\n\n<p>Sin embargo, el presidente del Congreso de Honduras, present\u00f3 la iniciativa \u201c<em>Ley Especial para el Fomento de Inversiones mediante la Eficiencia de los Procesos de Licenciamiento Ambiental<\/em>\u201d, que ha generado alarma entre organizaciones nacionales e internacionales por la posibilidad de que facilite la implementaci\u00f3n de proyectos extractivos sin las suficientes salvaguardas. La Comisi\u00f3n de Medio Ambiente inform\u00f3 que exclu\u00eda del alcance de la normativa los proyectos mineros y los territorios de Pueblos Ind\u00edgenas y Afrodescendientes. Sin embargo, seg\u00fan la informaci\u00f3n recibida, hasta ahora, el texto no incluye &nbsp;salvaguardas vinculadas a la participaci\u00f3n, incluido el acceso a la informaci\u00f3n.<\/p>\n\n\n\n<p>La&nbsp;<a href=\"https:\/\/www.ohchr.org\/es\/special-procedures\/sr-environment\">Relatora Especial de las Naciones Unidas sobre el derecho humano a un medio ambiente limpio, saludable y sostenible<\/a>, Astrid Puentes Ria\u00f1o, en su informe de 2024, reafirm\u00f3 que \u201c(a)dem\u00e1s de ser derechos humanos reconocidos, el acceso a la informaci\u00f3n, la participaci\u00f3n y el acceso a la justicia son elementos b\u00e1sicos del derecho a un medio ambiente limpio, saludable y sostenible\u201d. Asimismo, record\u00f3 que \u201c(l)a transparencia activa es fundamental para disfrutar de otros derechos, especialmente en asuntos de inter\u00e9s p\u00fablico, como en el caso de la informaci\u00f3n relacionada con la exploraci\u00f3n y explotaci\u00f3n de los recursos naturales\u201d.<\/p>\n\n\n\n<p>\u201cGarantizar el derecho a un medio ambiente sano no es opcional, es una obligaci\u00f3n que adquiri\u00f3 el Estado hondure\u00f1o. El compromiso del Estado hondure\u00f1o con el medioambiente y las personas que lo defienden&nbsp;<a href=\"https:\/\/www.amnesty.org\/es\/amr37-9180-2025-es\/\">ha sido insuficiente<\/a>&nbsp;y carente de direcci\u00f3n, pero a\u00fan est\u00e1 a tiempo de encaminarse. Al tratarse de una responsabilidad a largo plazo, tambi\u00e9n instamos a las personas candidatas en las pr\u00f3ximas elecciones generales de noviembre de 2025 a que incluyan en sus programas propuestas que reflejen la urgencia de abordar este problema,\u201d concluy\u00f3 Ana Piquer.<\/p>\n\n\n\n<blockquote class=\"wp-block-quote\">\n<p>Garantizar el derecho a un medio ambiente sano no es opcional, es una obligaci\u00f3n que adquiri\u00f3 el Estado hondure\u00f1o. El compromiso del Estado hondure\u00f1o con el medioambiente y las personas que lo defienden ha sido insuficiente y carente de direcci\u00f3n, pero a\u00fan est\u00e1 a tiempo de encaminarse. (\u2026) Instamos a las personas candidatas en las pr\u00f3ximas elecciones generales de noviembre de 2025 a que incluyan en sus programas propuestas que reflejen la urgencia de abordar este problemaAna Piquer, directora para las Am\u00e9ricas de Amnist\u00eda Internacional<\/p>\n<\/blockquote>\n\n\n\n<p>La organizaci\u00f3n tambi\u00e9n urge a Honduras a adherirse al \u00abAcuerdo Regional sobre Acceso a la Informaci\u00f3n, Participaci\u00f3n P\u00fablica y Justicia en Asuntos Ambientales en Am\u00e9rica Latina y el Caribe\u00bb.<\/p>\n\n\n\n<h2 id=\"h-mas-informacion\"><strong>M\u00e1s Informaci\u00f3n<\/strong><\/h2>\n\n\n\n<p>En 2012, el Congreso de Honduras declar\u00f3 como parque nacional la zona de confluencia de los r\u00edos Guapinol y San Pedro, en la monta\u00f1a de Botaderos (Decreto 127-2012). La idea, seg\u00fan se expres\u00f3, era que el parque \u2013que en 2016 recibi\u00f3 el nombre de \u00abCarlos Escaleras Mej\u00eda\u00bb en honor a un agricultor que dedic\u00f3 su vida a defender la tierra y el agua de la zona\u2013 quedara protegido de los efectos de las industrias pesadas, incluida la miner\u00eda. Las autoridades designaron zonas que deb\u00edan estar libres de actividades que afectaran al medio ambiente y \u00abzonas de amortiguamiento\u00bb en las que la miner\u00eda solo podr\u00eda llevarse a cabo tras una serie de evaluaciones, incluida una evaluaci\u00f3n del impacto ambiental.<\/p>\n\n\n\n<p>Un a\u00f1o despu\u00e9s de que el \u00e1rea fuera declarada protegida, el Congreso decidi\u00f3 ampliar la zona de amortiguamiento del Parque Nacional y, por lo tanto, disminuir el tama\u00f1o del \u00e1rea m\u00e1s protegida (Decreto 252-2013). Esto abri\u00f3 la puerta para que el Instituto Nacional de Geolog\u00eda y Miner\u00eda de Honduras (INHGEOMIN) otorgara permisos de explotaci\u00f3n minera en esta zona. En 2014, INHGEOMIN otorg\u00f3 dos concesiones de exploraci\u00f3n a la empresa minera Emco Mining (que pas\u00f3 a llamarse Inversiones Los Pinares en 2017) con los nombres de ASP y ASP2. Al a\u00f1o siguiente, la misma empresa obtuvo una concesi\u00f3n de explotaci\u00f3n para el proyecto ASP, tras obtener la licencia ambiental requerida no sin controversia. Estos proyectos se encuentran actualmente suspendidos.<\/p>\n\n\n\n<p>El megaproyecto desarrollado en el entorno del Parque Nacional Monta\u00f1a de Botaderos Carlos Escaleras Mej\u00eda tambi\u00e9n consta de una planta termoel\u00e9ctrica de coque de petr\u00f3leo y de una planta peletizadora de \u00f3xido de hierro. El 9 de diciembre de 2023, cientos de habitantes de Tocoa se presentaron en una asamblea municipal para rechazar el proyecto energ\u00e9tico. El&nbsp;<a href=\"https:\/\/www.guapinolresiste.org\/post\/alerta-m%C3%A1xima-inhgeomin-ignora-delitos-y-atropella-derechos-comunitarios-en-tocoa-tras-resoluci%C3%B3n-d\">CMDBCP alert\u00f3<\/a>&nbsp;de que, el 14 de mayo de 2025, el INHGEOMIN emiti\u00f3 una resoluci\u00f3n mediante la cual declaraba sin lugar la oposici\u00f3n comunitaria contraria a la renovaci\u00f3n de la concesi\u00f3n del proyecto de la planta peletizadora.<\/p>\n","protected":false},"excerpt":{"rendered":"<p>El 3 de junio tendr\u00e1 lugar la audiencia preliminar en el Palacio de Justicia de San Pedro Sula, Honduras, contra tres hombres acusados de haber participado en el asesinato del &hellip;<\/p>\n<p class=\"read-more\"> <a class=\"\" href=\"https:\/\/amnistia.org.mx\/contenido\/index.php\/amnistia-internacional-insta-a-las-autoridades-a-garantizar-justicia-en-el-asesinato-de-juan-lopez\/\"> <span class=\"screen-reader-text\">Amnist\u00eda Internacional insta a las autoridades a garantizar justicia en el asesinato de Juan L\u00f3pez<\/span> Leer m\u00e1s &raquo;<\/a><\/p>\n","protected":false},"author":4,"featured_media":38428,"comment_status":"closed","ping_status":"closed","sticky":false,"template":"","format":"standard","meta":{"_uf_show_specific_survey":0,"_uf_disable_surveys":false,"site-sidebar-layout":"default","site-content-layout":"default","ast-global-header-display":"","ast-main-header-display":"","ast-hfb-above-header-display":"","ast-hfb-below-header-display":"","ast-hfb-mobile-header-display":"","site-post-title":"","ast-breadcrumbs-content":"","ast-featured-img":"","footer-sml-layout":"","theme-transparent-header-meta":"","adv-header-id-meta":"","stick-header-meta":"","header-above-stick-meta":"","header-main-stick-meta":"","header-below-stick-meta":""},"categories":[9],"tags":[249],"acf":[],"aioseo_notices":[],"yoast_head":"<!-- This site is optimized with the Yoast SEO plugin v14.5 - https:\/\/yoast.com\/wordpress\/plugins\/seo\/ -->\n<title>Amnist\u00eda Internacional insta a las autoridades a garantizar justicia en el asesinato de Juan L\u00f3pez - amnistia.org.mx<\/title>\n<meta name=\"description\" content=\"Este proceso judicial puede ser clave para que la familia de Juan L\u00f3pez obtenga verdad, justicia y reparaci\u00f3n por el crimen cometido el pasado 14 de septiembre en el municipio de Tocoa, declar\u00f3 Amnist\u00eda Internacional.\" \/>\n<meta name=\"robots\" content=\"index, follow\" \/>\n<meta name=\"googlebot\" content=\"index, follow, max-snippet:-1, max-image-preview:large, max-video-preview:-1\" \/>\n<meta name=\"bingbot\" content=\"index, follow, max-snippet:-1, max-image-preview:large, max-video-preview:-1\" \/>\n<link rel=\"canonical\" href=\"https:\/\/amnistia.org.mx\/contenido\/index.php\/amnistia-internacional-insta-a-las-autoridades-a-garantizar-justicia-en-el-asesinato-de-juan-lopez\/\" \/>\n<meta property=\"og:locale\" content=\"es_MX\" \/>\n<meta property=\"og:type\" content=\"article\" \/>\n<meta property=\"og:title\" content=\"Amnist\u00eda Internacional insta a las autoridades a garantizar justicia en el asesinato de Juan L\u00f3pez - amnistia.org.mx\" \/>\n<meta property=\"og:description\" content=\"Este proceso judicial puede ser clave para que la familia de Juan L\u00f3pez obtenga verdad, justicia y reparaci\u00f3n por el crimen cometido el pasado 14 de septiembre en el municipio de Tocoa, declar\u00f3 Amnist\u00eda Internacional.\" \/>\n<meta property=\"og:url\" content=\"https:\/\/amnistia.org.mx\/contenido\/index.php\/amnistia-internacional-insta-a-las-autoridades-a-garantizar-justicia-en-el-asesinato-de-juan-lopez\/\" \/>\n<meta property=\"og:site_name\" content=\"amnistia.org.mx\" \/>\n<meta property=\"article:published_time\" content=\"2025-06-03T17:49:23+00:00\" \/>\n<meta property=\"article:modified_time\" content=\"2025-06-03T17:49:25+00:00\" \/>\n<meta property=\"og:image\" content=\"https:\/\/amnistia.org.mx\/contenido\/wp-content\/uploads\/2025\/06\/302425-750x710-1.jpg\" \/>\n\t<meta property=\"og:image:width\" content=\"750\" \/>\n\t<meta property=\"og:image:height\" content=\"710\" \/>\n<meta name=\"twitter:card\" content=\"summary_large_image\" \/>\n<script type=\"application\/ld+json\" class=\"yoast-schema-graph\">{\"@context\":\"https:\/\/schema.org\",\"@graph\":[{\"@type\":\"WebSite\",\"@id\":\"https:\/\/amnistia.org.mx\/contenido\/#website\",\"url\":\"https:\/\/amnistia.org.mx\/contenido\/\",\"name\":\"amnistia.org.mx\",\"description\":\"Nueva p\\u00e1gina de Amnist\\u00eda\",\"potentialAction\":[{\"@type\":\"SearchAction\",\"target\":\"https:\/\/amnistia.org.mx\/contenido\/?s={search_term_string}\",\"query-input\":\"required name=search_term_string\"}],\"inLanguage\":\"es-MX\"},{\"@type\":\"ImageObject\",\"@id\":\"https:\/\/amnistia.org.mx\/contenido\/index.php\/amnistia-internacional-insta-a-las-autoridades-a-garantizar-justicia-en-el-asesinato-de-juan-lopez\/#primaryimage\",\"inLanguage\":\"es-MX\",\"url\":\"https:\/\/amnistia.org.mx\/contenido\/wp-content\/uploads\/2025\/06\/302425-750x710-1.jpg\",\"width\":750,\"height\":710},{\"@type\":\"WebPage\",\"@id\":\"https:\/\/amnistia.org.mx\/contenido\/index.php\/amnistia-internacional-insta-a-las-autoridades-a-garantizar-justicia-en-el-asesinato-de-juan-lopez\/#webpage\",\"url\":\"https:\/\/amnistia.org.mx\/contenido\/index.php\/amnistia-internacional-insta-a-las-autoridades-a-garantizar-justicia-en-el-asesinato-de-juan-lopez\/\",\"name\":\"Amnist\\u00eda Internacional insta a las autoridades a garantizar justicia en el asesinato de Juan L\\u00f3pez - amnistia.org.mx\",\"isPartOf\":{\"@id\":\"https:\/\/amnistia.org.mx\/contenido\/#website\"},\"primaryImageOfPage\":{\"@id\":\"https:\/\/amnistia.org.mx\/contenido\/index.php\/amnistia-internacional-insta-a-las-autoridades-a-garantizar-justicia-en-el-asesinato-de-juan-lopez\/#primaryimage\"},\"datePublished\":\"2025-06-03T17:49:23+00:00\",\"dateModified\":\"2025-06-03T17:49:25+00:00\",\"author\":{\"@id\":\"https:\/\/amnistia.org.mx\/contenido\/#\/schema\/person\/7db421c495688267ce8ede4625c17fa5\"},\"description\":\"Este proceso judicial puede ser clave para que la familia de Juan L\\u00f3pez obtenga verdad, justicia y reparaci\\u00f3n por el crimen cometido el pasado 14 de septiembre en el municipio de Tocoa, declar\\u00f3 Amnist\\u00eda Internacional.\",\"breadcrumb\":{\"@id\":\"https:\/\/amnistia.org.mx\/contenido\/index.php\/amnistia-internacional-insta-a-las-autoridades-a-garantizar-justicia-en-el-asesinato-de-juan-lopez\/#breadcrumb\"},\"inLanguage\":\"es-MX\",\"potentialAction\":[{\"@type\":\"ReadAction\",\"target\":[\"https:\/\/amnistia.org.mx\/contenido\/index.php\/amnistia-internacional-insta-a-las-autoridades-a-garantizar-justicia-en-el-asesinato-de-juan-lopez\/\"]}]},{\"@type\":\"BreadcrumbList\",\"@id\":\"https:\/\/amnistia.org.mx\/contenido\/index.php\/amnistia-internacional-insta-a-las-autoridades-a-garantizar-justicia-en-el-asesinato-de-juan-lopez\/#breadcrumb\",\"itemListElement\":[{\"@type\":\"ListItem\",\"position\":1,\"item\":{\"@type\":\"WebPage\",\"@id\":\"https:\/\/amnistia.org.mx\/contenido\/\",\"url\":\"https:\/\/amnistia.org.mx\/contenido\/\",\"name\":\"Home\"}},{\"@type\":\"ListItem\",\"position\":2,\"item\":{\"@type\":\"WebPage\",\"@id\":\"https:\/\/amnistia.org.mx\/contenido\/index.php\/amnistia-internacional-insta-a-las-autoridades-a-garantizar-justicia-en-el-asesinato-de-juan-lopez\/\",\"url\":\"https:\/\/amnistia.org.mx\/contenido\/index.php\/amnistia-internacional-insta-a-las-autoridades-a-garantizar-justicia-en-el-asesinato-de-juan-lopez\/\",\"name\":\"Amnist\\u00eda Internacional insta a las autoridades a garantizar justicia en el asesinato de Juan L\\u00f3pez\"}}]},{\"@type\":[\"Person\"],\"@id\":\"https:\/\/amnistia.org.mx\/contenido\/#\/schema\/person\/7db421c495688267ce8ede4625c17fa5\",\"name\":\"Alejandro Ju\\u00e1rez Gamero\",\"image\":{\"@type\":\"ImageObject\",\"@id\":\"https:\/\/amnistia.org.mx\/contenido\/#personlogo\",\"inLanguage\":\"es-MX\",\"url\":\"https:\/\/secure.gravatar.com\/avatar\/e312d5566d1c3ffb56f86415d6f0e606?s=96&d=mm&r=g\",\"caption\":\"Alejandro Ju\\u00e1rez Gamero\"}}]}<\/script>\n<!-- \/ Yoast SEO plugin. -->","_links":{"self":[{"href":"https:\/\/amnistia.org.mx\/contenido\/index.php\/wp-json\/wp\/v2\/posts\/38427"}],"collection":[{"href":"https:\/\/amnistia.org.mx\/contenido\/index.php\/wp-json\/wp\/v2\/posts"}],"about":[{"href":"https:\/\/amnistia.org.mx\/contenido\/index.php\/wp-json\/wp\/v2\/types\/post"}],"author":[{"embeddable":true,"href":"https:\/\/amnistia.org.mx\/contenido\/index.php\/wp-json\/wp\/v2\/users\/4"}],"replies":[{"embeddable":true,"href":"https:\/\/amnistia.org.mx\/contenido\/index.php\/wp-json\/wp\/v2\/comments?post=38427"}],"version-history":[{"count":2,"href":"https:\/\/amnistia.org.mx\/contenido\/index.php\/wp-json\/wp\/v2\/posts\/38427\/revisions"}],"predecessor-version":[{"id":38430,"href":"https:\/\/amnistia.org.mx\/contenido\/index.php\/wp-json\/wp\/v2\/posts\/38427\/revisions\/38430"}],"wp:featuredmedia":[{"embeddable":true,"href":"https:\/\/amnistia.org.mx\/contenido\/index.php\/wp-json\/wp\/v2\/media\/38428"}],"wp:attachment":[{"href":"https:\/\/amnistia.org.mx\/contenido\/index.php\/wp-json\/wp\/v2\/media?parent=38427"}],"wp:term":[{"taxonomy":"category","embeddable":true,"href":"https:\/\/amnistia.org.mx\/contenido\/index.php\/wp-json\/wp\/v2\/categories?post=38427"},{"taxonomy":"post_tag","embeddable":true,"href":"https:\/\/amnistia.org.mx\/contenido\/index.php\/wp-json\/wp\/v2\/tags?post=38427"}],"curies":[{"name":"wp","href":"https:\/\/api.w.org\/{rel}","templated":true}]}}