
{"id":38469,"date":"2025-06-06T16:55:30","date_gmt":"2025-06-06T21:55:30","guid":{"rendered":"https:\/\/amnistia.org.mx\/contenido\/?p=38469"},"modified":"2025-06-06T16:55:32","modified_gmt":"2025-06-06T21:55:32","slug":"comite-onu-pide-garantias-para-que-ninguna-nina-sea-forzada-a-ser-madre","status":"publish","type":"post","link":"https:\/\/amnistia.org.mx\/contenido\/index.php\/comite-onu-pide-garantias-para-que-ninguna-nina-sea-forzada-a-ser-madre\/","title":{"rendered":"Comit\u00e9 ONU pide garant\u00edas para que ninguna ni\u00f1a sea forzada a ser madre"},"content":{"rendered":"\n<ul>\n<li>Esta decisi\u00f3n es resultado de una estrategia de litigio internacional simult\u00e1neo iniciada en 2019 por el Movimiento Son Ni\u00f1as, No Madres, y marca un hito en la garant\u00eda de los derechos sexuales y reproductivos, no solo en el \u00e1mbito local sino tambi\u00e9n a nivel global.<\/li>\n\n\n\n<li>El Movimiento Son Ni\u00f1as, No Madres, celebra esta decisi\u00f3n, que se suma a las condenas contra Ecuador y Nicaragua, publicadas el pasado 20 de enero por el Comit\u00e9 de Derechos Humanos de Naciones Unidas, para prevenir que cualquier otra ni\u00f1a sea forzada a ser madre.<\/li>\n<\/ul>\n\n\n\n<p>Hoy, el Comit\u00e9 de Derechos Humanos de la ONU&nbsp;<a href=\"https:\/\/www.ohchr.org\/es\/press-releases\/2025\/06\/rape-lost-childhood-guatemala-found-responsible-forcing-girl-survivor\">emiti\u00f3 una condena<\/a>&nbsp;en contra del Estado de Guatemala por la violaci\u00f3n de los derechos humanos de&nbsp;<a href=\"https:\/\/www.ninasnomadres.org\/historias.php\">F\u00e1tima,<\/a>&nbsp;una ni\u00f1a que sobrevivi\u00f3 a la violencia sexual reiterada por parte de un profesor, y que fue forzada a continuar con el embarazo y la maternidad producto de violaci\u00f3n. Esta decisi\u00f3n, que fue posible gracias al litigio iniciado en 2019 por el Movimiento&nbsp;<a href=\"https:\/\/www.ninasnomadres.org\/\"><strong><em>Son Ni\u00f1as, No Madres<\/em><\/strong><\/a>, reafirma un principio fundamental:<strong>&nbsp;ninguna ni\u00f1a debe ser forzada a enfrentar un embarazo y una maternidad no deseada.<\/strong><\/p>\n\n\n\n<p>\u201cEsta condena es un precedente fundamental en la protecci\u00f3n de los derechos humanos de ni\u00f1as v\u00edctimas de violencia sexual y reafirma la responsabilidad de las autoridades guatemaltecas de garantizar el acceso a la justicia, la reparaci\u00f3n integral y la no repetici\u00f3n. Igual de importante es que esta condena es un paso crucial hacia la justicia para F\u00e1tima y su firme deseo de que a ninguna ni\u00f1a se le arrebate su infancia.\u201d, expres\u00f3 el movimiento Son Ni\u00f1as, No Madres.<\/p>\n\n\n\n<blockquote class=\"wp-block-quote\">\n<p>Esta condena es un precedente fundamental en la protecci\u00f3n de los derechos humanos de ni\u00f1as v\u00edctimas de violencia sexual y reafirma la responsabilidad de las autoridades guatemaltecas de garantizar el acceso a la justicia, la reparaci\u00f3n integral y la no repetici\u00f3n. Igual de importante es que esta condena es un paso crucial hacia la justicia para F\u00e1tima y su firme deseo de que a ninguna ni\u00f1a se le arrebate su infanciaMovimiento Son Ni\u00f1as, No Madres<\/p>\n<\/blockquote>\n\n\n\n<p>En su condena, el Comit\u00e9 destac\u00f3 que al forzar a F\u00e1tima a mantener un embarazo con el que expl\u00edcitamente manifest\u00f3 no querer continuar, el Estado viol\u00f3 sus derechos a una vida digna, a decidir de manera aut\u00f3noma sobre su cuerpo, a recibir informaci\u00f3n, y a la igualdad y no discriminaci\u00f3n. En ese sentido, resalt\u00f3 que&nbsp;<strong>la maternidad forzada interrumpe y obstaculiza los objetivos personales, educativos y profesionales de las ni\u00f1as, y restringe gravemente su derecho a una vida digna.<\/strong><\/p>\n\n\n\n<p>El Comit\u00e9 reconoci\u00f3 tambi\u00e9n que la violencia sexual, el embarazo y la maternidad forzada que F\u00e1tima tuvo que enfrentar le causaron un sufrimiento extremo, que incluyeron intentos de suicidio. Asimismo, que la negativa del Estado a prestarle los servicios de salud reproductiva a los que ten\u00eda derecho constituyeron trato cruel e inhumano, y una forma de discriminaci\u00f3n basada en estereotipos sobre la funci\u00f3n reproductiva de la mujer.<\/p>\n\n\n\n<p>El Comit\u00e9 tambi\u00e9n establece medidas de no repetici\u00f3n para evitar que ocurran otros casos como el de F\u00e1tima, una decisi\u00f3n especialmente relevante dado el preocupante panorama guatemalteco en materia de embarazo infantil. Las cifras son contundentes: entre 2018 y 2024, el Registro Nacional de las Personas (RENAP) document\u00f3 m\u00e1s de 14.000 partos en ni\u00f1as de 10 a 14 a\u00f1os (un promedio de 2.000 partos por a\u00f1o). La tendencia se mantiene, como lo evidencia el Observatorio en Salud Sexual y Reproductiva de Guatemala (<a href=\"https:\/\/osarguatemala.org\/registros-de-nacimientos-de-madres-entre-10-19-anos-ano-2025\/\">OSAR<\/a>), que entre enero y marzo de 2025 document\u00f3 556 nacimientos en ni\u00f1as del mismo rango de edad.<\/p>\n\n\n\n<p>Entre las medidas que el Comit\u00e9 le exigi\u00f3 al Estado de Guatemala est\u00e1n:<\/p>\n\n\n\n<ul>\n<li>Garantizar el acceso a servicios de salud reproductiva, eliminando barreras m\u00e9dicas, judiciales y administrativas, as\u00ed como fortalecer los protocolos para el aborto terap\u00e9utico existentes.<\/li>\n\n\n\n<li>Emprender acciones para prevenir la violencia sexual, incluyendo el acceso a educaci\u00f3n sexual integral.<\/li>\n\n\n\n<li>Crear una pol\u00edtica p\u00fablica de reparaci\u00f3n para sobrevivientes de violencia sexual, embarazo y maternidad forzada, abarcando educaci\u00f3n, salud y acompa\u00f1amiento psicosocial.<\/li>\n\n\n\n<li>Crear un sistema nacional de registro unificado que documente casos de violencia sexual y embarazos forzados para dise\u00f1ar pol\u00edticas p\u00fablicas efectivas.<\/li>\n\n\n\n<li>Capacitar obligatoriamente al personal de salud, justicia y educaci\u00f3n en temas de g\u00e9nero, ni\u00f1ez y derechos humanos.<\/li>\n<\/ul>\n\n\n\n<p>La decisi\u00f3n del caso F\u00e1tima se suma a condenas previas contra Ecuador y Nicaragua (casos Norma, Luc\u00eda y Susana, enero 2025) y contra Per\u00fa (caso Camila, 2023 ante el Comit\u00e9 de Derechos de la Ni\u00f1ez).<\/p>\n\n\n\n<p><a href=\"https:\/\/www.ninasnomadres.org\/alza-la-voz\/wp-content\/uploads\/2025\/01\/Comunicado-Decisiones-Son-Ni%C3%B1as-No-Madres.docx-1.pdf\"><strong>Conoce m\u00e1s sobre las anteriores condenas<\/strong><\/a><\/p>\n\n\n\n<p><em>\u201cCon la decisi\u00f3n del caso F\u00e1tima, las Naciones Unidas han reconocido algo que no podemos seguir ignorando: ninguna ni\u00f1a en este mundo debe ser forzada jam\u00e1s a convertirse en madre. Nuestras ni\u00f1as nacieron para aprender, para jugar, para so\u00f1ar con futuros brillantes\u2014no para maternar ni cargar con las consecuencias de la violencia. La maternidad forzada es una forma de tortura. As\u00ed lo ha establecido la ONU. Es deber de los Estados actuar en consecuencia para erradicar la violencia sexual, asegurar servicios de salud esenciales y garantizar la protecci\u00f3n de los derechos de las ni\u00f1as, incluido el derecho a decidir sobre sus propios cuerpos y proyectos de vida. Hoy, en honor a la valent\u00eda de F\u00e1tima, le recordamos al mundo entero una verdad fundamental: Son ni\u00f1as, no madres\u201d<\/em>, se\u00f1al\u00f3 Catalina Mart\u00ednez Coral, vicepresidenta para Am\u00e9rica Latina y el Caribe del Centro de Derechos Reproductivos.<\/p>\n\n\n\n<blockquote class=\"wp-block-quote\">\n<p>Con la decisi\u00f3n del caso F\u00e1tima, las Naciones Unidas han reconocido algo que no podemos seguir ignorando: ninguna ni\u00f1a en este mundo debe ser forzada jam\u00e1s a convertirse en madre. Nuestras ni\u00f1as nacieron para aprender, para jugar, para so\u00f1ar con futuros brillantes\u2014no para maternar ni cargar con las consecuencias de la violencia. La maternidad forzada es una forma de tortura.Catalina Mart\u00ednez Coral, vicepresidenta para Am\u00e9rica Latina y el Caribe del Centro de Derechos Reproductivos<\/p>\n<\/blockquote>\n\n\n\n<p><em>\u201cCada condena no solo es una reivindicaci\u00f3n para las ni\u00f1as que sobrevivieron a estas violencias, y que por a\u00f1os esperaron justicia de parte de los sistemas judiciales de sus pa\u00edses, sino tambi\u00e9n un faro de esperanza para miles que a\u00fan enfrentan un panorama de desprotecci\u00f3n luego de sobrevivir a un evento tan doloroso como la violaci\u00f3n. Con esta condena ratificamos el poder que tienen las voces de las sobrevivientes , la importancia de la lucha colectiva, y la urgencia de los abordajes integrales para prevenir que ninguna otra ni\u00f1a deba abandonar su infancia por una maternidad forzada\u201d,<\/em>&nbsp;se\u00f1ala Marianny S\u00e1nchez, directora de Comunicaciones para Am\u00e9rica Latina de&nbsp;<em>Planned Parenthood Global<\/em>, una de las organizaciones fundadoras del movimiento.<\/p>\n\n\n\n<p>Esta decisi\u00f3n es un hito en la garant\u00eda de los derechos humanos, no solo en el \u00e1mbito local, sino tambi\u00e9n a nivel global, pues obliga a Guatemala y a los m\u00e1s de 170 Estados firmantes del Pacto Internacional de Derechos Civiles y Pol\u00edticos, a modificar su legislaci\u00f3n para garantizar la interrupci\u00f3n voluntaria del embarazo y asegurar que ninguna ni\u00f1a enfrente embarazos o maternidades forzadas.<\/p>\n\n\n\n<p>El Movimiento&nbsp;<em>Son Ni\u00f1as, No Madres<\/em>&nbsp;hace un llamado urgente al Estado guatemalteco a cumplir con sus obligaciones internacionales e implementar todas las medidas necesarias para que ninguna ni\u00f1a tenga que ser forzada a renunciar a sus sue\u00f1os y proyectos de vida para asumir una maternidad forzada.<\/p>\n\n\n\n<h2 id=\"h-la-historia-de-fatima\"><strong>La historia de F\u00e1tima<\/strong><\/h2>\n\n\n\n<p>F\u00e1tima era una ni\u00f1a de bajos recursos socioecon\u00f3micos de Guatemala. Entre 2009 y 2010, cuando ten\u00eda 13 a\u00f1os fue violada por un profesor que, parad\u00f3jicamente, hab\u00eda sido funcionario del organismo encargado de proteger la ni\u00f1ez, y posteriormente fue obligada a continuar con el embarazo resultante del abuso. El sistema fall\u00f3 completamente: el personal de salud la culpabiliz\u00f3 por su embarazo y la justicia no ha logrado capturar a su agresor.<\/p>\n\n\n\n<p>Durante el embarazo, tras hostigamientos del personal educativo, F\u00e1tima se vio forzada a abandonar la escuela. Cuando quiso regresar, condicionaron su reingreso a la escuela a que \u00e9sta contrajera matrimonio. Luego, a pesar de que ocupaba el primer lugar de rendimiento acad\u00e9mico en el instituto, no le permitieron llevar la bandera en el desfile de las fiestas porque \u201cqu\u00e9 iba a decir la sociedad de que hab\u00eda una ni\u00f1a embarazada en el instituto\u00bb. La ni\u00f1a y su familia tuvieron que buscar acompa\u00f1amiento legal para poder volver a estudiar.<\/p>\n\n\n\n<p>A raiz de la violencia sexual y el embarazo no deseado, F\u00e1tima tuvo ideas suicidas. En el sistema de salud fue maltratada por el personal m\u00e9dico que la culp\u00f3 de la violencia sexual sufrida.<\/p>\n\n\n\n<h2 id=\"h-sobre-el-movimiento-son-ninas-no-madres\"><strong>Sobre el movimiento Son Ni\u00f1as, No Madres<\/strong><\/h2>\n\n\n\n<p>Son Ni\u00f1as, No Madres, es un movimiento latinoamericano a favor de los derechos de las ni\u00f1as latinoamericanas que ha liderado el innovador litigio estrat\u00e9gico de los casos de Norma, F\u00e1tima, Susana y Luc\u00eda ante el Comit\u00e9 de Derechos Humanos de la ONU. Las organizaciones colitigantes son el Centro de Derechos Reproductivos, Planned Parenthood Global (Global), Mujeres Transformando el Mundo (Guatemala), El Observatorio en Salud Sexual y Reproductiva (Guatemala), Surkuna (Ecuador) y Promsex (Per\u00fa), que realizaron una estrategia de litigio en conjunto, de alcance internacional, para evitar que estos casos vuelvan a repetirse y generar las reparaciones correspondientes. Busca informar sobre las graves consecuencias de la violencia sexual y las maternidades forzadas en las ni\u00f1as.<\/p>\n\n\n\n<p>El movimiento fue fundado por Planned Parenthood Global, Amnist\u00eda Internacional, el Grupo de Informaci\u00f3n para la Reproducci\u00f3n Elegida (GIRE) y el Consorcio Latinoamericano contra el Aborto Inseguro (CLACAI) con el objetivo de informar sobre las graves consecuencias de la violencia sexual y las maternidades forzadas en las ni\u00f1as. Son ni\u00f1as, no madres, hoy est\u00e1 conformado por m\u00e1s de una decena de organizaciones de toda la regi\u00f3n de las Am\u00e9ricas para asegurar que todas las ni\u00f1as puedan crecer sanas, fuertes y seguras, y puedan tomar decisiones libres e informadas sobre su salud y su futuro.<\/p>\n\n\n\n<p><strong>Conoce las historias completas&nbsp;<\/strong><a href=\"https:\/\/www.ninasnomadres.org\/historias.php\"><strong>aqu\u00ed<\/strong><\/a><strong><\/strong><\/p>\n\n\n\n<p>Conoce m\u00e1s de los casos con el podcast \u2018Son Ni\u00f1as, No Madres\u2019 en Spotify:&nbsp;<a href=\"https:\/\/open.spotify.com\/show\/3CRfE5tXaOIHqWx0nECfUW\">https:\/\/open.spotify.com\/show\/3CRfE5tXaOIHqWx0nECfUW<\/a><\/p>\n\n\n\n<p><strong>M\u00e1s sobre el movimiento:<\/strong><\/p>\n\n\n\n<p>P\u00e1gina web:&nbsp;<a href=\"https:\/\/www.ninasnomadres.org\/\">https:\/\/www.ninasnomadres.org\/<\/a><\/p>\n\n\n\n<p>&nbsp;Tik Tok:&nbsp;<a href=\"https:\/\/www.tiktok.com\/@ninasnomadresla\">https:\/\/www.tiktok.com\/@ninasnomadresla<\/a><\/p>\n\n\n\n<p>&nbsp;Instagram:&nbsp;<a href=\"https:\/\/www.instagram.com\/ninasnomadresla\/\">https:\/\/www.instagram.com\/ninasnomadresla\/<\/a><\/p>\n\n\n\n<p>&nbsp;X:&nbsp;<a href=\"https:\/\/twitter.com\/NinasNoMadresLA\">https:\/\/x.com\/NinasNoMadresLA<\/a><\/p>\n\n\n\n<p>&nbsp;Facebook:&nbsp;<a href=\"https:\/\/www.facebook.com\/NinasNoMadres\/\">https:\/\/www.facebook.com\/NinasNoMadres\/<\/a><\/p>\n","protected":false},"excerpt":{"rendered":"<p>Hoy, el Comit\u00e9 de Derechos Humanos de la ONU&nbsp;emiti\u00f3 una condena&nbsp;en contra del Estado de Guatemala por la violaci\u00f3n de los derechos humanos de&nbsp;F\u00e1tima,&nbsp;una ni\u00f1a que sobrevivi\u00f3 a la violencia &hellip;<\/p>\n<p class=\"read-more\"> <a class=\"\" href=\"https:\/\/amnistia.org.mx\/contenido\/index.php\/comite-onu-pide-garantias-para-que-ninguna-nina-sea-forzada-a-ser-madre\/\"> <span class=\"screen-reader-text\">Comit\u00e9 ONU pide garant\u00edas para que ninguna ni\u00f1a sea forzada a ser madre<\/span> Leer m\u00e1s &raquo;<\/a><\/p>\n","protected":false},"author":4,"featured_media":38470,"comment_status":"closed","ping_status":"closed","sticky":false,"template":"","format":"standard","meta":{"_uf_show_specific_survey":0,"_uf_disable_surveys":false,"site-sidebar-layout":"default","site-content-layout":"default","ast-global-header-display":"","ast-main-header-display":"","ast-hfb-above-header-display":"","ast-hfb-below-header-display":"","ast-hfb-mobile-header-display":"","site-post-title":"","ast-breadcrumbs-content":"","ast-featured-img":"","footer-sml-layout":"","theme-transparent-header-meta":"","adv-header-id-meta":"","stick-header-meta":"","header-above-stick-meta":"","header-main-stick-meta":"","header-below-stick-meta":""},"categories":[9],"tags":[98],"acf":[],"aioseo_notices":[],"yoast_head":"<!-- This site is optimized with the Yoast SEO plugin v14.5 - https:\/\/yoast.com\/wordpress\/plugins\/seo\/ -->\n<title>Comit\u00e9 ONU pide garant\u00edas para que ninguna ni\u00f1a sea forzada a ser madre - amnistia.org.mx<\/title>\n<meta name=\"description\" content=\"El Movimiento Son Ni\u00f1as, No Madres,\u00a0hace un llamado urgente al Estado guatemalteco a cumplir con las decisiones de Naciones Unidas, y a la comunidad internacional a exigir transparencia, reformas y acciones inmediatas.\" \/>\n<meta name=\"robots\" content=\"index, follow\" \/>\n<meta name=\"googlebot\" content=\"index, follow, max-snippet:-1, max-image-preview:large, max-video-preview:-1\" \/>\n<meta name=\"bingbot\" content=\"index, follow, max-snippet:-1, max-image-preview:large, max-video-preview:-1\" \/>\n<link rel=\"canonical\" href=\"https:\/\/amnistia.org.mx\/contenido\/index.php\/comite-onu-pide-garantias-para-que-ninguna-nina-sea-forzada-a-ser-madre\/\" \/>\n<meta property=\"og:locale\" content=\"es_MX\" \/>\n<meta property=\"og:type\" content=\"article\" \/>\n<meta property=\"og:title\" content=\"Comit\u00e9 ONU pide garant\u00edas para que ninguna ni\u00f1a sea forzada a ser madre - amnistia.org.mx\" \/>\n<meta property=\"og:description\" content=\"El Movimiento Son Ni\u00f1as, No Madres,\u00a0hace un llamado urgente al Estado guatemalteco a cumplir con las decisiones de Naciones Unidas, y a la comunidad internacional a exigir transparencia, reformas y acciones inmediatas.\" \/>\n<meta property=\"og:url\" content=\"https:\/\/amnistia.org.mx\/contenido\/index.php\/comite-onu-pide-garantias-para-que-ninguna-nina-sea-forzada-a-ser-madre\/\" \/>\n<meta property=\"og:site_name\" content=\"amnistia.org.mx\" \/>\n<meta property=\"article:published_time\" content=\"2025-06-06T21:55:30+00:00\" \/>\n<meta property=\"article:modified_time\" content=\"2025-06-06T21:55:32+00:00\" \/>\n<meta property=\"og:image\" content=\"https:\/\/amnistia.org.mx\/contenido\/wp-content\/uploads\/2025\/06\/Ecuador-\u00a9Rosa-Villafuerte-28S-2022-13-1-1079x710-1.jpg\" \/>\n\t<meta property=\"og:image:width\" content=\"1079\" \/>\n\t<meta property=\"og:image:height\" content=\"710\" \/>\n<meta name=\"twitter:card\" content=\"summary_large_image\" \/>\n<script type=\"application\/ld+json\" class=\"yoast-schema-graph\">{\"@context\":\"https:\/\/schema.org\",\"@graph\":[{\"@type\":\"WebSite\",\"@id\":\"https:\/\/amnistia.org.mx\/contenido\/#website\",\"url\":\"https:\/\/amnistia.org.mx\/contenido\/\",\"name\":\"amnistia.org.mx\",\"description\":\"Nueva p\\u00e1gina de Amnist\\u00eda\",\"potentialAction\":[{\"@type\":\"SearchAction\",\"target\":\"https:\/\/amnistia.org.mx\/contenido\/?s={search_term_string}\",\"query-input\":\"required name=search_term_string\"}],\"inLanguage\":\"es-MX\"},{\"@type\":\"ImageObject\",\"@id\":\"https:\/\/amnistia.org.mx\/contenido\/index.php\/comite-onu-pide-garantias-para-que-ninguna-nina-sea-forzada-a-ser-madre\/#primaryimage\",\"inLanguage\":\"es-MX\",\"url\":\"https:\/\/amnistia.org.mx\/contenido\/wp-content\/uploads\/2025\/06\/Ecuador-\\u00a9Rosa-Villafuerte-28S-2022-13-1-1079x710-1.jpg\",\"width\":1079,\"height\":710},{\"@type\":\"WebPage\",\"@id\":\"https:\/\/amnistia.org.mx\/contenido\/index.php\/comite-onu-pide-garantias-para-que-ninguna-nina-sea-forzada-a-ser-madre\/#webpage\",\"url\":\"https:\/\/amnistia.org.mx\/contenido\/index.php\/comite-onu-pide-garantias-para-que-ninguna-nina-sea-forzada-a-ser-madre\/\",\"name\":\"Comit\\u00e9 ONU pide garant\\u00edas para que ninguna ni\\u00f1a sea forzada a ser madre - amnistia.org.mx\",\"isPartOf\":{\"@id\":\"https:\/\/amnistia.org.mx\/contenido\/#website\"},\"primaryImageOfPage\":{\"@id\":\"https:\/\/amnistia.org.mx\/contenido\/index.php\/comite-onu-pide-garantias-para-que-ninguna-nina-sea-forzada-a-ser-madre\/#primaryimage\"},\"datePublished\":\"2025-06-06T21:55:30+00:00\",\"dateModified\":\"2025-06-06T21:55:32+00:00\",\"author\":{\"@id\":\"https:\/\/amnistia.org.mx\/contenido\/#\/schema\/person\/7db421c495688267ce8ede4625c17fa5\"},\"description\":\"El Movimiento Son Ni\\u00f1as, No Madres,\\u00a0hace un llamado urgente al Estado guatemalteco a cumplir con las decisiones de Naciones Unidas, y a la comunidad internacional a exigir transparencia, reformas y acciones inmediatas.\",\"breadcrumb\":{\"@id\":\"https:\/\/amnistia.org.mx\/contenido\/index.php\/comite-onu-pide-garantias-para-que-ninguna-nina-sea-forzada-a-ser-madre\/#breadcrumb\"},\"inLanguage\":\"es-MX\",\"potentialAction\":[{\"@type\":\"ReadAction\",\"target\":[\"https:\/\/amnistia.org.mx\/contenido\/index.php\/comite-onu-pide-garantias-para-que-ninguna-nina-sea-forzada-a-ser-madre\/\"]}]},{\"@type\":\"BreadcrumbList\",\"@id\":\"https:\/\/amnistia.org.mx\/contenido\/index.php\/comite-onu-pide-garantias-para-que-ninguna-nina-sea-forzada-a-ser-madre\/#breadcrumb\",\"itemListElement\":[{\"@type\":\"ListItem\",\"position\":1,\"item\":{\"@type\":\"WebPage\",\"@id\":\"https:\/\/amnistia.org.mx\/contenido\/\",\"url\":\"https:\/\/amnistia.org.mx\/contenido\/\",\"name\":\"Home\"}},{\"@type\":\"ListItem\",\"position\":2,\"item\":{\"@type\":\"WebPage\",\"@id\":\"https:\/\/amnistia.org.mx\/contenido\/index.php\/comite-onu-pide-garantias-para-que-ninguna-nina-sea-forzada-a-ser-madre\/\",\"url\":\"https:\/\/amnistia.org.mx\/contenido\/index.php\/comite-onu-pide-garantias-para-que-ninguna-nina-sea-forzada-a-ser-madre\/\",\"name\":\"Comit\\u00e9 ONU pide garant\\u00edas para que ninguna ni\\u00f1a sea forzada a ser madre\"}}]},{\"@type\":[\"Person\"],\"@id\":\"https:\/\/amnistia.org.mx\/contenido\/#\/schema\/person\/7db421c495688267ce8ede4625c17fa5\",\"name\":\"Alejandro Ju\\u00e1rez Gamero\",\"image\":{\"@type\":\"ImageObject\",\"@id\":\"https:\/\/amnistia.org.mx\/contenido\/#personlogo\",\"inLanguage\":\"es-MX\",\"url\":\"https:\/\/secure.gravatar.com\/avatar\/e312d5566d1c3ffb56f86415d6f0e606?s=96&d=mm&r=g\",\"caption\":\"Alejandro Ju\\u00e1rez Gamero\"}}]}<\/script>\n<!-- \/ Yoast SEO plugin. -->","_links":{"self":[{"href":"https:\/\/amnistia.org.mx\/contenido\/index.php\/wp-json\/wp\/v2\/posts\/38469"}],"collection":[{"href":"https:\/\/amnistia.org.mx\/contenido\/index.php\/wp-json\/wp\/v2\/posts"}],"about":[{"href":"https:\/\/amnistia.org.mx\/contenido\/index.php\/wp-json\/wp\/v2\/types\/post"}],"author":[{"embeddable":true,"href":"https:\/\/amnistia.org.mx\/contenido\/index.php\/wp-json\/wp\/v2\/users\/4"}],"replies":[{"embeddable":true,"href":"https:\/\/amnistia.org.mx\/contenido\/index.php\/wp-json\/wp\/v2\/comments?post=38469"}],"version-history":[{"count":4,"href":"https:\/\/amnistia.org.mx\/contenido\/index.php\/wp-json\/wp\/v2\/posts\/38469\/revisions"}],"predecessor-version":[{"id":38474,"href":"https:\/\/amnistia.org.mx\/contenido\/index.php\/wp-json\/wp\/v2\/posts\/38469\/revisions\/38474"}],"wp:featuredmedia":[{"embeddable":true,"href":"https:\/\/amnistia.org.mx\/contenido\/index.php\/wp-json\/wp\/v2\/media\/38470"}],"wp:attachment":[{"href":"https:\/\/amnistia.org.mx\/contenido\/index.php\/wp-json\/wp\/v2\/media?parent=38469"}],"wp:term":[{"taxonomy":"category","embeddable":true,"href":"https:\/\/amnistia.org.mx\/contenido\/index.php\/wp-json\/wp\/v2\/categories?post=38469"},{"taxonomy":"post_tag","embeddable":true,"href":"https:\/\/amnistia.org.mx\/contenido\/index.php\/wp-json\/wp\/v2\/tags?post=38469"}],"curies":[{"name":"wp","href":"https:\/\/api.w.org\/{rel}","templated":true}]}}