
{"id":38498,"date":"2025-06-10T11:30:24","date_gmt":"2025-06-10T16:30:24","guid":{"rendered":"https:\/\/amnistia.org.mx\/contenido\/?p=38498"},"modified":"2025-06-10T11:30:26","modified_gmt":"2025-06-10T16:30:26","slug":"ninas-sobrevivientes-de-boko-haram-abandonadas-inaccion-del-gobierno-testimonios","status":"publish","type":"post","link":"https:\/\/amnistia.org.mx\/contenido\/index.php\/ninas-sobrevivientes-de-boko-haram-abandonadas-inaccion-del-gobierno-testimonios\/","title":{"rendered":"Las ni\u00f1as sobrevivientes de Boko Haram siguen abandonadas a su suerte por la inacci\u00f3n del gobierno \u2013 Nuevos testimonios"},"content":{"rendered":"\n<p>Foto: Amnesty International<\/p>\n\n\n\n<p>Las ni\u00f1as y las j\u00f3venes que huyeron del cautiverio de Boko Haram en el noreste de Nigeria contin\u00faan abandonadas a su suerte por las autoridades del pa\u00eds un a\u00f1o despu\u00e9s del hist\u00f3rico informe publicado por Amnist\u00eda Internacional y del lanzamiento de su campa\u00f1a&nbsp;<a href=\"https:\/\/www.amnesty.org\/en\/latest\/campaigns\/2025\/02\/nigeria-empower-girl-survivors-of-boko-haram\/\">#EmpowerOurGirls<\/a>.<\/p>\n\n\n\n<p>En junio de 2024, Amnist\u00eda Internacional public\u00f3 el informe&nbsp;<a href=\"https:\/\/www.amnesty.org\/en\/latest\/news\/2024\/06\/nigeria-girls-failed-by-authorities-after-escaping-boko-haram-captivity-new-report\/\"><em>\u2018Help us build our lives\u2019: Girl survivors of Boko Haram and military abuses in north-east Nigeria<\/em><\/a>, en el que documentaba c\u00f3mo estas ni\u00f1as y j\u00f3venes ped\u00edan apoyo para tratar de sanar y reintegrarse a la sociedad.<\/p>\n\n\n\n<p>Ahora, las sobrevivientes han dicho a Amnist\u00eda Internacional que el gobierno sigue sin proporcionarles servicios adecuados para su reintegraci\u00f3n y que no pueden sostenerse a s\u00ed mismas ni a sus familias.<\/p>\n\n\n\n<p>\u201cUn a\u00f1o despu\u00e9s, es inaceptable que las autoridades nigerianas contin\u00faen sin poder ocuparse de que estas ni\u00f1as y j\u00f3venes puedan reconstruir sus vidas en condiciones de seguridad\u201d, ha declarado Isa Sanusi, director de Amnist\u00eda Internacional Nigeria.<\/p>\n\n\n\n<p>\u201cEn el momento en que una ni\u00f1a o una joven sale de Boko Haram, deber\u00eda comenzar su reintegraci\u00f3n a la sociedad, pero muchas nos han dicho que contin\u00faan dej\u00e1ndolas abandonadas a su suerte y que se ven en apuros para sobrevivir.\u201d<\/p>\n\n\n\n<p>\u201cLas v\u00edctimas de los abusos de Boko Haram, incluido el matrimonio forzado y el tr\u00e1fico, siguen sin ser identificadas y recibir ayuda. Una abrumadora mayor\u00eda de las ni\u00f1as que han sobrevivido contin\u00faan siendo invisibles para las autoridad gubernamentales.\u201d<\/p>\n\n\n\n<p>\u201cPedimos al presidente Bola Tinubu y al gobierno nigeriano que tome medidas urgentes para apoyar a las sobrevivientes de Boko Haram. Estas ni\u00f1as y j\u00f3venes deben ser empoderadas y acceder de inmediato a atenci\u00f3n m\u00e9dica, educaci\u00f3n y ayudas para su subsistencia.\u201d<\/p>\n\n\n\n<blockquote class=\"wp-block-quote\">\n<p>Pedimos al presidente Bola Tinubu y al gobierno nigeriano que tome medidas urgentes para apoyar a las sobrevivientes de Boko Haram.Isa Sanusi, director de Amnist\u00eda Internacional Nigeria<\/p>\n<\/blockquote>\n\n\n\n<p>En febrero de 2025, Amnist\u00eda Internacional entrevist\u00f3 online a siete sobrevivientes que hab\u00edan sido obligadas a casarse con miembros de Boko Haram y hac\u00eda poco que hab\u00edan logrado escapar, as\u00ed como a otra que hab\u00eda vivido en territorio controlado por el grupo. Siete de ellas ten\u00edan entre 12 y 17 a\u00f1os, mientras que la otra era una mujer de 22 a\u00f1os a quien hab\u00edan obligado a casarse con un combatiente de Boko Haram cuando era ni\u00f1a.<\/p>\n\n\n\n<p>A ninguna de estas supervivientes se les ofrecieron servicios adaptados especialmente para su reintegraci\u00f3n, ni se les hizo saber que pod\u00edan acceder a atenci\u00f3n psicol\u00f3gica, formaci\u00f3n vocacional u otros servicios de apoyo. En siete de los casos, cuando las ni\u00f1as supervivientes se encontraron con las fuerzas de seguridad tras escapar de Boko Haram, no fueron transferidas a autoridades civiles para recibir la atenci\u00f3n adecuada, tal como establecen los t\u00e9rminos del protocolo de transferencia firmado entre el gobierno de Nigeria y las Naciones Unidas en 2022.<\/p>\n\n\n\n<p>Seg\u00fan la Convenci\u00f3n sobre los Derechos del Ni\u00f1o, Nigeria debe adoptar \u201ctodas las medidas apropiadas para promover la recuperaci\u00f3n f\u00edsica y psicol\u00f3gica y la reintegraci\u00f3n social\u201d de los ni\u00f1os y ni\u00f1as v\u00edctimas de un conflicto armado. La&nbsp;<a href=\"https:\/\/au.int\/sites\/default\/files\/treaties\/36804-treaty-african_charter_on_rights_welfare_of_the_child.pdf\">Carta Africana sobre los Derechos y el Bienestar del Ni\u00f1o<\/a>&nbsp;y el&nbsp;<a href=\"https:\/\/au.int\/sites\/default\/files\/treaties\/37077-treaty-charter_on_rights_of_women_in_africa.pdf\">Protocolo de Maputo<\/a>&nbsp;tambi\u00e9n obligan a Nigeria a brindar protecci\u00f3n especial a las ni\u00f1as y las mujeres contra el matrimonio precoz y forzado.<\/p>\n\n\n\n<h2 id=\"h-necesitamos-ayuda-para-conseguir-techo-y-comida\"><strong>\u201cNecesitamos ayuda para conseguir techo y comida\u201d<\/strong><\/h2>\n\n\n\n<p>Tres sobrevivientes de Banki, en el estado de Borno, dos de ellas de 17 a\u00f1os, y otra, llamada A.N.,* de 13, escaparon juntas en diciembre de 2024 y ahora viven juntas. Las tres dijeron que, desde que hab\u00edan escapado del cautiverio de Boko Haram, no se hab\u00edan entrevistado con funcionarios de seguridad ni del gobierno local ni hab\u00edan tenido relaci\u00f3n con ellos..<\/p>\n\n\n\n<p>L.C.*, de 17 a\u00f1os, fue obligada a casarse cuando ten\u00eda unos siete u ocho a\u00f1os, y volvi\u00f3 a ser v\u00edctima de matrimonio forzado cuando mataron a su esposo de Boko Haram. Sus dos hijos hab\u00edan muerto de hambre en la selva tres a\u00f1os antes. La mujer \u2014que dijo a Amnist\u00eda Internacional: \u201cEl gobierno no me ha dado nada\u201d\u2014 no sab\u00eda que hubiera ning\u00fan programa p\u00fablico de apoyo.<\/p>\n\n\n\n<p>A.N.* tambi\u00e9n fue v\u00edctima de matrimonio forzado, pero no la obligaron a casarse de nuevo al morir su esposo. As\u00ed cont\u00f3 c\u00f3mo consigui\u00f3 escapar: \u201cIntentamos escapar dos veces, pero nos atraparon. Estuvimos huyendo dos noches, pero ellos [Boko Haram] nos encontraron y nos obligaron a volver [\u2026] simplemente nos azotaron [\u2026] Cuando hac\u00edas algo malo, simplemente te azotaban.\u201d<\/p>\n\n\n\n<p>La mujer dijo a Amnist\u00eda Internacional que su mensaje para el gobierno era: \u201cNecesitamos ayuda para conseguir techo y comida.\u201d<\/p>\n\n\n\n<p>G.P.*, una ni\u00f1a de 13 a\u00f1os de Mafa, en el estado de Borno, fue obligada a casarse con un miembro de Boko Haram cuando el grupo mat\u00f3 a su padre. Se escap\u00f3 de su esposo y unos soldados la llevaron a una prisi\u00f3n y le dieron comida y agua. Luego fue trasladada a un campo, donde por casualidad se encontr\u00f3 con su madre, con quien vive ahora. G.P.* dijo a Amnist\u00eda: \u201cNo hemos recibido ayuda de nadie desde que salimos de la selva [\u2026] Vamos a la selva, conseguimos algo de le\u00f1a y la vendemos.\u201d<\/p>\n\n\n\n<p>N.B.*, de 12 a\u00f1os, fue obligada a casarse, pero tambi\u00e9n escap\u00f3 y ahora vive con su madre y otros parientes en Mafa. Cont\u00f3 que primero la llevaron a una prisi\u00f3n y, cuando los soldados la interrogaron y le preguntaron su edad, no le informaron de que hubiera disponible ning\u00fan servicio especial. A\u00fan no ha recibido ayuda del gobierno ni de ninguna organizaci\u00f3n no gubernamental.<\/p>\n\n\n\n<p>S.C.*, de 16 a\u00f1os, dijo a Amnist\u00eda Internacional que los soldados la hab\u00edan ayudado a reunirse con su familia, con la que vive ahora en un campo para personas desplazadas internamente, y que los soldados la hab\u00edan ayudado despu\u00e9s de escapar del territorio de Boko Haram. Cont\u00f3: \u201c[Los soldados] me llevaron a Mafa e intentaron encontrar a mis padres [\u2026] Iban a los campos, buscaban a los jefes comunitarios y les dec\u00edan a qui\u00e9nes buscaba. As\u00ed fue como localizaron a mis padres.\u201d<\/p>\n\n\n\n<h2 id=\"h-informacion-complementaria\"><strong>Informaci\u00f3n complementaria<\/strong><\/h2>\n\n\n\n<p>El conflicto armado no internacional entre Boko Haram y las fuerzas nigerianas ha afectado a millones de vidas en el noreste de Nigeria desde su inicio hace m\u00e1s de un decenio. El conflicto ha generado una crisis humanitaria, con el desplazamiento interno de millones de personas. Todas las partes en conflicto han cometido&nbsp;<a href=\"https:\/\/www.amnesty.org\/en\/documents\/afr44\/1657\/2015\/en\/\">cr\u00edmenes de guerra<\/a>, posibles&nbsp;<a href=\"https:\/\/www.amnesty.org\/en\/wp-content\/uploads\/2021\/05\/AFR4413602015ENGLISH.pdf\">cr\u00edmenes contra la humanidad<\/a>, y otros abusos y violaciones de los derechos humanos, que han repercutido de forma espec\u00edfica sobre&nbsp;<a href=\"https:\/\/www.amnesty.org\/en\/documents\/afr44\/8415\/2018\/en\/\">mujeres<\/a>,&nbsp;<a href=\"https:\/\/www.amnesty.org\/en\/documents\/afr44\/2322\/2020\/en\/\">ni\u00f1os y ni\u00f1as<\/a>&nbsp;y&nbsp;<a href=\"https:\/\/www.amnesty.org\/en\/documents\/afr44\/3376\/2020\/en\/\">personas de edad avanzada<\/a>.<\/p>\n\n\n\n<p>Recientemente, Boko Haram ha vuelto a incrementar los ataques y los secuestros en el noreste de Nigeria, y esto ha provocado que personas que se hab\u00edan reinstalado de nuevo en pueblos que hab\u00edan estado controlados por el grupo, vuelvan a desplazarse. Amnist\u00eda Internacional ha&nbsp;<a href=\"https:\/\/www.amnesty.org\/en\/download\/Documents\/AFR4416572015ENGLISH.PDF\/\" target=\"_blank\" rel=\"noreferrer noopener\">documentado en reiteradas ocasiones<\/a>&nbsp;<a href=\"https:\/\/www.amnesty.org\/en\/documents\/afr44\/1360\/2015\/en\/\" target=\"_blank\" rel=\"noreferrer noopener\">cr\u00edmenes de derecho internacional&nbsp;<\/a>&nbsp;y otras&nbsp;<a href=\"https:\/\/www.amnesty.org\/es\/latest\/news\/2025\/01\/nigeria-boko-haram-must-end-vicious-killing-spree\/\">violaciones graves<\/a>&nbsp;del derecho internacional humanitario y de los derechos humanos por parte de Boko Haram.<\/p>\n\n\n\n<p>En los \u00faltimos 12 meses, Amnist\u00eda Internacional ha desarrollado constantes actividades de&nbsp;<a href=\"https:\/\/www.passblue.com\/2024\/10\/23\/survivors-of-boko-haram-and-military-abuses-demand-their-rights-nigeria-and-the-un-must-help-them\/\">incidencia<\/a>&nbsp;y&nbsp;<a href=\"https:\/\/www.amnesty.org\/en\/documents\/afr44\/9026\/2025\/en\/\">campa\u00f1a<\/a>&nbsp;en la regi\u00f3n, y ha monitoreado la situaci\u00f3n. El 2 de diciembre de 2024, la organizaci\u00f3n&nbsp;<a href=\"https:\/\/www.amnesty.org\/en\/latest\/news\/2024\/12\/nigeria-amnesty-international-petitions-icc-judges-to-end-prosecutors-delaying-of-justice-for-atrocity-crimes\/#:~:text=Amnesty%20International%20today%20submitted%20a,crimes%20and%20crimes%20against%20humanity\">present\u00f3 una&nbsp;<\/a><a href=\"https:\/\/www.amnesty.org\/es\/latest\/news\/2024\/12\/nigeria-amnesty-international-petitions-icc-judges-to-end-prosecutors-delaying-of-justice-for-atrocity-crimes\/\">denuncia<\/a>&nbsp;ante la Sala de Cuestiones Preliminares de la Corte Penal Internacional (CPI) en nombre de varias redes de v\u00edctimas para solicitar que se pusiera fin al inaceptable retraso de la fiscal\u00eda de la CPI en iniciar la investigaci\u00f3n sobre cr\u00edmenes de guerra y cr\u00edmenes contra la humanidad en Nigeria.<\/p>\n","protected":false},"excerpt":{"rendered":"<p>Foto: Amnesty International Las ni\u00f1as y las j\u00f3venes que huyeron del cautiverio de Boko Haram en el noreste de Nigeria contin\u00faan abandonadas a su suerte por las autoridades del pa\u00eds &hellip;<\/p>\n<p class=\"read-more\"> <a class=\"\" href=\"https:\/\/amnistia.org.mx\/contenido\/index.php\/ninas-sobrevivientes-de-boko-haram-abandonadas-inaccion-del-gobierno-testimonios\/\"> <span class=\"screen-reader-text\">Las ni\u00f1as sobrevivientes de Boko Haram siguen abandonadas a su suerte por la inacci\u00f3n del gobierno \u2013 Nuevos testimonios<\/span> Leer m\u00e1s &raquo;<\/a><\/p>\n","protected":false},"author":4,"featured_media":38499,"comment_status":"closed","ping_status":"closed","sticky":false,"template":"","format":"standard","meta":{"_uf_show_specific_survey":0,"_uf_disable_surveys":false,"site-sidebar-layout":"default","site-content-layout":"default","ast-global-header-display":"","ast-main-header-display":"","ast-hfb-above-header-display":"","ast-hfb-below-header-display":"","ast-hfb-mobile-header-display":"","site-post-title":"","ast-breadcrumbs-content":"","ast-featured-img":"","footer-sml-layout":"","theme-transparent-header-meta":"","adv-header-id-meta":"","stick-header-meta":"","header-above-stick-meta":"","header-main-stick-meta":"","header-below-stick-meta":""},"categories":[9,1],"tags":[251],"acf":[],"aioseo_notices":[],"yoast_head":"<!-- This site is optimized with the Yoast SEO plugin v14.5 - https:\/\/yoast.com\/wordpress\/plugins\/seo\/ -->\n<title>Las ni\u00f1as sobrevivientes de Boko Haram siguen abandonadas a su suerte por la inacci\u00f3n del gobierno \u2013 Nuevos testimonios - amnistia.org.mx<\/title>\n<meta name=\"description\" content=\"Pedimos al presidente Bola Tinubu y al gobierno nigeriano que tome medidas urgentes para apoyar a las sobrevivientes de Boko Haram.Isa Sanusi, director de Amnist\u00eda Internacional Nigeria\" \/>\n<meta name=\"robots\" content=\"index, follow\" \/>\n<meta name=\"googlebot\" content=\"index, follow, max-snippet:-1, max-image-preview:large, max-video-preview:-1\" \/>\n<meta name=\"bingbot\" content=\"index, follow, max-snippet:-1, max-image-preview:large, max-video-preview:-1\" \/>\n<link rel=\"canonical\" href=\"https:\/\/amnistia.org.mx\/contenido\/index.php\/ninas-sobrevivientes-de-boko-haram-abandonadas-inaccion-del-gobierno-testimonios\/\" \/>\n<meta property=\"og:locale\" content=\"es_MX\" \/>\n<meta property=\"og:type\" content=\"article\" \/>\n<meta property=\"og:title\" content=\"Las ni\u00f1as sobrevivientes de Boko Haram siguen abandonadas a su suerte por la inacci\u00f3n del gobierno \u2013 Nuevos testimonios - amnistia.org.mx\" \/>\n<meta property=\"og:description\" content=\"Pedimos al presidente Bola Tinubu y al gobierno nigeriano que tome medidas urgentes para apoyar a las sobrevivientes de Boko Haram.Isa Sanusi, director de Amnist\u00eda Internacional Nigeria\" \/>\n<meta property=\"og:url\" content=\"https:\/\/amnistia.org.mx\/contenido\/index.php\/ninas-sobrevivientes-de-boko-haram-abandonadas-inaccion-del-gobierno-testimonios\/\" \/>\n<meta property=\"og:site_name\" content=\"amnistia.org.mx\" \/>\n<meta property=\"article:published_time\" content=\"2025-06-10T16:30:24+00:00\" \/>\n<meta property=\"article:modified_time\" content=\"2025-06-10T16:30:26+00:00\" \/>\n<meta name=\"twitter:card\" content=\"summary_large_image\" \/>\n<meta name=\"twitter:image\" content=\"https:\/\/amnistia.org.mx\/contenido\/wp-content\/uploads\/2025\/06\/NEN-NEW-NIGERIA-BANNER.webp\" \/>\n<script type=\"application\/ld+json\" class=\"yoast-schema-graph\">{\"@context\":\"https:\/\/schema.org\",\"@graph\":[{\"@type\":\"WebSite\",\"@id\":\"https:\/\/amnistia.org.mx\/contenido\/#website\",\"url\":\"https:\/\/amnistia.org.mx\/contenido\/\",\"name\":\"amnistia.org.mx\",\"description\":\"Nueva p\\u00e1gina de Amnist\\u00eda\",\"potentialAction\":[{\"@type\":\"SearchAction\",\"target\":\"https:\/\/amnistia.org.mx\/contenido\/?s={search_term_string}\",\"query-input\":\"required name=search_term_string\"}],\"inLanguage\":\"es-MX\"},{\"@type\":\"ImageObject\",\"@id\":\"https:\/\/amnistia.org.mx\/contenido\/index.php\/ninas-sobrevivientes-de-boko-haram-abandonadas-inaccion-del-gobierno-testimonios\/#primaryimage\",\"inLanguage\":\"es-MX\",\"url\":\"https:\/\/amnistia.org.mx\/contenido\/wp-content\/uploads\/2025\/06\/NEN-NEW-NIGERIA-BANNER.webp\",\"width\":1468,\"height\":710},{\"@type\":\"WebPage\",\"@id\":\"https:\/\/amnistia.org.mx\/contenido\/index.php\/ninas-sobrevivientes-de-boko-haram-abandonadas-inaccion-del-gobierno-testimonios\/#webpage\",\"url\":\"https:\/\/amnistia.org.mx\/contenido\/index.php\/ninas-sobrevivientes-de-boko-haram-abandonadas-inaccion-del-gobierno-testimonios\/\",\"name\":\"Las ni\\u00f1as sobrevivientes de Boko Haram siguen abandonadas a su suerte por la inacci\\u00f3n del gobierno \\u2013 Nuevos testimonios - amnistia.org.mx\",\"isPartOf\":{\"@id\":\"https:\/\/amnistia.org.mx\/contenido\/#website\"},\"primaryImageOfPage\":{\"@id\":\"https:\/\/amnistia.org.mx\/contenido\/index.php\/ninas-sobrevivientes-de-boko-haram-abandonadas-inaccion-del-gobierno-testimonios\/#primaryimage\"},\"datePublished\":\"2025-06-10T16:30:24+00:00\",\"dateModified\":\"2025-06-10T16:30:26+00:00\",\"author\":{\"@id\":\"https:\/\/amnistia.org.mx\/contenido\/#\/schema\/person\/7db421c495688267ce8ede4625c17fa5\"},\"description\":\"Pedimos al presidente Bola Tinubu y al gobierno nigeriano que tome medidas urgentes para apoyar a las sobrevivientes de Boko Haram.Isa Sanusi, director de Amnist\\u00eda Internacional Nigeria\",\"breadcrumb\":{\"@id\":\"https:\/\/amnistia.org.mx\/contenido\/index.php\/ninas-sobrevivientes-de-boko-haram-abandonadas-inaccion-del-gobierno-testimonios\/#breadcrumb\"},\"inLanguage\":\"es-MX\",\"potentialAction\":[{\"@type\":\"ReadAction\",\"target\":[\"https:\/\/amnistia.org.mx\/contenido\/index.php\/ninas-sobrevivientes-de-boko-haram-abandonadas-inaccion-del-gobierno-testimonios\/\"]}]},{\"@type\":\"BreadcrumbList\",\"@id\":\"https:\/\/amnistia.org.mx\/contenido\/index.php\/ninas-sobrevivientes-de-boko-haram-abandonadas-inaccion-del-gobierno-testimonios\/#breadcrumb\",\"itemListElement\":[{\"@type\":\"ListItem\",\"position\":1,\"item\":{\"@type\":\"WebPage\",\"@id\":\"https:\/\/amnistia.org.mx\/contenido\/\",\"url\":\"https:\/\/amnistia.org.mx\/contenido\/\",\"name\":\"Home\"}},{\"@type\":\"ListItem\",\"position\":2,\"item\":{\"@type\":\"WebPage\",\"@id\":\"https:\/\/amnistia.org.mx\/contenido\/index.php\/ninas-sobrevivientes-de-boko-haram-abandonadas-inaccion-del-gobierno-testimonios\/\",\"url\":\"https:\/\/amnistia.org.mx\/contenido\/index.php\/ninas-sobrevivientes-de-boko-haram-abandonadas-inaccion-del-gobierno-testimonios\/\",\"name\":\"Las ni\\u00f1as sobrevivientes de Boko Haram siguen abandonadas a su suerte por la inacci\\u00f3n del gobierno \\u2013 Nuevos testimonios\"}}]},{\"@type\":[\"Person\"],\"@id\":\"https:\/\/amnistia.org.mx\/contenido\/#\/schema\/person\/7db421c495688267ce8ede4625c17fa5\",\"name\":\"Alejandro Ju\\u00e1rez Gamero\",\"image\":{\"@type\":\"ImageObject\",\"@id\":\"https:\/\/amnistia.org.mx\/contenido\/#personlogo\",\"inLanguage\":\"es-MX\",\"url\":\"https:\/\/secure.gravatar.com\/avatar\/e312d5566d1c3ffb56f86415d6f0e606?s=96&d=mm&r=g\",\"caption\":\"Alejandro Ju\\u00e1rez Gamero\"}}]}<\/script>\n<!-- \/ Yoast SEO plugin. -->","_links":{"self":[{"href":"https:\/\/amnistia.org.mx\/contenido\/index.php\/wp-json\/wp\/v2\/posts\/38498"}],"collection":[{"href":"https:\/\/amnistia.org.mx\/contenido\/index.php\/wp-json\/wp\/v2\/posts"}],"about":[{"href":"https:\/\/amnistia.org.mx\/contenido\/index.php\/wp-json\/wp\/v2\/types\/post"}],"author":[{"embeddable":true,"href":"https:\/\/amnistia.org.mx\/contenido\/index.php\/wp-json\/wp\/v2\/users\/4"}],"replies":[{"embeddable":true,"href":"https:\/\/amnistia.org.mx\/contenido\/index.php\/wp-json\/wp\/v2\/comments?post=38498"}],"version-history":[{"count":7,"href":"https:\/\/amnistia.org.mx\/contenido\/index.php\/wp-json\/wp\/v2\/posts\/38498\/revisions"}],"predecessor-version":[{"id":38506,"href":"https:\/\/amnistia.org.mx\/contenido\/index.php\/wp-json\/wp\/v2\/posts\/38498\/revisions\/38506"}],"wp:featuredmedia":[{"embeddable":true,"href":"https:\/\/amnistia.org.mx\/contenido\/index.php\/wp-json\/wp\/v2\/media\/38499"}],"wp:attachment":[{"href":"https:\/\/amnistia.org.mx\/contenido\/index.php\/wp-json\/wp\/v2\/media?parent=38498"}],"wp:term":[{"taxonomy":"category","embeddable":true,"href":"https:\/\/amnistia.org.mx\/contenido\/index.php\/wp-json\/wp\/v2\/categories?post=38498"},{"taxonomy":"post_tag","embeddable":true,"href":"https:\/\/amnistia.org.mx\/contenido\/index.php\/wp-json\/wp\/v2\/tags?post=38498"}],"curies":[{"name":"wp","href":"https:\/\/api.w.org\/{rel}","templated":true}]}}