
{"id":38573,"date":"2025-06-17T12:00:10","date_gmt":"2025-06-17T17:00:10","guid":{"rendered":"https:\/\/amnistia.org.mx\/contenido\/?p=38573"},"modified":"2025-06-17T12:35:55","modified_gmt":"2025-06-17T17:35:55","slug":"informe-al-comite-para-la-eliminacion-de-la-discriminacion-contra-la-mujer-2025","status":"publish","type":"post","link":"https:\/\/amnistia.org.mx\/contenido\/index.php\/informe-al-comite-para-la-eliminacion-de-la-discriminacion-contra-la-mujer-2025\/","title":{"rendered":"Informe al Comit\u00e9 para la Eliminaci\u00f3n de la Discriminaci\u00f3n contra la Mujer 91\u00ba Per\u00edodo de sesiones, Junio a Julio de 2025"},"content":{"rendered":"\t\t<div data-elementor-type=\"wp-post\" data-elementor-id=\"38573\" class=\"elementor elementor-38573\">\n\t\t\t\t\t\t\t\t\t<section class=\"elementor-section elementor-top-section elementor-element elementor-element-1a1a8720 elementor-section-boxed elementor-section-height-default elementor-section-height-default\" data-id=\"1a1a8720\" data-element_type=\"section\">\n\t\t\t\t\t\t<div class=\"elementor-container elementor-column-gap-default\">\n\t\t\t\t\t<div class=\"elementor-column elementor-col-100 elementor-top-column elementor-element elementor-element-61798f58\" data-id=\"61798f58\" data-element_type=\"column\">\n\t\t\t<div class=\"elementor-widget-wrap elementor-element-populated\">\n\t\t\t\t\t\t\t\t<div class=\"elementor-element elementor-element-23c93ebf elementor-widget elementor-widget-text-editor\" data-id=\"23c93ebf\" data-element_type=\"widget\" data-widget_type=\"text-editor.default\">\n\t\t\t\t<div class=\"elementor-widget-container\">\n\t\t\t<style>\/*! elementor - v3.11.5 - 14-03-2023 *\/\n.elementor-widget-text-editor.elementor-drop-cap-view-stacked .elementor-drop-cap{background-color:#69727d;color:#fff}.elementor-widget-text-editor.elementor-drop-cap-view-framed .elementor-drop-cap{color:#69727d;border:3px solid;background-color:transparent}.elementor-widget-text-editor:not(.elementor-drop-cap-view-default) .elementor-drop-cap{margin-top:8px}.elementor-widget-text-editor:not(.elementor-drop-cap-view-default) .elementor-drop-cap-letter{width:1em;height:1em}.elementor-widget-text-editor .elementor-drop-cap{float:left;text-align:center;line-height:1;font-size:50px}.elementor-widget-text-editor .elementor-drop-cap-letter{display:inline-block}<\/style>\t\t\t\t<p><!-- wp:paragraph --><\/p>\n<p>Las organizaciones firmantes remiten a la atenci\u00f3n del Comit\u00e9 ante el examen del octavo informe peri\u00f3dico de M\u00e9xico. Se enfoca en violencia y afectaciones a mujeres buscadoras de personas desaparecidas, violencia basada en g\u00e9nero, mujeres desplazadas internamente y el acceso al aborto. En este documento se reportan algunos de sus hallazgos y recomendaciones al Estado mexicano. No es una lista exhaustiva de las preocupaciones de las organizaciones.<\/p>\n<p><!-- \/wp:html --><\/p>\n<p><!-- wp:paragraph --><!-- \/wp:paragraph --><\/p>\t\t\t\t\t\t<\/div>\n\t\t\t\t<\/div>\n\t\t\t\t<div class=\"elementor-element elementor-element-6b74906 elementor-align-center elementor-widget elementor-widget-button\" data-id=\"6b74906\" data-element_type=\"widget\" data-widget_type=\"button.default\">\n\t\t\t\t<div class=\"elementor-widget-container\">\n\t\t\t\t\t<div class=\"elementor-button-wrapper\">\n\t\t\t<a href=\"https:\/\/amnistia.org.mx\/contenido\/wp-content\/uploads\/2025\/06\/INT_CEDAW_CSS_MEX_63176_S.pdf\" class=\"elementor-button-link elementor-button elementor-size-sm\" role=\"button\">\n\t\t\t\t\t\t<span class=\"elementor-button-content-wrapper\">\n\t\t\t\t\t\t<span class=\"elementor-button-text\">DESCARGA<\/span>\n\t\t<\/span>\n\t\t\t\t\t<\/a>\n\t\t<\/div>\n\t\t\t\t<\/div>\n\t\t\t\t<\/div>\n\t\t\t\t\t<\/div>\n\t\t<\/div>\n\t\t\t\t\t\t\t<\/div>\n\t\t<\/section>\n\t\t\t\t\t\t\t<\/div>\n\t\t","protected":false},"excerpt":{"rendered":"<p>Las organizaciones firmantes remiten a la atenci\u00f3n del Comit\u00e9 ante el examen del octavo informe peri\u00f3dico de M\u00e9xico. Se enfoca en violencia y afectaciones a mujeres buscadoras de personas desaparecidas, &hellip;<\/p>\n<p class=\"read-more\"> <a class=\"\" href=\"https:\/\/amnistia.org.mx\/contenido\/index.php\/informe-al-comite-para-la-eliminacion-de-la-discriminacion-contra-la-mujer-2025\/\"> <span class=\"screen-reader-text\">Informe al Comit\u00e9 para la Eliminaci\u00f3n de la Discriminaci\u00f3n contra la Mujer 91\u00ba Per\u00edodo de sesiones, Junio a Julio de 2025<\/span> Leer m\u00e1s &raquo;<\/a><\/p>\n","protected":false},"author":18,"featured_media":12370,"comment_status":"open","ping_status":"open","sticky":false,"template":"","format":"standard","meta":{"_uf_show_specific_survey":0,"_uf_disable_surveys":false,"site-sidebar-layout":"default","site-content-layout":"default","ast-global-header-display":"","ast-main-header-display":"","ast-hfb-above-header-display":"","ast-hfb-below-header-display":"","ast-hfb-mobile-header-display":"","site-post-title":"","ast-breadcrumbs-content":"","ast-featured-img":"","footer-sml-layout":"","theme-transparent-header-meta":"default","adv-header-id-meta":"","stick-header-meta":"","header-above-stick-meta":"","header-main-stick-meta":"","header-below-stick-meta":""},"categories":[17],"tags":[28,27],"acf":[],"aioseo_notices":[],"yoast_head":"<!-- This site is optimized with the Yoast SEO plugin v14.5 - https:\/\/yoast.com\/wordpress\/plugins\/seo\/ -->\n<title>Informe al Comit\u00e9 para la Eliminaci\u00f3n de la Discriminaci\u00f3n contra la Mujer 91\u00ba Per\u00edodo de sesiones, Junio a Julio de 2025<\/title>\n<meta name=\"description\" content=\"Amnist\u00eda Internacional e Ipas Latinoam\u00e9rica y el Caribe (Ipas LAC) presentan a la atenci\u00f3n del la CEDAW un informe d\u00f3nde se reportan algunos de sus hallazgos y recomendaciones al Estado mexicano.\" \/>\n<meta name=\"robots\" content=\"index, follow\" \/>\n<meta name=\"googlebot\" content=\"index, follow, max-snippet:-1, max-image-preview:large, max-video-preview:-1\" \/>\n<meta name=\"bingbot\" content=\"index, follow, max-snippet:-1, max-image-preview:large, max-video-preview:-1\" \/>\n<link rel=\"canonical\" href=\"https:\/\/amnistia.org.mx\/contenido\/index.php\/informe-al-comite-para-la-eliminacion-de-la-discriminacion-contra-la-mujer-2025\/\" \/>\n<meta property=\"og:locale\" content=\"es_MX\" \/>\n<meta property=\"og:type\" content=\"article\" \/>\n<meta property=\"og:title\" content=\"Informe al Comit\u00e9 para la Eliminaci\u00f3n de la Discriminaci\u00f3n contra la Mujer 91\u00ba Per\u00edodo de sesiones, Junio a Julio de 2025\" \/>\n<meta property=\"og:description\" content=\"Amnist\u00eda Internacional e Ipas Latinoam\u00e9rica y el Caribe (Ipas LAC) presentan a la atenci\u00f3n del la CEDAW un informe d\u00f3nde se reportan algunos de sus hallazgos y recomendaciones al Estado mexicano.\" \/>\n<meta property=\"og:url\" content=\"https:\/\/amnistia.org.mx\/contenido\/index.php\/informe-al-comite-para-la-eliminacion-de-la-discriminacion-contra-la-mujer-2025\/\" \/>\n<meta property=\"og:site_name\" content=\"amnistia.org.mx\" \/>\n<meta property=\"article:published_time\" content=\"2025-06-17T17:00:10+00:00\" \/>\n<meta property=\"article:modified_time\" content=\"2025-06-17T17:35:55+00:00\" \/>\n<meta property=\"og:image\" content=\"https:\/\/amnistia.org.mx\/contenido\/wp-content\/uploads\/2020\/10\/Dise\u00f1o-sin-t\u00edtulo-22.png\" \/>\n\t<meta property=\"og:image:width\" content=\"1600\" \/>\n\t<meta property=\"og:image:height\" content=\"900\" \/>\n<meta name=\"twitter:card\" content=\"summary_large_image\" \/>\n<script type=\"application\/ld+json\" class=\"yoast-schema-graph\">{\"@context\":\"https:\/\/schema.org\",\"@graph\":[{\"@type\":\"WebSite\",\"@id\":\"https:\/\/amnistia.org.mx\/contenido\/#website\",\"url\":\"https:\/\/amnistia.org.mx\/contenido\/\",\"name\":\"amnistia.org.mx\",\"description\":\"Nueva p\\u00e1gina de Amnist\\u00eda\",\"potentialAction\":[{\"@type\":\"SearchAction\",\"target\":\"https:\/\/amnistia.org.mx\/contenido\/?s={search_term_string}\",\"query-input\":\"required name=search_term_string\"}],\"inLanguage\":\"es-MX\"},{\"@type\":\"ImageObject\",\"@id\":\"https:\/\/amnistia.org.mx\/contenido\/index.php\/informe-al-comite-para-la-eliminacion-de-la-discriminacion-contra-la-mujer-2025\/#primaryimage\",\"inLanguage\":\"es-MX\",\"url\":\"https:\/\/amnistia.org.mx\/contenido\/wp-content\/uploads\/2020\/10\/Dise\\u00f1o-sin-t\\u00edtulo-22.png\",\"width\":1600,\"height\":900},{\"@type\":\"WebPage\",\"@id\":\"https:\/\/amnistia.org.mx\/contenido\/index.php\/informe-al-comite-para-la-eliminacion-de-la-discriminacion-contra-la-mujer-2025\/#webpage\",\"url\":\"https:\/\/amnistia.org.mx\/contenido\/index.php\/informe-al-comite-para-la-eliminacion-de-la-discriminacion-contra-la-mujer-2025\/\",\"name\":\"Informe al Comit\\u00e9 para la Eliminaci\\u00f3n de la Discriminaci\\u00f3n contra la Mujer 91\\u00ba Per\\u00edodo de sesiones, Junio a Julio de 2025\",\"isPartOf\":{\"@id\":\"https:\/\/amnistia.org.mx\/contenido\/#website\"},\"primaryImageOfPage\":{\"@id\":\"https:\/\/amnistia.org.mx\/contenido\/index.php\/informe-al-comite-para-la-eliminacion-de-la-discriminacion-contra-la-mujer-2025\/#primaryimage\"},\"datePublished\":\"2025-06-17T17:00:10+00:00\",\"dateModified\":\"2025-06-17T17:35:55+00:00\",\"author\":{\"@id\":\"https:\/\/amnistia.org.mx\/contenido\/#\/schema\/person\/d2f786357f75df54423772c307a57fa2\"},\"description\":\"Amnist\\u00eda Internacional e Ipas Latinoam\\u00e9rica y el Caribe (Ipas LAC) presentan a la atenci\\u00f3n del la CEDAW un informe d\\u00f3nde se reportan algunos de sus hallazgos y recomendaciones al Estado mexicano.\",\"breadcrumb\":{\"@id\":\"https:\/\/amnistia.org.mx\/contenido\/index.php\/informe-al-comite-para-la-eliminacion-de-la-discriminacion-contra-la-mujer-2025\/#breadcrumb\"},\"inLanguage\":\"es-MX\",\"potentialAction\":[{\"@type\":\"ReadAction\",\"target\":[\"https:\/\/amnistia.org.mx\/contenido\/index.php\/informe-al-comite-para-la-eliminacion-de-la-discriminacion-contra-la-mujer-2025\/\"]}]},{\"@type\":\"BreadcrumbList\",\"@id\":\"https:\/\/amnistia.org.mx\/contenido\/index.php\/informe-al-comite-para-la-eliminacion-de-la-discriminacion-contra-la-mujer-2025\/#breadcrumb\",\"itemListElement\":[{\"@type\":\"ListItem\",\"position\":1,\"item\":{\"@type\":\"WebPage\",\"@id\":\"https:\/\/amnistia.org.mx\/contenido\/\",\"url\":\"https:\/\/amnistia.org.mx\/contenido\/\",\"name\":\"Home\"}},{\"@type\":\"ListItem\",\"position\":2,\"item\":{\"@type\":\"WebPage\",\"@id\":\"https:\/\/amnistia.org.mx\/contenido\/index.php\/informe-al-comite-para-la-eliminacion-de-la-discriminacion-contra-la-mujer-2025\/\",\"url\":\"https:\/\/amnistia.org.mx\/contenido\/index.php\/informe-al-comite-para-la-eliminacion-de-la-discriminacion-contra-la-mujer-2025\/\",\"name\":\"Informe al Comit\\u00e9 para la Eliminaci\\u00f3n de la Discriminaci\\u00f3n contra la Mujer 91\\u00ba Per\\u00edodo de sesiones, Junio a Julio de 2025\"}}]},{\"@type\":[\"Person\"],\"@id\":\"https:\/\/amnistia.org.mx\/contenido\/#\/schema\/person\/d2f786357f75df54423772c307a57fa2\",\"name\":\"Fernanda Jim\\u00e9nez Aguilar\",\"image\":{\"@type\":\"ImageObject\",\"@id\":\"https:\/\/amnistia.org.mx\/contenido\/#personlogo\",\"inLanguage\":\"es-MX\",\"url\":\"https:\/\/secure.gravatar.com\/avatar\/adfb626108fbdf0cbe48df94696b5411?s=96&d=mm&r=g\",\"caption\":\"Fernanda Jim\\u00e9nez Aguilar\"}}]}<\/script>\n<!-- \/ Yoast SEO plugin. -->","_links":{"self":[{"href":"https:\/\/amnistia.org.mx\/contenido\/index.php\/wp-json\/wp\/v2\/posts\/38573"}],"collection":[{"href":"https:\/\/amnistia.org.mx\/contenido\/index.php\/wp-json\/wp\/v2\/posts"}],"about":[{"href":"https:\/\/amnistia.org.mx\/contenido\/index.php\/wp-json\/wp\/v2\/types\/post"}],"author":[{"embeddable":true,"href":"https:\/\/amnistia.org.mx\/contenido\/index.php\/wp-json\/wp\/v2\/users\/18"}],"replies":[{"embeddable":true,"href":"https:\/\/amnistia.org.mx\/contenido\/index.php\/wp-json\/wp\/v2\/comments?post=38573"}],"version-history":[{"count":18,"href":"https:\/\/amnistia.org.mx\/contenido\/index.php\/wp-json\/wp\/v2\/posts\/38573\/revisions"}],"predecessor-version":[{"id":38591,"href":"https:\/\/amnistia.org.mx\/contenido\/index.php\/wp-json\/wp\/v2\/posts\/38573\/revisions\/38591"}],"wp:featuredmedia":[{"embeddable":true,"href":"https:\/\/amnistia.org.mx\/contenido\/index.php\/wp-json\/wp\/v2\/media\/12370"}],"wp:attachment":[{"href":"https:\/\/amnistia.org.mx\/contenido\/index.php\/wp-json\/wp\/v2\/media?parent=38573"}],"wp:term":[{"taxonomy":"category","embeddable":true,"href":"https:\/\/amnistia.org.mx\/contenido\/index.php\/wp-json\/wp\/v2\/categories?post=38573"},{"taxonomy":"post_tag","embeddable":true,"href":"https:\/\/amnistia.org.mx\/contenido\/index.php\/wp-json\/wp\/v2\/tags?post=38573"}],"curies":[{"name":"wp","href":"https:\/\/api.w.org\/{rel}","templated":true}]}}