
{"id":38674,"date":"2025-06-28T11:30:47","date_gmt":"2025-06-28T16:30:47","guid":{"rendered":"https:\/\/amnistia.org.mx\/contenido\/?p=38674"},"modified":"2025-06-30T11:30:42","modified_gmt":"2025-06-30T16:30:42","slug":"amnistia-internacional-hace-eco-del-lema-justicia-resistencia-y-unidad-de-la-marcha-del-orgullo-lgbtiq","status":"publish","type":"post","link":"https:\/\/amnistia.org.mx\/contenido\/index.php\/amnistia-internacional-hace-eco-del-lema-justicia-resistencia-y-unidad-de-la-marcha-del-orgullo-lgbtiq\/","title":{"rendered":"<strong>Amnist\u00eda Internacional hace eco del lema justicia, resistencia y unidad de la Marcha del orgullo LGBTIQ+<\/strong>\u00a0"},"content":{"rendered":"\n<figure class=\"wp-block-image size-large\"><img decoding=\"async\" loading=\"lazy\" width=\"1024\" height=\"571\" src=\" https:\/\/amnistia.org.mx\/contenido\/wp-content\/uploads\/2025\/06\/somos-1-1024x571.jpeg\" alt=\"\" class=\"wp-image-38681\"\/><figcaption class=\"wp-element-caption\">Foto: Alejandro Ju\u00e1rez Amnist\u00eda Internacional<\/figcaption><\/figure>\n\n\n\n<ul>\n<li>No hay lugar a equ\u00edvocos, los derechos de las personas LGBTIQ+ son los mismos que los de todas las personas y est\u00e1n garantizados en el derecho internacional, advierte Amnist\u00eda Internacional&nbsp;<\/li>\n<\/ul>\n\n\n\n<ul>\n<li>La resistencia colectiva es necesaria para detener los discursos antiderechos que intentan frenar las conquistas de las personas de la diversidad sexual&nbsp;<\/li>\n<\/ul>\n\n\n\n<ul>\n<li>Amnist\u00eda Internacional participa en la Marcha del orgullo LGBTIQ+ con la campa\u00f1a <a href=\"https:\/\/x.com\/amnistiamexico\/status\/1938322784439984602?t=Z_pck-zE9zLQa3UfBIE4lA&amp;s=08\" target=\"_blank\" rel=\"noreferrer noopener\"><em>SOMOS orgullo, memoria y presencia<\/em><\/a>&nbsp;<\/li>\n<\/ul>\n\n\n\n<p>Este a\u00f1o la 46 edici\u00f3n de la Marcha del Orgullo LGBTIQ+ se lleva a cabo en Las Am\u00e9ricas en un contexto caracterizado por discursos antiderechos, impulsados desde gobiernos autoritarios, que han exacerbado la discriminaci\u00f3n hacia las personas de la diversidad sexual. Adem\u00e1s, ha tenido un impacto negativo en el acceso a servicios de salud, empleo y otras conquistas de las personas LGBTIQ+, logradas en d\u00e9cadas de intensa lucha. Desde Amnist\u00eda Internacional reiteramos nuestro apoyo a las personas LGBTIQ+ en su lucha contra la institucionalizaci\u00f3n de esas violencias y por el respeto de todos sus derechos.&nbsp;<\/p>\n\n\n\n<p>Este a\u00f1o, la 46 Marcha del Orgullo LGBTIQ+ se efect\u00faa bajo el lema \u201cDiversidad sin fronteras: \u00a1Justicia, Resistencia y Unidad!\u201d y busca precisamente denunciar los discursos anti derechos que en el \u00faltimo a\u00f1o han tomado fuerza en diversos pa\u00edses como Estados Unidos, Argentina o Per\u00fa, donde han sido aprobadas leyes que se\u00f1alan o discriminan a las personas de la diversidad sexual.&nbsp;<\/p>\n\n\n\n<p>\u201cLa Marcha del Orgullo LGBTIQ+ que se efect\u00faa hoy es el marco ideal para expresar la resistencia colectiva y mantener la exigencia porque se respeten los derechos de la diversidad sexual. No hay que olvidar que \u00e9stos est\u00e1n garantizados en la Declaraci\u00f3n Universal de los Derechos Humanos, que fue suscrita por todos los pa\u00edses que forman parte de la Organizaci\u00f3n de las Naciones Unidas. De ah\u00ed que no hay lugar a equ\u00edvocos, los derechos de las personas LGBTIQ+ son los mismos que los de todas las personas\u201d, declar\u00f3 Edith Olivares Ferreto.&nbsp;<\/p>\n\n\n\n<p>En Estados Unidos, la agenda antiderechos humanos impulsada por el presidente Donald Trump ha causado un <a href=\"https:\/\/amnistia.org.mx\/contenido\/index.php\/los-primeros-100-dias-del-presidente-trump-ataques-a-los-ddhh\/\" target=\"_blank\" rel=\"noreferrer noopener\">clima de discriminaci\u00f3n<\/a> contra las personas LGBTIQ+ que implican un alarmante y peligroso intento por borrar su existencia. Otro impacto grave tiene que ver con el debilitamiento de los derechos sexuales y reproductivos para todas las personas, particularmente el derecho al aborto de las mujeres y de las personas gestantes.&nbsp;<\/p>\n\n\n\n<p>En Argentina, ha proliferado desde la presidencia un discurso de odio contra las personas de la diversidad sexual. Adem\u00e1s de graves ataques al movimiento feminista. En Per\u00fa, en el a\u00f1o 2024 fue aprobado un decreto del Ministerio de Salud por el cual se declara el \u201ctransexualismo\u201d como un \u201cproblema de salud mental\u201d. En ese pa\u00eds sigue pendiente de aprobaci\u00f3n la legislaci\u00f3n que reconozca la identidad de g\u00e9nero y el matrimonio igualitario. Tampoco se han registrado avances para prevenir y sancionar los cr\u00edmenes de odio.&nbsp;<\/p>\n\n\n\n<p>En M\u00e9xico, en el a\u00f1o 2024 se aprobaron reformas al C\u00f3digo Penal y la Ley General de Salud que proh\u00edben la denominada \u201cterapia de conversi\u00f3n\u201d. Sin embargo, estos avances contrastan con los altos \u00edndices de violencia de g\u00e9nero, feminicidio y transfeminicidio.&nbsp;<\/p>\n\n\n\n<p>En el informe <a href=\"https:\/\/amnistia.org.mx\/contenido\/index.php\/informe-2024-25-de-amnistia-internacional-la-situacion-de-los-derechos-humanos-en-el-mundo\/\" target=\"_blank\" rel=\"noreferrer noopener\">La situaci\u00f3n de los derechos humanos en el mundo 2024\/25<\/a>, en el cap\u00edtulo M\u00e9xico, Amnist\u00eda Internacional advierte que el a\u00f1o 2024 fue uno de los m\u00e1s peligrosos para las mujeres transg\u00e9nero, ya que se registraron al menos 59 transfeminicidios. Datos de la organizaci\u00f3n Transgender Europe \u2013incluidos en el informe referido\u2013 revelan que en el a\u00f1o 2023 M\u00e9xico fue el segundo pa\u00eds m\u00e1s peligroso del mundo para las personas transg\u00e9nero, despu\u00e9s de Brasil.&nbsp;<\/p>\n\n\n\n<p>\u201cEn M\u00e9xico, los avances en el reconocimiento de los derechos de las personas LGBTIQ+ son sumamente lentos, pese a que existen diversas legislaciones que los protegen. Entre ellas est\u00e1 la Ley para el reconocimiento y la atenci\u00f3n de las personas LGBTTTI de la Ciudad de M\u00e9xico o la Ley Constitucional de derechos humanos y sus garant\u00edas de la Ciudad de M\u00e9xico, adem\u00e1s de la propia Constituci\u00f3n Mexicana\u201d, advirti\u00f3 Edith Olivares Ferreto.&nbsp;<\/p>\n\n\n\n<p>\u201cAmnist\u00eda Internacional secci\u00f3n mexicana se suma a las acciones emprendidas por sus pares en diversos pa\u00edses del mundo, que tienen como objetivo poner fin a la discriminaci\u00f3n de las personas LGBTIQ+. La defensa de sus derechos humanos forma parte de nuestra agenda y en ese sentido seguiremos impulsando la derogaci\u00f3n de leyes que discriminan y, en cambio, seguiremos dando impulso a las acciones de pol\u00edtica p\u00fablica que prevengan las violencias contra las personas LGBTIQ+, se sancionen los delitos de odio y se garanticen sus demandas a un matrimonio igualitario y su derecho a la identidad de g\u00e9nero y otras medidas progresivas en favor de sus derechos humanos\u201d concluy\u00f3 Edith Olivares Ferreto.&nbsp;<\/p>\n\n\n\n<p><strong>La campa\u00f1a <\/strong><strong><em>SOMOS orgullo, memoria y presencia<\/em><\/strong>&nbsp;<\/p>\n\n\n\n<p>Previo a la celebraci\u00f3n de la 46 edici\u00f3n de la Marcha del orgullo, Amnist\u00eda Internacional efectu\u00f3 el viernes 27 de junio una activaci\u00f3n en Parque V\u00eda Vallejo, alcald\u00eda Azcapotzalco, como parte de la campa\u00f1a <em>SOMOS orgullo, memoria y presencia<\/em>. En ella las personas asistentes se tomaron <a href=\"https:\/\/x.com\/amnistiamexico\/status\/1938668758056181768?t=MHeB8nhcY6FlVv0eYYYHsg&amp;s=08\" target=\"_blank\" rel=\"noreferrer noopener\">fotograf\u00edas de 360 grados<\/a> con sus atuendos alusivos a los colores de la diversidad.&nbsp;<\/p>\n\n\n\n<p>Hoy, en el marco de la Marcha del orgullo LGBTIQ+, activistas de Amnist\u00eda Internacional efectuaron otra activaci\u00f3n que consisti\u00f3 en un recorrido por diversos puntos de la Ciudad de M\u00e9xico. Las personas activistas e integrantes de la comunidad LGBTIQ+ trasladaron una manta alusiva a la <a href=\"https:\/\/x.com\/amnistiamexico\/status\/1938322784439984602?t=Z_pck-zE9zLQa3UfBIE4lA&amp;s=08\" target=\"_blank\" rel=\"noreferrer noopener\">campa\u00f1a <em>SOMOS<\/em><\/a><em> <\/em>con el objetivo de<em> <\/em>revelar y mostrar el orgullo, la memoria y la presencia de la diversidad.&nbsp;<\/p>\n\n\n\n<p>El recorrido inicio en punto de las 10:00 de la ma\u00f1ana en la Glorieta de los Insurgentes. El mismo se hizo en medio de bombas de colores, m\u00fasica, consignas y un sin n\u00famero de fotograf\u00eda tomadas por las personas participantes. El recorrido incluy\u00f3 la Glorieta de las Cibeles, el metro Sevilla, la Estela de luz, la fuente de la Diana Cazadora y concluy\u00f3 en el emblem\u00e1tico \u00c1ngel de la Independencia.<\/p>\n\n\n\n<p><strong>Para obtener m\u00e1s informaci\u00f3n o concertar una entrevista, p\u00f3ngase en contacto con:<\/strong>&nbsp;<\/p>\n\n\n\n<p>Alejandro Ju\u00e1rez Gamero, Amnist\u00eda Internacional M\u00e9xico:&nbsp;<\/p>\n\n\n\n<p><a href=\"mailto:prensa@amnistia.org.mx\" target=\"_blank\" rel=\"noreferrer noopener\">prensa@amnistia.org.mx<\/a>&nbsp;&nbsp;<\/p>\n\n\n\n<p>+52 55 2265 4331&nbsp;<\/p>\n\n\n\n<p>Carla Ram\u00edrez Torres, Asistente de Prensa, Amnist\u00eda Internacional M\u00e9xico&nbsp;<\/p>\n\n\n\n<p><a href=\"mailto:carla.ramirez@amnistia.org.mx\" target=\"_blank\" rel=\"noreferrer noopener\">carla.ramirez@amnistia.org.mx<\/a>&nbsp;&nbsp;<\/p>\n","protected":false},"excerpt":{"rendered":"<p>Este a\u00f1o la 46 edici\u00f3n de la Marcha del Orgullo LGBTIQ+ se lleva a cabo en Las Am\u00e9ricas en un contexto caracterizado por discursos antiderechos, impulsados desde gobiernos autoritarios, que &hellip;<\/p>\n<p class=\"read-more\"> <a class=\"\" href=\"https:\/\/amnistia.org.mx\/contenido\/index.php\/amnistia-internacional-hace-eco-del-lema-justicia-resistencia-y-unidad-de-la-marcha-del-orgullo-lgbtiq\/\"> <span class=\"screen-reader-text\"><strong>Amnist\u00eda Internacional hace eco del lema justicia, resistencia y unidad de la Marcha del orgullo LGBTIQ+<\/strong>\u00a0<\/span> Leer m\u00e1s &raquo;<\/a><\/p>\n","protected":false},"author":4,"featured_media":38678,"comment_status":"closed","ping_status":"closed","sticky":false,"template":"","format":"standard","meta":{"_uf_show_specific_survey":0,"_uf_disable_surveys":false,"site-sidebar-layout":"default","site-content-layout":"default","ast-global-header-display":"","ast-main-header-display":"","ast-hfb-above-header-display":"","ast-hfb-below-header-display":"","ast-hfb-mobile-header-display":"","site-post-title":"","ast-breadcrumbs-content":"","ast-featured-img":"","footer-sml-layout":"","theme-transparent-header-meta":"","adv-header-id-meta":"","stick-header-meta":"","header-above-stick-meta":"","header-main-stick-meta":"","header-below-stick-meta":""},"categories":[20],"tags":[28],"acf":[],"aioseo_notices":[],"yoast_head":"<!-- This site is optimized with the Yoast SEO plugin v14.5 - https:\/\/yoast.com\/wordpress\/plugins\/seo\/ -->\n<title>Amnist\u00eda Internacional hace eco del lema justicia, resistencia y unidad de la Marcha del orgullo LGBTIQ+\u00a0 - amnistia.org.mx<\/title>\n<meta name=\"description\" content=\"Amnist\u00eda Internacional secci\u00f3n mexicana se suma a la 46 edici\u00f3n de la Marcha del Orgullo LGBTIQ+ y contra los discuros que buscan frenar sus conquistas.\" \/>\n<meta name=\"robots\" content=\"index, follow\" \/>\n<meta name=\"googlebot\" content=\"index, follow, max-snippet:-1, max-image-preview:large, max-video-preview:-1\" \/>\n<meta name=\"bingbot\" content=\"index, follow, max-snippet:-1, max-image-preview:large, max-video-preview:-1\" \/>\n<link rel=\"canonical\" href=\"https:\/\/amnistia.org.mx\/contenido\/index.php\/amnistia-internacional-hace-eco-del-lema-justicia-resistencia-y-unidad-de-la-marcha-del-orgullo-lgbtiq\/\" \/>\n<meta property=\"og:locale\" content=\"es_MX\" \/>\n<meta property=\"og:type\" content=\"article\" \/>\n<meta property=\"og:title\" content=\"Amnist\u00eda Internacional hace eco del lema justicia, resistencia y unidad de la Marcha del orgullo LGBTIQ+\u00a0 - amnistia.org.mx\" \/>\n<meta property=\"og:description\" content=\"Amnist\u00eda Internacional secci\u00f3n mexicana se suma a la 46 edici\u00f3n de la Marcha del Orgullo LGBTIQ+ y contra los discuros que buscan frenar sus conquistas.\" \/>\n<meta property=\"og:url\" content=\"https:\/\/amnistia.org.mx\/contenido\/index.php\/amnistia-internacional-hace-eco-del-lema-justicia-resistencia-y-unidad-de-la-marcha-del-orgullo-lgbtiq\/\" \/>\n<meta property=\"og:site_name\" content=\"amnistia.org.mx\" \/>\n<meta property=\"article:published_time\" content=\"2025-06-28T16:30:47+00:00\" \/>\n<meta property=\"article:modified_time\" content=\"2025-06-30T16:30:42+00:00\" \/>\n<meta property=\"og:image\" content=\"https:\/\/amnistia.org.mx\/contenido\/wp-content\/uploads\/2025\/06\/somos.jpeg\" \/>\n\t<meta property=\"og:image:width\" content=\"1600\" \/>\n\t<meta property=\"og:image:height\" content=\"892\" \/>\n<meta name=\"twitter:card\" content=\"summary_large_image\" \/>\n<script type=\"application\/ld+json\" class=\"yoast-schema-graph\">{\"@context\":\"https:\/\/schema.org\",\"@graph\":[{\"@type\":\"WebSite\",\"@id\":\"https:\/\/amnistia.org.mx\/contenido\/#website\",\"url\":\"https:\/\/amnistia.org.mx\/contenido\/\",\"name\":\"amnistia.org.mx\",\"description\":\"Nueva p\\u00e1gina de Amnist\\u00eda\",\"potentialAction\":[{\"@type\":\"SearchAction\",\"target\":\"https:\/\/amnistia.org.mx\/contenido\/?s={search_term_string}\",\"query-input\":\"required name=search_term_string\"}],\"inLanguage\":\"es-MX\"},{\"@type\":\"ImageObject\",\"@id\":\"https:\/\/amnistia.org.mx\/contenido\/index.php\/amnistia-internacional-hace-eco-del-lema-justicia-resistencia-y-unidad-de-la-marcha-del-orgullo-lgbtiq\/#primaryimage\",\"inLanguage\":\"es-MX\",\"url\":\"https:\/\/amnistia.org.mx\/contenido\/wp-content\/uploads\/2025\/06\/somos.jpeg\",\"width\":1600,\"height\":892},{\"@type\":\"WebPage\",\"@id\":\"https:\/\/amnistia.org.mx\/contenido\/index.php\/amnistia-internacional-hace-eco-del-lema-justicia-resistencia-y-unidad-de-la-marcha-del-orgullo-lgbtiq\/#webpage\",\"url\":\"https:\/\/amnistia.org.mx\/contenido\/index.php\/amnistia-internacional-hace-eco-del-lema-justicia-resistencia-y-unidad-de-la-marcha-del-orgullo-lgbtiq\/\",\"name\":\"Amnist\\u00eda Internacional hace eco del lema justicia, resistencia y unidad de la Marcha del orgullo LGBTIQ+\\u00a0 - amnistia.org.mx\",\"isPartOf\":{\"@id\":\"https:\/\/amnistia.org.mx\/contenido\/#website\"},\"primaryImageOfPage\":{\"@id\":\"https:\/\/amnistia.org.mx\/contenido\/index.php\/amnistia-internacional-hace-eco-del-lema-justicia-resistencia-y-unidad-de-la-marcha-del-orgullo-lgbtiq\/#primaryimage\"},\"datePublished\":\"2025-06-28T16:30:47+00:00\",\"dateModified\":\"2025-06-30T16:30:42+00:00\",\"author\":{\"@id\":\"https:\/\/amnistia.org.mx\/contenido\/#\/schema\/person\/7db421c495688267ce8ede4625c17fa5\"},\"description\":\"Amnist\\u00eda Internacional secci\\u00f3n mexicana se suma a la 46 edici\\u00f3n de la Marcha del Orgullo LGBTIQ+ y contra los discuros que buscan frenar sus conquistas.\",\"breadcrumb\":{\"@id\":\"https:\/\/amnistia.org.mx\/contenido\/index.php\/amnistia-internacional-hace-eco-del-lema-justicia-resistencia-y-unidad-de-la-marcha-del-orgullo-lgbtiq\/#breadcrumb\"},\"inLanguage\":\"es-MX\",\"potentialAction\":[{\"@type\":\"ReadAction\",\"target\":[\"https:\/\/amnistia.org.mx\/contenido\/index.php\/amnistia-internacional-hace-eco-del-lema-justicia-resistencia-y-unidad-de-la-marcha-del-orgullo-lgbtiq\/\"]}]},{\"@type\":\"BreadcrumbList\",\"@id\":\"https:\/\/amnistia.org.mx\/contenido\/index.php\/amnistia-internacional-hace-eco-del-lema-justicia-resistencia-y-unidad-de-la-marcha-del-orgullo-lgbtiq\/#breadcrumb\",\"itemListElement\":[{\"@type\":\"ListItem\",\"position\":1,\"item\":{\"@type\":\"WebPage\",\"@id\":\"https:\/\/amnistia.org.mx\/contenido\/\",\"url\":\"https:\/\/amnistia.org.mx\/contenido\/\",\"name\":\"Home\"}},{\"@type\":\"ListItem\",\"position\":2,\"item\":{\"@type\":\"WebPage\",\"@id\":\"https:\/\/amnistia.org.mx\/contenido\/index.php\/amnistia-internacional-hace-eco-del-lema-justicia-resistencia-y-unidad-de-la-marcha-del-orgullo-lgbtiq\/\",\"url\":\"https:\/\/amnistia.org.mx\/contenido\/index.php\/amnistia-internacional-hace-eco-del-lema-justicia-resistencia-y-unidad-de-la-marcha-del-orgullo-lgbtiq\/\",\"name\":\"Amnist\\u00eda Internacional hace eco del lema justicia, resistencia y unidad de la Marcha del orgullo LGBTIQ+\\u00a0\"}}]},{\"@type\":[\"Person\"],\"@id\":\"https:\/\/amnistia.org.mx\/contenido\/#\/schema\/person\/7db421c495688267ce8ede4625c17fa5\",\"name\":\"Alejandro Ju\\u00e1rez Gamero\",\"image\":{\"@type\":\"ImageObject\",\"@id\":\"https:\/\/amnistia.org.mx\/contenido\/#personlogo\",\"inLanguage\":\"es-MX\",\"url\":\"https:\/\/secure.gravatar.com\/avatar\/e312d5566d1c3ffb56f86415d6f0e606?s=96&d=mm&r=g\",\"caption\":\"Alejandro Ju\\u00e1rez Gamero\"}}]}<\/script>\n<!-- \/ Yoast SEO plugin. -->","_links":{"self":[{"href":"https:\/\/amnistia.org.mx\/contenido\/index.php\/wp-json\/wp\/v2\/posts\/38674"}],"collection":[{"href":"https:\/\/amnistia.org.mx\/contenido\/index.php\/wp-json\/wp\/v2\/posts"}],"about":[{"href":"https:\/\/amnistia.org.mx\/contenido\/index.php\/wp-json\/wp\/v2\/types\/post"}],"author":[{"embeddable":true,"href":"https:\/\/amnistia.org.mx\/contenido\/index.php\/wp-json\/wp\/v2\/users\/4"}],"replies":[{"embeddable":true,"href":"https:\/\/amnistia.org.mx\/contenido\/index.php\/wp-json\/wp\/v2\/comments?post=38674"}],"version-history":[{"count":9,"href":"https:\/\/amnistia.org.mx\/contenido\/index.php\/wp-json\/wp\/v2\/posts\/38674\/revisions"}],"predecessor-version":[{"id":38687,"href":"https:\/\/amnistia.org.mx\/contenido\/index.php\/wp-json\/wp\/v2\/posts\/38674\/revisions\/38687"}],"wp:featuredmedia":[{"embeddable":true,"href":"https:\/\/amnistia.org.mx\/contenido\/index.php\/wp-json\/wp\/v2\/media\/38678"}],"wp:attachment":[{"href":"https:\/\/amnistia.org.mx\/contenido\/index.php\/wp-json\/wp\/v2\/media?parent=38674"}],"wp:term":[{"taxonomy":"category","embeddable":true,"href":"https:\/\/amnistia.org.mx\/contenido\/index.php\/wp-json\/wp\/v2\/categories?post=38674"},{"taxonomy":"post_tag","embeddable":true,"href":"https:\/\/amnistia.org.mx\/contenido\/index.php\/wp-json\/wp\/v2\/tags?post=38674"}],"curies":[{"name":"wp","href":"https:\/\/api.w.org\/{rel}","templated":true}]}}