
{"id":39817,"date":"2025-09-08T12:13:54","date_gmt":"2025-09-08T17:13:54","guid":{"rendered":"https:\/\/amnistia.org.mx\/contenido\/?p=39817"},"modified":"2025-09-08T19:39:32","modified_gmt":"2025-09-09T00:39:32","slug":"accion-urgente-detener-ataques-contra-lilia-roblero-centro-de-derechos-humanos-fray-bartolome-de-las-casas","status":"publish","type":"post","link":"https:\/\/amnistia.org.mx\/contenido\/index.php\/accion-urgente-detener-ataques-contra-lilia-roblero-centro-de-derechos-humanos-fray-bartolome-de-las-casas\/","title":{"rendered":"Acci\u00f3n Urgente: Detener ataques contra Lilia Roblero, directora del Centro de Derechos Humanos Fray Bartolom\u00e9 de Las Casas"},"content":{"rendered":"\t\t<div data-elementor-type=\"wp-post\" data-elementor-id=\"39817\" class=\"elementor elementor-39817\">\n\t\t\t\t\t\t\t<div class=\"elementor-element elementor-element-743976e e-con-boxed e-flex e-con\" data-id=\"743976e\" data-element_type=\"container\" data-settings=\"{&quot;content_width&quot;:&quot;boxed&quot;}\">\n\t\t\t\t\t<div class=\"e-con-inner\">\n\t\t\t\t<div class=\"elementor-element elementor-element-49f45d1 elementor-widget elementor-widget-post-navigation\" data-id=\"49f45d1\" data-element_type=\"widget\" data-widget_type=\"post-navigation.default\">\n\t\t\t\t<div class=\"elementor-widget-container\">\n\t\t\t<link rel=\"stylesheet\" href=\"https:\/\/amnistia.org.mx\/contenido\/wp-content\/plugins\/elementor-pro\/assets\/css\/widget-theme-elements.min.css\">\t\t<div class=\"elementor-post-navigation\">\n\t\t\t<div class=\"elementor-post-navigation__prev elementor-post-navigation__link\">\n\t\t\t\t<a href=\"https:\/\/amnistia.org.mx\/contenido\/index.php\/accion-urgente-libertad-para-doctor-de-gaza\/\" rel=\"prev\"><span class=\"post-navigation__arrow-wrapper post-navigation__arrow-prev\"><i class=\"fa fa-angle-left\" aria-hidden=\"true\"><\/i><span class=\"elementor-screen-only\">Previo<\/span><\/span><span class=\"elementor-post-navigation__link__prev\"><span class=\"post-navigation__prev--label\">Acci\u00f3n Urgente: Detener ataques contra Lilia Roblero, directora del Centro de Derechos Humanos Fray Bartolom\u00e9 de Las Casas<\/span><\/span><\/a>\t\t\t<\/div>\n\t\t\t\t\t\t<div class=\"elementor-post-navigation__next elementor-post-navigation__link\">\n\t\t\t\t<a href=\"https:\/\/amnistia.org.mx\/contenido\/index.php\/libertad-para-personas-defensoras-en-tunez\/\" rel=\"next\"><span class=\"elementor-post-navigation__link__next\"><span class=\"post-navigation__next--label\">SIGUIENTE<\/span><\/span><span class=\"post-navigation__arrow-wrapper post-navigation__arrow-next\"><i class=\"fa fa-angle-right\" aria-hidden=\"true\"><\/i><span class=\"elementor-screen-only\">Next<\/span><\/span><\/a>\t\t\t<\/div>\n\t\t<\/div>\n\t\t\t\t<\/div>\n\t\t\t\t<\/div>\n\t\t\t\t\t<\/div>\n\t\t\t\t<\/div>\n\t\t<div class=\"elementor-element elementor-element-4c019dc e-con-boxed e-flex e-con\" data-id=\"4c019dc\" data-element_type=\"container\" data-settings=\"{&quot;content_width&quot;:&quot;boxed&quot;}\">\n\t\t\t\t\t<div class=\"e-con-inner\">\n\t\t<div class=\"elementor-element elementor-element-46255bd e-con-full e-flex e-con\" data-id=\"46255bd\" data-element_type=\"container\" data-settings=\"{&quot;content_width&quot;:&quot;full&quot;}\">\n\t\t\t\t<div class=\"elementor-element elementor-element-be2d2b6 elementor-widget elementor-widget-heading\" data-id=\"be2d2b6\" data-element_type=\"widget\" data-settings=\"{&quot;motion_fx_motion_fx_scrolling&quot;:&quot;yes&quot;,&quot;motion_fx_translateX_effect&quot;:&quot;yes&quot;,&quot;motion_fx_translateX_speed&quot;:{&quot;unit&quot;:&quot;px&quot;,&quot;size&quot;:8.199999999999999289457264239899814128875732421875,&quot;sizes&quot;:[]},&quot;motion_fx_range&quot;:&quot;viewport&quot;,&quot;motion_fx_translateX_affectedRange&quot;:{&quot;unit&quot;:&quot;%&quot;,&quot;size&quot;:&quot;&quot;,&quot;sizes&quot;:{&quot;start&quot;:0,&quot;end&quot;:100}},&quot;motion_fx_devices&quot;:[&quot;desktop&quot;,&quot;tablet&quot;,&quot;mobile&quot;]}\" data-widget_type=\"heading.default\">\n\t\t\t\t<div class=\"elementor-widget-container\">\n\t\t\t<style>\/*! elementor - v3.11.5 - 14-03-2023 *\/\n.elementor-heading-title{padding:0;margin:0;line-height:1}.elementor-widget-heading .elementor-heading-title[class*=elementor-size-]>a{color:inherit;font-size:inherit;line-height:inherit}.elementor-widget-heading .elementor-heading-title.elementor-size-small{font-size:15px}.elementor-widget-heading .elementor-heading-title.elementor-size-medium{font-size:19px}.elementor-widget-heading .elementor-heading-title.elementor-size-large{font-size:29px}.elementor-widget-heading .elementor-heading-title.elementor-size-xl{font-size:39px}.elementor-widget-heading .elementor-heading-title.elementor-size-xxl{font-size:59px}<\/style><span class=\"elementor-heading-title elementor-size-default\">Acci\u00f3n Urgente Acci\u00f3n Urgente Acci\u00f3n Urgente<\/span>\t\t<\/div>\n\t\t\t\t<\/div>\n\t\t\t\t<div class=\"elementor-element elementor-element-1e5e03c elementor-widget elementor-widget-heading\" data-id=\"1e5e03c\" data-element_type=\"widget\" data-widget_type=\"heading.default\">\n\t\t\t\t<div class=\"elementor-widget-container\">\n\t\t\t<h2 class=\"elementor-heading-title elementor-size-default\">Acci\u00f3n Urgente: Detener ataques contra Lilia Roblero, directora del Centro de Derechos Humanos Fray Bartolom\u00e9 de Las Casas<\/h2>\t\t<\/div>\n\t\t\t\t<\/div>\n\t\t\t\t<\/div>\n\t\t<div class=\"elementor-element elementor-element-118d796 e-con-full e-flex e-con\" data-id=\"118d796\" data-element_type=\"container\" data-settings=\"{&quot;content_width&quot;:&quot;full&quot;}\">\n\t\t\t\t<div class=\"elementor-element elementor-element-3d700c6 elementor-widget__width-initial elementor-widget elementor-widget-text-editor\" data-id=\"3d700c6\" data-element_type=\"widget\" data-widget_type=\"text-editor.default\">\n\t\t\t\t<div class=\"elementor-widget-container\">\n\t\t\t<style>\/*! elementor - v3.11.5 - 14-03-2023 *\/\n.elementor-widget-text-editor.elementor-drop-cap-view-stacked .elementor-drop-cap{background-color:#69727d;color:#fff}.elementor-widget-text-editor.elementor-drop-cap-view-framed .elementor-drop-cap{color:#69727d;border:3px solid;background-color:transparent}.elementor-widget-text-editor:not(.elementor-drop-cap-view-default) .elementor-drop-cap{margin-top:8px}.elementor-widget-text-editor:not(.elementor-drop-cap-view-default) .elementor-drop-cap-letter{width:1em;height:1em}.elementor-widget-text-editor .elementor-drop-cap{float:left;text-align:center;line-height:1;font-size:50px}.elementor-widget-text-editor .elementor-drop-cap-letter{display:inline-block}<\/style>\t\t\t\t<p>\u00a0<\/p><p><strong>Tienes<\/strong><\/p>\t\t\t\t\t\t<\/div>\n\t\t\t\t<\/div>\n\t\t\t\t<\/div>\n\t\t<div class=\"elementor-element elementor-element-d4b80ff e-con-full e-flex e-con\" data-id=\"d4b80ff\" data-element_type=\"container\" data-settings=\"{&quot;content_width&quot;:&quot;full&quot;}\">\n\t\t\t\t<div class=\"elementor-element elementor-element-ff943a2 elementor-widget elementor-widget-html\" data-id=\"ff943a2\" data-element_type=\"widget\" data-widget_type=\"html.default\">\n\t\t\t\t<div class=\"elementor-widget-container\">\n\t\t\t\t<div align=\"center\">\r\n\t\t\t\t<iframe loading=\"lazy\" align=\"middle\" scrolling=\"no\" src=\"https:\/\/amnistia.org.mx\/au\/frayba\/p7.php\" width=\"377\" height=\"40\" frameborder=\"0\" style=\"background-color:#FFFF00;\"><\/iframe><\/div>\t\t<\/div>\n\t\t\t\t<\/div>\n\t\t\t\t<\/div>\n\t\t<div class=\"elementor-element elementor-element-847b7b0 e-con-full e-flex e-con\" data-id=\"847b7b0\" data-element_type=\"container\" data-settings=\"{&quot;content_width&quot;:&quot;full&quot;}\">\n\t\t\t\t<div class=\"elementor-element elementor-element-da53b1a elementor-widget elementor-widget-text-editor\" data-id=\"da53b1a\" data-element_type=\"widget\" data-widget_type=\"text-editor.default\">\n\t\t\t\t<div class=\"elementor-widget-container\">\n\t\t\t\t\t\t\t<p>\u00a0<\/p><p>\u00a0<\/p><p>\u00a0<\/p><p>\u00a0<\/p><p>\u00a0<\/p><p><strong>para actuar<\/strong><\/p>\t\t\t\t\t\t<\/div>\n\t\t\t\t<\/div>\n\t\t\t\t<\/div>\n\t\t\t\t\t<\/div>\n\t\t\t\t<\/div>\n\t\t<div class=\"elementor-element elementor-element-a252f39 e-con-boxed e-flex e-con\" data-id=\"a252f39\" data-element_type=\"container\" data-settings=\"{&quot;content_width&quot;:&quot;boxed&quot;}\">\n\t\t\t\t\t<div class=\"e-con-inner\">\n\t\t<div class=\"elementor-element elementor-element-b8717d5 e-con-full e-flex e-con\" data-id=\"b8717d5\" data-element_type=\"container\" data-settings=\"{&quot;content_width&quot;:&quot;full&quot;}\">\n\t\t\t\t<div class=\"elementor-element elementor-element-3b91a24 elementor-widget elementor-widget-image\" data-id=\"3b91a24\" data-element_type=\"widget\" data-widget_type=\"image.default\">\n\t\t\t\t<div class=\"elementor-widget-container\">\n\t\t\t<style>\/*! elementor - v3.11.5 - 14-03-2023 *\/\n.elementor-widget-image{text-align:center}.elementor-widget-image a{display:inline-block}.elementor-widget-image a img[src$=\".svg\"]{width:48px}.elementor-widget-image img{vertical-align:middle;display:inline-block}<\/style>\t\t\t\t\t\t\t\t\t\t\t\t<img decoding=\"async\" width=\"350\" height=\"311\" src=\"https:\/\/amnistia.org.mx\/contenido\/wp-content\/uploads\/2025\/09\/dora_rob-1.jpg\" class=\"attachment-full size-full wp-image-39927\" alt=\"\" loading=\"lazy\" \/>\t\t\t\t\t\t\t\t\t\t\t\t\t\t\t<\/div>\n\t\t\t\t<\/div>\n\t\t\t\t<\/div>\n\t\t<div class=\"elementor-element elementor-element-32983b6 e-con-full e-flex e-con\" data-id=\"32983b6\" data-element_type=\"container\" data-settings=\"{&quot;content_width&quot;:&quot;full&quot;}\">\n\t\t\t\t<div class=\"elementor-element elementor-element-4d0d348 elementor-widget elementor-widget-text-editor\" data-id=\"4d0d348\" data-element_type=\"widget\" data-widget_type=\"text-editor.default\">\n\t\t\t\t<div class=\"elementor-widget-container\">\n\t\t\t\t\t\t\tEl CDH Frayba ha denunciado m\u00e1s de 51 incidentes, entre ellos acoso, intimidaci\u00f3n y vigilancia contra miembros de la organizaci\u00f3n de derechos humanos en los \u00faltimos 11 meses. A pesar de ello, el CDH Frayba denuncia que las autoridades mexicanas a\u00fan no les han concedido medidas de protecci\u00f3n efectivas ni han investigado los ataques. <br><br>Desde 2010, el personal del Centro FrayBa es beneficiario de medidas cautelares otorgadas por la Comisi\u00f3n Interamericana de Derechos Humanos (CIDH), que insta al Estado mexicano a abordar la situaci\u00f3n de riesgo en la que se encuentran. Sin embargo, estas medidas no han sido suficientes para salvaguardar su integridad.\t\t\t\t\t\t<\/div>\n\t\t\t\t<\/div>\n\t\t\t\t<\/div>\n\t\t<div class=\"elementor-element elementor-element-1f06d6c e-con-full e-flex e-con\" data-id=\"1f06d6c\" data-element_type=\"container\" data-settings=\"{&quot;content_width&quot;:&quot;full&quot;}\">\n\t\t\t\t<div class=\"elementor-element elementor-element-13350c8 elementor-widget elementor-widget-text-editor\" data-id=\"13350c8\" data-element_type=\"widget\" data-widget_type=\"text-editor.default\">\n\t\t\t\t<div class=\"elementor-widget-container\">\n\t\t\t\t\t\t\t<div class=\"block block-ctools-block block-entity-fieldnodefield-person-involved\"><div class=\"ai-field-person-involved field field--name-field-person-involved field--type-text-long field--label-above\"><div class=\"field__label\">Tipo de acci\u00f3n:<\/div><div class=\"field__item\"><p><strong>Acci\u00f3n Urgente<\/strong><\/p><\/div><\/div><\/div><div class=\"block block-ctools-block block-entity-fieldnodefield-countries\"><div class=\"field field--name-field-countries field--type-entity-reference field--label-above\"><div class=\"field__label\">PA\u00cdSES<\/div><div class=\"field__items\"><strong>M\u00e9xico-Chiapas<\/strong><\/div><div>\u00a0<\/div><\/div><\/div><div class=\"block block-ctools-block block-entity-fieldnodefield-start-date\"><div class=\"field field--name-field-start-date field--type-datetime field--label-above\"><div class=\"field__label\">FECHA<\/div><p><strong><time class=\"datetime\" datetime=\"2024-04-16T00:00:00Z\">8 de septiembre de 2025<\/time><\/strong><\/p><\/div><\/div><div class=\"block block-ctools-block block-entity-fieldnodefield-ai-index\"><div class=\"field field--name-field-ai-index field--type-string field--label-above\"><div class=\"field__item\">\u00a0<\/div><\/div><\/div>\t\t\t\t\t\t<\/div>\n\t\t\t\t<\/div>\n\t\t\t\t<\/div>\n\t\t\t\t\t<\/div>\n\t\t\t\t<\/div>\n\t\t<div class=\"elementor-element elementor-element-a108036 e-con-boxed e-flex e-con\" data-id=\"a108036\" data-element_type=\"container\" data-settings=\"{&quot;content_width&quot;:&quot;boxed&quot;}\">\n\t\t\t\t\t<div class=\"e-con-inner\">\n\t\t\t\t<div class=\"elementor-element elementor-element-056fc77 elementor-widget elementor-widget-html\" data-id=\"056fc77\" data-element_type=\"widget\" data-widget_type=\"html.default\">\n\t\t\t\t<div class=\"elementor-widget-container\">\n\t\t\t<iframe loading=\"lazy\" src=\"https:\/\/amnistia.org.mx\/au\/frayba\/\" width=\"100%\" height=\"1533\"  scrolling=\"yes\" > <\/iframe>\t\t<\/div>\n\t\t\t\t<\/div>\n\t\t\t\t\t<\/div>\n\t\t\t\t<\/div>\n\t\t<div class=\"elementor-element elementor-element-4a3fae8 e-con-boxed e-flex e-con\" data-id=\"4a3fae8\" data-element_type=\"container\" data-settings=\"{&quot;content_width&quot;:&quot;boxed&quot;}\">\n\t\t\t\t\t<div class=\"e-con-inner\">\n\t\t\t\t<div class=\"elementor-element elementor-element-278e283 elementor-widget-divider--view-line elementor-widget elementor-widget-divider\" data-id=\"278e283\" data-element_type=\"widget\" data-widget_type=\"divider.default\">\n\t\t\t\t<div class=\"elementor-widget-container\">\n\t\t\t<style>\/*! elementor - v3.11.5 - 14-03-2023 *\/\n.elementor-widget-divider{--divider-border-style:none;--divider-border-width:1px;--divider-color:#0c0d0e;--divider-icon-size:20px;--divider-element-spacing:10px;--divider-pattern-height:24px;--divider-pattern-size:20px;--divider-pattern-url:none;--divider-pattern-repeat:repeat-x}.elementor-widget-divider .elementor-divider{display:flex}.elementor-widget-divider .elementor-divider__text{font-size:15px;line-height:1;max-width:95%}.elementor-widget-divider .elementor-divider__element{margin:0 var(--divider-element-spacing);flex-shrink:0}.elementor-widget-divider .elementor-icon{font-size:var(--divider-icon-size)}.elementor-widget-divider .elementor-divider-separator{display:flex;margin:0;direction:ltr}.elementor-widget-divider--view-line_icon .elementor-divider-separator,.elementor-widget-divider--view-line_text .elementor-divider-separator{align-items:center}.elementor-widget-divider--view-line_icon .elementor-divider-separator:after,.elementor-widget-divider--view-line_icon .elementor-divider-separator:before,.elementor-widget-divider--view-line_text .elementor-divider-separator:after,.elementor-widget-divider--view-line_text .elementor-divider-separator:before{display:block;content:\"\";border-bottom:0;flex-grow:1;border-top:var(--divider-border-width) var(--divider-border-style) var(--divider-color)}.elementor-widget-divider--element-align-left .elementor-divider .elementor-divider-separator>.elementor-divider__svg:first-of-type{flex-grow:0;flex-shrink:100}.elementor-widget-divider--element-align-left .elementor-divider-separator:before{content:none}.elementor-widget-divider--element-align-left .elementor-divider__element{margin-left:0}.elementor-widget-divider--element-align-right .elementor-divider .elementor-divider-separator>.elementor-divider__svg:last-of-type{flex-grow:0;flex-shrink:100}.elementor-widget-divider--element-align-right .elementor-divider-separator:after{content:none}.elementor-widget-divider--element-align-right .elementor-divider__element{margin-right:0}.elementor-widget-divider:not(.elementor-widget-divider--view-line_text):not(.elementor-widget-divider--view-line_icon) .elementor-divider-separator{border-top:var(--divider-border-width) var(--divider-border-style) var(--divider-color)}.elementor-widget-divider--separator-type-pattern{--divider-border-style:none}.elementor-widget-divider--separator-type-pattern.elementor-widget-divider--view-line .elementor-divider-separator,.elementor-widget-divider--separator-type-pattern:not(.elementor-widget-divider--view-line) .elementor-divider-separator:after,.elementor-widget-divider--separator-type-pattern:not(.elementor-widget-divider--view-line) .elementor-divider-separator:before,.elementor-widget-divider--separator-type-pattern:not([class*=elementor-widget-divider--view]) .elementor-divider-separator{width:100%;min-height:var(--divider-pattern-height);-webkit-mask-size:var(--divider-pattern-size) 100%;mask-size:var(--divider-pattern-size) 100%;-webkit-mask-repeat:var(--divider-pattern-repeat);mask-repeat:var(--divider-pattern-repeat);background-color:var(--divider-color);-webkit-mask-image:var(--divider-pattern-url);mask-image:var(--divider-pattern-url)}.elementor-widget-divider--no-spacing{--divider-pattern-size:auto}.elementor-widget-divider--bg-round{--divider-pattern-repeat:round}.rtl .elementor-widget-divider .elementor-divider__text{direction:rtl}.e-con-inner>.elementor-widget-divider,.e-con>.elementor-widget-divider{width:var(--container-widget-width,100%);--flex-grow:var(--container-widget-flex-grow)}<\/style>\t\t<div class=\"elementor-divider\">\n\t\t\t<span class=\"elementor-divider-separator\">\n\t\t\t\t\t\t<\/span>\n\t\t<\/div>\n\t\t\t\t<\/div>\n\t\t\t\t<\/div>\n\t\t\t\t\t<\/div>\n\t\t\t\t<\/div>\n\t\t<div class=\"elementor-element elementor-element-1838beb e-con-boxed e-flex e-con\" data-id=\"1838beb\" data-element_type=\"container\" data-settings=\"{&quot;content_width&quot;:&quot;boxed&quot;}\">\n\t\t\t\t\t<div class=\"e-con-inner\">\n\t\t\t\t<div class=\"elementor-element elementor-element-32c92e9 elementor-widget elementor-widget-text-editor\" data-id=\"32c92e9\" data-element_type=\"widget\" data-widget_type=\"text-editor.default\">\n\t\t\t\t<div class=\"elementor-widget-container\">\n\t\t\t\t\t\t\t<div class=\"pdf-download-title\"><strong>\u00bfPreferir\u00edas enviar tu carta por otro medio, fax o utilizando tu propio programa de correo electr\u00f3nico?<\/strong><\/div><div>\u00a0<\/div><div class=\"pdf-download-body\"><p>Aqu\u00ed puede imprimir su carta para enviarla a las autoridades por correo o fax, o enviarla directamente a trav\u00e9s de su propio programa de correo electr\u00f3nico.<\/p><\/div>\t\t\t\t\t\t<\/div>\n\t\t\t\t<\/div>\n\t\t\t\t<div class=\"elementor-element elementor-element-0019ae5 elementor-align-center elementor-widget elementor-widget-button\" data-id=\"0019ae5\" data-element_type=\"widget\" data-widget_type=\"button.default\">\n\t\t\t\t<div class=\"elementor-widget-container\">\n\t\t\t\t\t<div class=\"elementor-button-wrapper\">\n\t\t\t<a href=\"https:\/\/amnistia.org.mx\/contenido\/wp-content\/uploads\/2025\/09\/Carta_a_las_autoridades_FrayBa.pdf\" target=\"_blank\" class=\"elementor-button-link elementor-button elementor-size-sm\" role=\"button\">\n\t\t\t\t\t\t<span class=\"elementor-button-content-wrapper\">\n\t\t\t\t\t\t<span class=\"elementor-button-text\">Imprimir Carta<\/span>\n\t\t<\/span>\n\t\t\t\t\t<\/a>\n\t\t<\/div>\n\t\t\t\t<\/div>\n\t\t\t\t<\/div>\n\t\t\t\t\t<\/div>\n\t\t\t\t<\/div>\n\t\t<div class=\"elementor-element elementor-element-58c396d e-con-boxed e-flex e-con\" data-id=\"58c396d\" data-element_type=\"container\" data-settings=\"{&quot;content_width&quot;:&quot;boxed&quot;}\">\n\t\t\t\t\t<div class=\"e-con-inner\">\n\t\t\t\t<div class=\"elementor-element elementor-element-dab6df4 elementor-widget-divider--view-line elementor-widget elementor-widget-divider\" data-id=\"dab6df4\" data-element_type=\"widget\" data-widget_type=\"divider.default\">\n\t\t\t\t<div class=\"elementor-widget-container\">\n\t\t\t\t\t<div class=\"elementor-divider\">\n\t\t\t<span class=\"elementor-divider-separator\">\n\t\t\t\t\t\t<\/span>\n\t\t<\/div>\n\t\t\t\t<\/div>\n\t\t\t\t<\/div>\n\t\t\t\t\t<\/div>\n\t\t\t\t<\/div>\n\t\t\t\t\t\t\t<\/div>\n\t\t","protected":false},"excerpt":{"rendered":"<p>Acci\u00f3n Urgente Acci\u00f3n Urgente Acci\u00f3n Urgente Tienes para actuar El CDH Frayba ha denunciado m\u00e1s de 51 incidentes, entre ellos acoso, intimidaci\u00f3n y vigilancia contra miembros de la organizaci\u00f3n de &hellip;<\/p>\n<p class=\"read-more\"> <a class=\"\" href=\"https:\/\/amnistia.org.mx\/contenido\/index.php\/accion-urgente-detener-ataques-contra-lilia-roblero-centro-de-derechos-humanos-fray-bartolome-de-las-casas\/\"> <span class=\"screen-reader-text\">Acci\u00f3n Urgente: Detener ataques contra Lilia Roblero, directora del Centro de Derechos Humanos Fray Bartolom\u00e9 de Las Casas<\/span> Leer m\u00e1s &raquo;<\/a><\/p>\n","protected":false},"author":1,"featured_media":39927,"comment_status":"closed","ping_status":"open","sticky":false,"template":"elementor_header_footer","format":"standard","meta":{"_uf_show_specific_survey":0,"_uf_disable_surveys":false,"site-sidebar-layout":"default","site-content-layout":"default","ast-global-header-display":"","ast-main-header-display":"","ast-hfb-above-header-display":"","ast-hfb-below-header-display":"","ast-hfb-mobile-header-display":"","site-post-title":"","ast-breadcrumbs-content":"","ast-featured-img":"","footer-sml-layout":"","theme-transparent-header-meta":"","adv-header-id-meta":"","stick-header-meta":"","header-above-stick-meta":"","header-main-stick-meta":"","header-below-stick-meta":""},"categories":[209,261],"tags":[45],"acf":[],"aioseo_notices":[],"yoast_head":"<!-- This site is optimized with the Yoast SEO plugin v14.5 - https:\/\/yoast.com\/wordpress\/plugins\/seo\/ -->\n<title>Acci\u00f3n Urgente: Detener ataques contra Lilia Roblero, directora del Centro de Derechos Humanos Fray Bartolom\u00e9 de Las Casas - amnistia.org.mx<\/title>\n<meta name=\"robots\" content=\"index, follow\" \/>\n<meta name=\"googlebot\" content=\"index, follow, max-snippet:-1, max-image-preview:large, max-video-preview:-1\" \/>\n<meta name=\"bingbot\" content=\"index, follow, max-snippet:-1, max-image-preview:large, max-video-preview:-1\" \/>\n<link rel=\"canonical\" href=\"https:\/\/amnistia.org.mx\/contenido\/index.php\/accion-urgente-detener-ataques-contra-lilia-roblero-centro-de-derechos-humanos-fray-bartolome-de-las-casas\/\" \/>\n<meta property=\"og:locale\" content=\"es_MX\" \/>\n<meta property=\"og:type\" content=\"article\" \/>\n<meta property=\"og:title\" content=\"Acci\u00f3n Urgente: Detener ataques contra Lilia Roblero, directora del Centro de Derechos Humanos Fray Bartolom\u00e9 de Las Casas - amnistia.org.mx\" \/>\n<meta property=\"og:description\" content=\"Acci\u00f3n Urgente Acci\u00f3n Urgente Acci\u00f3n Urgente Tienes para actuar El CDH Frayba ha denunciado m\u00e1s de 51 incidentes, entre ellos acoso, intimidaci\u00f3n y vigilancia contra miembros de la organizaci\u00f3n de &hellip; Acci\u00f3n Urgente: Detener ataques contra Lilia Roblero, directora del Centro de Derechos Humanos Fray Bartolom\u00e9 de Las Casas Leer m\u00e1s &raquo;\" \/>\n<meta property=\"og:url\" content=\"https:\/\/amnistia.org.mx\/contenido\/index.php\/accion-urgente-detener-ataques-contra-lilia-roblero-centro-de-derechos-humanos-fray-bartolome-de-las-casas\/\" \/>\n<meta property=\"og:site_name\" content=\"amnistia.org.mx\" \/>\n<meta property=\"article:published_time\" content=\"2025-09-08T17:13:54+00:00\" \/>\n<meta property=\"article:modified_time\" content=\"2025-09-09T00:39:32+00:00\" \/>\n<meta property=\"og:image\" content=\"https:\/\/amnistia.org.mx\/contenido\/wp-content\/uploads\/2025\/09\/dora_rob-1.jpg\" \/>\n\t<meta property=\"og:image:width\" content=\"350\" \/>\n\t<meta property=\"og:image:height\" content=\"311\" \/>\n<meta name=\"twitter:card\" content=\"summary_large_image\" \/>\n<script type=\"application\/ld+json\" class=\"yoast-schema-graph\">{\"@context\":\"https:\/\/schema.org\",\"@graph\":[{\"@type\":\"WebSite\",\"@id\":\"https:\/\/amnistia.org.mx\/contenido\/#website\",\"url\":\"https:\/\/amnistia.org.mx\/contenido\/\",\"name\":\"amnistia.org.mx\",\"description\":\"Nueva p\\u00e1gina de Amnist\\u00eda\",\"potentialAction\":[{\"@type\":\"SearchAction\",\"target\":\"https:\/\/amnistia.org.mx\/contenido\/?s={search_term_string}\",\"query-input\":\"required name=search_term_string\"}],\"inLanguage\":\"es-MX\"},{\"@type\":\"ImageObject\",\"@id\":\"https:\/\/amnistia.org.mx\/contenido\/index.php\/accion-urgente-detener-ataques-contra-lilia-roblero-centro-de-derechos-humanos-fray-bartolome-de-las-casas\/#primaryimage\",\"inLanguage\":\"es-MX\",\"url\":\"https:\/\/amnistia.org.mx\/contenido\/wp-content\/uploads\/2025\/09\/dora_rob-1.jpg\",\"width\":350,\"height\":311},{\"@type\":\"WebPage\",\"@id\":\"https:\/\/amnistia.org.mx\/contenido\/index.php\/accion-urgente-detener-ataques-contra-lilia-roblero-centro-de-derechos-humanos-fray-bartolome-de-las-casas\/#webpage\",\"url\":\"https:\/\/amnistia.org.mx\/contenido\/index.php\/accion-urgente-detener-ataques-contra-lilia-roblero-centro-de-derechos-humanos-fray-bartolome-de-las-casas\/\",\"name\":\"Acci\\u00f3n Urgente: Detener ataques contra Lilia Roblero, directora del Centro de Derechos Humanos Fray Bartolom\\u00e9 de Las Casas - amnistia.org.mx\",\"isPartOf\":{\"@id\":\"https:\/\/amnistia.org.mx\/contenido\/#website\"},\"primaryImageOfPage\":{\"@id\":\"https:\/\/amnistia.org.mx\/contenido\/index.php\/accion-urgente-detener-ataques-contra-lilia-roblero-centro-de-derechos-humanos-fray-bartolome-de-las-casas\/#primaryimage\"},\"datePublished\":\"2025-09-08T17:13:54+00:00\",\"dateModified\":\"2025-09-09T00:39:32+00:00\",\"author\":{\"@id\":\"https:\/\/amnistia.org.mx\/contenido\/#\/schema\/person\/21fda9ea70346a8d831ae5288e00c200\"},\"breadcrumb\":{\"@id\":\"https:\/\/amnistia.org.mx\/contenido\/index.php\/accion-urgente-detener-ataques-contra-lilia-roblero-centro-de-derechos-humanos-fray-bartolome-de-las-casas\/#breadcrumb\"},\"inLanguage\":\"es-MX\",\"potentialAction\":[{\"@type\":\"ReadAction\",\"target\":[\"https:\/\/amnistia.org.mx\/contenido\/index.php\/accion-urgente-detener-ataques-contra-lilia-roblero-centro-de-derechos-humanos-fray-bartolome-de-las-casas\/\"]}]},{\"@type\":\"BreadcrumbList\",\"@id\":\"https:\/\/amnistia.org.mx\/contenido\/index.php\/accion-urgente-detener-ataques-contra-lilia-roblero-centro-de-derechos-humanos-fray-bartolome-de-las-casas\/#breadcrumb\",\"itemListElement\":[{\"@type\":\"ListItem\",\"position\":1,\"item\":{\"@type\":\"WebPage\",\"@id\":\"https:\/\/amnistia.org.mx\/contenido\/\",\"url\":\"https:\/\/amnistia.org.mx\/contenido\/\",\"name\":\"Home\"}},{\"@type\":\"ListItem\",\"position\":2,\"item\":{\"@type\":\"WebPage\",\"@id\":\"https:\/\/amnistia.org.mx\/contenido\/index.php\/accion-urgente-detener-ataques-contra-lilia-roblero-centro-de-derechos-humanos-fray-bartolome-de-las-casas\/\",\"url\":\"https:\/\/amnistia.org.mx\/contenido\/index.php\/accion-urgente-detener-ataques-contra-lilia-roblero-centro-de-derechos-humanos-fray-bartolome-de-las-casas\/\",\"name\":\"Acci\\u00f3n Urgente: Detener ataques contra Lilia Roblero, directora del Centro de Derechos Humanos Fray Bartolom\\u00e9 de Las Casas\"}}]},{\"@type\":[\"Person\"],\"@id\":\"https:\/\/amnistia.org.mx\/contenido\/#\/schema\/person\/21fda9ea70346a8d831ae5288e00c200\",\"name\":\"pablo.vera\",\"image\":{\"@type\":\"ImageObject\",\"@id\":\"https:\/\/amnistia.org.mx\/contenido\/#personlogo\",\"inLanguage\":\"es-MX\",\"url\":\"https:\/\/secure.gravatar.com\/avatar\/b1589ba9617e6a066fd9c6f479272a31?s=96&d=mm&r=g\",\"caption\":\"pablo.vera\"}}]}<\/script>\n<!-- \/ Yoast SEO plugin. -->","_links":{"self":[{"href":"https:\/\/amnistia.org.mx\/contenido\/index.php\/wp-json\/wp\/v2\/posts\/39817"}],"collection":[{"href":"https:\/\/amnistia.org.mx\/contenido\/index.php\/wp-json\/wp\/v2\/posts"}],"about":[{"href":"https:\/\/amnistia.org.mx\/contenido\/index.php\/wp-json\/wp\/v2\/types\/post"}],"author":[{"embeddable":true,"href":"https:\/\/amnistia.org.mx\/contenido\/index.php\/wp-json\/wp\/v2\/users\/1"}],"replies":[{"embeddable":true,"href":"https:\/\/amnistia.org.mx\/contenido\/index.php\/wp-json\/wp\/v2\/comments?post=39817"}],"version-history":[{"count":98,"href":"https:\/\/amnistia.org.mx\/contenido\/index.php\/wp-json\/wp\/v2\/posts\/39817\/revisions"}],"predecessor-version":[{"id":39937,"href":"https:\/\/amnistia.org.mx\/contenido\/index.php\/wp-json\/wp\/v2\/posts\/39817\/revisions\/39937"}],"wp:featuredmedia":[{"embeddable":true,"href":"https:\/\/amnistia.org.mx\/contenido\/index.php\/wp-json\/wp\/v2\/media\/39927"}],"wp:attachment":[{"href":"https:\/\/amnistia.org.mx\/contenido\/index.php\/wp-json\/wp\/v2\/media?parent=39817"}],"wp:term":[{"taxonomy":"category","embeddable":true,"href":"https:\/\/amnistia.org.mx\/contenido\/index.php\/wp-json\/wp\/v2\/categories?post=39817"},{"taxonomy":"post_tag","embeddable":true,"href":"https:\/\/amnistia.org.mx\/contenido\/index.php\/wp-json\/wp\/v2\/tags?post=39817"}],"curies":[{"name":"wp","href":"https:\/\/api.w.org\/{rel}","templated":true}]}}