
{"id":40952,"date":"2025-11-25T16:15:24","date_gmt":"2025-11-25T22:15:24","guid":{"rendered":"https:\/\/amnistia.org.mx\/contenido\/?p=40952"},"modified":"2025-11-25T16:17:59","modified_gmt":"2025-11-25T22:17:59","slug":"strong25n-la-impunidad-persiste-sobre-las-instituciones-y-leyes-dedicadas-a-prevenir-las-violencias-contra-las-mujeres-strong","status":"publish","type":"post","link":"https:\/\/amnistia.org.mx\/contenido\/index.php\/strong25n-la-impunidad-persiste-sobre-las-instituciones-y-leyes-dedicadas-a-prevenir-las-violencias-contra-las-mujeres-strong\/","title":{"rendered":"<strong>25N: la impunidad persiste sobre las instituciones y leyes dedicadas a prevenir y erradicar las violencias contra las mujeres en M\u00e9xico<\/strong>"},"content":{"rendered":"\n<figure class=\"wp-block-image alignfull size-full\"><img decoding=\"async\" loading=\"lazy\" width=\"800\" height=\"600\" src=\"https:\/\/amnistia.org.mx\/contenido\/wp-content\/uploads\/2025\/11\/Foto-comunicado-ajustada-1.jpg\" alt=\"\" class=\"wp-image-40957\"\/><\/figure>\n\n\n\n<p class=\"has-text-align-left\">Amnist\u00eda Internacional se sum\u00f3 a la marcha del 25N, la contingenta sali\u00f3 de la Glorieta de las Mujeres que Luchan. Foto: Carla Ram\u00edrez Torres, Amnist\u00eda Internacional.<\/p>\n\n\n\n<ul>\n<li>La carencia de presupuestos y la omisi\u00f3n en la aplicaci\u00f3n de las leyes impiden avances consistentes en el combate de la violencia de g\u00e9nero<\/li>\n<\/ul>\n\n\n\n<ul>\n<li>La impunidad genera un ambiente permisivo para la proliferaci\u00f3n de la violencia contra las mujeres, poco se ha hecho para frenarla<\/li>\n<\/ul>\n\n\n\n<ul>\n<li>Es particularmente alarmante que las ni\u00f1as y adolescentes est\u00e1n siendo cada vez m\u00e1s afectadas por las desapariciones<\/li>\n<\/ul>\n\n\n\n<p>M\u00e9xico sigue siendo un pa\u00eds peligroso para las mujeres. Entre enero y octubre de 2025 un total de 2 mil 378 mujeres fueron v\u00edctimas de homicidio doloso y feminicidio \u2013al d\u00eda fueron asesinadas 8 mujeres\u2013, debido a la ineficacia de las instituciones del Estado para prevenir la violencia de g\u00e9nero en el pa\u00eds. Este es el contexto en el que se conmemora el D\u00eda Internacional de la Eliminaci\u00f3n de la Violencia contra la Mujer en M\u00e9xico.<\/p>\n\n\n\n<p>\u201cEl nivel de violencia contra las mujeres se incrementa o disminuye peri\u00f3dicamente pero nunca se percibe indicio alguno de que tienda a disminuir de manera constante. Esto ocurre pese a que en el pa\u00eds existen instituciones y leyes encaminadas a prevenir y erradicar la violencia contra las mujeres desde hace m\u00e1s de 30 a\u00f1os\u201d, advirti\u00f3 Edith Olivares Ferreto, directora ejecutiva de Amnist\u00eda Internacional, secci\u00f3n mexicana<\/p>\n\n\n\n<p>\u201cLa existencia de ese andamiaje institucional <a href=\"https:\/\/docs.un.org\/es\/CEDAW\/C\/MEX\/CO\/10\">ha sido reconocida<\/a> incluso en los ex\u00e1menes peri\u00f3dicos de la Convenci\u00f3n sobre la Eliminaci\u00f3n de Todas las Formas de Discriminaci\u00f3n contra la Mujer (CEDAW). Sin embargo, el Estado mexicano incurre en graves omisiones al no dotar a esas instituciones de presupuestos y personal calificado para que cumplan sus objetivos. Adem\u00e1s de que las leyes no son aplicadas debidamente por los impartidores de justicia ya sea por negligencia, omisi\u00f3n e incluso por desconocimiento\u201d, precis\u00f3 Edith Olivares Ferreto.<\/p>\n\n\n\n<p><strong>Amnist\u00eda Internacional se suma a la marcha por el 25N<\/strong><\/p>\n\n\n\n<p>Este 25 de noviembre Amnist\u00eda Internacional particip\u00f3 en la marcha por el D\u00eda Internacional de la Eliminaci\u00f3n de la Violencia contra la Mujer con una contingenta que sali\u00f3 de la Glorieta de las Mujeres que Luchan. Como cada a\u00f1o, el movimiento expresa su solidaridad con las mujeres que marchan en la CDMX y en todos los estados del pa\u00eds, para exigir el respeto a la vida y a los derechos humanos de las mujeres.<\/p>\n\n\n\n<p>\u201cLa Glorieta de las Mujeres que Luchan es ya un lugar de referencia de la lucha por nuestros derechos. Nuestra contingenta sali\u00f3 desde ese espacio que honra la memoria de las mujeres que nos precedieron en la lucha, alzaremos la voz junto con las mujeres que mantienen la exigencia al Estado de una vida digna y sin violencias. Lo hacemos con entusiasmo por todas nosotras y por las mujeres y ni\u00f1as que vienen detr\u00e1s\u201d, concluy\u00f3 Edith Olivares.<\/p>\n\n\n\n<p><strong>Dimensi\u00f3n de la violencia de g\u00e9nero<\/strong><\/p>\n\n\n\n<p>De acuerdo con los datos oficiales del Secretariado Ejecutivo del Sistema Nacional de Seguridad P\u00fablica (SESNSP) en el periodo <strong>enero\u2013octubre de 2025<\/strong>, el mes con mayor n\u00famero de feminicidios y homicidios dolosos de mujeres fue marzo, con 255. Los Estados con mayor n\u00famero de feminicidios son Edomex, Sinaloa y Chihuahua, mientras que los estados con mayor n\u00famero de homicidios de mujeres son Guanajuato, Baja California y Edomex.<\/p>\n\n\n\n<p>Otro dato alarmante revela que entre <strong>enero y septiembre de 2025<\/strong> se registraron <strong>2,901 desapariciones de mujeres<\/strong>, de las cuales <strong>1,248 eran menores de edad<\/strong> (entre 0 y 17 a\u00f1os). En 2024 el n\u00famero de v\u00edctimas menores de edad fue de 870, por lo que en relaci\u00f3n con la cifra del a\u00f1o 2025 <strong>representa un aumento de 43.4%.<\/strong><\/p>\n\n\n\n<p>Este aumento es particularmente alarmante, pues muestra que <strong>las ni\u00f1as y adolescentes est\u00e1n siendo cada vez m\u00e1s afectadas por las desapariciones<\/strong>. Las entidades con mayor n\u00famero de desapariciones de ni\u00f1as y adolescentes son la Ciudad de M\u00e9xico (371) y el Estado de M\u00e9xico (274), lo que subraya una tendencia preocupante que requiere atenci\u00f3n prioritaria.<\/p>\n\n\n\n<p><strong>Impunidad que no se atiende<\/strong><\/p>\n\n\n\n<p>Amnist\u00eda Internacional ha advertido en reiteradas ocasiones que el Estado mexicano tiene la obligaci\u00f3n de erradicar las violencias que aquejan a las mujeres, a las mujeres de pueblos originarios; afromexicanas; desplazadas, refugiadas, solicitantes de asilo; migrantes; lesbianas, bisexuales, transg\u00e9nero y personas intersexuales o con discapacidad.<\/p>\n\n\n\n<p>Pese a las recomendaciones que ha dirigido la CEDAW al Estado mexicano los resultados en la prevenci\u00f3n y erradicaci\u00f3n de la violencia de g\u00e9nero, y en espec\u00edfico con los feminicidios, se han dado de manera muy lenta.<\/p>\n\n\n\n<p>Las deficiencias en que incurren las fiscal\u00edas del pa\u00eds al investigar los casos de violencia de g\u00e9nero y los feminicidios han generado un alto \u00edndice de impunidad. Amnist\u00eda Internacional ha se\u00f1alado esta cr\u00edtica situaci\u00f3n en diversos informes, entre ellos en <a href=\"https:\/\/amnistia.org.mx\/contenido\/wp-content\/uploads\/2021\/09\/Informe-Juicio-a-la-Justicia-Amnist%C3%ADa-Internacional-M%C3%A9xico.pdf\">Juicio a la Justicia<\/a>, que documenta cuatro casos de feminicidio precedido de desaparici\u00f3n.<\/p>\n\n\n\n<p>El informe detalla la p\u00e9rdida de evidencias, que no se examinan todas las l\u00edneas de investigaci\u00f3n, tampoco se inspecciona correctamente el lugar de los hechos, las pruebas no se resguardan de forma adecuada, ni se realizan pruebas periciales o diligencias. Tampoco se aplica una perspectiva de g\u00e9nero en la investigaci\u00f3n, pese a que su aplicaci\u00f3n est\u00e1 establecida en <a>sentencias de la Suprema Corte de Justicia de la Nacional, como las de <\/a><a href=\"https:\/\/www.scjn.gob.mx\/derechos-humanos\/sites\/default\/files\/sentencias-emblematicas\/sentencia\/2020-12\/AR%20554-2013.pdf\">Mariana Lima Buend\u00eda<\/a> y la de <a href=\"https:\/\/www.sitios.scjn.gob.mx\/casascultura\/sites\/default\/files\/page\/documentos\/2020-06\/Sentencia%20AR%201284-2015_Karla%20Pontiogo%20Lucciotto.pdf\">Karla Pontigo<\/a>.<\/p>\n\n\n\n<p>\u201cEl no investigar y sancionar con la debida diligencia los feminicidios genera una impunidad imparable. Al no haber justicia para las v\u00edctimas el mensaje que prevalece es que la violencia contra las mujeres no importa\u201d, recalc\u00f3 Edith Olivares Ferreto.<\/p>\n\n\n\n<p>En el caso de la joven Nadia Muci\u00f1o, documentado en el informe <a href=\"https:\/\/amnistia.org.mx\/contenido\/wp-content\/uploads\/2021\/09\/Informe-Juicio-a-la-Justicia-Amnist%C3%ADa-Internacional-M%C3%A9xico.pdf\">Juicio a la justicia<\/a>, no se ha hecho justicia a la v\u00edctima ni a su familia desde que ocurri\u00f3 hace 21 a\u00f1os. Por este motivo la familia de Nadia ha tenido que recurrir a la Comisi\u00f3n Interamericana de Derechos Humanos en busca de la justicia que no encuentra en M\u00e9xico.<\/p>\n\n\n\n<p>Las deficiencias en las investigaciones de violencia de g\u00e9nero y feminicidios que ocurren actualmente son las mismas que Amnist\u00eda Internacional document\u00f3 hace 35 a\u00f1os, cuando dio a conocer su informe <a href=\"https:\/\/amnistia.org.mx\/documentos\/informes\/MuertesIntolerables_2_edicion.pdf\">Muertes Intolerables<\/a>, sobre los feminicidios de mujeres en Ciudad Ju\u00e1rez, Chihuahua.<\/p>\n\n\n\n<p><strong>Informaci\u00f3n de contexto:<\/strong><\/p>\n\n\n\n<p>Informe: <a href=\"https:\/\/amnistia.org.mx\/contenido\/wp-content\/uploads\/2021\/09\/Informe-Juicio-a-la-Justicia-Amnist%C3%ADa-Internacional-M%C3%A9xico.pdf\">Juicio a la justicia, deficiencias en las investigaciones penales de feminicidios precedidos de desaparici\u00f3n en el Estado de M\u00e9xico<\/a>.<\/p>\n\n\n\n<p><strong>Sentencia<\/strong> de la SCJN en el caso de <a href=\"https:\/\/www.scjn.gob.mx\/derechos-humanos\/sites\/default\/files\/sentencias-emblematicas\/sentencia\/2020-12\/AR%20554-2013.pdf\">Mariana Lima Buend\u00eda<\/a><\/p>\n\n\n\n<p><strong>Sentencia<\/strong> de la SCJN en el caso de <a href=\"https:\/\/www.sitios.scjn.gob.mx\/casascultura\/sites\/default\/files\/page\/documentos\/2020-06\/Sentencia%20AR%201284-2015_Karla%20Pontiogo%20Lucciotto.pdf\">Karla Pontigo<\/a>.<\/p>\n\n\n\n<p><strong>Informe<\/strong>: <a href=\"https:\/\/amnistia.org.mx\/documentos\/informes\/MuertesIntolerables_2_edicion.pdf\">Muertes Intolerables, 10 a\u00f1os de desapariciones y asesinatos de mujeres en Ciudad Ju\u00e1rez y Chihuahua<\/a><\/p>\n\n\n\n<p><strong>Para m<\/strong><strong>\u00e1<\/strong><strong>s informaci\u00f3n o para concertar una entrevista, por favor contacte a:<\/strong><\/p>\n\n\n\n<p>Alejandro Ju\u00e1rez Gamero, Amnist\u00eda Internacional M\u00e9xico.<\/p>\n\n\n\n<p><a href=\"mailto:prensa@amnistia.org.mx\">prensa@amnistia.org.mx<\/a><\/p>\n\n\n\n<p>+52 55 2265 4331<\/p>\n","protected":false},"excerpt":{"rendered":"<p>Amnist\u00eda Internacional se sum\u00f3 a la marcha del 25N, la contingenta sali\u00f3 de la Glorieta de las Mujeres que Luchan. Foto: Carla Ram\u00edrez Torres, Amnist\u00eda Internacional. M\u00e9xico sigue siendo un &hellip;<\/p>\n<p class=\"read-more\"> <a class=\"\" href=\"https:\/\/amnistia.org.mx\/contenido\/index.php\/strong25n-la-impunidad-persiste-sobre-las-instituciones-y-leyes-dedicadas-a-prevenir-las-violencias-contra-las-mujeres-strong\/\"> <span class=\"screen-reader-text\"><strong>25N: la impunidad persiste sobre las instituciones y leyes dedicadas a prevenir y erradicar las violencias contra las mujeres en M\u00e9xico<\/strong><\/span> Leer m\u00e1s &raquo;<\/a><\/p>\n","protected":false},"author":4,"featured_media":40953,"comment_status":"closed","ping_status":"closed","sticky":false,"template":"","format":"standard","meta":{"_uf_show_specific_survey":0,"_uf_disable_surveys":false,"site-sidebar-layout":"default","site-content-layout":"default","ast-global-header-display":"","ast-main-header-display":"","ast-hfb-above-header-display":"","ast-hfb-below-header-display":"","ast-hfb-mobile-header-display":"","site-post-title":"","ast-breadcrumbs-content":"","ast-featured-img":"","footer-sml-layout":"","theme-transparent-header-meta":"","adv-header-id-meta":"","stick-header-meta":"","header-above-stick-meta":"","header-main-stick-meta":"","header-below-stick-meta":""},"categories":[20,1],"tags":[28],"acf":[],"aioseo_notices":[],"yoast_head":"<!-- This site is optimized with the Yoast SEO plugin v14.5 - https:\/\/yoast.com\/wordpress\/plugins\/seo\/ -->\n<title>25N: la impunidad persiste sobre las instituciones y leyes dedicadas a prevenir y erradicar las violencias contra las mujeres en M\u00e9xico - amnistia.org.mx<\/title>\n<meta name=\"description\" content=\"La violencia contra las mujeres se incrementa o disminuye pero nunca tiende a disminuir de manera constante, advierte Amnist\u00eda Internacional en el 25N\" \/>\n<meta name=\"robots\" content=\"index, follow\" \/>\n<meta name=\"googlebot\" content=\"index, follow, max-snippet:-1, max-image-preview:large, max-video-preview:-1\" \/>\n<meta name=\"bingbot\" content=\"index, follow, max-snippet:-1, max-image-preview:large, max-video-preview:-1\" \/>\n<link rel=\"canonical\" href=\"https:\/\/amnistia.org.mx\/contenido\/index.php\/strong25n-la-impunidad-persiste-sobre-las-instituciones-y-leyes-dedicadas-a-prevenir-las-violencias-contra-las-mujeres-strong\/\" \/>\n<meta property=\"og:locale\" content=\"es_MX\" \/>\n<meta property=\"og:type\" content=\"article\" \/>\n<meta property=\"og:title\" content=\"25N: la impunidad persiste sobre las instituciones y leyes dedicadas a prevenir y erradicar las violencias contra las mujeres en M\u00e9xico - amnistia.org.mx\" \/>\n<meta property=\"og:description\" content=\"La violencia contra las mujeres se incrementa o disminuye pero nunca tiende a disminuir de manera constante, advierte Amnist\u00eda Internacional en el 25N\" \/>\n<meta property=\"og:url\" content=\"https:\/\/amnistia.org.mx\/contenido\/index.php\/strong25n-la-impunidad-persiste-sobre-las-instituciones-y-leyes-dedicadas-a-prevenir-las-violencias-contra-las-mujeres-strong\/\" \/>\n<meta property=\"og:site_name\" content=\"amnistia.org.mx\" \/>\n<meta property=\"article:published_time\" content=\"2025-11-25T22:15:24+00:00\" \/>\n<meta property=\"article:modified_time\" content=\"2025-11-25T22:17:59+00:00\" \/>\n<meta property=\"og:image\" content=\"https:\/\/amnistia.org.mx\/contenido\/wp-content\/uploads\/2025\/11\/Foto-comunicado-ajustada.jpg\" \/>\n\t<meta property=\"og:image:width\" content=\"800\" \/>\n\t<meta property=\"og:image:height\" content=\"600\" \/>\n<meta name=\"twitter:card\" content=\"summary_large_image\" \/>\n<script type=\"application\/ld+json\" class=\"yoast-schema-graph\">{\"@context\":\"https:\/\/schema.org\",\"@graph\":[{\"@type\":\"WebSite\",\"@id\":\"https:\/\/amnistia.org.mx\/contenido\/#website\",\"url\":\"https:\/\/amnistia.org.mx\/contenido\/\",\"name\":\"amnistia.org.mx\",\"description\":\"Nueva p\\u00e1gina de Amnist\\u00eda\",\"potentialAction\":[{\"@type\":\"SearchAction\",\"target\":\"https:\/\/amnistia.org.mx\/contenido\/?s={search_term_string}\",\"query-input\":\"required name=search_term_string\"}],\"inLanguage\":\"es-MX\"},{\"@type\":\"ImageObject\",\"@id\":\"https:\/\/amnistia.org.mx\/contenido\/index.php\/strong25n-la-impunidad-persiste-sobre-las-instituciones-y-leyes-dedicadas-a-prevenir-las-violencias-contra-las-mujeres-strong\/#primaryimage\",\"inLanguage\":\"es-MX\",\"url\":\"https:\/\/amnistia.org.mx\/contenido\/wp-content\/uploads\/2025\/11\/Foto-comunicado-ajustada.jpg\",\"width\":800,\"height\":600},{\"@type\":\"WebPage\",\"@id\":\"https:\/\/amnistia.org.mx\/contenido\/index.php\/strong25n-la-impunidad-persiste-sobre-las-instituciones-y-leyes-dedicadas-a-prevenir-las-violencias-contra-las-mujeres-strong\/#webpage\",\"url\":\"https:\/\/amnistia.org.mx\/contenido\/index.php\/strong25n-la-impunidad-persiste-sobre-las-instituciones-y-leyes-dedicadas-a-prevenir-las-violencias-contra-las-mujeres-strong\/\",\"name\":\"25N: la impunidad persiste sobre las instituciones y leyes dedicadas a prevenir y erradicar las violencias contra las mujeres en M\\u00e9xico - amnistia.org.mx\",\"isPartOf\":{\"@id\":\"https:\/\/amnistia.org.mx\/contenido\/#website\"},\"primaryImageOfPage\":{\"@id\":\"https:\/\/amnistia.org.mx\/contenido\/index.php\/strong25n-la-impunidad-persiste-sobre-las-instituciones-y-leyes-dedicadas-a-prevenir-las-violencias-contra-las-mujeres-strong\/#primaryimage\"},\"datePublished\":\"2025-11-25T22:15:24+00:00\",\"dateModified\":\"2025-11-25T22:17:59+00:00\",\"author\":{\"@id\":\"https:\/\/amnistia.org.mx\/contenido\/#\/schema\/person\/7db421c495688267ce8ede4625c17fa5\"},\"description\":\"La violencia contra las mujeres se incrementa o disminuye pero nunca tiende a disminuir de manera constante, advierte Amnist\\u00eda Internacional en el 25N\",\"breadcrumb\":{\"@id\":\"https:\/\/amnistia.org.mx\/contenido\/index.php\/strong25n-la-impunidad-persiste-sobre-las-instituciones-y-leyes-dedicadas-a-prevenir-las-violencias-contra-las-mujeres-strong\/#breadcrumb\"},\"inLanguage\":\"es-MX\",\"potentialAction\":[{\"@type\":\"ReadAction\",\"target\":[\"https:\/\/amnistia.org.mx\/contenido\/index.php\/strong25n-la-impunidad-persiste-sobre-las-instituciones-y-leyes-dedicadas-a-prevenir-las-violencias-contra-las-mujeres-strong\/\"]}]},{\"@type\":\"BreadcrumbList\",\"@id\":\"https:\/\/amnistia.org.mx\/contenido\/index.php\/strong25n-la-impunidad-persiste-sobre-las-instituciones-y-leyes-dedicadas-a-prevenir-las-violencias-contra-las-mujeres-strong\/#breadcrumb\",\"itemListElement\":[{\"@type\":\"ListItem\",\"position\":1,\"item\":{\"@type\":\"WebPage\",\"@id\":\"https:\/\/amnistia.org.mx\/contenido\/\",\"url\":\"https:\/\/amnistia.org.mx\/contenido\/\",\"name\":\"Home\"}},{\"@type\":\"ListItem\",\"position\":2,\"item\":{\"@type\":\"WebPage\",\"@id\":\"https:\/\/amnistia.org.mx\/contenido\/index.php\/strong25n-la-impunidad-persiste-sobre-las-instituciones-y-leyes-dedicadas-a-prevenir-las-violencias-contra-las-mujeres-strong\/\",\"url\":\"https:\/\/amnistia.org.mx\/contenido\/index.php\/strong25n-la-impunidad-persiste-sobre-las-instituciones-y-leyes-dedicadas-a-prevenir-las-violencias-contra-las-mujeres-strong\/\",\"name\":\"25N: la impunidad persiste sobre las instituciones y leyes dedicadas a prevenir y erradicar las violencias contra las mujeres en M\\u00e9xico\"}}]},{\"@type\":[\"Person\"],\"@id\":\"https:\/\/amnistia.org.mx\/contenido\/#\/schema\/person\/7db421c495688267ce8ede4625c17fa5\",\"name\":\"Alejandro Ju\\u00e1rez Gamero\",\"image\":{\"@type\":\"ImageObject\",\"@id\":\"https:\/\/amnistia.org.mx\/contenido\/#personlogo\",\"inLanguage\":\"es-MX\",\"url\":\"https:\/\/secure.gravatar.com\/avatar\/e312d5566d1c3ffb56f86415d6f0e606?s=96&d=mm&r=g\",\"caption\":\"Alejandro Ju\\u00e1rez Gamero\"}}]}<\/script>\n<!-- \/ Yoast SEO plugin. -->","_links":{"self":[{"href":"https:\/\/amnistia.org.mx\/contenido\/index.php\/wp-json\/wp\/v2\/posts\/40952"}],"collection":[{"href":"https:\/\/amnistia.org.mx\/contenido\/index.php\/wp-json\/wp\/v2\/posts"}],"about":[{"href":"https:\/\/amnistia.org.mx\/contenido\/index.php\/wp-json\/wp\/v2\/types\/post"}],"author":[{"embeddable":true,"href":"https:\/\/amnistia.org.mx\/contenido\/index.php\/wp-json\/wp\/v2\/users\/4"}],"replies":[{"embeddable":true,"href":"https:\/\/amnistia.org.mx\/contenido\/index.php\/wp-json\/wp\/v2\/comments?post=40952"}],"version-history":[{"count":10,"href":"https:\/\/amnistia.org.mx\/contenido\/index.php\/wp-json\/wp\/v2\/posts\/40952\/revisions"}],"predecessor-version":[{"id":40964,"href":"https:\/\/amnistia.org.mx\/contenido\/index.php\/wp-json\/wp\/v2\/posts\/40952\/revisions\/40964"}],"wp:featuredmedia":[{"embeddable":true,"href":"https:\/\/amnistia.org.mx\/contenido\/index.php\/wp-json\/wp\/v2\/media\/40953"}],"wp:attachment":[{"href":"https:\/\/amnistia.org.mx\/contenido\/index.php\/wp-json\/wp\/v2\/media?parent=40952"}],"wp:term":[{"taxonomy":"category","embeddable":true,"href":"https:\/\/amnistia.org.mx\/contenido\/index.php\/wp-json\/wp\/v2\/categories?post=40952"},{"taxonomy":"post_tag","embeddable":true,"href":"https:\/\/amnistia.org.mx\/contenido\/index.php\/wp-json\/wp\/v2\/tags?post=40952"}],"curies":[{"name":"wp","href":"https:\/\/api.w.org\/{rel}","templated":true}]}}