
{"id":41044,"date":"2025-12-04T11:37:57","date_gmt":"2025-12-04T17:37:57","guid":{"rendered":"https:\/\/amnistia.org.mx\/contenido\/?p=41044"},"modified":"2026-01-09T12:51:51","modified_gmt":"2026-01-09T18:51:51","slug":"estados-unidos-tortura-desapariciones-y-violaciones-de-derechos-humanos-en-alligator-alcatraz-florida","status":"publish","type":"post","link":"https:\/\/amnistia.org.mx\/contenido\/index.php\/estados-unidos-tortura-desapariciones-y-violaciones-de-derechos-humanos-en-alligator-alcatraz-florida\/","title":{"rendered":"Estados Unidos: Tortura y desapariciones forzadas en el Estado del Sol: Violaciones de Derechos Humanos en el \u00abAlligator Alcatraz\u00bb y Krome de Florida"},"content":{"rendered":"\t\t<div data-elementor-type=\"wp-post\" data-elementor-id=\"41044\" class=\"elementor elementor-41044\">\n\t\t\t\t\t\t\t\t\t<section class=\"elementor-section elementor-top-section elementor-element elementor-element-1a1a8720 elementor-section-boxed elementor-section-height-default elementor-section-height-default\" data-id=\"1a1a8720\" data-element_type=\"section\">\n\t\t\t\t\t\t<div class=\"elementor-container elementor-column-gap-default\">\n\t\t\t\t\t<div class=\"elementor-column elementor-col-100 elementor-top-column elementor-element elementor-element-61798f58\" data-id=\"61798f58\" data-element_type=\"column\">\n\t\t\t<div class=\"elementor-widget-wrap elementor-element-populated\">\n\t\t\t\t\t\t\t\t<div class=\"elementor-element elementor-element-23c93ebf elementor-widget elementor-widget-text-editor\" data-id=\"23c93ebf\" data-element_type=\"widget\" data-widget_type=\"text-editor.default\">\n\t\t\t\t<div class=\"elementor-widget-container\">\n\t\t\t<style>\/*! elementor - v3.11.5 - 14-03-2023 *\/\n.elementor-widget-text-editor.elementor-drop-cap-view-stacked .elementor-drop-cap{background-color:#69727d;color:#fff}.elementor-widget-text-editor.elementor-drop-cap-view-framed .elementor-drop-cap{color:#69727d;border:3px solid;background-color:transparent}.elementor-widget-text-editor:not(.elementor-drop-cap-view-default) .elementor-drop-cap{margin-top:8px}.elementor-widget-text-editor:not(.elementor-drop-cap-view-default) .elementor-drop-cap-letter{width:1em;height:1em}.elementor-widget-text-editor .elementor-drop-cap{float:left;text-align:center;line-height:1;font-size:50px}.elementor-widget-text-editor .elementor-drop-cap-letter{display:inline-block}<\/style>\t\t\t\t<p><!-- wp:paragraph --><\/p>\n<div class=\"entry-content wp-block-post-content is-layout-flow wp-block-post-content-is-layout-flow\">\n<div class=\"entry-content wp-block-post-content is-layout-flow wp-block-post-content-is-layout-flow\">\n<div class=\"entry-content wp-block-post-content is-layout-flow wp-block-post-content-is-layout-flow\">\n<div class=\"entry-content wp-block-post-content is-layout-flow wp-block-post-content-is-layout-flow\">\n<p>Este informe presenta las conclusiones de un viaje de investigaci\u00f3n realizado por Amnist\u00eda Internacional al sur de Florida en septiembre de 2025 para documentar los efectos en materia de derechos humanos de las pol\u00edticas federales y estatales de migraci\u00f3n y asilo sobre detenci\u00f3n y deportaci\u00f3n masivas, acceso a garant\u00edas procesales y condiciones de detenci\u00f3n desde que el presidente Trump asumi\u00f3 el cargo el 20 de enero de 2025. En particular, se centra en las condiciones de detenci\u00f3n prevalentes en el Centro de Internamiento de Krome North (Krome) y en el Centro de Detenci\u00f3n de los Everglades, tambi\u00e9n conocido como \u201cAlligator Alcatraz\u201d.<\/p>\n<\/div>\n<\/div>\n<\/div>\n<\/div>\n<div class=\"wp-block-buttons aligncenter\">\n<p><!-- wp:buttons {\"align\":\"center\"} --><\/p>\n<div class=\"wp-block-buttons aligncenter\">\n<p align=\"center\"><iframe loading=\"lazy\" class=\"embed-responsive-item\" src=\"https:\/\/amnistia.org.mx\/informes\/boton73.php\" width=\"200\" height=\"80\" frameborder=\"0\" scrolling=\"NO\" align=\"center\" allowfullscreen=\"allowfullscreen\"><\/iframe><\/p>\n<p><!-- \/wp:button --><\/p>\n<p><!-- \/wp:html --><\/p>\n<p><!-- wp:paragraph --><!-- \/wp:paragraph --><\/p>\n<\/div>\t\t\t\t\t\t<\/div>\n\t\t\t\t<\/div>\n\t\t\t\t\t<\/div>\n\t\t<\/div>\n\t\t\t\t\t\t\t<\/div>\n\t\t<\/section>\n\t\t\t\t\t\t\t<\/div>\n\t\t","protected":false},"excerpt":{"rendered":"<p>Informe de Amnist\u00eda Internacional sobre el impacto de las pol\u00edticas migratorias y de asilo en EE.UU. bajo la administraci\u00f3n Trump: detenci\u00f3n, deportaci\u00f3n masivas, desaparici\u00f3n y tortura.<\/p>\n","protected":false},"author":18,"featured_media":41049,"comment_status":"open","ping_status":"open","sticky":false,"template":"","format":"standard","meta":{"_uf_show_specific_survey":0,"_uf_disable_surveys":false,"site-sidebar-layout":"default","site-content-layout":"default","ast-global-header-display":"","ast-main-header-display":"","ast-hfb-above-header-display":"","ast-hfb-below-header-display":"","ast-hfb-mobile-header-display":"","site-post-title":"","ast-breadcrumbs-content":"","ast-featured-img":"","footer-sml-layout":"","theme-transparent-header-meta":"default","adv-header-id-meta":"","stick-header-meta":"","header-above-stick-meta":"","header-main-stick-meta":"","header-below-stick-meta":""},"categories":[17],"tags":[278,40,153,25],"acf":[],"aioseo_notices":[],"yoast_head":"<!-- This site is optimized with the Yoast SEO plugin v14.5 - https:\/\/yoast.com\/wordpress\/plugins\/seo\/ -->\n<title>Estados Unidos: Tortura y desapariciones forzadas en el Estado del Sol: Violaciones de Derechos Humanos en el \u00abAlligator Alcatraz\u00bb y Krome de Florida<\/title>\n<meta name=\"description\" content=\"Informe de Amnist\u00eda Internacional sobre el impacto de las pol\u00edticas migratorias y de asilo en EE.UU. bajo la administraci\u00f3n Trump: detenci\u00f3n, deportaci\u00f3n masivas, desaparici\u00f3n y tortura.\" \/>\n<meta name=\"robots\" content=\"index, follow\" \/>\n<meta name=\"googlebot\" content=\"index, follow, max-snippet:-1, max-image-preview:large, max-video-preview:-1\" \/>\n<meta name=\"bingbot\" content=\"index, follow, max-snippet:-1, max-image-preview:large, max-video-preview:-1\" \/>\n<link rel=\"canonical\" href=\"https:\/\/amnistia.org.mx\/contenido\/index.php\/estados-unidos-tortura-desapariciones-y-violaciones-de-derechos-humanos-en-alligator-alcatraz-florida\/\" \/>\n<meta property=\"og:locale\" content=\"es_MX\" \/>\n<meta property=\"og:type\" content=\"article\" \/>\n<meta property=\"og:title\" content=\"Estados Unidos: Tortura y desapariciones forzadas en el Estado del Sol: Violaciones de Derechos Humanos en el \u00abAlligator Alcatraz\u00bb y Krome de Florida\" \/>\n<meta property=\"og:description\" content=\"Informe de Amnist\u00eda Internacional sobre el impacto de las pol\u00edticas migratorias y de asilo en EE.UU. bajo la administraci\u00f3n Trump: detenci\u00f3n, deportaci\u00f3n masivas, desaparici\u00f3n y tortura.\" \/>\n<meta property=\"og:url\" content=\"https:\/\/amnistia.org.mx\/contenido\/index.php\/estados-unidos-tortura-desapariciones-y-violaciones-de-derechos-humanos-en-alligator-alcatraz-florida\/\" \/>\n<meta property=\"og:site_name\" content=\"amnistia.org.mx\" \/>\n<meta property=\"article:published_time\" content=\"2025-12-04T17:37:57+00:00\" \/>\n<meta property=\"article:modified_time\" content=\"2026-01-09T18:51:51+00:00\" \/>\n<meta property=\"og:image\" content=\"https:\/\/amnistia.org.mx\/contenido\/wp-content\/uploads\/2025\/12\/Alligator_Alcatraz_Informe.png\" \/>\n\t<meta property=\"og:image:width\" content=\"1008\" \/>\n\t<meta property=\"og:image:height\" content=\"612\" \/>\n<meta name=\"twitter:card\" content=\"summary_large_image\" \/>\n<script type=\"application\/ld+json\" class=\"yoast-schema-graph\">{\"@context\":\"https:\/\/schema.org\",\"@graph\":[{\"@type\":\"WebSite\",\"@id\":\"https:\/\/amnistia.org.mx\/contenido\/#website\",\"url\":\"https:\/\/amnistia.org.mx\/contenido\/\",\"name\":\"amnistia.org.mx\",\"description\":\"Nueva p\\u00e1gina de Amnist\\u00eda\",\"potentialAction\":[{\"@type\":\"SearchAction\",\"target\":\"https:\/\/amnistia.org.mx\/contenido\/?s={search_term_string}\",\"query-input\":\"required name=search_term_string\"}],\"inLanguage\":\"es-MX\"},{\"@type\":\"ImageObject\",\"@id\":\"https:\/\/amnistia.org.mx\/contenido\/index.php\/estados-unidos-tortura-desapariciones-y-violaciones-de-derechos-humanos-en-alligator-alcatraz-florida\/#primaryimage\",\"inLanguage\":\"es-MX\",\"url\":\"https:\/\/amnistia.org.mx\/contenido\/wp-content\/uploads\/2025\/12\/Alligator_Alcatraz_Informe.png\",\"width\":1008,\"height\":612},{\"@type\":\"WebPage\",\"@id\":\"https:\/\/amnistia.org.mx\/contenido\/index.php\/estados-unidos-tortura-desapariciones-y-violaciones-de-derechos-humanos-en-alligator-alcatraz-florida\/#webpage\",\"url\":\"https:\/\/amnistia.org.mx\/contenido\/index.php\/estados-unidos-tortura-desapariciones-y-violaciones-de-derechos-humanos-en-alligator-alcatraz-florida\/\",\"name\":\"Estados Unidos: Tortura y desapariciones forzadas en el Estado del Sol: Violaciones de Derechos Humanos en el \\u00abAlligator Alcatraz\\u00bb y Krome de Florida\",\"isPartOf\":{\"@id\":\"https:\/\/amnistia.org.mx\/contenido\/#website\"},\"primaryImageOfPage\":{\"@id\":\"https:\/\/amnistia.org.mx\/contenido\/index.php\/estados-unidos-tortura-desapariciones-y-violaciones-de-derechos-humanos-en-alligator-alcatraz-florida\/#primaryimage\"},\"datePublished\":\"2025-12-04T17:37:57+00:00\",\"dateModified\":\"2026-01-09T18:51:51+00:00\",\"author\":{\"@id\":\"https:\/\/amnistia.org.mx\/contenido\/#\/schema\/person\/d2f786357f75df54423772c307a57fa2\"},\"description\":\"Informe de Amnist\\u00eda Internacional sobre el impacto de las pol\\u00edticas migratorias y de asilo en EE.UU. bajo la administraci\\u00f3n Trump: detenci\\u00f3n, deportaci\\u00f3n masivas, desaparici\\u00f3n y tortura.\",\"breadcrumb\":{\"@id\":\"https:\/\/amnistia.org.mx\/contenido\/index.php\/estados-unidos-tortura-desapariciones-y-violaciones-de-derechos-humanos-en-alligator-alcatraz-florida\/#breadcrumb\"},\"inLanguage\":\"es-MX\",\"potentialAction\":[{\"@type\":\"ReadAction\",\"target\":[\"https:\/\/amnistia.org.mx\/contenido\/index.php\/estados-unidos-tortura-desapariciones-y-violaciones-de-derechos-humanos-en-alligator-alcatraz-florida\/\"]}]},{\"@type\":\"BreadcrumbList\",\"@id\":\"https:\/\/amnistia.org.mx\/contenido\/index.php\/estados-unidos-tortura-desapariciones-y-violaciones-de-derechos-humanos-en-alligator-alcatraz-florida\/#breadcrumb\",\"itemListElement\":[{\"@type\":\"ListItem\",\"position\":1,\"item\":{\"@type\":\"WebPage\",\"@id\":\"https:\/\/amnistia.org.mx\/contenido\/\",\"url\":\"https:\/\/amnistia.org.mx\/contenido\/\",\"name\":\"Home\"}},{\"@type\":\"ListItem\",\"position\":2,\"item\":{\"@type\":\"WebPage\",\"@id\":\"https:\/\/amnistia.org.mx\/contenido\/index.php\/estados-unidos-tortura-desapariciones-y-violaciones-de-derechos-humanos-en-alligator-alcatraz-florida\/\",\"url\":\"https:\/\/amnistia.org.mx\/contenido\/index.php\/estados-unidos-tortura-desapariciones-y-violaciones-de-derechos-humanos-en-alligator-alcatraz-florida\/\",\"name\":\"Estados Unidos: Tortura y desapariciones forzadas en el Estado del Sol: Violaciones de Derechos Humanos en el \\u00abAlligator Alcatraz\\u00bb y Krome de Florida\"}}]},{\"@type\":[\"Person\"],\"@id\":\"https:\/\/amnistia.org.mx\/contenido\/#\/schema\/person\/d2f786357f75df54423772c307a57fa2\",\"name\":\"Fernanda Jim\\u00e9nez Aguilar\",\"image\":{\"@type\":\"ImageObject\",\"@id\":\"https:\/\/amnistia.org.mx\/contenido\/#personlogo\",\"inLanguage\":\"es-MX\",\"url\":\"https:\/\/secure.gravatar.com\/avatar\/adfb626108fbdf0cbe48df94696b5411?s=96&d=mm&r=g\",\"caption\":\"Fernanda Jim\\u00e9nez Aguilar\"}}]}<\/script>\n<!-- \/ Yoast SEO plugin. -->","_links":{"self":[{"href":"https:\/\/amnistia.org.mx\/contenido\/index.php\/wp-json\/wp\/v2\/posts\/41044"}],"collection":[{"href":"https:\/\/amnistia.org.mx\/contenido\/index.php\/wp-json\/wp\/v2\/posts"}],"about":[{"href":"https:\/\/amnistia.org.mx\/contenido\/index.php\/wp-json\/wp\/v2\/types\/post"}],"author":[{"embeddable":true,"href":"https:\/\/amnistia.org.mx\/contenido\/index.php\/wp-json\/wp\/v2\/users\/18"}],"replies":[{"embeddable":true,"href":"https:\/\/amnistia.org.mx\/contenido\/index.php\/wp-json\/wp\/v2\/comments?post=41044"}],"version-history":[{"count":14,"href":"https:\/\/amnistia.org.mx\/contenido\/index.php\/wp-json\/wp\/v2\/posts\/41044\/revisions"}],"predecessor-version":[{"id":41650,"href":"https:\/\/amnistia.org.mx\/contenido\/index.php\/wp-json\/wp\/v2\/posts\/41044\/revisions\/41650"}],"wp:featuredmedia":[{"embeddable":true,"href":"https:\/\/amnistia.org.mx\/contenido\/index.php\/wp-json\/wp\/v2\/media\/41049"}],"wp:attachment":[{"href":"https:\/\/amnistia.org.mx\/contenido\/index.php\/wp-json\/wp\/v2\/media?parent=41044"}],"wp:term":[{"taxonomy":"category","embeddable":true,"href":"https:\/\/amnistia.org.mx\/contenido\/index.php\/wp-json\/wp\/v2\/categories?post=41044"},{"taxonomy":"post_tag","embeddable":true,"href":"https:\/\/amnistia.org.mx\/contenido\/index.php\/wp-json\/wp\/v2\/tags?post=41044"}],"curies":[{"name":"wp","href":"https:\/\/api.w.org\/{rel}","templated":true}]}}