
{"id":41058,"date":"2025-12-04T15:23:21","date_gmt":"2025-12-04T21:23:21","guid":{"rendered":"https:\/\/amnistia.org.mx\/contenido\/?p=41058"},"modified":"2025-12-04T15:23:23","modified_gmt":"2025-12-04T21:23:23","slug":"el-estado-mexicano-debe-reconocer-el-derecho-de-busqueda-por-cuenta-propia-a-las-personas-que-buscan-a-sus-familiares-desaparecidos","status":"publish","type":"post","link":"https:\/\/amnistia.org.mx\/contenido\/index.php\/el-estado-mexicano-debe-reconocer-el-derecho-de-busqueda-por-cuenta-propia-a-las-personas-que-buscan-a-sus-familiares-desaparecidos\/","title":{"rendered":"<strong>El Estado mexicano debe reconocer el derecho de\u00a0<em>b\u00fasqueda por cuenta propia<\/em>\u00a0a las personas que buscan a sus familiares desaparecidos<\/strong>\u00a0"},"content":{"rendered":"\n<figure class=\"wp-block-image size-full is-resized\"><img decoding=\"async\" loading=\"lazy\" src=\" https:\/\/amnistia.org.mx\/contenido\/wp-content\/uploads\/2025\/12\/CCE-Amnistia-012.jpg\" alt=\"\" class=\"wp-image-41064\" width=\"903\" height=\"508\"\/><figcaption class=\"wp-element-caption\">Foto: AIMEX<\/figcaption><\/figure>\n\n\n\n<p class=\"has-text-align-right\"><\/p>\n\n\n\n<ul>\n<li>Adem\u00e1s de reconocer ese derecho, el Estado debe brindar protecci\u00f3n a las personas buscadoras frente a los riesgos, amenazas y ataques que sufren al realizar esa labor&nbsp;<\/li>\n<\/ul>\n\n\n\n<ul>\n<li>Reconocer el derecho de&nbsp;<em>b\u00fasqueda por cuenta propia<\/em>&nbsp;no exime al Estado de su obligaci\u00f3n de buscar a las personas desaparecidas&nbsp;<\/li>\n<\/ul>\n\n\n\n<p>Lo anterior fue manifestado por Amnist\u00eda Internacional en las mesas de trabajo convocadas por el gobierno mexicano, llevadas a cabo esta semana con la participaci\u00f3n de familias de personas desaparecidas, colectivas, personas acad\u00e9micas y Organizaciones de la Sociedad Civil. En la jornada se discutieron modificaciones al&nbsp;<em>Protocolo de actuaci\u00f3n homologado de investigaci\u00f3n para los delitos de desaparici\u00f3n forzada y desaparici\u00f3n cometida por particulares&nbsp;<\/em>y al&nbsp;<em>Protocolo Homologado para la B\u00fasqueda de Personas Desaparecidas y No Localizadas<\/em>.&nbsp;<\/p>\n\n\n\n<p>Amnist\u00eda Internacional hace un llamado al Estado mexicano para que reconozca el derecho de las personas que buscan a sus familiares desaparecidos en M\u00e9xico a realizar labores de&nbsp;<strong>b\u00fasqueda por cuenta propia<\/strong>.&nbsp;Esto&nbsp;sin&nbsp;disminuir la&nbsp;obligaci\u00f3n que tiene el Estado de efectuar dicho trabajo.&nbsp;<\/p>\n\n\n\n<p>En las sesiones de trabajo Amnist\u00eda Internacional reconoci\u00f3 la convocatoria gubernamental para analizar los referidos protocolos. Es un proceso necesario ante la crisis de desapariciones que vive el pa\u00eds, que asciende a&nbsp;133,552&nbsp;personas&nbsp;desaparecidas y las omisiones en que incurre el Estado mexicano para encontrarlas.&nbsp;<\/p>\n\n\n\n<p>En el encuentro, la&nbsp;Jefa&nbsp;de Investigaci\u00f3n de Amnist\u00eda Internacional, secci\u00f3n mexicana, Norma Gonz\u00e1lez Ben\u00edtez, advirti\u00f3 que ante las omisiones en que incurre el Estado en la b\u00fasqueda de personas desaparecidas, son las familias quienes, desesperadas por la inacci\u00f3n de las autoridades, realizan dicha labor sin el acompa\u00f1amiento o involucramiento de \u00e9stas.&nbsp;<\/p>\n\n\n\n<p>El impacto de esas omisiones en la vida diaria de las personas que buscan a sus familiares les implica&nbsp;utilizar sus propios recursos&nbsp;para transportarse; para comprar herramientas, como palas o picos, entre otros materiales. Adem\u00e1s de que realizan las b\u00fasquedas en condiciones&nbsp;inseguras al adentrarse a zonas controladas por grupos delincuenciales o por ingresar a propiedad privada, lo que compromete su vida e integridad.&nbsp;<\/p>\n\n\n\n<p>En su informe&nbsp;<a href=\"https:\/\/www.amnesty.org\/es\/documents\/amr01\/8458\/2024\/es\/\" target=\"_blank\" rel=\"noreferrer noopener\"><em>Buscar sin Miedo. Est\u00e1ndares internacionales aplicables a la protecci\u00f3n de mujeres buscadoras en las Am\u00e9ricas,<\/em><\/a>&nbsp;Amnist\u00eda Internacional da cuenta de c\u00f3mo el&nbsp;nivel de involucramiento en las b\u00fasquedas tanto de las familias, los seres queridos y comunidades a las que pertenece una persona desaparecida depende&nbsp;de diversos factores, en los cuales tambi\u00e9n es necesario contar con una&nbsp;respuesta estatal.&nbsp;<\/p>\n\n\n\n<p>El Estado no s\u00f3lo es quien tiene la obligaci\u00f3n de buscar, sino que suele estar en mejor posici\u00f3n para hacerlo, dados sus recursos y capacidades, su mayor acceso a informaci\u00f3n relevante y el posible involucramiento de agentes estatales en los hechos. Sin embargo, usualmente su intervenci\u00f3n es deficiente, dilatada o nula, por lo que las familiares se ven en la necesidad de realizar muchas de las b\u00fasquedas por cuenta propia.&nbsp;<\/p>\n\n\n\n<p>La falta de reconocimiento de las b\u00fasquedas por cuenta propia, como una forma de participaci\u00f3n de las familias&nbsp;y comunidades, agrava la situaci\u00f3n de \u00e9stas porque en muchas ocasiones las autoridades no les brindan protecci\u00f3n y las responsabilizan de los riesgos que enfrentan por no alinearse a lo establecido en el protocolo.&nbsp;<\/p>\n\n\n\n<p>Amnist\u00eda Internacional considera que existe un derecho a buscar a las personas desaparecidas, y existen dos escenarios para realizarlas. Por un lado, cuando las personas participan en las b\u00fasquedas desarrolladas por autoridades. Por otro lado, cuando las personas realizan las b\u00fasquedas por cuenta propia. Este \u00faltimo escenario no exime al Estado de brindarles protecci\u00f3n frente a los riesgos, amenazas y ataques que sufren en el camino.&nbsp;<\/p>\n\n\n\n<p>Al buscar a una persona desaparecida, los familiares de \u00e9sta ejercen su derecho a la verdad y a la protecci\u00f3n judicial.&nbsp;La b\u00fasqueda no solo es el reflejo de un impulso de las familias para llenar el vac\u00edo de informaci\u00f3n que deja la desaparici\u00f3n de un ser querido, es tambi\u00e9n el ejercicio de un derecho a saber la verdad sobre el paradero de \u00e9sta. La combinaci\u00f3n del ejercicio de los&nbsp;<strong>derechos a la verdad, a buscar y recibir informaci\u00f3n y a la protecci\u00f3n judicial<\/strong>&nbsp;se manifiesta de manera \u00fanica en los casos de b\u00fasqueda de personas desaparecidas.&nbsp;<\/p>\n\n\n\n<p>La combinaci\u00f3n de esos tres derechos constituye en si misma el&nbsp;<strong>derecho a buscar<\/strong>, que a la vez implica el derecho a defender derechos humanos. Los Estados est\u00e1n obligados a respetar, garantizar y proteger ambos derechos.&nbsp;<\/p>\n\n\n\n<p>Amnist\u00eda Internacional considera importante que&nbsp;<strong>dentro&nbsp;del&nbsp;Protocolo Homologado para la B\u00fasqueda de Personas Desaparecidas y No Localizadas&nbsp;<\/strong>se incluya&nbsp;el reconocimiento de las b\u00fasquedas por cuenta propia como parte de la diversidad de formas de ejercer el derecho a participaci\u00f3n, sin dejar de reafirmar que es responsabilidad de las autoridades buscar a las personas desaparecidas y garantizar las condiciones para que las personas buscadoras lleven a cabo las b\u00fasquedas por cuenta propia.&nbsp;<\/p>\n\n\n\n<p>Entre esas condiciones est\u00e1n: abstenerse de impedir el ejercicio del derecho u obstaculizarlo; poner a disposici\u00f3n de las personas la institucionalidad para que puedan ejercer el derecho; activar los mecanismos existentes para salvaguardar su integridad cuando est\u00e1 en riesgo; hacer un diagn\u00f3stico de las necesidades de las personas y colectivas cuando realizan b\u00fasquedas por cuenta propia y crear los mecanismos para su pronta atenci\u00f3n.&nbsp;<\/p>\n\n\n\n<p><strong>Informaci\u00f3n de contexto:<\/strong>&nbsp;<\/p>\n\n\n\n<p>Informe:&nbsp;<a href=\"https:\/\/amnistia.org.mx\/contenido\/?p=38654\" target=\"_blank\" rel=\"noreferrer noopener\">Desaparecer otra vez: violencias y afectaciones que enfrentan las mujeres buscadoras en M\u00e9xico<\/a>&nbsp;<\/p>\n\n\n\n<p><a href=\"https:\/\/www.amnesty.org\/es\/projects\/mujeres-buscadoras-en-las-americas\/\" target=\"_blank\" rel=\"noreferrer noopener\">Mujeres Buscadoras en las Am\u00e9ricas.<\/a>&nbsp;<\/p>\n\n\n\n<p>Informe:&nbsp;<a href=\"https:\/\/amnistia.org.mx\/contenido\/index.php\/buscar-sin-miedo-estandares-internacionales\/\" target=\"_blank\" rel=\"noreferrer noopener\">Buscar sin miedo: est\u00e1ndares internacionales aplicables a la protecci\u00f3n de mujeres buscadoras en las Am\u00e9ricas<\/a>.&nbsp;<\/p>\n\n\n\n<p><a href=\"https:\/\/amnistia.org.mx\/contenido\/index.php\/peticion-mujeres-buscadoras\/\" target=\"_blank\" rel=\"noreferrer noopener\">Petici\u00f3n de Amnist\u00eda Internacional por las Mujeres Buscadoras<\/a>&nbsp;<\/p>\n","protected":false},"excerpt":{"rendered":"<p>Lo anterior fue manifestado por Amnist\u00eda Internacional en las mesas de trabajo convocadas por el gobierno mexicano, llevadas a cabo esta semana con la participaci\u00f3n de familias de personas desaparecidas, &hellip;<\/p>\n<p class=\"read-more\"> <a class=\"\" href=\"https:\/\/amnistia.org.mx\/contenido\/index.php\/el-estado-mexicano-debe-reconocer-el-derecho-de-busqueda-por-cuenta-propia-a-las-personas-que-buscan-a-sus-familiares-desaparecidos\/\"> <span class=\"screen-reader-text\"><strong>El Estado mexicano debe reconocer el derecho de\u00a0<em>b\u00fasqueda por cuenta propia<\/em>\u00a0a las personas que buscan a sus familiares desaparecidos<\/strong>\u00a0<\/span> Leer m\u00e1s &raquo;<\/a><\/p>\n","protected":false},"author":20,"featured_media":41064,"comment_status":"closed","ping_status":"closed","sticky":false,"template":"","format":"standard","meta":{"_uf_show_specific_survey":0,"_uf_disable_surveys":false,"site-sidebar-layout":"default","site-content-layout":"default","ast-global-header-display":"","ast-main-header-display":"","ast-hfb-above-header-display":"","ast-hfb-below-header-display":"","ast-hfb-mobile-header-display":"","site-post-title":"","ast-breadcrumbs-content":"","ast-featured-img":"","footer-sml-layout":"","theme-transparent-header-meta":"","adv-header-id-meta":"","stick-header-meta":"","header-above-stick-meta":"","header-main-stick-meta":"","header-below-stick-meta":""},"categories":[20],"tags":[226],"acf":[],"aioseo_notices":[],"yoast_head":"<!-- This site is optimized with the Yoast SEO plugin v14.5 - https:\/\/yoast.com\/wordpress\/plugins\/seo\/ -->\n<title>El Estado mexicano debe reconocer el derecho de\u00a0b\u00fasqueda por cuenta propia\u00a0a las personas que buscan a sus familiares desaparecidos\u00a0 - amnistia.org.mx<\/title>\n<meta name=\"description\" content=\"Amnist\u00eda Internacional hace un llamado al Estado mexicano para que reconozca el derecho de las personas que buscan a sus familiares desaparecidos en M\u00e9xico a realizar labores de b\u00fasqueda por cuenta propia.\" \/>\n<meta name=\"robots\" content=\"index, follow\" \/>\n<meta name=\"googlebot\" content=\"index, follow, max-snippet:-1, max-image-preview:large, max-video-preview:-1\" \/>\n<meta name=\"bingbot\" content=\"index, follow, max-snippet:-1, max-image-preview:large, max-video-preview:-1\" \/>\n<link rel=\"canonical\" href=\"https:\/\/amnistia.org.mx\/contenido\/index.php\/el-estado-mexicano-debe-reconocer-el-derecho-de-busqueda-por-cuenta-propia-a-las-personas-que-buscan-a-sus-familiares-desaparecidos\/\" \/>\n<meta property=\"og:locale\" content=\"es_MX\" \/>\n<meta property=\"og:type\" content=\"article\" \/>\n<meta property=\"og:title\" content=\"El Estado mexicano debe reconocer el derecho de\u00a0b\u00fasqueda por cuenta propia\u00a0a las personas que buscan a sus familiares desaparecidos\u00a0 - amnistia.org.mx\" \/>\n<meta property=\"og:description\" content=\"Amnist\u00eda Internacional hace un llamado al Estado mexicano para que reconozca el derecho de las personas que buscan a sus familiares desaparecidos en M\u00e9xico a realizar labores de b\u00fasqueda por cuenta propia.\" \/>\n<meta property=\"og:url\" content=\"https:\/\/amnistia.org.mx\/contenido\/index.php\/el-estado-mexicano-debe-reconocer-el-derecho-de-busqueda-por-cuenta-propia-a-las-personas-que-buscan-a-sus-familiares-desaparecidos\/\" \/>\n<meta property=\"og:site_name\" content=\"amnistia.org.mx\" \/>\n<meta property=\"article:published_time\" content=\"2025-12-04T21:23:21+00:00\" \/>\n<meta property=\"article:modified_time\" content=\"2025-12-04T21:23:23+00:00\" \/>\n<meta property=\"og:image\" content=\"https:\/\/amnistia.org.mx\/contenido\/wp-content\/uploads\/2025\/12\/CCE-Amnistia-012.jpg\" \/>\n\t<meta property=\"og:image:width\" content=\"800\" \/>\n\t<meta property=\"og:image:height\" content=\"450\" \/>\n<meta name=\"twitter:card\" content=\"summary_large_image\" \/>\n<script type=\"application\/ld+json\" class=\"yoast-schema-graph\">{\"@context\":\"https:\/\/schema.org\",\"@graph\":[{\"@type\":\"WebSite\",\"@id\":\"https:\/\/amnistia.org.mx\/contenido\/#website\",\"url\":\"https:\/\/amnistia.org.mx\/contenido\/\",\"name\":\"amnistia.org.mx\",\"description\":\"Nueva p\\u00e1gina de Amnist\\u00eda\",\"potentialAction\":[{\"@type\":\"SearchAction\",\"target\":\"https:\/\/amnistia.org.mx\/contenido\/?s={search_term_string}\",\"query-input\":\"required name=search_term_string\"}],\"inLanguage\":\"es-MX\"},{\"@type\":\"ImageObject\",\"@id\":\"https:\/\/amnistia.org.mx\/contenido\/index.php\/el-estado-mexicano-debe-reconocer-el-derecho-de-busqueda-por-cuenta-propia-a-las-personas-que-buscan-a-sus-familiares-desaparecidos\/#primaryimage\",\"inLanguage\":\"es-MX\",\"url\":\"https:\/\/amnistia.org.mx\/contenido\/wp-content\/uploads\/2025\/12\/CCE-Amnistia-012.jpg\",\"width\":800,\"height\":450},{\"@type\":\"WebPage\",\"@id\":\"https:\/\/amnistia.org.mx\/contenido\/index.php\/el-estado-mexicano-debe-reconocer-el-derecho-de-busqueda-por-cuenta-propia-a-las-personas-que-buscan-a-sus-familiares-desaparecidos\/#webpage\",\"url\":\"https:\/\/amnistia.org.mx\/contenido\/index.php\/el-estado-mexicano-debe-reconocer-el-derecho-de-busqueda-por-cuenta-propia-a-las-personas-que-buscan-a-sus-familiares-desaparecidos\/\",\"name\":\"El Estado mexicano debe reconocer el derecho de\\u00a0b\\u00fasqueda por cuenta propia\\u00a0a las personas que buscan a sus familiares desaparecidos\\u00a0 - amnistia.org.mx\",\"isPartOf\":{\"@id\":\"https:\/\/amnistia.org.mx\/contenido\/#website\"},\"primaryImageOfPage\":{\"@id\":\"https:\/\/amnistia.org.mx\/contenido\/index.php\/el-estado-mexicano-debe-reconocer-el-derecho-de-busqueda-por-cuenta-propia-a-las-personas-que-buscan-a-sus-familiares-desaparecidos\/#primaryimage\"},\"datePublished\":\"2025-12-04T21:23:21+00:00\",\"dateModified\":\"2025-12-04T21:23:23+00:00\",\"author\":{\"@id\":\"https:\/\/amnistia.org.mx\/contenido\/#\/schema\/person\/d71334ce16d82dc09f98d83dcb18351f\"},\"description\":\"Amnist\\u00eda Internacional hace un llamado al Estado mexicano para que reconozca el derecho de las personas que buscan a sus familiares desaparecidos en M\\u00e9xico a realizar labores de b\\u00fasqueda por cuenta propia.\",\"breadcrumb\":{\"@id\":\"https:\/\/amnistia.org.mx\/contenido\/index.php\/el-estado-mexicano-debe-reconocer-el-derecho-de-busqueda-por-cuenta-propia-a-las-personas-que-buscan-a-sus-familiares-desaparecidos\/#breadcrumb\"},\"inLanguage\":\"es-MX\",\"potentialAction\":[{\"@type\":\"ReadAction\",\"target\":[\"https:\/\/amnistia.org.mx\/contenido\/index.php\/el-estado-mexicano-debe-reconocer-el-derecho-de-busqueda-por-cuenta-propia-a-las-personas-que-buscan-a-sus-familiares-desaparecidos\/\"]}]},{\"@type\":\"BreadcrumbList\",\"@id\":\"https:\/\/amnistia.org.mx\/contenido\/index.php\/el-estado-mexicano-debe-reconocer-el-derecho-de-busqueda-por-cuenta-propia-a-las-personas-que-buscan-a-sus-familiares-desaparecidos\/#breadcrumb\",\"itemListElement\":[{\"@type\":\"ListItem\",\"position\":1,\"item\":{\"@type\":\"WebPage\",\"@id\":\"https:\/\/amnistia.org.mx\/contenido\/\",\"url\":\"https:\/\/amnistia.org.mx\/contenido\/\",\"name\":\"Home\"}},{\"@type\":\"ListItem\",\"position\":2,\"item\":{\"@type\":\"WebPage\",\"@id\":\"https:\/\/amnistia.org.mx\/contenido\/index.php\/el-estado-mexicano-debe-reconocer-el-derecho-de-busqueda-por-cuenta-propia-a-las-personas-que-buscan-a-sus-familiares-desaparecidos\/\",\"url\":\"https:\/\/amnistia.org.mx\/contenido\/index.php\/el-estado-mexicano-debe-reconocer-el-derecho-de-busqueda-por-cuenta-propia-a-las-personas-que-buscan-a-sus-familiares-desaparecidos\/\",\"name\":\"El Estado mexicano debe reconocer el derecho de\\u00a0b\\u00fasqueda por cuenta propia\\u00a0a las personas que buscan a sus familiares desaparecidos\\u00a0\"}}]},{\"@type\":[\"Person\"],\"@id\":\"https:\/\/amnistia.org.mx\/contenido\/#\/schema\/person\/d71334ce16d82dc09f98d83dcb18351f\",\"name\":\"Carla Ram\\u00edrez Torres\",\"image\":{\"@type\":\"ImageObject\",\"@id\":\"https:\/\/amnistia.org.mx\/contenido\/#personlogo\",\"inLanguage\":\"es-MX\",\"url\":\"https:\/\/secure.gravatar.com\/avatar\/e23f8047127168b5b454a42adc3fda75?s=96&d=mm&r=g\",\"caption\":\"Carla Ram\\u00edrez Torres\"}}]}<\/script>\n<!-- \/ Yoast SEO plugin. -->","_links":{"self":[{"href":"https:\/\/amnistia.org.mx\/contenido\/index.php\/wp-json\/wp\/v2\/posts\/41058"}],"collection":[{"href":"https:\/\/amnistia.org.mx\/contenido\/index.php\/wp-json\/wp\/v2\/posts"}],"about":[{"href":"https:\/\/amnistia.org.mx\/contenido\/index.php\/wp-json\/wp\/v2\/types\/post"}],"author":[{"embeddable":true,"href":"https:\/\/amnistia.org.mx\/contenido\/index.php\/wp-json\/wp\/v2\/users\/20"}],"replies":[{"embeddable":true,"href":"https:\/\/amnistia.org.mx\/contenido\/index.php\/wp-json\/wp\/v2\/comments?post=41058"}],"version-history":[{"count":6,"href":"https:\/\/amnistia.org.mx\/contenido\/index.php\/wp-json\/wp\/v2\/posts\/41058\/revisions"}],"predecessor-version":[{"id":41066,"href":"https:\/\/amnistia.org.mx\/contenido\/index.php\/wp-json\/wp\/v2\/posts\/41058\/revisions\/41066"}],"wp:featuredmedia":[{"embeddable":true,"href":"https:\/\/amnistia.org.mx\/contenido\/index.php\/wp-json\/wp\/v2\/media\/41064"}],"wp:attachment":[{"href":"https:\/\/amnistia.org.mx\/contenido\/index.php\/wp-json\/wp\/v2\/media?parent=41058"}],"wp:term":[{"taxonomy":"category","embeddable":true,"href":"https:\/\/amnistia.org.mx\/contenido\/index.php\/wp-json\/wp\/v2\/categories?post=41058"},{"taxonomy":"post_tag","embeddable":true,"href":"https:\/\/amnistia.org.mx\/contenido\/index.php\/wp-json\/wp\/v2\/tags?post=41058"}],"curies":[{"name":"wp","href":"https:\/\/api.w.org\/{rel}","templated":true}]}}