
{"id":41081,"date":"2025-12-08T11:49:35","date_gmt":"2025-12-08T17:49:35","guid":{"rendered":"https:\/\/amnistia.org.mx\/contenido\/?p=41081"},"modified":"2025-12-08T11:49:37","modified_gmt":"2025-12-08T17:49:37","slug":"autoridades-deben-garantizar-verdad-justicia-y-reparacion-por-el-asesinato-de-juan-lopez","status":"publish","type":"post","link":"https:\/\/amnistia.org.mx\/contenido\/index.php\/autoridades-deben-garantizar-verdad-justicia-y-reparacion-por-el-asesinato-de-juan-lopez\/","title":{"rendered":"Autoridades deben garantizar verdad, justicia y reparaci\u00f3n por el asesinato de Juan L\u00f3pez"},"content":{"rendered":"\n<p class=\"has-text-align-right\">@Familia Juan L\u00f3pez<\/p>\n\n\n\n<p>El viernes 5 de diciembre se celebrar\u00e1 una nueva audiencia en el proceso penal seguido en contra de tres presuntos autores del asesinato del defensor ambiental y comunitario Juan L\u00f3pez. Ante estos recientes avances en el proceso, Ana Piquer, directora regional de Amnist\u00eda Internacional, declar\u00f3:&nbsp;&nbsp;<\/p>\n\n\n\n<p>\u201cLograr verdad, justicia y reparaci\u00f3n por Juan es esencial para sus seres queridos, y una obligaci\u00f3n para el Estado hondure\u00f1o. Miles de activistas est\u00e1n moviliz\u00e1ndose en este momento por Juan en el marco de nuestra campa\u00f1a&nbsp;<em>Escribe Por Los Derechos<\/em>, lo que demandamos es lo mismo en todo el mundo: \u00a1Justicia para Juan! Las autoridades tienen el deber de investigar de forma exhaustiva e independiente su asesinato, y garantizar que se cumplan las garant\u00edas de un juicio justo hasta las \u00faltimas etapas del proceso.\u201d&nbsp;&nbsp;<\/p>\n\n\n\n<blockquote class=\"wp-block-quote\">\n<p>&nbsp;Miles de activistas est\u00e1n moviliz\u00e1ndose en este momento por Juan en el marco de nuestra campa\u00f1a&nbsp;<em>Escribe Por Los Derechos<\/em>, lo que demandamos es lo mismo en todo el mundo: \u00a1Justicia para Juan!\u00bbAna Piquer, directora regional de Amnist\u00eda Internacional para las Am\u00e9ricas.<\/p>\n<\/blockquote>\n\n\n\n<p>El Tribunal que lleva este proceso ha convocado a una audiencia el pr\u00f3ximo viernes 5 de diciembre en Tegucigalpa para analizar las pruebas del expediente. Se espera que tambi\u00e9n indique una fecha en la que se realizar\u00e1 el juicio en contra de los tres imputados, en detenci\u00f3n preventiva desde octubre de 2024.&nbsp;&nbsp;<\/p>\n\n\n\n<p>\u201cEs una esta etapa crucial para el esclarecimiento del asesinato de Juan L\u00f3pez. Exhortamos al Ministerio P\u00fablico a cumplir con su deber usar todas las medidas a su disposici\u00f3n para fortalecer la investigaci\u00f3n y garantizar los derechos de su familia y de su organizaci\u00f3n, el Comit\u00e9 Municipal de Bienes Comunes y P\u00fablicos. Adem\u00e1s, es fundamental asegurar la transparencia en el proceso, permitiendo la presencia de periodistas y observadores y la transmisi\u00f3n de la audiencia\u201d dijo Ana Piquer.&nbsp;<\/p>\n\n\n\n<blockquote class=\"wp-block-quote\">\n<p>Exhortamos al Ministerio P\u00fablico a cumplir con su deber usar todas las medidas a su disposici\u00f3n para fortalecer la investigaci\u00f3n y garantizar los derechos de su familia y de su organizaci\u00f3n\u00bb.Ana Piquer, directora regional de Amnist\u00eda Internacional para las Am\u00e9ricas.<\/p>\n<\/blockquote>\n\n\n\n<p>Amnist\u00eda Internacional reitera el llamado a que las l\u00edneas de investigaci\u00f3n abarquen a todos los presuntos autores, tanto materiales como intelectuales, del asesinato del defensor de derechos humanos ocurrido el 14 de septiembre de 2024 en Tocoa, departamento de Col\u00f3n. Juan L\u00f3pez era el coordinador del Comit\u00e9 Municipal de Bienes Comunes y P\u00fablicos, que ha realizado acciones de protesta pac\u00edfica en defensa del agua y de los bosques del Parque Nacional Carlos Escaleras. La organizaci\u00f3n anuncia que seguir\u00e1 monitoreando de cerca el desarrollo del proceso penal.&nbsp;<\/p>\n\n\n\n<p><a href=\"https:\/\/www.amnesty.org\/es\/get-involved\/write-for-rights\/\">\u201cEscribe por los Derechos\u201d<\/a>, es una campa\u00f1a mundial de Amnist\u00eda Internacional que tiene lugar alrededor del d\u00eda internacional de los derechos humanos (10 de diciembre), movilizando a millones de personas todos los a\u00f1os. En 2025, busca avances concretos en la lucha por la justicia y las causas de 9 personas o colectivos de todo el mundo, entre ellas Juan L\u00f3pez.&nbsp;<\/p>\n\n\n\n<p>Para m\u00e1s informaci\u00f3n o concertar una entrevista, p\u00f3nganse en contacto con&nbsp;press@amnesty.org&nbsp;<\/p>\n\n\n\n<h2 id=\"h-informacion-complementaria-nbsp\"><strong>Informaci\u00f3n complementaria<\/strong><strong>:<\/strong>&nbsp;<\/h2>\n\n\n\n<p>Justicia para Juan es justicia para el medioambiente, 10 de septiembre de 2025,&nbsp;<a href=\"https:\/\/www.amnesty.org\/es\/latest\/news\/2025\/09\/oped-justicia-para-juan-es-justicia-para-el-medioambiente\/\" target=\"_blank\" rel=\"noreferrer noopener\">https:\/\/www.amnesty.org\/es\/latest\/news\/2025\/09\/oped-justicia-para-juan-es-justicia-para-el-medioambiente\/<\/a>&nbsp;&nbsp;<\/p>\n\n\n\n<p>Honduras: Amnist\u00eda Internacional insta a las autoridades a garantizar justicia en el asesinato de Juan L\u00f3pez, 3 de junio de 2025&nbsp;<a href=\"https:\/\/www.amnesty.org\/es\/latest\/news\/2025\/06\/honduras-justicia-en-asesinato-de-juan-lopez\/\" target=\"_blank\" rel=\"noreferrer noopener\">https:\/\/www.amnesty.org\/es\/latest\/news\/2025\/06\/honduras-justicia-en-asesinato-de-juan-lopez\/<\/a>&nbsp;&nbsp;<\/p>\n\n\n\n<p>Honduras: Defensor del agua, asesinado: Juan L\u00f3pez, 20 de septiembre de 2024.&nbsp;<a href=\"https:\/\/www.amnesty.org\/es\/documents\/amr37\/8553\/2024\/es\/\" target=\"_blank\" rel=\"noreferrer noopener\">https:\/\/www.amnesty.org\/es\/documents\/amr37\/8553\/2024\/es\/<\/a>&nbsp;&nbsp;<\/p>\n","protected":false},"excerpt":{"rendered":"<p>@Familia Juan L\u00f3pez El viernes 5 de diciembre se celebrar\u00e1 una nueva audiencia en el proceso penal seguido en contra de tres presuntos autores del asesinato del defensor ambiental y &hellip;<\/p>\n<p class=\"read-more\"> <a class=\"\" href=\"https:\/\/amnistia.org.mx\/contenido\/index.php\/autoridades-deben-garantizar-verdad-justicia-y-reparacion-por-el-asesinato-de-juan-lopez\/\"> <span class=\"screen-reader-text\">Autoridades deben garantizar verdad, justicia y reparaci\u00f3n por el asesinato de Juan L\u00f3pez<\/span> Leer m\u00e1s &raquo;<\/a><\/p>\n","protected":false},"author":20,"featured_media":41082,"comment_status":"closed","ping_status":"closed","sticky":false,"template":"","format":"standard","meta":{"_uf_show_specific_survey":0,"_uf_disable_surveys":false,"site-sidebar-layout":"default","site-content-layout":"default","ast-global-header-display":"","ast-main-header-display":"","ast-hfb-above-header-display":"","ast-hfb-below-header-display":"","ast-hfb-mobile-header-display":"","site-post-title":"","ast-breadcrumbs-content":"","ast-featured-img":"","footer-sml-layout":"","theme-transparent-header-meta":"","adv-header-id-meta":"","stick-header-meta":"","header-above-stick-meta":"","header-main-stick-meta":"","header-below-stick-meta":""},"categories":[9],"tags":[249],"acf":[],"aioseo_notices":[],"yoast_head":"<!-- This site is optimized with the Yoast SEO plugin v14.5 - https:\/\/yoast.com\/wordpress\/plugins\/seo\/ -->\n<title>Autoridades deben garantizar verdad, justicia y reparaci\u00f3n por el asesinato de Juan L\u00f3pez - amnistia.org.mx<\/title>\n<meta name=\"description\" content=\"Amnist\u00eda Internacional reitera el llamado a que las l\u00edneas de investigaci\u00f3n abarquen a todos los presuntos autores del asesinato del defensor de derechos humanos ocurrido el 14 de septiembre de 2024 en Tocoa, departamento de Col\u00f3n.\" \/>\n<meta name=\"robots\" content=\"index, follow\" \/>\n<meta name=\"googlebot\" content=\"index, follow, max-snippet:-1, max-image-preview:large, max-video-preview:-1\" \/>\n<meta name=\"bingbot\" content=\"index, follow, max-snippet:-1, max-image-preview:large, max-video-preview:-1\" \/>\n<link rel=\"canonical\" href=\"https:\/\/amnistia.org.mx\/contenido\/index.php\/autoridades-deben-garantizar-verdad-justicia-y-reparacion-por-el-asesinato-de-juan-lopez\/\" \/>\n<meta property=\"og:locale\" content=\"es_MX\" \/>\n<meta property=\"og:type\" content=\"article\" \/>\n<meta property=\"og:title\" content=\"Autoridades deben garantizar verdad, justicia y reparaci\u00f3n por el asesinato de Juan L\u00f3pez - amnistia.org.mx\" \/>\n<meta property=\"og:description\" content=\"Amnist\u00eda Internacional reitera el llamado a que las l\u00edneas de investigaci\u00f3n abarquen a todos los presuntos autores del asesinato del defensor de derechos humanos ocurrido el 14 de septiembre de 2024 en Tocoa, departamento de Col\u00f3n.\" \/>\n<meta property=\"og:url\" content=\"https:\/\/amnistia.org.mx\/contenido\/index.php\/autoridades-deben-garantizar-verdad-justicia-y-reparacion-por-el-asesinato-de-juan-lopez\/\" \/>\n<meta property=\"og:site_name\" content=\"amnistia.org.mx\" \/>\n<meta property=\"article:published_time\" content=\"2025-12-08T17:49:35+00:00\" \/>\n<meta property=\"article:modified_time\" content=\"2025-12-08T17:49:37+00:00\" \/>\n<meta name=\"twitter:card\" content=\"summary_large_image\" \/>\n<meta name=\"twitter:image\" content=\"https:\/\/amnistia.org.mx\/contenido\/wp-content\/uploads\/2025\/12\/Diseno-sin-titulo-12-1468x710-1.webp\" \/>\n<script type=\"application\/ld+json\" class=\"yoast-schema-graph\">{\"@context\":\"https:\/\/schema.org\",\"@graph\":[{\"@type\":\"WebSite\",\"@id\":\"https:\/\/amnistia.org.mx\/contenido\/#website\",\"url\":\"https:\/\/amnistia.org.mx\/contenido\/\",\"name\":\"amnistia.org.mx\",\"description\":\"Nueva p\\u00e1gina de Amnist\\u00eda\",\"potentialAction\":[{\"@type\":\"SearchAction\",\"target\":\"https:\/\/amnistia.org.mx\/contenido\/?s={search_term_string}\",\"query-input\":\"required name=search_term_string\"}],\"inLanguage\":\"es-MX\"},{\"@type\":\"ImageObject\",\"@id\":\"https:\/\/amnistia.org.mx\/contenido\/index.php\/autoridades-deben-garantizar-verdad-justicia-y-reparacion-por-el-asesinato-de-juan-lopez\/#primaryimage\",\"inLanguage\":\"es-MX\",\"url\":\"https:\/\/amnistia.org.mx\/contenido\/wp-content\/uploads\/2025\/12\/Diseno-sin-titulo-12-1468x710-1.webp\",\"width\":1468,\"height\":710},{\"@type\":\"WebPage\",\"@id\":\"https:\/\/amnistia.org.mx\/contenido\/index.php\/autoridades-deben-garantizar-verdad-justicia-y-reparacion-por-el-asesinato-de-juan-lopez\/#webpage\",\"url\":\"https:\/\/amnistia.org.mx\/contenido\/index.php\/autoridades-deben-garantizar-verdad-justicia-y-reparacion-por-el-asesinato-de-juan-lopez\/\",\"name\":\"Autoridades deben garantizar verdad, justicia y reparaci\\u00f3n por el asesinato de Juan L\\u00f3pez - amnistia.org.mx\",\"isPartOf\":{\"@id\":\"https:\/\/amnistia.org.mx\/contenido\/#website\"},\"primaryImageOfPage\":{\"@id\":\"https:\/\/amnistia.org.mx\/contenido\/index.php\/autoridades-deben-garantizar-verdad-justicia-y-reparacion-por-el-asesinato-de-juan-lopez\/#primaryimage\"},\"datePublished\":\"2025-12-08T17:49:35+00:00\",\"dateModified\":\"2025-12-08T17:49:37+00:00\",\"author\":{\"@id\":\"https:\/\/amnistia.org.mx\/contenido\/#\/schema\/person\/d71334ce16d82dc09f98d83dcb18351f\"},\"description\":\"Amnist\\u00eda Internacional reitera el llamado a que las l\\u00edneas de investigaci\\u00f3n abarquen a todos los presuntos autores del asesinato del defensor de derechos humanos ocurrido el 14 de septiembre de 2024 en Tocoa, departamento de Col\\u00f3n.\",\"breadcrumb\":{\"@id\":\"https:\/\/amnistia.org.mx\/contenido\/index.php\/autoridades-deben-garantizar-verdad-justicia-y-reparacion-por-el-asesinato-de-juan-lopez\/#breadcrumb\"},\"inLanguage\":\"es-MX\",\"potentialAction\":[{\"@type\":\"ReadAction\",\"target\":[\"https:\/\/amnistia.org.mx\/contenido\/index.php\/autoridades-deben-garantizar-verdad-justicia-y-reparacion-por-el-asesinato-de-juan-lopez\/\"]}]},{\"@type\":\"BreadcrumbList\",\"@id\":\"https:\/\/amnistia.org.mx\/contenido\/index.php\/autoridades-deben-garantizar-verdad-justicia-y-reparacion-por-el-asesinato-de-juan-lopez\/#breadcrumb\",\"itemListElement\":[{\"@type\":\"ListItem\",\"position\":1,\"item\":{\"@type\":\"WebPage\",\"@id\":\"https:\/\/amnistia.org.mx\/contenido\/\",\"url\":\"https:\/\/amnistia.org.mx\/contenido\/\",\"name\":\"Home\"}},{\"@type\":\"ListItem\",\"position\":2,\"item\":{\"@type\":\"WebPage\",\"@id\":\"https:\/\/amnistia.org.mx\/contenido\/index.php\/autoridades-deben-garantizar-verdad-justicia-y-reparacion-por-el-asesinato-de-juan-lopez\/\",\"url\":\"https:\/\/amnistia.org.mx\/contenido\/index.php\/autoridades-deben-garantizar-verdad-justicia-y-reparacion-por-el-asesinato-de-juan-lopez\/\",\"name\":\"Autoridades deben garantizar verdad, justicia y reparaci\\u00f3n por el asesinato de Juan L\\u00f3pez\"}}]},{\"@type\":[\"Person\"],\"@id\":\"https:\/\/amnistia.org.mx\/contenido\/#\/schema\/person\/d71334ce16d82dc09f98d83dcb18351f\",\"name\":\"Carla Ram\\u00edrez Torres\",\"image\":{\"@type\":\"ImageObject\",\"@id\":\"https:\/\/amnistia.org.mx\/contenido\/#personlogo\",\"inLanguage\":\"es-MX\",\"url\":\"https:\/\/secure.gravatar.com\/avatar\/e23f8047127168b5b454a42adc3fda75?s=96&d=mm&r=g\",\"caption\":\"Carla Ram\\u00edrez Torres\"}}]}<\/script>\n<!-- \/ Yoast SEO plugin. -->","_links":{"self":[{"href":"https:\/\/amnistia.org.mx\/contenido\/index.php\/wp-json\/wp\/v2\/posts\/41081"}],"collection":[{"href":"https:\/\/amnistia.org.mx\/contenido\/index.php\/wp-json\/wp\/v2\/posts"}],"about":[{"href":"https:\/\/amnistia.org.mx\/contenido\/index.php\/wp-json\/wp\/v2\/types\/post"}],"author":[{"embeddable":true,"href":"https:\/\/amnistia.org.mx\/contenido\/index.php\/wp-json\/wp\/v2\/users\/20"}],"replies":[{"embeddable":true,"href":"https:\/\/amnistia.org.mx\/contenido\/index.php\/wp-json\/wp\/v2\/comments?post=41081"}],"version-history":[{"count":3,"href":"https:\/\/amnistia.org.mx\/contenido\/index.php\/wp-json\/wp\/v2\/posts\/41081\/revisions"}],"predecessor-version":[{"id":41088,"href":"https:\/\/amnistia.org.mx\/contenido\/index.php\/wp-json\/wp\/v2\/posts\/41081\/revisions\/41088"}],"wp:featuredmedia":[{"embeddable":true,"href":"https:\/\/amnistia.org.mx\/contenido\/index.php\/wp-json\/wp\/v2\/media\/41082"}],"wp:attachment":[{"href":"https:\/\/amnistia.org.mx\/contenido\/index.php\/wp-json\/wp\/v2\/media?parent=41081"}],"wp:term":[{"taxonomy":"category","embeddable":true,"href":"https:\/\/amnistia.org.mx\/contenido\/index.php\/wp-json\/wp\/v2\/categories?post=41081"},{"taxonomy":"post_tag","embeddable":true,"href":"https:\/\/amnistia.org.mx\/contenido\/index.php\/wp-json\/wp\/v2\/tags?post=41081"}],"curies":[{"name":"wp","href":"https:\/\/api.w.org\/{rel}","templated":true}]}}