
{"id":41103,"date":"2025-12-12T09:14:00","date_gmt":"2025-12-12T15:14:00","guid":{"rendered":"https:\/\/amnistia.org.mx\/contenido\/?p=41103"},"modified":"2025-12-15T10:10:00","modified_gmt":"2025-12-15T16:10:00","slug":"triunfos-para-los-derechos-humanos-en-2024","status":"publish","type":"post","link":"https:\/\/amnistia.org.mx\/contenido\/index.php\/triunfos-para-los-derechos-humanos-en-2024\/","title":{"rendered":"Los triunfos para los derechos humanos en 2025"},"content":{"rendered":"\t\t<div data-elementor-type=\"wp-post\" data-elementor-id=\"41103\" class=\"elementor elementor-41103\">\n\t\t\t\t\t\t\t\t\t<section class=\"elementor-section elementor-top-section elementor-element elementor-element-17548305 elementor-section-boxed elementor-section-height-default elementor-section-height-default\" data-id=\"17548305\" data-element_type=\"section\">\n\t\t\t\t\t\t<div class=\"elementor-container elementor-column-gap-default\">\n\t\t\t\t\t<div class=\"elementor-column elementor-col-100 elementor-top-column elementor-element elementor-element-52987f91\" data-id=\"52987f91\" data-element_type=\"column\">\n\t\t\t<div class=\"elementor-widget-wrap elementor-element-populated\">\n\t\t\t\t\t\t\t\t<div class=\"elementor-element elementor-element-3d8c9372 elementor-author-box--layout-image-above elementor-author-box--align-center elementor-widget elementor-widget-author-box\" data-id=\"3d8c9372\" data-element_type=\"widget\" data-widget_type=\"author-box.default\">\n\t\t\t\t<div class=\"elementor-widget-container\">\n\t\t\t<link rel=\"stylesheet\" href=\"https:\/\/amnistia.org.mx\/contenido\/wp-content\/plugins\/elementor-pro\/assets\/css\/widget-theme-elements.min.css\">\t\t<div class=\"elementor-author-box\">\n\t\t\t\t\t\t\t<div  class=\"elementor-author-box__avatar\">\n\t\t\t\t\t<img decoding=\"async\" src=\"https:\/\/amnistia.org.mx\/contenido\/wp-content\/uploads\/2020\/06\/circle-cropped-6-300x300.png\">\n\t\t\t\t<\/div>\n\t\t\t\n\t\t\t<div class=\"elementor-author-box__text\">\n\t\t\t\t\n\t\t\t\t\n\t\t\t\t\t\t\t<\/div>\n\t\t<\/div>\n\t\t\t\t<\/div>\n\t\t\t\t<\/div>\n\t\t\t\t<div class=\"elementor-element elementor-element-5035accd elementor-widget-divider--view-line elementor-widget elementor-widget-divider\" data-id=\"5035accd\" data-element_type=\"widget\" data-widget_type=\"divider.default\">\n\t\t\t\t<div class=\"elementor-widget-container\">\n\t\t\t<style>\/*! elementor - v3.11.5 - 14-03-2023 *\/\n.elementor-widget-divider{--divider-border-style:none;--divider-border-width:1px;--divider-color:#0c0d0e;--divider-icon-size:20px;--divider-element-spacing:10px;--divider-pattern-height:24px;--divider-pattern-size:20px;--divider-pattern-url:none;--divider-pattern-repeat:repeat-x}.elementor-widget-divider .elementor-divider{display:flex}.elementor-widget-divider .elementor-divider__text{font-size:15px;line-height:1;max-width:95%}.elementor-widget-divider .elementor-divider__element{margin:0 var(--divider-element-spacing);flex-shrink:0}.elementor-widget-divider .elementor-icon{font-size:var(--divider-icon-size)}.elementor-widget-divider .elementor-divider-separator{display:flex;margin:0;direction:ltr}.elementor-widget-divider--view-line_icon .elementor-divider-separator,.elementor-widget-divider--view-line_text .elementor-divider-separator{align-items:center}.elementor-widget-divider--view-line_icon .elementor-divider-separator:after,.elementor-widget-divider--view-line_icon .elementor-divider-separator:before,.elementor-widget-divider--view-line_text .elementor-divider-separator:after,.elementor-widget-divider--view-line_text .elementor-divider-separator:before{display:block;content:\"\";border-bottom:0;flex-grow:1;border-top:var(--divider-border-width) var(--divider-border-style) var(--divider-color)}.elementor-widget-divider--element-align-left .elementor-divider .elementor-divider-separator>.elementor-divider__svg:first-of-type{flex-grow:0;flex-shrink:100}.elementor-widget-divider--element-align-left .elementor-divider-separator:before{content:none}.elementor-widget-divider--element-align-left .elementor-divider__element{margin-left:0}.elementor-widget-divider--element-align-right .elementor-divider .elementor-divider-separator>.elementor-divider__svg:last-of-type{flex-grow:0;flex-shrink:100}.elementor-widget-divider--element-align-right .elementor-divider-separator:after{content:none}.elementor-widget-divider--element-align-right .elementor-divider__element{margin-right:0}.elementor-widget-divider:not(.elementor-widget-divider--view-line_text):not(.elementor-widget-divider--view-line_icon) .elementor-divider-separator{border-top:var(--divider-border-width) var(--divider-border-style) var(--divider-color)}.elementor-widget-divider--separator-type-pattern{--divider-border-style:none}.elementor-widget-divider--separator-type-pattern.elementor-widget-divider--view-line .elementor-divider-separator,.elementor-widget-divider--separator-type-pattern:not(.elementor-widget-divider--view-line) .elementor-divider-separator:after,.elementor-widget-divider--separator-type-pattern:not(.elementor-widget-divider--view-line) .elementor-divider-separator:before,.elementor-widget-divider--separator-type-pattern:not([class*=elementor-widget-divider--view]) .elementor-divider-separator{width:100%;min-height:var(--divider-pattern-height);-webkit-mask-size:var(--divider-pattern-size) 100%;mask-size:var(--divider-pattern-size) 100%;-webkit-mask-repeat:var(--divider-pattern-repeat);mask-repeat:var(--divider-pattern-repeat);background-color:var(--divider-color);-webkit-mask-image:var(--divider-pattern-url);mask-image:var(--divider-pattern-url)}.elementor-widget-divider--no-spacing{--divider-pattern-size:auto}.elementor-widget-divider--bg-round{--divider-pattern-repeat:round}.rtl .elementor-widget-divider .elementor-divider__text{direction:rtl}.e-con-inner>.elementor-widget-divider,.e-con>.elementor-widget-divider{width:var(--container-widget-width,100%);--flex-grow:var(--container-widget-flex-grow)}<\/style>\t\t<div class=\"elementor-divider\">\n\t\t\t<span class=\"elementor-divider-separator\">\n\t\t\t\t\t\t<\/span>\n\t\t<\/div>\n\t\t\t\t<\/div>\n\t\t\t\t<\/div>\n\t\t\t\t\t<\/div>\n\t\t<\/div>\n\t\t\t\t\t\t\t<\/div>\n\t\t<\/section>\n\t\t\t\t<section class=\"elementor-section elementor-top-section elementor-element elementor-element-5f66aaa6 elementor-section-boxed elementor-section-height-default elementor-section-height-default\" data-id=\"5f66aaa6\" data-element_type=\"section\">\n\t\t\t\t\t\t<div class=\"elementor-container elementor-column-gap-default\">\n\t\t\t\t\t<div class=\"elementor-column elementor-col-100 elementor-top-column elementor-element elementor-element-251eee3a\" data-id=\"251eee3a\" data-element_type=\"column\">\n\t\t\t<div class=\"elementor-widget-wrap elementor-element-populated\">\n\t\t\t\t\t\t\t\t<div class=\"elementor-element elementor-element-7e8a076e elementor-align-center elementor-widget elementor-widget-post-info\" data-id=\"7e8a076e\" data-element_type=\"widget\" data-widget_type=\"post-info.default\">\n\t\t\t\t<div class=\"elementor-widget-container\">\n\t\t\t<link rel=\"stylesheet\" href=\"https:\/\/amnistia.org.mx\/contenido\/wp-content\/plugins\/elementor\/assets\/css\/widget-icon-list.min.css\">\t\t<ul class=\"elementor-inline-items elementor-icon-list-items elementor-post-info\">\n\t\t\t\t\t\t\t\t<li class=\"elementor-icon-list-item elementor-repeater-item-faf80c6 elementor-inline-item\" itemprop=\"datePublished\">\n\t\t\t\t\t\t<a href=\"https:\/\/amnistia.org.mx\/contenido\/index.php\/2025\/12\/12\/\">\n\t\t\t\t\t\t\t\t\t\t\t<span class=\"elementor-icon-list-icon\">\n\t\t\t\t\t\t\t\t<svg aria-hidden=\"true\" class=\"e-font-icon-svg e-fas-calendar\" viewBox=\"0 0 448 512\" xmlns=\"http:\/\/www.w3.org\/2000\/svg\"><path d=\"M12 192h424c6.6 0 12 5.4 12 12v260c0 26.5-21.5 48-48 48H48c-26.5 0-48-21.5-48-48V204c0-6.6 5.4-12 12-12zm436-44v-36c0-26.5-21.5-48-48-48h-48V12c0-6.6-5.4-12-12-12h-40c-6.6 0-12 5.4-12 12v52H160V12c0-6.6-5.4-12-12-12h-40c-6.6 0-12 5.4-12 12v52H48C21.5 64 0 85.5 0 112v36c0 6.6 5.4 12 12 12h424c6.6 0 12-5.4 12-12z\"><\/path><\/svg>\t\t\t\t\t\t\t<\/span>\n\t\t\t\t\t\t\t\t\t<span class=\"elementor-icon-list-text elementor-post-info__item elementor-post-info__item--type-date\">\n\t\t\t\t\t\t\t\t\t\tdiciembre 12, 2025\t\t\t\t\t<\/span>\n\t\t\t\t\t\t\t\t\t<\/a>\n\t\t\t\t<\/li>\n\t\t\t\t<\/ul>\n\t\t\t\t<\/div>\n\t\t\t\t<\/div>\n\t\t\t\t\t<\/div>\n\t\t<\/div>\n\t\t\t\t\t\t\t<\/div>\n\t\t<\/section>\n\t\t\t\t<section class=\"elementor-section elementor-top-section elementor-element elementor-element-3ee19949 elementor-section-boxed elementor-section-height-default elementor-section-height-default\" data-id=\"3ee19949\" data-element_type=\"section\">\n\t\t\t\t\t\t<div class=\"elementor-container elementor-column-gap-wide\">\n\t\t\t\t\t<div class=\"elementor-column elementor-col-66 elementor-top-column elementor-element elementor-element-3c8820fa\" data-id=\"3c8820fa\" data-element_type=\"column\">\n\t\t\t<div class=\"elementor-widget-wrap elementor-element-populated\">\n\t\t\t\t\t\t\t\t<div class=\"elementor-element elementor-element-6668b80 elementor-widget elementor-widget-text-editor\" data-id=\"6668b80\" data-element_type=\"widget\" data-widget_type=\"text-editor.default\">\n\t\t\t\t<div class=\"elementor-widget-container\">\n\t\t\t<style>\/*! elementor - v3.11.5 - 14-03-2023 *\/\n.elementor-widget-text-editor.elementor-drop-cap-view-stacked .elementor-drop-cap{background-color:#69727d;color:#fff}.elementor-widget-text-editor.elementor-drop-cap-view-framed .elementor-drop-cap{color:#69727d;border:3px solid;background-color:transparent}.elementor-widget-text-editor:not(.elementor-drop-cap-view-default) .elementor-drop-cap{margin-top:8px}.elementor-widget-text-editor:not(.elementor-drop-cap-view-default) .elementor-drop-cap-letter{width:1em;height:1em}.elementor-widget-text-editor .elementor-drop-cap{float:left;text-align:center;line-height:1;font-size:50px}.elementor-widget-text-editor .elementor-drop-cap-letter{display:inline-block}<\/style>\t\t\t\t<section id=\"section-05bb24a6\" class=\"section section--tinted\"><div id=\"05bb24a6\" class=\"container\"><p><em>Este a\u00f1o comenz\u00f3 con varios\u00a0<\/em><a href=\"https:\/\/www.amnesty.org\/es\/latest\/impact\/2024\/07\/six-months-of-wins-for-human-rights\/\"><em>triunfos en materia de derechos humanos<\/em><\/a><em>, y gente de todo el mundo sigue demostrando que se pueden lograr cambios. Esperamos que los numerosos cambios positivos que se han logrado en los \u00faltimos seis meses \u2014desde modificar legislaci\u00f3n hasta garantizar que se hace justicia, pasando por ayudar a quienes lo necesitan\u2014 les hayan reconfortado.<\/em><\/p><\/div><\/section>\t\t\t\t\t\t<\/div>\n\t\t\t\t<\/div>\n\t\t\t\t<div class=\"elementor-element elementor-element-1c2d418 elementor-widget elementor-widget-text-editor\" data-id=\"1c2d418\" data-element_type=\"widget\" data-widget_type=\"text-editor.default\">\n\t\t\t\t<div class=\"elementor-widget-container\">\n\t\t\t\t\t\t\t<header class=\"wp-block-group article-header is-layout-flow wp-block-group-is-layout-flow\"><\/header><article class=\"wp-block-group article-content is-layout-flow wp-block-group-is-layout-flow\"><div class=\"entry-content wp-block-post-content is-layout-flow wp-block-post-content-is-layout-flow\"><section id=\"section-150024fa\" class=\"section section--tinted\"><div id=\"150024fa\" class=\"container\"><h3 id=\"h-julio\" class=\"wp-block-heading\"><strong>Julio<\/strong><\/h3><p><strong>Francia:<\/strong>\u00a0El\u00a0<a href=\"https:\/\/www.amnesty.org\/es\/latest\/news\/2024\/07\/france-hijab-bans-olympic-and-paralympic\/\">informe<\/a>\u00a0de Amnist\u00eda Internacional publicado antes de los Juegos Ol\u00edmpicos de Par\u00eds puso de manifiesto que la prohibici\u00f3n de competir impuesta a las atletas francesas que usan hiyab infringe el derecho internacional de los derechos humanos.\u00a0<a href=\"https:\/\/www.ohchr.org\/en\/press-releases\/2024\/10\/france-hijab-bans-sports-are-discriminatory-and-must-be-reversed-say-experts\">La ONU mencion\u00f3 el informe en octubre<\/a>, cuando tach\u00f3 las prohibiciones de \u201cdesproporcionadas y discriminatorias\u201d y pidi\u00f3 que se revocaran.<\/p><figure class=\"wp-block-image aligncenter size-full is-resized\"><div><img decoding=\"async\" class=\"aiic-ignore wp-image-220891\" src=\"https:\/\/www.amnesty.org\/en\/wp-content\/uploads\/2024\/12\/301229-1.jpg\" alt=\"Grupo de mujeres futbolistas que llevan hiyab posan para una foto de grupo.\" \/><\/div><figcaption class=\"wp-element-caption\">Les Hijabeuses (Las Hiyabesas) es un colectivo de futbolistas que hacen campa\u00f1a para eliminar la prohibici\u00f3n del hiyab en el mundo del f\u00fatbol de Francia.<\/figcaption><\/figure><p><strong>Gambia:<\/strong>\u00a0El Parlamento de Gambia rechaz\u00f3 un proyecto de ley que derogaba la Reforma de la Ley de la Mujer de 2015, que proh\u00edbe la mutilaci\u00f3n genital femenina (MGF). En apoyo de las organizaciones de la sociedad civil de Gambia, Amnist\u00eda Internacional abog\u00f3 por el rechazo a este proyecto de ley a trav\u00e9s de\u00a0<a href=\"https:\/\/www.amnesty.org\/en\/latest\/news\/2024\/03\/gambia-parliament-must-not-lift-the-ban-against-female-genital-mutilation\/\">comunicaci\u00f3n p\u00fablica<\/a>, entrevistas con medios de comunicaci\u00f3n y el env\u00edo de cartas a las autoridades gambianas.<\/p><figure class=\"wp-block-image aligncenter size-full\"><div><img decoding=\"async\" class=\"aiic-ignore wp-image-220784\" src=\"https:\/\/www.amnesty.org\/en\/wp-content\/uploads\/2024\/12\/301424.jpg\" alt=\"Una mujer de Gambia, con atuendo naranja y rosa, sostiene un cartel en el que se lee \u201cI have stopped FGM\u201d (He puesto fin a la mutilaci\u00f3n genital femenina).\" \/><\/div><figcaption class=\"wp-element-caption\">El Parlamento de Gambia rechaz\u00f3 un proyecto de ley que derogaba la Reforma de la Ley de la Mujer de 2015, que proh\u00edbe la mutilaci\u00f3n genital femenina (MGF).<\/figcaption><\/figure><p><strong>Corea del Sur:<\/strong>\u00a0El Tribunal Supremo de Corea del Sur ha confirmado en\u00a0<a href=\"https:\/\/www.amnesty.org\/en\/latest\/news\/2024\/07\/south-korea-supreme-court-ruling-a-historic-victory-for-same-sex-couples\/\">un fallo hist\u00f3rico<\/a>\u00a0que las parejas del mismo sexo tienen derecho a los mismos beneficios que las parejas heterosexuales en lo que respecta al seguro de salud. Amnist\u00eda Internacional Corea tuvo el placer de ver que sus aportaciones escritas jur\u00eddicas, que proporcionaron informaci\u00f3n adicional, tuvieron una repercusi\u00f3n inmediata.<\/p><figure class=\"wp-block-image aligncenter size-full\"><div><img decoding=\"async\" class=\"aiic-ignore wp-image-220785\" src=\"https:\/\/www.amnesty.org\/en\/wp-content\/uploads\/2024\/12\/301433.jpg\" alt=\"Siete personas de Corea del Sur sostienen una pancarta y paraguas de colores.\" \/><\/div><figcaption class=\"wp-element-caption\">El Tribunal Supremo de Corea del Sur dict\u00f3 un fallo hist\u00f3rico al confirmar que las parejas del mismo sexo tienen derecho a los mismos beneficios que las parejas heterosexuales en lo que respecta al seguro de salud.<\/figcaption><\/figure><p><strong>Siria:<\/strong>\u00a0Las autoridades aut\u00f3nomas del noreste de Siria anunciaron una\u00a0<a href=\"https:\/\/www.amnesty.org\/es\/latest\/news\/2024\/07\/new-law-paves-way-for-justice-for-prisoners-convicted-in-flawed-trials-in-north-east-syria\/\" target=\"_blank\" rel=\"noreferrer noopener\">amnist\u00eda amplia<\/a>\u00a0para hombres, mujeres y ni\u00f1os y ni\u00f1as condenados en juicios manifiestamente injustos por supuestos delitos de \u201cterrorismo\u201d, lo que se ajusta directamente a una las principales recomendaciones formuladas en el informe que publicamos en abril de este a\u00f1o, titulado\u00a0<a href=\"https:\/\/www.amnesty.org\/es\/latest\/news\/2024\/04\/syria-mass-death-torture-and-other-violations-against-people-detained-in-aftermath-of-islamic-state-defeat-new-report\/\"><em>Injustice, Torture and Death in Detention in North-East Syria<\/em><\/a>. Esta amnist\u00eda beneficiar\u00e1 a unas 4.200 personas sirias que cometieron delitos no violentos, que quedar\u00e1n en libertad o ver\u00e1n reducida a la mitad la duraci\u00f3n de su pena.<\/p><h3 id=\"h-agosto\" class=\"wp-block-heading\"><strong>Agosto<\/strong><\/h3><p><strong>Ben\u00edn:<\/strong>\u00a0Amnist\u00eda Internacional<a href=\"https:\/\/www.amnesty.org\/en\/latest\/news\/2024\/08\/benin-prisoners-penned-into-overcrowded-dirty-cells-denied-healthcare-amid-heatwave\/\">\u00a0puso de manifiesto<\/a>\u00a0que en 2023 la poblaci\u00f3n reclusa de Ben\u00edn estaba hacinada en celdas sucias, sin acceso a agua potable ni atenci\u00f3n m\u00e9dica, y que al menos 46 personas hab\u00edan muerto en cuatro de las prisiones entre enero y julio de ese a\u00f1o. La cuesti\u00f3n recibi\u00f3 amplia difusi\u00f3n en los medios de comunicaci\u00f3n nacionales e internacionales. El 19 de agosto, una decena de diputados de la oposici\u00f3n interrogaron al gobierno sobre las muertes en prisi\u00f3n, el acceso a la atenci\u00f3n sanitaria y las reclusiones superiores al periodo legal de cinco a\u00f1os. En septiembre, el director general del Departamento de Prisiones confirm\u00f3 el hacinamiento y las malas condiciones de reclusi\u00f3n en los centros penitenciarios. Ese mismo mes, los directores y el personal de enfermer\u00eda de las prisiones recibieron formaci\u00f3n sobre el trato a la poblaci\u00f3n reclusa de conformidad con las Reglas de Bangkok de la ONU.<\/p><p><strong>Finlandia:\u00a0<\/strong><a href=\"https:\/\/www.amnesty.fi\/finlands-famous-climate-target-under-threat-ngos-take-the-state-to-court\/\">Amnist\u00eda\u00a0<\/a>Internacional Finlandia, ONG ecologistas y la juventud sami finlandesa est\u00e1n llevando al Gobierno de Finlandia ante los tribunales por la insuficiencia de sus medidas contra el cambio clim\u00e1tico. Las organizaciones sostienen que la inacci\u00f3n del gobierno infringe la Ley del Clima de Finlandia, reconocida internacionalmente por establecer objetivos ambiciosos para alcanzar la neutralidad de carbono en 2035, e incumple las obligaciones jur\u00eddicas del Estado de proteger los derechos humanos, incluidos los derechos del pueblo ind\u00edgena sami. El caso se basa en la sentencia pionera del\u00a0<a href=\"https:\/\/www.echr.coe.int\/w\/grand-chamber-rulings-in-the-climate-change-cases\">Tribunal Europeo de Derechos Humanos<\/a>\u00a0en la causa\u00a0<em>KlimaSeniorinnen v Switzerland<\/em>.<\/p><p><strong>Mozambique<\/strong>: En 2020, seis manifestantes sufrieron terribles lesiones tras recibir disparos de la polic\u00eda en las proximidades del Parque Nacional de Banhine, en Mozambique. Una a\u00f1o despu\u00e9s, el Programa de Respuesta a las Crisis de Amnist\u00eda Internacional public\u00f3 un informe de investigaci\u00f3n\u00a0<a href=\"https:\/\/www.amnesty.org\/en\/latest\/news\/2021\/11\/mozambique-investigate-shooting-of-villagers-by-park-rangers-and-police-new-research\/\">en el que ped\u00eda una investigaci\u00f3n exhaustiva el incidente<\/a>. Esto llev\u00f3 al Gobierno a iniciar acciones jur\u00eddicas que culminaron con la condena de\u00a0<a href=\"https:\/\/www.amnesty.org\/en\/latest\/news\/2024\/08\/mozambique-sentencing-of-six-police-officers-for-shooting-protesters-a-step-towards-justice\/\">seis agentes en agosto de 2024<\/a>.<\/p><p><strong>Polonia:<\/strong>\u00a0Despu\u00e9s de a\u00f1os de campa\u00f1a de mujeres valientes, sobrevivientes y sus aliados, Polonia ha adoptado una definici\u00f3n de la violaci\u00f3n que se basa en el consentimiento y no en la condici\u00f3n previa de uso de la fuerza o violencia. Ser\u00e1 el 19\u00ba pa\u00eds europeo, de los 31 analizados por Amnist\u00eda Internacional, que define la violaci\u00f3n como sexo sin consentimiento.<\/p><figure class=\"wp-block-image size-full\"><div><img decoding=\"async\" class=\"aiic-ignore wp-image-220893\" src=\"https:\/\/www.amnesty.org\/en\/wp-content\/uploads\/2024\/12\/304026.jpg\" alt=\"Tres personas que han participado en la campa\u00f1a hacen entrega de una caja que contiene los llamamientos.\" \/><\/div><figcaption class=\"wp-element-caption\">Simpatizantes de Amnist\u00eda Internacional hacen entrega de una caja que contiene los llamamientos en los que se pide a Polonia que adopte una definici\u00f3n de violaci\u00f3n basada en el consentimiento.<\/figcaption><\/figure><p><strong>Taiw\u00e1n:<\/strong>\u00a0Con el apoyo de Amnist\u00eda Internacional Taiw\u00e1n, los familiares de 24 solicitantes de asilo vietnamitas v\u00edctima de homicidio ileg\u00edtimo a manos de las fuerzas armadas taiwanesas en Kinmen en 1987 fueron invitados por el gobierno a visitar Taiw\u00e1n por primera vez para buscar verdad y reconciliaci\u00f3n.<\/p><p>Tran, familiar de una de las v\u00edctimas, se refiri\u00f3 a la importancia de contar con un sistema integral de protecci\u00f3n de las personas refugiadas: \u201cPido al gobierno y al pueblo de Taiw\u00e1n que les dejen considerar Taiw\u00e1n como su segundo hogar, y hogar definitivo, y que no los rechacen m\u00e1s\u201d.<\/p><p><strong>Tailandia:<\/strong>\u00a0Tailandia retir\u00f3 su reserva al art\u00edculo 22 de la Convenci\u00f3n sobre los Derechos del Ni\u00f1o en agosto de 2024, lo que garantiza a los ni\u00f1os y ni\u00f1as refugiados la igualdad de acceso a la protecci\u00f3n y la ayuda humanitaria.<\/p><h3 id=\"h-septiembre\" class=\"wp-block-heading\"><strong>Septiembre<\/strong><\/h3><p><strong>Bulgaria:<\/strong>\u00a0La Secci\u00f3n de creaci\u00f3n m\u00e1s reciente de Amnist\u00eda Internacional celebr\u00f3 en septiembre dos \u00e9xitos de campa\u00f1a. La Comisi\u00f3n de Cultura y Medios de Comunicaci\u00f3n del Parlamento rechaz\u00f3 un proyecto de ley\u00a0para crear un registro de \u201cagentes extranjeros\u201d destinado a atacar y reprimir a la sociedad civil, mientras que el Parlamento vot\u00f3 en contra de las reformas a una ley que habr\u00edan tipificado como delito la prestaci\u00f3n de asistencia sanitaria de afirmaci\u00f3n de g\u00e9nero a menores de edad.<\/p><p><strong>Jap\u00f3n:<\/strong>\u00a0El Tribunal de Distrito de Shizuoka, en un fallo esperado desde hac\u00eda mucho tiempo,\u00a0<a href=\"https:\/\/www.amnesty.org\/es\/latest\/news\/2024\/09\/japan-acquittal-of-man-who-spent-45-years-on-death-row-pivotal-moment-for-justice\/\">absolvi\u00f3 a Hakamada Iwao<\/a>, a quien se considera la persona que m\u00e1s tiempo ha pasado presa en espera de ejecuci\u00f3n en el mundo. Tras soportar casi medio siglo de encarcelamiento indebido condenado a muerte y pasar otros 10 a\u00f1os a la espera de un nuevo juicio, esta decisi\u00f3n es un reconocimiento importante de la profunda injusticia que Hakamada ha sufrido durante la mayor parte de su vida. Adem\u00e1s, pone fin a la ejemplar lucha para limpiar su nombre que ha librado su hermana Hideko y todas las personas que lo apoyaron, incluida Amnist\u00eda Internacional, que luch\u00f3 durante m\u00e1s de 15 a\u00f1os por que volviese a ser enjuiciado.<\/p><figure class=\"wp-block-image aligncenter size-full\"><div><img decoding=\"async\" class=\"aiic-ignore wp-image-220786\" src=\"https:\/\/www.amnesty.org\/en\/wp-content\/uploads\/2024\/12\/302448.jpg\" alt=\"Hakamada Iwao sentado en una silla con un chaleco blanco y una pluma en la mano.\" \/><\/div><figcaption class=\"wp-element-caption\">Hakamada Iwao, a quien se considera la persona que m\u00e1s tiempo ha pasado presa en espera de ejecuci\u00f3n en el mundo, ha sido absuelto.<\/figcaption><\/figure><p><strong>Togo:<\/strong>\u00a0Amnist\u00eda Internacional public\u00f3 un\u00a0<a href=\"https:\/\/www.amnesty.org\/en\/latest\/news\/2023\/07\/togo-some-women-give-birth-on-the-floor-amid-staff-shortages-poor-facilities\/\">comunicado de prensa<\/a>\u00a0en el que se\u00f1al\u00f3 la escasez de personal y de suministros y equipos m\u00e9dicos adecuados en algunos centros sanitarios de atenci\u00f3n a las mujeres embarazadas y los beb\u00e9s reci\u00e9n nacidos. Tras su publicaci\u00f3n, las autoridades confirmaron\u00a0<a href=\"https:\/\/impartialactu.tg\/wezou-une-prise-en-charge-egalement-offerte-aux-mineures-enceintes\/\" target=\"_blank\" rel=\"noreferrer noopener\">la inclusi\u00f3n de las ni\u00f1as y las mujeres<\/a>\u00a0en un nuevo programa nacional de apoyo. El director de Amnist\u00eda Internacional Togo se reuni\u00f3 con el ministro de Salud, que confirm\u00f3 la prioridad de contratar personal y dotar los centros de equipos adecuados. En septiembre, el gobierno togol\u00e9s confirm\u00f3\u00a0<a href=\"https:\/\/fonctionpublique.gouv.tg\/les-admis-au-concours-de-recrutement-pour-le-secteur-de-la-sante\/\">la contrataci\u00f3n de 193 matronas y 177 profesionales de apoyo al parto<\/a>. En agosto, se destinaron\u00a0<a href=\"https:\/\/icilome.com\/2024\/08\/togo-de-nouveaux-equipements-modernes-pour-les-formations-sanitaires\/\">7.700 camas nuevas, m\u00e1s de 100 mesas de parto<\/a>, as\u00ed como ambulancias y equipos de radiocomunicaci\u00f3n, a centros de salud materna.<\/p><h3 id=\"h-octubre\" class=\"wp-block-heading\"><strong>Octubre<\/strong><\/h3><p><strong>Argentina:<\/strong>\u00a0Pierina Nochetti, defensora de derechos LGBTI+ de Necochea, Argentina, se enfrentaba a cargos penales por pintar el mensaje \u201c\u00bf<a href=\"https:\/\/eur02.safelinks.protection.outlook.com\/?url=https%3A%2F%2Fbuenosairesherald.com%2Fop-ed%2Fwe-cant-stop-asking-where-is-tehuel&amp;data=05%7C02%7Cangela.singh%40amnesty.org%7C1a616a1d0c48494f837108dd096ed4b7%7Cc2dbf829378d44c1b47a1c043924ddf3%7C0%7C0%7C638677093860875625%7CUnknown%7CTWFpbGZsb3d8eyJFbXB0eU1hcGkiOnRydWUsIlYiOiIwLjAuMDAwMCIsIlAiOiJXaW4zMiIsIkFOIjoiTWFpbCIsIldUIjoyfQ%3D%3D%7C0%7C%7C%7C&amp;sdata=UEBNd%2BzEFpIxbmC%2BMDIpOzxBRsNoFDoxoN8BwzXsmRE%3D&amp;reserved=0\">D\u00f3nde est\u00e1 Tehuel<\/a>?\u201d en una pared durante una Marcha del Orgullo en 2022. Con la frase buscaba justicia para Tehuel de la Torre, un joven trans desaparecido en 2021. A pesar de que los muros urbanos son lugares que habitualmente se utilizan para expresarse p\u00fablicamente, a Pierina la persiguieron por ello, y se enfrentaba a una posible pena de prisi\u00f3n por \u201cda\u00f1o agravado\u201d. Amnist\u00eda Internacional Argentina\u00a0<a href=\"https:\/\/amnistia.org.ar\/pierina-nochetti-la-justicia-pone-fin-a-la-criminalizacion-de-activista-y-defensora-de-los-derechos-lgbti\/\">realiz\u00f3 trabajo de incidencia en su favor<\/a>, haciendo hincapi\u00e9 en los derechos a la libertad de expresi\u00f3n y de reuni\u00f3n pac\u00edfica. Los cargos ya se han retirado y el caso se ha cerrado.<\/p><figure class=\"wp-block-image aligncenter size-full\"><div><img decoding=\"async\" class=\"aiic-ignore wp-image-220783\" src=\"https:\/\/www.amnesty.org\/en\/wp-content\/uploads\/2024\/12\/300308.jpg\" alt=\"Pierina Nochetti luce sonriente una camiseta amarilla con el lema \u201camigas\u201d, un juego de palabras con el logotipo de \u201cAdidas\u201d.\" \/><\/div><figcaption class=\"wp-element-caption\">Pierina Nochetti, defensora de derechos LGBTI+ de Necochea, Argentina, se enfrentaba a cargos penales por pintar el mensaje \u201c\u00bfD\u00f3nde est\u00e1 Tehuel?\u201d en una pared durante una Marcha del Orgullo en 2022. Los cargos ya se han retirado.<\/figcaption><\/figure><p><strong>Global<\/strong>: A finales de octubre, el Programa Global de Ayuda Ligada a la Defensa de los Derechos Humanos hab\u00eda ayudado a cerca de 4.700 personas de 79 pa\u00edses, sufragando los gastos de reubicaci\u00f3n de personas en situaci\u00f3n de riesgo y prestando asistencia jur\u00eddica y apoyo m\u00e9dico y psicol\u00f3gico. Tambi\u00e9n ayudamos a personas en situaci\u00f3n de riesgo proporcion\u00e1ndoles medidas de seguridad, adem\u00e1s de realizar acciones de fortalecimiento de las capacidades e incidencia en favor de las que est\u00e1n en primera l\u00ednea.<\/p><p><strong>Arabia Saud\u00ed:\u00a0<\/strong>En respuesta a\u00a0<a href=\"https:\/\/www.amnesty.org\/es\/latest\/news\/2024\/10\/saudi-arabia-migrant-workers-at-carrefour-sites-exploited-cheated-and-forced-to-live-in-squalor\/\">las conclusiones de explotaci\u00f3n laboral<\/a>\u00a0en tiendas de la marca Carrefour en Arabia Saud\u00ed formuladas por Amnist\u00eda Internacional, el gigante franc\u00e9s de los supermercados y su socio de franquicia Majid Al Futtaim abrieron una investigaci\u00f3n interna sobre el trato dispensado a los trabajadores y trabajadoras migrantes en sus centros de trabajo, mientras que el grupo Carrefour ha encargado una auditor\u00eda a terceros. Majid Al Futtaim declar\u00f3 que ya ha trasladado a algunos trabajadores y trabajadoras a nuevas viviendas y est\u00e1 revisando sus pol\u00edticas sobre horas extraordinarias y honorarios de contrataci\u00f3n, as\u00ed como mejorando el acceso a su l\u00ednea telef\u00f3nica de atenci\u00f3n al personal. Amnist\u00eda Internacional sigue trabajando con Carrefour para ejercer presi\u00f3n en favor del acceso a la justicia y a un recurso efectivo, incluido el pago de indemnizaciones adecuadas a los trabajadores y trabajadoras afectados, algunos de los cuales probablemente sean v\u00edctimas de trabajo forzoso y trata de seres humanos.<\/p><h3 id=\"h-noviembre\" class=\"wp-block-heading\"><strong>Noviembre<\/strong><\/h3><p><strong>Costa de Marfil<\/strong>: En enero de 2024 se iniciaron en Abiy\u00e1n operaciones a gran escala para demoler barrios y desalojar a sus habitantes, en lugares que se consideraba que corr\u00edan riesgo de inundaci\u00f3n, como parte de un plan para demoler 176 emplazamientos. Amnist\u00eda Internacional se\u00f1al\u00f3 que se estaban cometiendo\u00a0<a href=\"https:\/\/www.amnesty.org\/en\/latest\/news\/2024\/08\/cote-divoire-thousands-of-families-still-awaiting-support-measures-after-forced-evictions-in-abidjan\/\">violaciones de derechos humanos<\/a>\u00a0generalizadas que afectaban a decenas de miles de personas. Los desalojos se produjeron sin previo aviso adecuado y razonable, en algunos casos con violencia, y en noviembre miles de familias desalojadas forzosamente segu\u00edan sin ser realojadas o indemnizadas por todas sus p\u00e9rdidas. Tras la publicaci\u00f3n de Amnist\u00eda no se ha demolido ning\u00fan otro emplazamiento de la lista de 176, y las autoridades marfile\u00f1as anunciaron la suspensi\u00f3n de todas las actividades de desalojo el 21 de noviembre, as\u00ed como la aplicaci\u00f3n de las medidas de indemnizaci\u00f3n anunciadas en marzo de 2024.<\/p><p><strong>Dinamarca<\/strong>: Gracias al trabajo de campa\u00f1a de Amnist\u00eda Internacional,\u00a0<a href=\"https:\/\/www.amnesty.org\/es\/location\/europe-and-central-asia\/western-central-and-south-eastern-europe\/denmark\/report-denmark\/\">Dinamarca<\/a>\u00a0podr\u00e1 emprender acciones judiciales contra criminales de guerra por todo el alcance de sus cr\u00edmenes. Se trata de un resultado positivo de una nueva ley destinada a acabar con la impunidad para garantizar que ning\u00fan criminal de guerra quede impune. La nueva ley facultar\u00e1 a los tribunales daneses para perseguir delitos internacionales como tortura, cr\u00edmenes de guerra y cr\u00edmenes contra la humanidad.<\/p><p><strong>Alemania:<\/strong>\u00a0Tras llamamientos de\u00a0<a href=\"https:\/\/www.amnesty.de\/\">Amnist\u00eda Internacional Alemania<\/a>, entr\u00f3 en vigor la Ley de Autodeterminaci\u00f3n, que permitir\u00e1 a las personas transg\u00e9nero, no binarias e intersexuales obtener el reconocimiento legal de su identidad de g\u00e9nero mediante la presentaci\u00f3n de una simple declaraci\u00f3n en el registro. La nueva ley reemplaza la Ley Transexual de 1980, que obligaba a las personas transg\u00e9nero a someterse a evaluaciones psicol\u00f3gicas y a un procedimiento judicial discriminatorios para conseguir el reconocimiento legal de su identidad de g\u00e9nero.<\/p><p><strong>India:<\/strong>\u00a0Tras llamamientos de\u00a0<a href=\"https:\/\/www.amnesty.org\/es\/latest\/news\/2024\/11\/india-landmark-supreme-court-judgement-must-serve-as-a-turning-point-in-hate-campaign-against-muslims\/\">Amnist\u00eda Internacional<\/a>, el Tribunal Supremo de India dict\u00f3 dos sentencias hist\u00f3ricas destinadas a poner fin al clima de impunidad que rodea a la pr\u00e1ctica cruel e inhumana de castigar a las personas mediante la demolici\u00f3n ilegal de sus hogares y propiedades. Se trata de una\u00a0<a href=\"https:\/\/www.amnesty.org\/es\/latest\/news\/2024\/11\/india-landmark-supreme-court-judgement-must-serve-as-a-turning-point-in-hate-campaign-against-muslims\/\">gran victoria para poner fin a las demoliciones injustas<\/a>, dirigidas en su mayor\u00eda contra la minor\u00eda musulmana por las autoridades indias.<\/p><figure class=\"wp-block-image aligncenter size-full\"><div><img decoding=\"async\" class=\"aiic-ignore wp-image-220780\" src=\"https:\/\/www.amnesty.org\/en\/wp-content\/uploads\/2024\/12\/298666.jpg\" alt=\"Familiares sentados sobre una pila de escombros con lo que queda de sus pertenencias cerca Sunder Nursery, en Nizamuddin.\" \/><\/div><figcaption class=\"wp-element-caption\">Familiares sentados sobre una pila de escombros con lo que queda de sus pertenencias cerca Sunder Nursery, en Nizamuddin.<\/figcaption><\/figure><p><strong>Sierra Leona:\u00a0<\/strong>En una sentencia hist\u00f3rica dictada el 7 de noviembre, el Tribunal de Justicia de la Comunidad Econ\u00f3mica de Estados del \u00c1frica Occidental (CEDEAO)\u00a0<a href=\"https:\/\/www.courtecowas.org\/wp-content\/uploads\/2024\/11\/ADVOCAID-LTD-v-REP-OF-SIERRA-LEONE-ECW-CCJ-APP-18-22-JUDGMENT-ENG.pdf\" target=\"_blank\" rel=\"noreferrer noopener\">fall\u00f3<\/a>\u00a0a favor del grupo de la sociedad civil AdvocAid en una causa incoada contra la Rep\u00fablica de Sierra Leona para impugnar la legislaci\u00f3n sobre el merodeo. El tribunal fall\u00f3 que la legislaci\u00f3n sobre el merodeo de Sierra Leona vulnera los derechos a la igualdad, la no discriminaci\u00f3n y la libertad de circulaci\u00f3n, y afecta de forma desproporcionada a las personas marginadas. Amnist\u00eda Internacional present\u00f3 una\u202f<a href=\"https:\/\/www.amnesty.org\/es\/documents\/afr51\/6586\/2023\/en\/\" target=\"_blank\" rel=\"noreferrer noopener\">intervenci\u00f3n de terceros<\/a>\u00a0ante el Tribunal de la CEDEAO se\u00f1alando que la legislaci\u00f3n sobre el merodeo y otras leyes sobre el vagabundeo discriminan a las personas que viven en la pobreza, a la poblaci\u00f3n LGBTI y a las trabajadoras y los trabajadores sexuales, y vulneran su derecho a la dignidad, as\u00ed como el principio de legalidad.\u00a0<a href=\"https:\/\/www.amnesty.org\/en\/latest\/news\/2024\/11\/sierra-leone-authorities-must-repeal-colonial-vagrancy-laws-following-historic-ecowas-ruling\/\" target=\"_blank\" rel=\"noreferrer noopener\">El fallo del tribunal orden\u00f3 a Sierra Leona que reformara o derogara estas leyes<\/a>, haciendo hincapi\u00e9 en la necesidad de una legislaci\u00f3n que proteja a toda la ciudadan\u00eda frente a las detenciones arbitrarias y los abusos. Esta sentencia sienta un precedente jur\u00eddico crucial en toda \u00c1frica y fuera de ella, ya que 31 pa\u00edses siguen manteniendo legislaci\u00f3n sobre el merodeo discriminatoria.<\/p><p><strong>Turqu\u00eda:<\/strong>\u00a0Gracias al trabajo de\u00a0<a href=\"https:\/\/amnesty.org\/en\/latest\/news\/2024\/11\/turkiye-withdrawal-of-so-called-agents-of-influence-law-is-important-victory-for-civil-society\/\">Amnist\u00eda<\/a>\u00a0Internacional Turqu\u00eda, junto con decenas de organizaciones de la sociedad civil, se retir\u00f3 el proyecto de ley de espionaje, bautizada como ley \u201csobre agentes de influencia\u201d. Aunque el gobierno debate la posibilidad de reintroducir la reforma en su agenda, la retirada es un triunfo importante para los derechos humanos. Al unirse para expresar con vigor sus motivos de preocupaci\u00f3n reales, la sociedad civil turca ha ayudado a bloquear esta peligrosa medida que habr\u00eda tenido un impacto devastador en su labor y en la sociedad en general.<\/p><p><strong>Corea del Sur:\u00a0<\/strong>Tras la publicaci\u00f3n del informe\u00a0<a href=\"https:\/\/www.amnesty.org\/en\/documents\/act30\/8544\/2024\/en\/\"><em>Recharge for Rights: Ranking the Human Rights Due Diligence Reporting of Leading Electric Vehicle Makers<\/em><\/a>\u00a0(Recarga por los derechos: Clasificaci\u00f3n de los informes de diligencia debida en materia de derechos humanos de los principales fabricantes de veh\u00edculos el\u00e9ctricos), el equipo sobre Empresas y Derechos Humanos de Amnist\u00eda Internacional viaj\u00f3 a Corea del Sur, Taiw\u00e1n y Jap\u00f3n para reunirse con fabricantes mundiales de autom\u00f3viles y bater\u00edas, as\u00ed como con legisladores y la sociedad civil. Tras una reuni\u00f3n con la legisladora surcoreana Jongdeok Jeon, esta public\u00f3 una larga reflexi\u00f3n en Facebook que inclu\u00eda las siguientes palabras: \u201c<em>El gobierno debe dar un paso al frente y garantizar que las empresas abordan activamente y con sensatez las violaciones de derechos humanos\u2026 Agradecemos a Amnist\u00eda Internacional sus actividades y su preocupaci\u00f3n<\/em>.\u201d En 2025, los legisladores surcoreanos presentar\u00e1n un proyecto de ley sobre la diligencia debida obligatoria en materia de derechos humanos y medioambiente.<\/p><p><strong>Estados Unidos:<\/strong>\u00a0Este a\u00f1o se han producido importantes triunfos para el derecho al aborto en Estados Unidos, donde siete estados han ampliado o salvaguardado los derechos reproductivos. En Arizona, con la ayuda de Amnist\u00eda Internacional, se aprob\u00f3 la\u00a0<a href=\"https:\/\/www.amnestyusa.org\/press-releases\/arizonans-will-have-opportunity-to-vote-yes-on-protecting-the-human-right-to-abortion\/\">Proposici\u00f3n 139<\/a>\u00a0con el 62% de los votos, consagrando el derecho al aborto en la Constituci\u00f3n del estado. La medida anula las restricciones y proh\u00edbe las sanciones a quienes ayuden a abortar. Este logro hist\u00f3rico \u2014\u201cel mayor n\u00famero de firmas de votantes recogidas por una iniciativa ciudadana en la historia del estado\u201d\u2014 pone de relieve el poder de la organizaci\u00f3n de base, la acci\u00f3n colectiva y el apoyo unificado de Amnist\u00eda Internacional, tanto a escala nacional como internacional, a la campa\u00f1a de Arizona. Se trata de un paso decisivo en la lucha por los derechos reproductivos, que sienta las bases para impugnar las prohibiciones del aborto en todo el pa\u00eds.<\/p><figure class=\"wp-block-image aligncenter size-full\"><div><img decoding=\"async\" class=\"aiic-ignore wp-image-220781\" src=\"https:\/\/www.amnesty.org\/en\/wp-content\/uploads\/2024\/12\/298958.jpg\" alt=\"Dos mujeres sostienen sendos soportes verdes en los que se lee que el aborto es un derecho humano.\" \/><\/div><figcaption class=\"wp-element-caption\">Simpatizantes de Amnist\u00eda Internacional Estados Unidos se manifiestan por el derecho al aborto cerca de la Corte Suprema en Washington DC.<\/figcaption><\/figure><h3 id=\"h-diciembre\" class=\"wp-block-heading\"><strong>Diciembre<\/strong><\/h3><p><strong>B\u00e9lgica:<\/strong>\u00a0B\u00e9lgica ha sido declarada responsable de cr\u00edmenes de lesa humanidad por actos cometidos durante la colonizaci\u00f3n en un fallo hist\u00f3rico que constituye un punto de inflexi\u00f3n para los Estados europeos. Tras varios llamamientos de\u00a0<a href=\"https:\/\/www.afalab.org\/news\/2024-12-02-african-futures-lab-and-amnesty-international-joint-press-release-belgium-convicted-of-crimes-agains\/\">Amnist\u00eda Internacional y African Futures Lab<\/a>, el Tribunal de Apelaci\u00f3n de Bruselas ha reconocido hoy la responsabilidad del Estado belga en el secuestro y la segregaci\u00f3n racial sistem\u00e1tica de ni\u00f1os y ni\u00f1as m\u00e9tis durante el r\u00e9gimen colonial belga. Esto llega a ra\u00edz de que cinco mujeres m\u00e9tis nacidas entre 1948 y 1952 en el Congo belga iniciaran actuaciones judiciales contra el Estado belga. Tras perder en primera instancia en 2021, llevaron su caso ante el Tribunal de Apelaci\u00f3n de Bruselas para obtener justicia y reparaci\u00f3n.<\/p><\/div><\/section><\/div><\/article>\t\t\t\t\t\t<\/div>\n\t\t\t\t<\/div>\n\t\t\t\t<div class=\"elementor-element elementor-element-d44abd8 elementor-widget elementor-widget-text-editor\" data-id=\"d44abd8\" data-element_type=\"widget\" data-widget_type=\"text-editor.default\">\n\t\t\t\t<div class=\"elementor-widget-container\">\n\t\t\t\t\t\t\t<header class=\"wp-block-group article-header is-layout-flow wp-block-group-is-layout-flow\"><\/header><article class=\"wp-block-group article-content is-layout-flow wp-block-group-is-layout-flow\"><div class=\"entry-content wp-block-post-content is-layout-flow wp-block-post-content-is-layout-flow\"><section id=\"section-150024fa\" class=\"section section--tinted\"><div id=\"150024fa\" class=\"container\"><p><img decoding=\"async\" class=\"aiic-ignore wp-image-220788\" style=\"font-style: inherit; font-weight: inherit;\" src=\"https:\/\/www.amnesty.org\/en\/wp-content\/uploads\/2024\/12\/303957.jpg\" alt=\"Un grupo de mujeres m\u00e9tis esperan sentadas en una sala.\" \/><\/p><p>B\u00e9lgica ha sido declarada responsable de cr\u00edmenes de lesa humanidad por actos cometidos durante la colonizaci\u00f3n en un fallo hist\u00f3rico que constituye un punto de inflexi\u00f3n para los Estados europeos. Esto llega despu\u00e9s de que cinco mujeres m\u00e9tis nacidas en el Congo belga iniciaran actuaciones judiciales contra el Estado belga.<\/p><p><strong>Global:\u00a0<\/strong>En Nueva York, la Asamblea General de las Naciones Unidas adopt\u00f3 \u2014sin ser sometida a votaci\u00f3n\u2014 una resoluci\u00f3n innovadora que ordena entablar negociaciones formales sobre una Convenci\u00f3n sobre la Prevenci\u00f3n y el Castigo de los Cr\u00edmenes de Lesa Humanidad, un objetivo del trabajo de incidencia de\u00a0<a href=\"https:\/\/www.amnesty.org\/en\/latest\/news\/2024\/11\/states-must-negotiate-robust-treaty-crimes-against-humanity-after-resolution\/)\">Amnist\u00eda\u00a0<\/a>Internacional a largo plazo. El proceso est\u00e1 programado para 2026-2029. Una vez concluido y adoptado, el tratado reforzar\u00eda el marco de la justicia internacional al proporcionar nuevas herramientas a los Estados y permitirles cooperar mejor entre s\u00ed para perseguir los cr\u00edmenes de lesa humanidad. Adem\u00e1s, contribuir\u00eda a garantizar que haya menos \u201czonas seguras\u201d para las personas con presunta responsabilidad penal, y ser\u00eda un avance importante en la lucha contra la impunidad.<\/p><\/div><\/section><\/div><\/article>\t\t\t\t\t\t<\/div>\n\t\t\t\t<\/div>\n\t\t<div class=\"elementor-element elementor-element-5515ff2 e-con-boxed e-flex e-con\" data-id=\"5515ff2\" data-element_type=\"container\" data-settings=\"{&quot;background_background&quot;:&quot;classic&quot;,&quot;content_width&quot;:&quot;boxed&quot;}\">\n\t\t\t\t\t<div class=\"e-con-inner\">\n\t\t\t\t<div class=\"elementor-element elementor-element-66928a4 elementor-widget elementor-widget-text-editor\" data-id=\"66928a4\" data-element_type=\"widget\" data-widget_type=\"text-editor.default\">\n\t\t\t\t<div class=\"elementor-widget-container\">\n\t\t\t\t\t\t\t<article class=\"wp-block-group article-content is-layout-flow wp-block-group-is-layout-flow\"><div class=\"entry-content wp-block-post-content is-layout-flow wp-block-post-content-is-layout-flow\"><div class=\"wp-block-group is-style-light call-to-action is-layout-constrained wp-block-group-is-layout-constrained\"><h4 id=\"h-transforma-la-vida-de-personas-cuyos-derechos-han-sido-vulnerados\" class=\"wp-block-heading has-text-align-center callToAction-preHeading\"><strong style=\"font-size: 2rem; text-transform: inherit;\">\u00danete hoy a Amnist\u00eda Internacional<\/strong><\/h4><\/div><\/div><\/article>\t\t\t\t\t\t<\/div>\n\t\t\t\t<\/div>\n\t\t\t\t<div class=\"elementor-element elementor-element-ea7d9c7 elementor-align-center elementor-widget elementor-widget-button\" data-id=\"ea7d9c7\" data-element_type=\"widget\" data-widget_type=\"button.default\">\n\t\t\t\t<div class=\"elementor-widget-container\">\n\t\t\t\t\t<div class=\"elementor-button-wrapper\">\n\t\t\t<a href=\"https:\/\/amnistia.org.mx\/contenido\/index.php\/escribe-por-los-derechos-2026\/\" class=\"elementor-button-link elementor-button elementor-size-sm\" role=\"button\">\n\t\t\t\t\t\t<span class=\"elementor-button-content-wrapper\">\n\t\t\t\t\t\t<span class=\"elementor-button-text\">\u00a1QUIERO FORMAR PARTE!<\/span>\n\t\t<\/span>\n\t\t\t\t\t<\/a>\n\t\t<\/div>\n\t\t\t\t<\/div>\n\t\t\t\t<\/div>\n\t\t\t\t\t<\/div>\n\t\t\t\t<\/div>\n\t\t\t\t<div class=\"elementor-element elementor-element-7962e3e elementor-widget-divider--view-line elementor-widget elementor-widget-divider\" data-id=\"7962e3e\" data-element_type=\"widget\" data-widget_type=\"divider.default\">\n\t\t\t\t<div class=\"elementor-widget-container\">\n\t\t\t\t\t<div class=\"elementor-divider\">\n\t\t\t<span class=\"elementor-divider-separator\">\n\t\t\t\t\t\t<\/span>\n\t\t<\/div>\n\t\t\t\t<\/div>\n\t\t\t\t<\/div>\n\t\t\t\t<div class=\"elementor-element elementor-element-d8b56bf elementor-post-navigation-borders-yes elementor-widget elementor-widget-post-navigation\" data-id=\"d8b56bf\" data-element_type=\"widget\" data-widget_type=\"post-navigation.default\">\n\t\t\t\t<div class=\"elementor-widget-container\">\n\t\t\t\t\t<div class=\"elementor-post-navigation\">\n\t\t\t<div class=\"elementor-post-navigation__prev elementor-post-navigation__link\">\n\t\t\t\t<a href=\"https:\/\/amnistia.org.mx\/contenido\/index.php\/tus-palabras-pueden-cambiar-vidas-mira-como\/\" rel=\"prev\"><span class=\"post-navigation__arrow-wrapper post-navigation__arrow-prev\"><i class=\"fa fa-angle-left\" aria-hidden=\"true\"><\/i><span class=\"elementor-screen-only\">Previo<\/span><\/span><span class=\"elementor-post-navigation__link__prev\"><span class=\"post-navigation__prev--label\">Anterior<\/span><span class=\"post-navigation__prev--title\">Tus palabras pueden cambiar vidas. Mira c\u00f3mo.<\/span><\/span><\/a>\t\t\t<\/div>\n\t\t\t\t\t\t\t<div class=\"elementor-post-navigation__separator-wrapper\">\n\t\t\t\t\t<div class=\"elementor-post-navigation__separator\"><\/div>\n\t\t\t\t<\/div>\n\t\t\t\t\t\t<div class=\"elementor-post-navigation__next elementor-post-navigation__link\">\n\t\t\t\t<a href=\"https:\/\/amnistia.org.mx\/contenido\/index.php\/integracion-socioeconomica-de-las-personas-migrantes-y-refugiadas-en-las-comunidades-de-acogida-beneficios-y-oportunidades-obstaculos-y-desafios\/\" rel=\"next\"><span class=\"elementor-post-navigation__link__next\"><span class=\"post-navigation__next--label\">Siguiente<\/span><span class=\"post-navigation__next--title\">Integraci\u00f3n socioecon\u00f3mica de las personas migrantes y refugiadas en las comunidades de acogida.<\/span><\/span><span class=\"post-navigation__arrow-wrapper post-navigation__arrow-next\"><i class=\"fa fa-angle-right\" aria-hidden=\"true\"><\/i><span class=\"elementor-screen-only\">Next<\/span><\/span><\/a>\t\t\t<\/div>\n\t\t<\/div>\n\t\t\t\t<\/div>\n\t\t\t\t<\/div>\n\t\t\t\t\t<\/div>\n\t\t<\/div>\n\t\t\t\t<div class=\"elementor-column elementor-col-33 elementor-top-column elementor-element elementor-element-1f8f29d2\" data-id=\"1f8f29d2\" data-element_type=\"column\">\n\t\t\t<div class=\"elementor-widget-wrap elementor-element-populated\">\n\t\t\t\t\t\t\t\t<section class=\"elementor-section elementor-inner-section elementor-element elementor-element-51d3682b elementor-section-boxed elementor-section-height-default elementor-section-height-default\" data-id=\"51d3682b\" data-element_type=\"section\">\n\t\t\t\t\t\t<div class=\"elementor-container elementor-column-gap-default\">\n\t\t\t\t\t<div class=\"elementor-column elementor-col-100 elementor-inner-column elementor-element elementor-element-3b7514e6\" data-id=\"3b7514e6\" data-element_type=\"column\">\n\t\t\t<div class=\"elementor-widget-wrap elementor-element-populated\">\n\t\t\t\t\t\t\t\t<div class=\"elementor-element elementor-element-16f990f5 elementor-widget elementor-widget-heading\" data-id=\"16f990f5\" data-element_type=\"widget\" data-widget_type=\"heading.default\">\n\t\t\t\t<div class=\"elementor-widget-container\">\n\t\t\t<style>\/*! elementor - v3.11.5 - 14-03-2023 *\/\n.elementor-heading-title{padding:0;margin:0;line-height:1}.elementor-widget-heading .elementor-heading-title[class*=elementor-size-]>a{color:inherit;font-size:inherit;line-height:inherit}.elementor-widget-heading .elementor-heading-title.elementor-size-small{font-size:15px}.elementor-widget-heading .elementor-heading-title.elementor-size-medium{font-size:19px}.elementor-widget-heading .elementor-heading-title.elementor-size-large{font-size:29px}.elementor-widget-heading .elementor-heading-title.elementor-size-xl{font-size:39px}.elementor-widget-heading .elementor-heading-title.elementor-size-xxl{font-size:59px}<\/style><h4 class=\"elementor-heading-title elementor-size-default\">Comp\u00e1rtelo en redes<\/h4>\t\t<\/div>\n\t\t\t\t<\/div>\n\t\t\t\t<div class=\"elementor-element elementor-element-258c658a elementor-share-buttons--view-icon elementor-share-buttons--shape-circle elementor-share-buttons--skin-framed elementor-share-buttons--color-custom elementor-grid-0 elementor-widget elementor-widget-share-buttons\" data-id=\"258c658a\" data-element_type=\"widget\" data-widget_type=\"share-buttons.default\">\n\t\t\t\t<div class=\"elementor-widget-container\">\n\t\t\t<link rel=\"stylesheet\" href=\"https:\/\/amnistia.org.mx\/contenido\/wp-content\/plugins\/elementor-pro\/assets\/css\/widget-share-buttons.min.css\">\t\t<div class=\"elementor-grid\">\n\t\t\t\t\t\t\t\t<div class=\"elementor-grid-item\">\n\t\t\t\t\t\t<div\n\t\t\t\t\t\t\tclass=\"elementor-share-btn elementor-share-btn_facebook\"\n\t\t\t\t\t\t\trole=\"button\"\n\t\t\t\t\t\t\ttabindex=\"0\"\n\t\t\t\t\t\t\taria-label=\"Compartir en facebook\"\n\t\t\t\t\t\t>\n\t\t\t\t\t\t\t\t\t\t\t\t\t\t\t<span class=\"elementor-share-btn__icon\">\n\t\t\t\t\t\t\t\t<svg class=\"e-font-icon-svg e-fab-facebook\" viewBox=\"0 0 512 512\" xmlns=\"http:\/\/www.w3.org\/2000\/svg\"><path d=\"M504 256C504 119 393 8 256 8S8 119 8 256c0 123.78 90.69 226.38 209.25 245V327.69h-63V256h63v-54.64c0-62.15 37-96.48 93.67-96.48 27.14 0 55.52 4.84 55.52 4.84v61h-31.28c-30.8 0-40.41 19.12-40.41 38.73V256h68.78l-11 71.69h-57.78V501C413.31 482.38 504 379.78 504 256z\"><\/path><\/svg>\t\t\t\t\t\t\t<\/span>\n\t\t\t\t\t\t\t\t\t\t\t\t\t\t\t\t\t\t\t\t<\/div>\n\t\t\t\t\t<\/div>\n\t\t\t\t\t\t\t\t\t<div class=\"elementor-grid-item\">\n\t\t\t\t\t\t<div\n\t\t\t\t\t\t\tclass=\"elementor-share-btn elementor-share-btn_twitter\"\n\t\t\t\t\t\t\trole=\"button\"\n\t\t\t\t\t\t\ttabindex=\"0\"\n\t\t\t\t\t\t\taria-label=\"Compartir en twitter\"\n\t\t\t\t\t\t>\n\t\t\t\t\t\t\t\t\t\t\t\t\t\t\t<span class=\"elementor-share-btn__icon\">\n\t\t\t\t\t\t\t\t<svg class=\"e-font-icon-svg e-fab-twitter\" viewBox=\"0 0 512 512\" xmlns=\"http:\/\/www.w3.org\/2000\/svg\"><path d=\"M459.37 151.716c.325 4.548.325 9.097.325 13.645 0 138.72-105.583 298.558-298.558 298.558-59.452 0-114.68-17.219-161.137-47.106 8.447.974 16.568 1.299 25.34 1.299 49.055 0 94.213-16.568 130.274-44.832-46.132-.975-84.792-31.188-98.112-72.772 6.498.974 12.995 1.624 19.818 1.624 9.421 0 18.843-1.3 27.614-3.573-48.081-9.747-84.143-51.98-84.143-102.985v-1.299c13.969 7.797 30.214 12.67 47.431 13.319-28.264-18.843-46.781-51.005-46.781-87.391 0-19.492 5.197-37.36 14.294-52.954 51.655 63.675 129.3 105.258 216.365 109.807-1.624-7.797-2.599-15.918-2.599-24.04 0-57.828 46.782-104.934 104.934-104.934 30.213 0 57.502 12.67 76.67 33.137 23.715-4.548 46.456-13.32 66.599-25.34-7.798 24.366-24.366 44.833-46.132 57.827 21.117-2.273 41.584-8.122 60.426-16.243-14.292 20.791-32.161 39.308-52.628 54.253z\"><\/path><\/svg>\t\t\t\t\t\t\t<\/span>\n\t\t\t\t\t\t\t\t\t\t\t\t\t\t\t\t\t\t\t\t<\/div>\n\t\t\t\t\t<\/div>\n\t\t\t\t\t\t\t\t\t<div class=\"elementor-grid-item\">\n\t\t\t\t\t\t<div\n\t\t\t\t\t\t\tclass=\"elementor-share-btn elementor-share-btn_email\"\n\t\t\t\t\t\t\trole=\"button\"\n\t\t\t\t\t\t\ttabindex=\"0\"\n\t\t\t\t\t\t\taria-label=\"Compartir en email\"\n\t\t\t\t\t\t>\n\t\t\t\t\t\t\t\t\t\t\t\t\t\t\t<span class=\"elementor-share-btn__icon\">\n\t\t\t\t\t\t\t\t<svg class=\"e-font-icon-svg e-fas-envelope\" viewBox=\"0 0 512 512\" xmlns=\"http:\/\/www.w3.org\/2000\/svg\"><path d=\"M502.3 190.8c3.9-3.1 9.7-.2 9.7 4.7V400c0 26.5-21.5 48-48 48H48c-26.5 0-48-21.5-48-48V195.6c0-5 5.7-7.8 9.7-4.7 22.4 17.4 52.1 39.5 154.1 113.6 21.1 15.4 56.7 47.8 92.2 47.6 35.7.3 72-32.8 92.3-47.6 102-74.1 131.6-96.3 154-113.7zM256 320c23.2.4 56.6-29.2 73.4-41.4 132.7-96.3 142.8-104.7 173.4-128.7 5.8-4.5 9.2-11.5 9.2-18.9v-19c0-26.5-21.5-48-48-48H48C21.5 64 0 85.5 0 112v19c0 7.4 3.4 14.3 9.2 18.9 30.6 23.9 40.7 32.4 173.4 128.7 16.8 12.2 50.2 41.8 73.4 41.4z\"><\/path><\/svg>\t\t\t\t\t\t\t<\/span>\n\t\t\t\t\t\t\t\t\t\t\t\t\t\t\t\t\t\t\t\t<\/div>\n\t\t\t\t\t<\/div>\n\t\t\t\t\t\t\t\t\t<div class=\"elementor-grid-item\">\n\t\t\t\t\t\t<div\n\t\t\t\t\t\t\tclass=\"elementor-share-btn elementor-share-btn_whatsapp\"\n\t\t\t\t\t\t\trole=\"button\"\n\t\t\t\t\t\t\ttabindex=\"0\"\n\t\t\t\t\t\t\taria-label=\"Compartir en whatsapp\"\n\t\t\t\t\t\t>\n\t\t\t\t\t\t\t\t\t\t\t\t\t\t\t<span class=\"elementor-share-btn__icon\">\n\t\t\t\t\t\t\t\t<svg class=\"e-font-icon-svg e-fab-whatsapp\" viewBox=\"0 0 448 512\" xmlns=\"http:\/\/www.w3.org\/2000\/svg\"><path d=\"M380.9 97.1C339 55.1 283.2 32 223.9 32c-122.4 0-222 99.6-222 222 0 39.1 10.2 77.3 29.6 111L0 480l117.7-30.9c32.4 17.7 68.9 27 106.1 27h.1c122.3 0 224.1-99.6 224.1-222 0-59.3-25.2-115-67.1-157zm-157 341.6c-33.2 0-65.7-8.9-94-25.7l-6.7-4-69.8 18.3L72 359.2l-4.4-7c-18.5-29.4-28.2-63.3-28.2-98.2 0-101.7 82.8-184.5 184.6-184.5 49.3 0 95.6 19.2 130.4 54.1 34.8 34.9 56.2 81.2 56.1 130.5 0 101.8-84.9 184.6-186.6 184.6zm101.2-138.2c-5.5-2.8-32.8-16.2-37.9-18-5.1-1.9-8.8-2.8-12.5 2.8-3.7 5.6-14.3 18-17.6 21.8-3.2 3.7-6.5 4.2-12 1.4-32.6-16.3-54-29.1-75.5-66-5.7-9.8 5.7-9.1 16.3-30.3 1.8-3.7.9-6.9-.5-9.7-1.4-2.8-12.5-30.1-17.1-41.2-4.5-10.8-9.1-9.3-12.5-9.5-3.2-.2-6.9-.2-10.6-.2-3.7 0-9.7 1.4-14.8 6.9-5.1 5.6-19.4 19-19.4 46.3 0 27.3 19.9 53.7 22.6 57.4 2.8 3.7 39.1 59.7 94.8 83.8 35.2 15.2 49 16.5 66.6 13.9 10.7-1.6 32.8-13.4 37.4-26.4 4.6-13 4.6-24.1 3.2-26.4-1.3-2.5-5-3.9-10.5-6.6z\"><\/path><\/svg>\t\t\t\t\t\t\t<\/span>\n\t\t\t\t\t\t\t\t\t\t\t\t\t\t\t\t\t\t\t\t<\/div>\n\t\t\t\t\t<\/div>\n\t\t\t\t\t\t<\/div>\n\t\t\t\t<\/div>\n\t\t\t\t<\/div>\n\t\t\t\t\t<\/div>\n\t\t<\/div>\n\t\t\t\t\t\t\t<\/div>\n\t\t<\/section>\n\t\t\t\t\t<\/div>\n\t\t<\/div>\n\t\t\t\t\t\t\t<\/div>\n\t\t<\/section>\n\t\t\t\t<section class=\"elementor-section elementor-top-section elementor-element elementor-element-20eabedc elementor-section-boxed elementor-section-height-default elementor-section-height-default\" data-id=\"20eabedc\" data-element_type=\"section\" data-settings=\"{&quot;background_background&quot;:&quot;classic&quot;}\">\n\t\t\t\t\t\t<div class=\"elementor-container elementor-column-gap-default\">\n\t\t\t\t\t<div class=\"elementor-column elementor-col-100 elementor-top-column elementor-element elementor-element-50c0c1dd\" data-id=\"50c0c1dd\" data-element_type=\"column\">\n\t\t\t<div class=\"elementor-widget-wrap elementor-element-populated\">\n\t\t\t\t\t\t\t\t<section class=\"elementor-section elementor-inner-section elementor-element elementor-element-6700d895 elementor-section-boxed elementor-section-height-default elementor-section-height-default\" data-id=\"6700d895\" data-element_type=\"section\">\n\t\t\t\t\t\t<div class=\"elementor-container elementor-column-gap-default\">\n\t\t\t\t\t<div class=\"elementor-column elementor-col-33 elementor-inner-column elementor-element elementor-element-53a33735\" data-id=\"53a33735\" data-element_type=\"column\">\n\t\t\t<div class=\"elementor-widget-wrap elementor-element-populated\">\n\t\t\t\t\t\t\t\t<div class=\"elementor-element elementor-element-717cb036 elementor-position-left elementor-vertical-align-middle elementor-view-default elementor-mobile-position-top elementor-widget elementor-widget-icon-box\" data-id=\"717cb036\" data-element_type=\"widget\" data-widget_type=\"icon-box.default\">\n\t\t\t\t<div class=\"elementor-widget-container\">\n\t\t\t<link rel=\"stylesheet\" href=\"https:\/\/amnistia.org.mx\/contenido\/wp-content\/plugins\/elementor\/assets\/css\/widget-icon-box.min.css\">\t\t<div class=\"elementor-icon-box-wrapper\">\n\t\t\t\t\t\t<div class=\"elementor-icon-box-icon\">\n\t\t\t\t<span class=\"elementor-icon elementor-animation-\" >\n\t\t\t\t<svg xmlns=\"http:\/\/www.w3.org\/2000\/svg\" width=\"82.818\" height=\"136.515\" viewBox=\"0 0 82.818 136.515\">\n  <g id=\"hand\" transform=\"translate(-100.695)\">\n    <g id=\"Grupo_115\" data-name=\"Grupo 115\" transform=\"translate(100.695)\">\n      <path id=\"Trazado_2550\" data-name=\"Trazado 2550\" d=\"M183.513,12.138H169.144V3.376H154.776V0H118.039V11.5l-12.581,1.44L100.695,48.2l24.481,31.943-1.455,56.37h8l1.354-52.429,9.461,2.58,2.105-7.719-13.028-3.553L109.07,45.975l3.484-25.8,13.225-1.515a4.07,4.07,0,0,1,2.265,7.692l-10,4.941V44.565l3.512.432c.226.028,22.659,3,23.3,21.184l8-.28c-.355-10.163-5.561-18.33-15.065-23.668q.238-.283.458-.581a11.163,11.163,0,0,0,10.622.048,11.16,11.16,0,0,0,15.071,2.964,11.16,11.16,0,0,0,11.582,3.347V67.423L168.9,80.686l.736,55.828h8l-.712-53.995,6.588-13.214V12.138Zm-57.473-1.5V8h6.367v4.317A12.016,12.016,0,0,0,126.04,10.636Zm6.368,24.4h0a3.184,3.184,0,0,1-6.161,1.129l5.34-2.638c.282-.139.555-.289.821-.447v1.955Zm11.183-.017a3.186,3.186,0,0,1-3.183-3.163V8h6.366V31.837h0A3.187,3.187,0,0,1,143.592,35.02Zm17.552.193h0a3.183,3.183,0,0,1-6.367,0V11.377h6.367V35.213Zm14.368,2.078a3.183,3.183,0,1,1-6.367,0V20.139h6.367V37.29Z\" transform=\"translate(-100.695)\"\/>\n    <\/g>\n  <\/g>\n<\/svg>\n\t\t\t\t<\/span>\n\t\t\t<\/div>\n\t\t\t\t\t\t<div class=\"elementor-icon-box-content\">\n\t\t\t\t<h3 class=\"elementor-icon-box-title\">\n\t\t\t\t\t<span  >\n\t\t\t\t\t\tDona\t\t\t\t\t<\/span>\n\t\t\t\t<\/h3>\n\t\t\t\t\t\t\t\t\t<p class=\"elementor-icon-box-description\">\n\t\t\t\t\t\tTrabajamos para exponer las violaciones de los derechos humanos, dando una luz de esperanza a quienes a\u00fan esperan justicia.\t\t\t\t\t<\/p>\n\t\t\t\t\t\t\t<\/div>\n\t\t<\/div>\n\t\t\t\t<\/div>\n\t\t\t\t<\/div>\n\t\t\t\t\t<\/div>\n\t\t<\/div>\n\t\t\t\t<div class=\"elementor-column elementor-col-33 elementor-inner-column elementor-element elementor-element-115edc7f\" data-id=\"115edc7f\" data-element_type=\"column\">\n\t\t\t<div class=\"elementor-widget-wrap elementor-element-populated\">\n\t\t\t\t\t\t\t\t<div class=\"elementor-element elementor-element-7b086a72 elementor-position-left elementor-vertical-align-middle elementor-view-default elementor-mobile-position-top elementor-widget elementor-widget-icon-box\" data-id=\"7b086a72\" data-element_type=\"widget\" data-widget_type=\"icon-box.default\">\n\t\t\t\t<div class=\"elementor-widget-container\">\n\t\t\t\t\t<div class=\"elementor-icon-box-wrapper\">\n\t\t\t\t\t\t<div class=\"elementor-icon-box-icon\">\n\t\t\t\t<span class=\"elementor-icon elementor-animation-\" >\n\t\t\t\t<svg xmlns=\"http:\/\/www.w3.org\/2000\/svg\" width=\"134.598\" height=\"104.976\" viewBox=\"0 0 134.598 104.976\">\n  <g id=\"Amnesty_Icons_041\" data-name=\"Amnesty Icons 041\" transform=\"translate(-12.5 -23.49)\">\n    <rect id=\"Rect\u00e1ngulo_38\" data-name=\"Rect\u00e1ngulo 38\" width=\"22.879\" height=\"2.692\" transform=\"translate(23.267 77.351)\"\/>\n    <rect id=\"Rect\u00e1ngulo_39\" data-name=\"Rect\u00e1ngulo 39\" width=\"22.879\" height=\"2.692\" transform=\"translate(50.184 77.351)\"\/>\n    <rect id=\"Rect\u00e1ngulo_40\" data-name=\"Rect\u00e1ngulo 40\" width=\"22.879\" height=\"2.692\" transform=\"translate(23.267 82.734)\"\/>\n    <rect id=\"Rect\u00e1ngulo_41\" data-name=\"Rect\u00e1ngulo 41\" width=\"22.879\" height=\"2.692\" transform=\"translate(50.184 82.734)\"\/>\n    <rect id=\"Rect\u00e1ngulo_42\" data-name=\"Rect\u00e1ngulo 42\" width=\"22.879\" height=\"2.692\" transform=\"translate(23.267 88.118)\"\/>\n    <rect id=\"Rect\u00e1ngulo_43\" data-name=\"Rect\u00e1ngulo 43\" width=\"22.879\" height=\"2.692\" transform=\"translate(50.184 88.118)\"\/>\n    <rect id=\"Rect\u00e1ngulo_44\" data-name=\"Rect\u00e1ngulo 44\" width=\"22.879\" height=\"2.692\" transform=\"translate(23.267 93.501)\"\/>\n    <rect id=\"Rect\u00e1ngulo_45\" data-name=\"Rect\u00e1ngulo 45\" width=\"22.879\" height=\"2.692\" transform=\"translate(50.184 93.501)\"\/>\n    <rect id=\"Rect\u00e1ngulo_46\" data-name=\"Rect\u00e1ngulo 46\" width=\"22.879\" height=\"2.692\" transform=\"translate(23.267 98.884)\"\/>\n    <rect id=\"Rect\u00e1ngulo_47\" data-name=\"Rect\u00e1ngulo 47\" width=\"22.879\" height=\"2.692\" transform=\"translate(50.184 98.884)\"\/>\n    <rect id=\"Rect\u00e1ngulo_48\" data-name=\"Rect\u00e1ngulo 48\" width=\"22.879\" height=\"2.692\" transform=\"translate(23.267 104.268)\"\/>\n    <rect id=\"Rect\u00e1ngulo_49\" data-name=\"Rect\u00e1ngulo 49\" width=\"22.879\" height=\"2.692\" transform=\"translate(50.184 104.268)\"\/>\n    <rect id=\"Rect\u00e1ngulo_50\" data-name=\"Rect\u00e1ngulo 50\" width=\"22.879\" height=\"2.692\" transform=\"translate(86.522 77.351)\"\/>\n    <rect id=\"Rect\u00e1ngulo_51\" data-name=\"Rect\u00e1ngulo 51\" width=\"22.879\" height=\"2.692\" transform=\"translate(113.439 77.351)\"\/>\n    <rect id=\"Rect\u00e1ngulo_52\" data-name=\"Rect\u00e1ngulo 52\" width=\"22.879\" height=\"2.692\" transform=\"translate(86.522 82.734)\"\/>\n    <rect id=\"Rect\u00e1ngulo_53\" data-name=\"Rect\u00e1ngulo 53\" width=\"22.879\" height=\"2.692\" transform=\"translate(113.439 82.734)\"\/>\n    <rect id=\"Rect\u00e1ngulo_54\" data-name=\"Rect\u00e1ngulo 54\" width=\"22.879\" height=\"2.692\" transform=\"translate(86.522 88.118)\"\/>\n    <rect id=\"Rect\u00e1ngulo_55\" data-name=\"Rect\u00e1ngulo 55\" width=\"22.879\" height=\"2.692\" transform=\"translate(113.439 88.118)\"\/>\n    <rect id=\"Rect\u00e1ngulo_56\" data-name=\"Rect\u00e1ngulo 56\" width=\"22.879\" height=\"2.692\" transform=\"translate(86.522 93.501)\"\/>\n    <rect id=\"Rect\u00e1ngulo_57\" data-name=\"Rect\u00e1ngulo 57\" width=\"22.879\" height=\"2.692\" transform=\"translate(113.439 93.501)\"\/>\n    <rect id=\"Rect\u00e1ngulo_58\" data-name=\"Rect\u00e1ngulo 58\" width=\"22.879\" height=\"2.692\" transform=\"translate(86.522 98.884)\"\/>\n    <rect id=\"Rect\u00e1ngulo_59\" data-name=\"Rect\u00e1ngulo 59\" width=\"22.879\" height=\"2.692\" transform=\"translate(113.439 98.884)\"\/>\n    <rect id=\"Rect\u00e1ngulo_60\" data-name=\"Rect\u00e1ngulo 60\" width=\"22.879\" height=\"2.692\" transform=\"translate(86.522 104.268)\"\/>\n    <rect id=\"Rect\u00e1ngulo_61\" data-name=\"Rect\u00e1ngulo 61\" width=\"22.879\" height=\"2.692\" transform=\"translate(113.439 104.268)\"\/>\n    <rect id=\"Rect\u00e1ngulo_62\" data-name=\"Rect\u00e1ngulo 62\" width=\"43.067\" height=\"8.075\" rx=\"1\" transform=\"translate(23.267 41.013)\"\/>\n    <rect id=\"Rect\u00e1ngulo_63\" data-name=\"Rect\u00e1ngulo 63\" width=\"32.3\" height=\"8.075\" rx=\"1\" transform=\"translate(23.267 51.78)\"\/>\n    <path id=\"Trazado_47\" data-name=\"Trazado 47\" d=\"M147.085,24.836a1.346,1.346,0,0,0-1.346-1.346H83.83a5.383,5.383,0,0,0-4.038,1.871,5.383,5.383,0,0,0-4.038-1.871H13.846A1.356,1.356,0,0,0,12.5,24.836v96.9a1.346,1.346,0,0,0,1.346,1.346H71.96a4.011,4.011,0,0,0,3.8,5.383H83.83a4.01,4.01,0,0,0,3.8-5.383h58.127a1.356,1.356,0,0,0,1.346-1.346ZM15.192,26.182H75.755a2.692,2.692,0,0,1,2.692,2.692v91.518H15.192ZM83.83,120.391H81.138V28.873a2.692,2.692,0,0,1,2.692-2.692h60.563v94.209Z\" transform=\"translate(0)\"\/>\n    <rect id=\"Rect\u00e1ngulo_64\" data-name=\"Rect\u00e1ngulo 64\" width=\"49.796\" height=\"33.646\" rx=\"1\" transform=\"translate(86.522 35.63)\"\/>\n  <\/g>\n<\/svg>\n\t\t\t\t<\/span>\n\t\t\t<\/div>\n\t\t\t\t\t\t<div class=\"elementor-icon-box-content\">\n\t\t\t\t<h3 class=\"elementor-icon-box-title\">\n\t\t\t\t\t<span  >\n\t\t\t\t\t\tFirma nuestras peticiones\t\t\t\t\t<\/span>\n\t\t\t\t<\/h3>\n\t\t\t\t\t\t\t\t\t<p class=\"elementor-icon-box-description\">\n\t\t\t\t\t\tCon tu \ufb01rma podemos presentarnos frente a las autoridades no solo como Amnist\u00eda Internacional \u00a1sino como miles de personas exigen un mundo mejor!\n\n\t\t\t\t\t<\/p>\n\t\t\t\t\t\t\t<\/div>\n\t\t<\/div>\n\t\t\t\t<\/div>\n\t\t\t\t<\/div>\n\t\t\t\t\t<\/div>\n\t\t<\/div>\n\t\t\t\t<div class=\"elementor-column elementor-col-33 elementor-inner-column elementor-element elementor-element-bce7d1f\" data-id=\"bce7d1f\" data-element_type=\"column\">\n\t\t\t<div class=\"elementor-widget-wrap elementor-element-populated\">\n\t\t\t\t\t\t\t\t<div class=\"elementor-element elementor-element-444b252e elementor-position-left elementor-vertical-align-middle elementor-view-default elementor-mobile-position-top elementor-widget elementor-widget-icon-box\" data-id=\"444b252e\" data-element_type=\"widget\" data-widget_type=\"icon-box.default\">\n\t\t\t\t<div class=\"elementor-widget-container\">\n\t\t\t\t\t<div class=\"elementor-icon-box-wrapper\">\n\t\t\t\t\t\t<div class=\"elementor-icon-box-icon\">\n\t\t\t\t<span class=\"elementor-icon elementor-animation-\" >\n\t\t\t\t<svg xmlns=\"http:\/\/www.w3.org\/2000\/svg\" id=\"tres-personas-icono\" width=\"92.484\" height=\"64.15\" viewBox=\"0 0 92.484 64.15\"><path id=\"Trazado_20\" data-name=\"Trazado 20\" d=\"M16.41,64.633c.406-2.073,1.2-2.229,3.238-2.229H32.875A14.279,14.279,0,0,1,33.5,60.57H19.666c-2.564,0-4.4.449-5.036,3.669L12.564,74.951c-.4,1.834-.461,4.21,2.527,5.723,1.411.706,5.313,2.449,7.518,3.421a2.343,2.343,0,0,0,3.118-1.247l1.061-2.522a2.331,2.331,0,0,0-.775-2.752l-4.538-3.146a.53.53,0,0,1-.184-.541L22.3,69.723a.913.913,0,0,0-.142-.984.924.924,0,0,0-1.61.48l-1.015,4.164a2.36,2.36,0,0,0,.922,2.449l4.492,3.183a.512.512,0,0,1,.148.615l-1.024,2.522a.515.515,0,0,1-.3.294.547.547,0,0,1-.415,0c-2.186-.963-6.06-2.66-7.379-3.357-1.78-.917-1.919-1.99-1.568-3.669Z\" transform=\"translate(-12.368 -30.273)\"><\/path><path id=\"Trazado_21\" data-name=\"Trazado 21\" d=\"M110.66,74.952l-2.048-10.7c-.636-3.265-2.472-3.669-5.036-3.669H89.74a11.876,11.876,0,0,1,.609,1.834h13.246c2.039,0,2.832.156,3.238,2.229l2.048,10.823c.351,1.688.212,2.752-1.568,3.669-1.365.7-5.239,2.394-7.379,3.357a.547.547,0,0,1-.415,0,.515.515,0,0,1-.3-.293l-1.052-2.522a.512.512,0,0,1,.148-.615l4.548-3.146a2.36,2.36,0,0,0,.922-2.449l-1.107-4.247a.922.922,0,1,0-1.78.422l1.005,4.164a.53.53,0,0,1-.184.541l-4.538,3.146a2.331,2.331,0,0,0-.775,2.752l1.052,2.522a2.343,2.343,0,0,0,3.118,1.247c2.2-.972,6.106-2.752,7.518-3.421C111.122,79.162,111.057,76.814,110.66,74.952Z\" transform=\"translate(-18.371 -30.274)\"><\/path><path id=\"Trazado_22\" data-name=\"Trazado 22\" d=\"M57.437,50.68a.923.923,0,0,0,1.218-.624l.535-2.091a2.744,2.744,0,0,0-1.125-3.045,6.448,6.448,0,1,1,6.807,0,2.743,2.743,0,0,0-1.07,3l.581,2.137a.923.923,0,0,0,1.218.624,11.981,11.981,0,1,0-8.117,0Z\" transform=\"translate(-15.253 -27.537)\"><\/path><path id=\"Trazado_23\" data-name=\"Trazado 23\" d=\"M86.629,54.456a.924.924,0,0,0,1.218-.6.916.916,0,0,0-.507-1.055,6.45,6.45,0,1,1,4.889,0,.916.916,0,0,0-.507,1.064h0a.924.924,0,0,0,1.218.6A8.249,8.249,0,0,0,89.562,38.58,8.36,8.36,0,0,0,81.5,46.761a8.254,8.254,0,0,0,5.129,7.7Z\" transform=\"translate(-17.732 -28.452)\"><\/path><path id=\"Trazado_24\" data-name=\"Trazado 24\" d=\"M30.666,54.477a.924.924,0,0,0,1.218-.6h0a.916.916,0,0,0-.507-1.055,6.45,6.45,0,1,1,4.9,0,.883.883,0,0,0-.042,1.615.927.927,0,0,0,.743.036A8.249,8.249,0,0,0,33.562,38.61,8.369,8.369,0,0,0,25.5,46.791a8.254,8.254,0,0,0,5.166,7.686Z\" transform=\"translate(-13.387 -28.454)\"><\/path><path id=\"Trazado_25\" data-name=\"Trazado 25\" d=\"M84.328,63.283a11.551,11.551,0,0,0-.609-2.22h0c-1.642-3.981-5.055-4.5-8-4.5h-31c-2.933,0-6.337.523-7.988,4.5h0a8.569,8.569,0,0,0-.341.972h0c-.111.394-.221.807-.314,1.266L33.143,78.893c-.36,1.7-1.439,6.842,4.391,9.8,2.048,1.036,7.7,3.54,10.894,4.953a4.862,4.862,0,0,0,6.457-2.559L57.1,87.01c.858-2.045-.48-3.962-2.278-5.283h-.111l-6.042-4.247,1.753-7.209a.917.917,0,0,0-.618-1.064l-3.69-.862H45.9a.922.922,0,0,0-.922.7l-1.421,5.842-.424,1.752a4.819,4.819,0,0,0,1.845,5h.065L51.057,85.8l-1.052,2.513c-5.027-2.174-8.625-3.834-9.99-4.512-1.67-.853-1.965-1.6-1.494-3.907L41.473,64.3c.415-2.11.775-2.284,3.247-2.284H75.667c2.472,0,2.841.174,3.247,2.265l2.961,15.748c.461,2.22.175,2.944-1.5,3.788-1.365.7-4.99,2.33-10,4.586l-1.052-2.55,6.014-4.127a.167.167,0,0,0,.065,0,4.783,4.783,0,0,0,1.845-5L75.4,69.1a.922.922,0,0,0-.922-.7h-.138l-3.69.853a.917.917,0,0,0-.627,1.073l1.706,7.154-6.042,4.247-.065.046a4.8,4.8,0,0,0-1.6,5.732l1.522,3.623a4.843,4.843,0,0,0,4.474,2.962,4.9,4.9,0,0,0,1.965-.44c3.182-1.4,8.828-3.916,10.885-4.962,5.839-2.953,4.75-8.126,4.409-9.759Z\" transform=\"translate(-13.955 -29.941)\"><\/path><\/svg>\t\t\t\t<\/span>\n\t\t\t<\/div>\n\t\t\t\t\t\t<div class=\"elementor-icon-box-content\">\n\t\t\t\t<h3 class=\"elementor-icon-box-title\">\n\t\t\t\t\t<span  >\n\t\t\t\t\t\tHazte miembro\t\t\t\t\t<\/span>\n\t\t\t\t<\/h3>\n\t\t\t\t\t\t\t\t\t<p class=\"elementor-icon-box-description\">\n\t\t\t\t\t\tAdem\u00e1s de donar, las personas que forman parte de la membres\u00eda cuentan con voz y voto para participar en las actividades de gobernanza de Amnist\u00eda Internacional Secci\u00f3n Mexicana.\t\t\t\t\t<\/p>\n\t\t\t\t\t\t\t<\/div>\n\t\t<\/div>\n\t\t\t\t<\/div>\n\t\t\t\t<\/div>\n\t\t\t\t\t<\/div>\n\t\t<\/div>\n\t\t\t\t\t\t\t<\/div>\n\t\t<\/section>\n\t\t\t\t\t<\/div>\n\t\t<\/div>\n\t\t\t\t\t\t\t<\/div>\n\t\t<\/section>\n\t\t\t\t\t\t\t<\/div>\n\t\t","protected":false},"excerpt":{"rendered":"<p>Este a\u00f1o comenz\u00f3 con varios triunfos en materia de derechos humanos, y gente de todo el mundo sigue demostrando que se pueden lograr cambios. Esperamos que los numerosos cambios positivos que se han logrado en los \u00faltimos seis meses \u2014desde modificar legislaci\u00f3n hasta garantizar que se hace justicia, pasando por ayudar a quienes lo necesitan\u2014 les hayan reconfortado.<\/p>\n","protected":false},"author":18,"featured_media":41108,"comment_status":"closed","ping_status":"open","sticky":false,"template":"","format":"standard","meta":{"_uf_show_specific_survey":0,"_uf_disable_surveys":false,"site-sidebar-layout":"default","site-content-layout":"default","ast-global-header-display":"","ast-main-header-display":"","ast-hfb-above-header-display":"","ast-hfb-below-header-display":"","ast-hfb-mobile-header-display":"","site-post-title":"","ast-breadcrumbs-content":"","ast-featured-img":"","footer-sml-layout":"","theme-transparent-header-meta":"default","adv-header-id-meta":"","stick-header-meta":"","header-above-stick-meta":"","header-main-stick-meta":"","header-below-stick-meta":""},"categories":[18],"tags":[],"acf":[],"aioseo_notices":[],"yoast_head":"<!-- This site is optimized with the Yoast SEO plugin v14.5 - https:\/\/yoast.com\/wordpress\/plugins\/seo\/ -->\n<title>Los triunfos para los derechos humanos en 2025 - amnistia.org.mx<\/title>\n<meta name=\"description\" content=\"Este a\u00f1o comenz\u00f3 con varios triunfos en materia de derechos humanos, y gente de todo el mundo sigue demostrando que se pueden lograr cambios.\" \/>\n<meta name=\"robots\" content=\"index, follow\" \/>\n<meta name=\"googlebot\" content=\"index, follow, max-snippet:-1, max-image-preview:large, max-video-preview:-1\" \/>\n<meta name=\"bingbot\" content=\"index, follow, max-snippet:-1, max-image-preview:large, max-video-preview:-1\" \/>\n<link rel=\"canonical\" href=\"https:\/\/amnistia.org.mx\/contenido\/index.php\/triunfos-para-los-derechos-humanos-en-2024\/\" \/>\n<meta property=\"og:locale\" content=\"es_MX\" \/>\n<meta property=\"og:type\" content=\"article\" \/>\n<meta property=\"og:title\" content=\"Los triunfos para los derechos humanos en 2025 - amnistia.org.mx\" \/>\n<meta property=\"og:description\" content=\"Este a\u00f1o comenz\u00f3 con varios triunfos en materia de derechos humanos, y gente de todo el mundo sigue demostrando que se pueden lograr cambios.\" \/>\n<meta property=\"og:url\" content=\"https:\/\/amnistia.org.mx\/contenido\/index.php\/triunfos-para-los-derechos-humanos-en-2024\/\" \/>\n<meta property=\"og:site_name\" content=\"amnistia.org.mx\" \/>\n<meta property=\"article:published_time\" content=\"2025-12-12T15:14:00+00:00\" \/>\n<meta property=\"article:modified_time\" content=\"2025-12-15T16:10:00+00:00\" \/>\n<meta property=\"og:image\" content=\"https:\/\/amnistia.org.mx\/contenido\/wp-content\/uploads\/2025\/12\/303587-scaled-1468x710-1.jpg\" \/>\n\t<meta property=\"og:image:width\" content=\"1468\" \/>\n\t<meta property=\"og:image:height\" content=\"710\" \/>\n<meta name=\"twitter:card\" content=\"summary_large_image\" \/>\n<script type=\"application\/ld+json\" class=\"yoast-schema-graph\">{\"@context\":\"https:\/\/schema.org\",\"@graph\":[{\"@type\":\"WebSite\",\"@id\":\"https:\/\/amnistia.org.mx\/contenido\/#website\",\"url\":\"https:\/\/amnistia.org.mx\/contenido\/\",\"name\":\"amnistia.org.mx\",\"description\":\"Nueva p\\u00e1gina de Amnist\\u00eda\",\"potentialAction\":[{\"@type\":\"SearchAction\",\"target\":\"https:\/\/amnistia.org.mx\/contenido\/?s={search_term_string}\",\"query-input\":\"required name=search_term_string\"}],\"inLanguage\":\"es-MX\"},{\"@type\":\"ImageObject\",\"@id\":\"https:\/\/amnistia.org.mx\/contenido\/index.php\/triunfos-para-los-derechos-humanos-en-2024\/#primaryimage\",\"inLanguage\":\"es-MX\",\"url\":\"https:\/\/amnistia.org.mx\/contenido\/wp-content\/uploads\/2025\/12\/303587-scaled-1468x710-1.jpg\",\"width\":1468,\"height\":710,\"caption\":\"Amnesty International Taiwan\"},{\"@type\":\"WebPage\",\"@id\":\"https:\/\/amnistia.org.mx\/contenido\/index.php\/triunfos-para-los-derechos-humanos-en-2024\/#webpage\",\"url\":\"https:\/\/amnistia.org.mx\/contenido\/index.php\/triunfos-para-los-derechos-humanos-en-2024\/\",\"name\":\"Los triunfos para los derechos humanos en 2025 - amnistia.org.mx\",\"isPartOf\":{\"@id\":\"https:\/\/amnistia.org.mx\/contenido\/#website\"},\"primaryImageOfPage\":{\"@id\":\"https:\/\/amnistia.org.mx\/contenido\/index.php\/triunfos-para-los-derechos-humanos-en-2024\/#primaryimage\"},\"datePublished\":\"2025-12-12T15:14:00+00:00\",\"dateModified\":\"2025-12-15T16:10:00+00:00\",\"author\":{\"@id\":\"https:\/\/amnistia.org.mx\/contenido\/#\/schema\/person\/d2f786357f75df54423772c307a57fa2\"},\"description\":\"Este a\\u00f1o comenz\\u00f3 con varios triunfos en materia de derechos humanos, y gente de todo el mundo sigue demostrando que se pueden lograr cambios.\",\"breadcrumb\":{\"@id\":\"https:\/\/amnistia.org.mx\/contenido\/index.php\/triunfos-para-los-derechos-humanos-en-2024\/#breadcrumb\"},\"inLanguage\":\"es-MX\",\"potentialAction\":[{\"@type\":\"ReadAction\",\"target\":[\"https:\/\/amnistia.org.mx\/contenido\/index.php\/triunfos-para-los-derechos-humanos-en-2024\/\"]}]},{\"@type\":\"BreadcrumbList\",\"@id\":\"https:\/\/amnistia.org.mx\/contenido\/index.php\/triunfos-para-los-derechos-humanos-en-2024\/#breadcrumb\",\"itemListElement\":[{\"@type\":\"ListItem\",\"position\":1,\"item\":{\"@type\":\"WebPage\",\"@id\":\"https:\/\/amnistia.org.mx\/contenido\/\",\"url\":\"https:\/\/amnistia.org.mx\/contenido\/\",\"name\":\"Home\"}},{\"@type\":\"ListItem\",\"position\":2,\"item\":{\"@type\":\"WebPage\",\"@id\":\"https:\/\/amnistia.org.mx\/contenido\/index.php\/triunfos-para-los-derechos-humanos-en-2024\/\",\"url\":\"https:\/\/amnistia.org.mx\/contenido\/index.php\/triunfos-para-los-derechos-humanos-en-2024\/\",\"name\":\"Los triunfos para los derechos humanos en 2025\"}}]},{\"@type\":[\"Person\"],\"@id\":\"https:\/\/amnistia.org.mx\/contenido\/#\/schema\/person\/d2f786357f75df54423772c307a57fa2\",\"name\":\"Fernanda Jim\\u00e9nez Aguilar\",\"image\":{\"@type\":\"ImageObject\",\"@id\":\"https:\/\/amnistia.org.mx\/contenido\/#personlogo\",\"inLanguage\":\"es-MX\",\"url\":\"https:\/\/secure.gravatar.com\/avatar\/adfb626108fbdf0cbe48df94696b5411?s=96&d=mm&r=g\",\"caption\":\"Fernanda Jim\\u00e9nez Aguilar\"}}]}<\/script>\n<!-- \/ Yoast SEO plugin. -->","_links":{"self":[{"href":"https:\/\/amnistia.org.mx\/contenido\/index.php\/wp-json\/wp\/v2\/posts\/41103"}],"collection":[{"href":"https:\/\/amnistia.org.mx\/contenido\/index.php\/wp-json\/wp\/v2\/posts"}],"about":[{"href":"https:\/\/amnistia.org.mx\/contenido\/index.php\/wp-json\/wp\/v2\/types\/post"}],"author":[{"embeddable":true,"href":"https:\/\/amnistia.org.mx\/contenido\/index.php\/wp-json\/wp\/v2\/users\/18"}],"replies":[{"embeddable":true,"href":"https:\/\/amnistia.org.mx\/contenido\/index.php\/wp-json\/wp\/v2\/comments?post=41103"}],"version-history":[{"count":6,"href":"https:\/\/amnistia.org.mx\/contenido\/index.php\/wp-json\/wp\/v2\/posts\/41103\/revisions"}],"predecessor-version":[{"id":41112,"href":"https:\/\/amnistia.org.mx\/contenido\/index.php\/wp-json\/wp\/v2\/posts\/41103\/revisions\/41112"}],"wp:featuredmedia":[{"embeddable":true,"href":"https:\/\/amnistia.org.mx\/contenido\/index.php\/wp-json\/wp\/v2\/media\/41108"}],"wp:attachment":[{"href":"https:\/\/amnistia.org.mx\/contenido\/index.php\/wp-json\/wp\/v2\/media?parent=41103"}],"wp:term":[{"taxonomy":"category","embeddable":true,"href":"https:\/\/amnistia.org.mx\/contenido\/index.php\/wp-json\/wp\/v2\/categories?post=41103"},{"taxonomy":"post_tag","embeddable":true,"href":"https:\/\/amnistia.org.mx\/contenido\/index.php\/wp-json\/wp\/v2\/tags?post=41103"}],"curies":[{"name":"wp","href":"https:\/\/api.w.org\/{rel}","templated":true}]}}