
{"id":41167,"date":"2026-01-04T11:34:06","date_gmt":"2026-01-04T17:34:06","guid":{"rendered":"https:\/\/amnistia.org.mx\/contenido\/?p=41167"},"modified":"2026-01-04T11:38:37","modified_gmt":"2026-01-04T17:38:37","slug":"strongglobal-amnistia-internacional-expresa-preocupacion-por-los-derechos-humanos-tras-accion-militar-de-estados-unidos-en-venezuela-strong","status":"publish","type":"post","link":"https:\/\/amnistia.org.mx\/contenido\/index.php\/strongglobal-amnistia-internacional-expresa-preocupacion-por-los-derechos-humanos-tras-accion-militar-de-estados-unidos-en-venezuela-strong\/","title":{"rendered":"<strong>Global: Amnist\u00eda Internacional expresa preocupaci\u00f3n por los derechos humanos tras la acci\u00f3n militar de Estados Unidos en Venezuela<\/strong>"},"content":{"rendered":"\n<figure class=\"wp-block-image alignfull size-full\"><img decoding=\"async\" loading=\"lazy\" width=\"800\" height=\"375\" src=\"https:\/\/amnistia.org.mx\/contenido\/wp-content\/uploads\/2026\/01\/Foto-comunicado-Venezuela-1.jpg\" alt=\"\" class=\"wp-image-41176\"\/><\/figure>\n\n\n\n<p class=\"has-text-align-right\">Foto: Federico Parra \/ colaborador GettyImages<\/p>\n\n\n\n<p>La acci\u00f3n militar llevada a cabo hoy por la Administraci\u00f3n Trump en Venezuela, que result\u00f3 en la captura de Nicol\u00e1s Maduro y Cilia Flores, genera graves preocupaciones sobre los derechos humanos de la poblaci\u00f3n venezolana. Muy probablemente constituye una violaci\u00f3n del derecho internacional, incluida la Carta de la ONU, al igual que la intenci\u00f3n declarada de Estados Unidos de dirigir Venezuela y controlar sus recursos petroleros.<\/p>\n\n\n\n<p>Amnist\u00eda Internacional est\u00e1 particularmente preocupada por el riesgo de una mayor escalada de violaciones de derechos humanos en el pa\u00eds, ya sea como resultado de nuevas operaciones estadounidenses o de las respuestas del gobierno venezolano a los ataques de Estados Unidos.<\/p>\n\n\n\n<p>La organizaci\u00f3n insta al gobierno estadounidense a cumplir con el derecho internacional humanitario y de derechos humanos, priorizar la protecci\u00f3n de la poblaci\u00f3n civil y garantizar los derechos humanos de todas las personas privadas de libertad, incluido el debido proceso y un trato humano.<\/p>\n\n\n\n<p>Tambi\u00e9n hace un llamado a las autoridades venezolanas para que se abstengan de m\u00e1s represi\u00f3n en contra de la poblaci\u00f3n, record\u00e1ndoles que est\u00e1n obligadas por el derecho internacional a respetar y proteger los derechos humanos de todas las personas en Venezuela.<\/p>\n\n\n\n<p>Las personas en mayor riesgo inmediato incluyen a personas defensoras de derechos humanos y activistas pol\u00edticos que han enfrentado durante a\u00f1os las violaciones y cr\u00edmenes de derecho internacional cometidos por el gobierno de Maduro. Amnist\u00eda Internacional se solidariza con el pueblo venezolano: los miles de v\u00edctimas y sobrevivientes, y los millones de personas que han huido tras a\u00f1os de sufrir graves violaciones y cr\u00edmenes de lesa humanidad.<\/p>\n\n\n\n<p>Amnist\u00eda Internacional reitera su llamado de larga data para que el gobierno de Maduro sea investigado y, cuando existan pruebas suficientes, las personas responsables sean procesadas ante un tribunal independiente e imparcial, a fin de garantizar justicia, reparaci\u00f3n y garant\u00edas de no repetici\u00f3n para las v\u00edctimas y sobrevivientes de violaciones en Venezuela.<\/p>\n\n\n\n<p>Amnist\u00eda Internacional est\u00e1 alarmada porque el ataque contra Venezuela y la captura de Nicol\u00e1s Maduro y Cilia Flores por uno de los cinco miembros permanentes del Consejo de Seguridad de las Naciones Unidas profundizan a\u00fan m\u00e1s el colapso del derecho internacional y del orden global basado en normas. Estas acciones dan se\u00f1ales de un sistema internacional regido por la fuerza militar, las amenazas y la intimidaci\u00f3n, y aumentan el riesgo de acciones de imitaci\u00f3n por parte de otros actores.<\/p>\n\n\n\n<p><\/p>\n","protected":false},"excerpt":{"rendered":"<p>Foto: Federico Parra \/ colaborador GettyImages La acci\u00f3n militar llevada a cabo hoy por la Administraci\u00f3n Trump en Venezuela, que result\u00f3 en la captura de Nicol\u00e1s Maduro y Cilia Flores, &hellip;<\/p>\n<p class=\"read-more\"> <a class=\"\" href=\"https:\/\/amnistia.org.mx\/contenido\/index.php\/strongglobal-amnistia-internacional-expresa-preocupacion-por-los-derechos-humanos-tras-accion-militar-de-estados-unidos-en-venezuela-strong\/\"> <span class=\"screen-reader-text\"><strong>Global: Amnist\u00eda Internacional expresa preocupaci\u00f3n por los derechos humanos tras la acci\u00f3n militar de Estados Unidos en Venezuela<\/strong><\/span> Leer m\u00e1s &raquo;<\/a><\/p>\n","protected":false},"author":4,"featured_media":41168,"comment_status":"closed","ping_status":"closed","sticky":false,"template":"","format":"standard","meta":{"_uf_show_specific_survey":0,"_uf_disable_surveys":false,"site-sidebar-layout":"default","site-content-layout":"default","ast-global-header-display":"","ast-main-header-display":"","ast-hfb-above-header-display":"","ast-hfb-below-header-display":"","ast-hfb-mobile-header-display":"","site-post-title":"","ast-breadcrumbs-content":"","ast-featured-img":"","footer-sml-layout":"","theme-transparent-header-meta":"","adv-header-id-meta":"","stick-header-meta":"","header-above-stick-meta":"","header-main-stick-meta":"","header-below-stick-meta":""},"categories":[9,20],"tags":[235],"acf":[],"aioseo_notices":[],"yoast_head":"<!-- This site is optimized with the Yoast SEO plugin v14.5 - https:\/\/yoast.com\/wordpress\/plugins\/seo\/ -->\n<title>Global: Amnist\u00eda Internacional expresa preocupaci\u00f3n por los derechos humanos tras la acci\u00f3n militar de Estados Unidos en Venezuela - amnistia.org.mx<\/title>\n<meta name=\"description\" content=\"Amnist\u00eda Internacional expresa su preocupaci\u00f3n por los derechos humanos luego de la acci\u00f3n militar de Estados Unidos en Venezuela\" \/>\n<meta name=\"robots\" content=\"index, follow\" \/>\n<meta name=\"googlebot\" content=\"index, follow, max-snippet:-1, max-image-preview:large, max-video-preview:-1\" \/>\n<meta name=\"bingbot\" content=\"index, follow, max-snippet:-1, max-image-preview:large, max-video-preview:-1\" \/>\n<link rel=\"canonical\" href=\"https:\/\/amnistia.org.mx\/contenido\/index.php\/strongglobal-amnistia-internacional-expresa-preocupacion-por-los-derechos-humanos-tras-accion-militar-de-estados-unidos-en-venezuela-strong\/\" \/>\n<meta property=\"og:locale\" content=\"es_MX\" \/>\n<meta property=\"og:type\" content=\"article\" \/>\n<meta property=\"og:title\" content=\"Global: Amnist\u00eda Internacional expresa preocupaci\u00f3n por los derechos humanos tras la acci\u00f3n militar de Estados Unidos en Venezuela - amnistia.org.mx\" \/>\n<meta property=\"og:description\" content=\"Amnist\u00eda Internacional expresa su preocupaci\u00f3n por los derechos humanos luego de la acci\u00f3n militar de Estados Unidos en Venezuela\" \/>\n<meta property=\"og:url\" content=\"https:\/\/amnistia.org.mx\/contenido\/index.php\/strongglobal-amnistia-internacional-expresa-preocupacion-por-los-derechos-humanos-tras-accion-militar-de-estados-unidos-en-venezuela-strong\/\" \/>\n<meta property=\"og:site_name\" content=\"amnistia.org.mx\" \/>\n<meta property=\"article:published_time\" content=\"2026-01-04T17:34:06+00:00\" \/>\n<meta property=\"article:modified_time\" content=\"2026-01-04T17:38:37+00:00\" \/>\n<meta property=\"og:image\" content=\"https:\/\/amnistia.org.mx\/contenido\/wp-content\/uploads\/2026\/01\/Foto-comunicado-Venezuela.jpg\" \/>\n\t<meta property=\"og:image:width\" content=\"800\" \/>\n\t<meta property=\"og:image:height\" content=\"375\" \/>\n<meta name=\"twitter:card\" content=\"summary_large_image\" \/>\n<script type=\"application\/ld+json\" class=\"yoast-schema-graph\">{\"@context\":\"https:\/\/schema.org\",\"@graph\":[{\"@type\":\"WebSite\",\"@id\":\"https:\/\/amnistia.org.mx\/contenido\/#website\",\"url\":\"https:\/\/amnistia.org.mx\/contenido\/\",\"name\":\"amnistia.org.mx\",\"description\":\"Nueva p\\u00e1gina de Amnist\\u00eda\",\"potentialAction\":[{\"@type\":\"SearchAction\",\"target\":\"https:\/\/amnistia.org.mx\/contenido\/?s={search_term_string}\",\"query-input\":\"required name=search_term_string\"}],\"inLanguage\":\"es-MX\"},{\"@type\":\"ImageObject\",\"@id\":\"https:\/\/amnistia.org.mx\/contenido\/index.php\/strongglobal-amnistia-internacional-expresa-preocupacion-por-los-derechos-humanos-tras-accion-militar-de-estados-unidos-en-venezuela-strong\/#primaryimage\",\"inLanguage\":\"es-MX\",\"url\":\"https:\/\/amnistia.org.mx\/contenido\/wp-content\/uploads\/2026\/01\/Foto-comunicado-Venezuela.jpg\",\"width\":800,\"height\":375},{\"@type\":\"WebPage\",\"@id\":\"https:\/\/amnistia.org.mx\/contenido\/index.php\/strongglobal-amnistia-internacional-expresa-preocupacion-por-los-derechos-humanos-tras-accion-militar-de-estados-unidos-en-venezuela-strong\/#webpage\",\"url\":\"https:\/\/amnistia.org.mx\/contenido\/index.php\/strongglobal-amnistia-internacional-expresa-preocupacion-por-los-derechos-humanos-tras-accion-militar-de-estados-unidos-en-venezuela-strong\/\",\"name\":\"Global: Amnist\\u00eda Internacional expresa preocupaci\\u00f3n por los derechos humanos tras la acci\\u00f3n militar de Estados Unidos en Venezuela - amnistia.org.mx\",\"isPartOf\":{\"@id\":\"https:\/\/amnistia.org.mx\/contenido\/#website\"},\"primaryImageOfPage\":{\"@id\":\"https:\/\/amnistia.org.mx\/contenido\/index.php\/strongglobal-amnistia-internacional-expresa-preocupacion-por-los-derechos-humanos-tras-accion-militar-de-estados-unidos-en-venezuela-strong\/#primaryimage\"},\"datePublished\":\"2026-01-04T17:34:06+00:00\",\"dateModified\":\"2026-01-04T17:38:37+00:00\",\"author\":{\"@id\":\"https:\/\/amnistia.org.mx\/contenido\/#\/schema\/person\/7db421c495688267ce8ede4625c17fa5\"},\"description\":\"Amnist\\u00eda Internacional expresa su preocupaci\\u00f3n por los derechos humanos luego de la acci\\u00f3n militar de Estados Unidos en Venezuela\",\"breadcrumb\":{\"@id\":\"https:\/\/amnistia.org.mx\/contenido\/index.php\/strongglobal-amnistia-internacional-expresa-preocupacion-por-los-derechos-humanos-tras-accion-militar-de-estados-unidos-en-venezuela-strong\/#breadcrumb\"},\"inLanguage\":\"es-MX\",\"potentialAction\":[{\"@type\":\"ReadAction\",\"target\":[\"https:\/\/amnistia.org.mx\/contenido\/index.php\/strongglobal-amnistia-internacional-expresa-preocupacion-por-los-derechos-humanos-tras-accion-militar-de-estados-unidos-en-venezuela-strong\/\"]}]},{\"@type\":\"BreadcrumbList\",\"@id\":\"https:\/\/amnistia.org.mx\/contenido\/index.php\/strongglobal-amnistia-internacional-expresa-preocupacion-por-los-derechos-humanos-tras-accion-militar-de-estados-unidos-en-venezuela-strong\/#breadcrumb\",\"itemListElement\":[{\"@type\":\"ListItem\",\"position\":1,\"item\":{\"@type\":\"WebPage\",\"@id\":\"https:\/\/amnistia.org.mx\/contenido\/\",\"url\":\"https:\/\/amnistia.org.mx\/contenido\/\",\"name\":\"Home\"}},{\"@type\":\"ListItem\",\"position\":2,\"item\":{\"@type\":\"WebPage\",\"@id\":\"https:\/\/amnistia.org.mx\/contenido\/index.php\/strongglobal-amnistia-internacional-expresa-preocupacion-por-los-derechos-humanos-tras-accion-militar-de-estados-unidos-en-venezuela-strong\/\",\"url\":\"https:\/\/amnistia.org.mx\/contenido\/index.php\/strongglobal-amnistia-internacional-expresa-preocupacion-por-los-derechos-humanos-tras-accion-militar-de-estados-unidos-en-venezuela-strong\/\",\"name\":\"Global: Amnist\\u00eda Internacional expresa preocupaci\\u00f3n por los derechos humanos tras la acci\\u00f3n militar de Estados Unidos en Venezuela\"}}]},{\"@type\":[\"Person\"],\"@id\":\"https:\/\/amnistia.org.mx\/contenido\/#\/schema\/person\/7db421c495688267ce8ede4625c17fa5\",\"name\":\"Alejandro Ju\\u00e1rez Gamero\",\"image\":{\"@type\":\"ImageObject\",\"@id\":\"https:\/\/amnistia.org.mx\/contenido\/#personlogo\",\"inLanguage\":\"es-MX\",\"url\":\"https:\/\/secure.gravatar.com\/avatar\/e312d5566d1c3ffb56f86415d6f0e606?s=96&d=mm&r=g\",\"caption\":\"Alejandro Ju\\u00e1rez Gamero\"}}]}<\/script>\n<!-- \/ Yoast SEO plugin. -->","_links":{"self":[{"href":"https:\/\/amnistia.org.mx\/contenido\/index.php\/wp-json\/wp\/v2\/posts\/41167"}],"collection":[{"href":"https:\/\/amnistia.org.mx\/contenido\/index.php\/wp-json\/wp\/v2\/posts"}],"about":[{"href":"https:\/\/amnistia.org.mx\/contenido\/index.php\/wp-json\/wp\/v2\/types\/post"}],"author":[{"embeddable":true,"href":"https:\/\/amnistia.org.mx\/contenido\/index.php\/wp-json\/wp\/v2\/users\/4"}],"replies":[{"embeddable":true,"href":"https:\/\/amnistia.org.mx\/contenido\/index.php\/wp-json\/wp\/v2\/comments?post=41167"}],"version-history":[{"count":8,"href":"https:\/\/amnistia.org.mx\/contenido\/index.php\/wp-json\/wp\/v2\/posts\/41167\/revisions"}],"predecessor-version":[{"id":41178,"href":"https:\/\/amnistia.org.mx\/contenido\/index.php\/wp-json\/wp\/v2\/posts\/41167\/revisions\/41178"}],"wp:featuredmedia":[{"embeddable":true,"href":"https:\/\/amnistia.org.mx\/contenido\/index.php\/wp-json\/wp\/v2\/media\/41168"}],"wp:attachment":[{"href":"https:\/\/amnistia.org.mx\/contenido\/index.php\/wp-json\/wp\/v2\/media?parent=41167"}],"wp:term":[{"taxonomy":"category","embeddable":true,"href":"https:\/\/amnistia.org.mx\/contenido\/index.php\/wp-json\/wp\/v2\/categories?post=41167"},{"taxonomy":"post_tag","embeddable":true,"href":"https:\/\/amnistia.org.mx\/contenido\/index.php\/wp-json\/wp\/v2\/tags?post=41167"}],"curies":[{"name":"wp","href":"https:\/\/api.w.org\/{rel}","templated":true}]}}