
{"id":41292,"date":"2025-07-16T12:07:00","date_gmt":"2025-07-16T17:07:00","guid":{"rendered":"https:\/\/amnistia.org.mx\/contenido\/?p=41292"},"modified":"2026-01-27T13:51:24","modified_gmt":"2026-01-27T19:51:24","slug":"mexico-mujeres-ninas-y-desapariciones-forzadas-comite-onu","status":"publish","type":"post","link":"https:\/\/amnistia.org.mx\/contenido\/index.php\/mexico-mujeres-ninas-y-desapariciones-forzadas-comite-onu\/","title":{"rendered":"M\u00e9xico: Mujeres, Ni\u00f1as y Desapariciones Forzadas. Informaci\u00f3n para el Comit\u00e9 de la ONU contra la Desaparici\u00f3n Forzada sobre el borrador de la Observaci\u00f3n General n\u00fam. 2"},"content":{"rendered":"\t\t<div data-elementor-type=\"wp-post\" data-elementor-id=\"41292\" class=\"elementor elementor-41292\">\n\t\t\t\t\t\t\t\t\t<section class=\"elementor-section elementor-top-section elementor-element elementor-element-1a1a8720 elementor-section-boxed elementor-section-height-default elementor-section-height-default\" data-id=\"1a1a8720\" data-element_type=\"section\">\n\t\t\t\t\t\t<div class=\"elementor-container elementor-column-gap-default\">\n\t\t\t\t\t<div class=\"elementor-column elementor-col-100 elementor-top-column elementor-element elementor-element-61798f58\" data-id=\"61798f58\" data-element_type=\"column\">\n\t\t\t<div class=\"elementor-widget-wrap elementor-element-populated\">\n\t\t\t\t\t\t\t\t<div class=\"elementor-element elementor-element-23c93ebf elementor-widget elementor-widget-text-editor\" data-id=\"23c93ebf\" data-element_type=\"widget\" data-widget_type=\"text-editor.default\">\n\t\t\t\t<div class=\"elementor-widget-container\">\n\t\t\t<style>\/*! elementor - v3.11.5 - 14-03-2023 *\/\n.elementor-widget-text-editor.elementor-drop-cap-view-stacked .elementor-drop-cap{background-color:#69727d;color:#fff}.elementor-widget-text-editor.elementor-drop-cap-view-framed .elementor-drop-cap{color:#69727d;border:3px solid;background-color:transparent}.elementor-widget-text-editor:not(.elementor-drop-cap-view-default) .elementor-drop-cap{margin-top:8px}.elementor-widget-text-editor:not(.elementor-drop-cap-view-default) .elementor-drop-cap-letter{width:1em;height:1em}.elementor-widget-text-editor .elementor-drop-cap{float:left;text-align:center;line-height:1;font-size:50px}.elementor-widget-text-editor .elementor-drop-cap-letter{display:inline-block}<\/style>\t\t\t\t<p><!-- wp:paragraph --><\/p>\n<div>\n<div data-olk-copy-source=\"MessageBody\">\n<article dir=\"auto\" tabindex=\"-1\" data-turn-id=\"7955a80e-37e7-47d6-85ae-6dde2087d90b\" data-testid=\"conversation-turn-18\" data-scroll-anchor=\"true\" data-turn=\"assistant\">\n<div tabindex=\"-1\">\n<div dir=\"auto\" data-message-author-role=\"assistant\" data-message-id=\"cbbe4239-b82b-4932-bedd-02f265b850e3\" data-message-model-slug=\"gpt-5-2\">\n<p data-start=\"60\" data-end=\"324\" data-is-last-node=\"\" data-is-only-node=\"\">Tras la finalizaci\u00f3n por parte del Comit\u00e9 contra la Desaparici\u00f3n Forzada del primer borrador de la Observaci\u00f3n General n.\u00ba 2 sobre Mujeres, Ni\u00f1as y Desapariciones Forzadas, Amnist\u00eda Internacional agradece la oportunidad que se le brinda de presentar la siguiente contribuci\u00f3n escrita sobre dicho borrador.<br \/>Esta Observaci\u00f3n general ofrece al Comit\u00e9 una oportunidad excelente para aclarar qu\u00e9 obligaciones tienen los Estados en relaci\u00f3n con la comisi\u00f3n de actos de desaparici\u00f3n forzada contra mujeres y ni\u00f1as y qu\u00e9 impacto diferenciado tienen las desapariciones forzadas en ellas, incluyendo, en particular, las formas espec\u00edficas de violencia que sufren como v\u00edctimas de este crimen de derecho internacional.<\/p>\n<\/div>\n<\/div>\n<\/article>\n<\/div>\n<\/div>\n<div>\n<div>\n<p><!-- wp:buttons {\"align\":\"center\"} --><\/p>\n<div class=\"wp-block-buttons aligncenter\">\n<p align=\"center\"><iframe loading=\"lazy\" class=\"embed-responsive-item\" src=\"https:\/\/amnistia.org.mx\/informes\/boton74.php\" width=\"200\" height=\"80\" frameborder=\"0\" scrolling=\"NO\" align=\"center\" allowfullscreen=\"allowfullscreen\"><\/iframe><\/p>\n<p><!-- \/wp:button --><\/p><p><!-- \/wp:html --><\/p>\n<p><!-- wp:paragraph --><!-- \/wp:paragraph --><\/p>\n<\/div>\n<\/div>\t\t\t\t\t\t<\/div>\n\t\t\t\t<\/div>\n\t\t\t\t\t<\/div>\n\t\t<\/div>\n\t\t\t\t\t\t\t<\/div>\n\t\t<\/section>\n\t\t\t\t\t\t\t<\/div>\n\t\t","protected":false},"excerpt":{"rendered":"<p>Amnist\u00eda Internacional presenta aportes al borrador de la Observaci\u00f3n General n.\u00ba 2 del Comit\u00e9 contra la Desaparici\u00f3n Forzada, sobre las obligaciones de los Estados y el impacto diferenciado de las desapariciones forzadas en mujeres y ni\u00f1as.<\/p>\n","protected":false},"author":18,"featured_media":38289,"comment_status":"open","ping_status":"open","sticky":false,"template":"","format":"standard","meta":{"_uf_show_specific_survey":0,"_uf_disable_surveys":false,"site-sidebar-layout":"default","site-content-layout":"default","ast-global-header-display":"","ast-main-header-display":"","ast-hfb-above-header-display":"","ast-hfb-below-header-display":"","ast-hfb-mobile-header-display":"","site-post-title":"","ast-breadcrumbs-content":"","ast-featured-img":"","footer-sml-layout":"","theme-transparent-header-meta":"default","adv-header-id-meta":"","stick-header-meta":"","header-above-stick-meta":"","header-main-stick-meta":"","header-below-stick-meta":""},"categories":[17],"tags":[37,28,25,27],"acf":[],"aioseo_notices":[],"yoast_head":"<!-- This site is optimized with the Yoast SEO plugin v14.5 - https:\/\/yoast.com\/wordpress\/plugins\/seo\/ -->\n<title>M\u00e9xico: Mujeres, Ni\u00f1as y Desapariciones Forzadas. Informaci\u00f3n para el Comit\u00e9 de la ONU contra la Desaparici\u00f3n Forzada sobre el borrador de la Observaci\u00f3n General n\u00fam. 2<\/title>\n<meta name=\"description\" content=\"Amnist\u00eda Internacional presenta aportes al borrador de la Observaci\u00f3n General n.\u00ba 2 del Comit\u00e9 contra la Desaparici\u00f3n Forzada, sobre las obligaciones de los Estados y el impacto diferenciado de las desapariciones forzadas en mujeres y ni\u00f1as.\" \/>\n<meta name=\"robots\" content=\"index, follow\" \/>\n<meta name=\"googlebot\" content=\"index, follow, max-snippet:-1, max-image-preview:large, max-video-preview:-1\" \/>\n<meta name=\"bingbot\" content=\"index, follow, max-snippet:-1, max-image-preview:large, max-video-preview:-1\" \/>\n<link rel=\"canonical\" href=\"https:\/\/amnistia.org.mx\/contenido\/index.php\/mexico-mujeres-ninas-y-desapariciones-forzadas-comite-onu\/\" \/>\n<meta property=\"og:locale\" content=\"es_MX\" \/>\n<meta property=\"og:type\" content=\"article\" \/>\n<meta property=\"og:title\" content=\"M\u00e9xico: Mujeres, Ni\u00f1as y Desapariciones Forzadas. Informaci\u00f3n para el Comit\u00e9 de la ONU contra la Desaparici\u00f3n Forzada sobre el borrador de la Observaci\u00f3n General n\u00fam. 2\" \/>\n<meta property=\"og:description\" content=\"Amnist\u00eda Internacional presenta aportes al borrador de la Observaci\u00f3n General n.\u00ba 2 del Comit\u00e9 contra la Desaparici\u00f3n Forzada, sobre las obligaciones de los Estados y el impacto diferenciado de las desapariciones forzadas en mujeres y ni\u00f1as.\" \/>\n<meta property=\"og:url\" content=\"https:\/\/amnistia.org.mx\/contenido\/index.php\/mexico-mujeres-ninas-y-desapariciones-forzadas-comite-onu\/\" \/>\n<meta property=\"og:site_name\" content=\"amnistia.org.mx\" \/>\n<meta property=\"article:published_time\" content=\"2025-07-16T17:07:00+00:00\" \/>\n<meta property=\"article:modified_time\" content=\"2026-01-27T19:51:24+00:00\" \/>\n<meta property=\"og:image\" content=\"https:\/\/amnistia.org.mx\/contenido\/wp-content\/uploads\/2025\/05\/10MAYO.png\" \/>\n\t<meta property=\"og:image:width\" content=\"800\" \/>\n\t<meta property=\"og:image:height\" content=\"450\" \/>\n<meta name=\"twitter:card\" content=\"summary_large_image\" \/>\n<script type=\"application\/ld+json\" class=\"yoast-schema-graph\">{\"@context\":\"https:\/\/schema.org\",\"@graph\":[{\"@type\":\"WebSite\",\"@id\":\"https:\/\/amnistia.org.mx\/contenido\/#website\",\"url\":\"https:\/\/amnistia.org.mx\/contenido\/\",\"name\":\"amnistia.org.mx\",\"description\":\"Nueva p\\u00e1gina de Amnist\\u00eda\",\"potentialAction\":[{\"@type\":\"SearchAction\",\"target\":\"https:\/\/amnistia.org.mx\/contenido\/?s={search_term_string}\",\"query-input\":\"required name=search_term_string\"}],\"inLanguage\":\"es-MX\"},{\"@type\":\"ImageObject\",\"@id\":\"https:\/\/amnistia.org.mx\/contenido\/index.php\/mexico-mujeres-ninas-y-desapariciones-forzadas-comite-onu\/#primaryimage\",\"inLanguage\":\"es-MX\",\"url\":\"https:\/\/amnistia.org.mx\/contenido\/wp-content\/uploads\/2025\/05\/10MAYO.png\",\"width\":800,\"height\":450},{\"@type\":\"WebPage\",\"@id\":\"https:\/\/amnistia.org.mx\/contenido\/index.php\/mexico-mujeres-ninas-y-desapariciones-forzadas-comite-onu\/#webpage\",\"url\":\"https:\/\/amnistia.org.mx\/contenido\/index.php\/mexico-mujeres-ninas-y-desapariciones-forzadas-comite-onu\/\",\"name\":\"M\\u00e9xico: Mujeres, Ni\\u00f1as y Desapariciones Forzadas. Informaci\\u00f3n para el Comit\\u00e9 de la ONU contra la Desaparici\\u00f3n Forzada sobre el borrador de la Observaci\\u00f3n General n\\u00fam. 2\",\"isPartOf\":{\"@id\":\"https:\/\/amnistia.org.mx\/contenido\/#website\"},\"primaryImageOfPage\":{\"@id\":\"https:\/\/amnistia.org.mx\/contenido\/index.php\/mexico-mujeres-ninas-y-desapariciones-forzadas-comite-onu\/#primaryimage\"},\"datePublished\":\"2025-07-16T17:07:00+00:00\",\"dateModified\":\"2026-01-27T19:51:24+00:00\",\"author\":{\"@id\":\"https:\/\/amnistia.org.mx\/contenido\/#\/schema\/person\/d2f786357f75df54423772c307a57fa2\"},\"description\":\"Amnist\\u00eda Internacional presenta aportes al borrador de la Observaci\\u00f3n General n.\\u00ba 2 del Comit\\u00e9 contra la Desaparici\\u00f3n Forzada, sobre las obligaciones de los Estados y el impacto diferenciado de las desapariciones forzadas en mujeres y ni\\u00f1as.\",\"breadcrumb\":{\"@id\":\"https:\/\/amnistia.org.mx\/contenido\/index.php\/mexico-mujeres-ninas-y-desapariciones-forzadas-comite-onu\/#breadcrumb\"},\"inLanguage\":\"es-MX\",\"potentialAction\":[{\"@type\":\"ReadAction\",\"target\":[\"https:\/\/amnistia.org.mx\/contenido\/index.php\/mexico-mujeres-ninas-y-desapariciones-forzadas-comite-onu\/\"]}]},{\"@type\":\"BreadcrumbList\",\"@id\":\"https:\/\/amnistia.org.mx\/contenido\/index.php\/mexico-mujeres-ninas-y-desapariciones-forzadas-comite-onu\/#breadcrumb\",\"itemListElement\":[{\"@type\":\"ListItem\",\"position\":1,\"item\":{\"@type\":\"WebPage\",\"@id\":\"https:\/\/amnistia.org.mx\/contenido\/\",\"url\":\"https:\/\/amnistia.org.mx\/contenido\/\",\"name\":\"Home\"}},{\"@type\":\"ListItem\",\"position\":2,\"item\":{\"@type\":\"WebPage\",\"@id\":\"https:\/\/amnistia.org.mx\/contenido\/index.php\/mexico-mujeres-ninas-y-desapariciones-forzadas-comite-onu\/\",\"url\":\"https:\/\/amnistia.org.mx\/contenido\/index.php\/mexico-mujeres-ninas-y-desapariciones-forzadas-comite-onu\/\",\"name\":\"M\\u00e9xico: Mujeres, Ni\\u00f1as y Desapariciones Forzadas. Informaci\\u00f3n para el Comit\\u00e9 de la ONU contra la Desaparici\\u00f3n Forzada sobre el borrador de la Observaci\\u00f3n General n\\u00fam. 2\"}}]},{\"@type\":[\"Person\"],\"@id\":\"https:\/\/amnistia.org.mx\/contenido\/#\/schema\/person\/d2f786357f75df54423772c307a57fa2\",\"name\":\"Fernanda Jim\\u00e9nez Aguilar\",\"image\":{\"@type\":\"ImageObject\",\"@id\":\"https:\/\/amnistia.org.mx\/contenido\/#personlogo\",\"inLanguage\":\"es-MX\",\"url\":\"https:\/\/secure.gravatar.com\/avatar\/adfb626108fbdf0cbe48df94696b5411?s=96&d=mm&r=g\",\"caption\":\"Fernanda Jim\\u00e9nez Aguilar\"}}]}<\/script>\n<!-- \/ Yoast SEO plugin. -->","_links":{"self":[{"href":"https:\/\/amnistia.org.mx\/contenido\/index.php\/wp-json\/wp\/v2\/posts\/41292"}],"collection":[{"href":"https:\/\/amnistia.org.mx\/contenido\/index.php\/wp-json\/wp\/v2\/posts"}],"about":[{"href":"https:\/\/amnistia.org.mx\/contenido\/index.php\/wp-json\/wp\/v2\/types\/post"}],"author":[{"embeddable":true,"href":"https:\/\/amnistia.org.mx\/contenido\/index.php\/wp-json\/wp\/v2\/users\/18"}],"replies":[{"embeddable":true,"href":"https:\/\/amnistia.org.mx\/contenido\/index.php\/wp-json\/wp\/v2\/comments?post=41292"}],"version-history":[{"count":20,"href":"https:\/\/amnistia.org.mx\/contenido\/index.php\/wp-json\/wp\/v2\/posts\/41292\/revisions"}],"predecessor-version":[{"id":41649,"href":"https:\/\/amnistia.org.mx\/contenido\/index.php\/wp-json\/wp\/v2\/posts\/41292\/revisions\/41649"}],"wp:featuredmedia":[{"embeddable":true,"href":"https:\/\/amnistia.org.mx\/contenido\/index.php\/wp-json\/wp\/v2\/media\/38289"}],"wp:attachment":[{"href":"https:\/\/amnistia.org.mx\/contenido\/index.php\/wp-json\/wp\/v2\/media?parent=41292"}],"wp:term":[{"taxonomy":"category","embeddable":true,"href":"https:\/\/amnistia.org.mx\/contenido\/index.php\/wp-json\/wp\/v2\/categories?post=41292"},{"taxonomy":"post_tag","embeddable":true,"href":"https:\/\/amnistia.org.mx\/contenido\/index.php\/wp-json\/wp\/v2\/tags?post=41292"}],"curies":[{"name":"wp","href":"https:\/\/api.w.org\/{rel}","templated":true}]}}