
{"id":41478,"date":"2026-01-19T10:17:45","date_gmt":"2026-01-19T16:17:45","guid":{"rendered":"https:\/\/amnistia.org.mx\/contenido\/?p=41478"},"modified":"2026-01-19T10:17:47","modified_gmt":"2026-01-19T16:17:47","slug":"un-dialogo-realmente-significativo-requiere-una-postura-colectiva-contra-la-intimidacion-militar-economica-y-diplomatica","status":"publish","type":"post","link":"https:\/\/amnistia.org.mx\/contenido\/index.php\/un-dialogo-realmente-significativo-requiere-una-postura-colectiva-contra-la-intimidacion-militar-economica-y-diplomatica\/","title":{"rendered":"Un di\u00e1logo realmente significativo requiere una postura colectiva contra la intimidaci\u00f3n militar, econ\u00f3mica y diplom\u00e1tica"},"content":{"rendered":"\n<p class=\"has-text-align-right\">Foto: World Economic Forum\/Gabriel Lado<\/p>\n\n\n\n<p>Antes de asistir a la reuni\u00f3n anual del Foro Econ\u00f3mico Mundial que se celebra en Davos a partir del 19 de enero, la secretaria general de Amnist\u00eda Internacional, Agn\u00e8s Callamard, ha declarado:<\/p>\n\n\n\n<p>\u201cEl \u2018esp\u00edritu de di\u00e1logo\u2019 elegido como tema de la reuni\u00f3n de este a\u00f1o en Davos ha estado ausente de forma dolorosa y cada vez m\u00e1s frecuente de los asuntos internacionales en los \u00faltimos tiempos. En el primer a\u00f1o del nuevo mandato del presidente Trump hemos asistido a la retirada de Estados Unidos de organismo multilaterales, a la intimidaci\u00f3n a otros Estados y al implacable&nbsp;<a href=\"https:\/\/www.amnesty.org\/es\/latest\/news\/2025\/12\/assembly-states-parties-must-oppose-us-sanctions-icc\/\">ataque a los principios y las instituciones<\/a>&nbsp;en los que se basa el sistema de justicia internacional. Al mismo tiempo, otros como Rusia e Israel han seguido burl\u00e1ndose de los&nbsp;<a href=\"https:\/\/www.amnesty.org\/es\/latest\/news\/2025\/03\/russia-ukraine-ill-treatment-of-ukrainians-in-russian-captivity-amounts-to-war-crimes-and-crimes-against-humanity\/\">Convenios de Ginebra<\/a>&nbsp;y la&nbsp;<a href=\"https:\/\/www.amnesty.org\/es\/latest\/news\/2024\/12\/amnesty-international-concludes-israel-is-committing-genocide-against-palestinians-in-gaza\/\">Convenci\u00f3n sobre el Genocidio<\/a>&nbsp;sin someterse a una rendici\u00f3n de cuentas significativa.<\/p>\n\n\n\n<p>\u201cAlgunos Estados poderosos est\u00e1n trabajando de forma descarada para demoler el orden basado en reglas y remodelar el mundo con arreglo a criterios interesados. Las intervenciones unilaterales y los intereses de las empresas prevalecen sobre las asociaciones estrat\u00e9gicas a largo plazo basadas en valores universales y soluciones colectivas. Todo esto se ha puesto de manifiesto en la&nbsp;<a href=\"https:\/\/www.amnesty.org\/es\/latest\/news\/2026\/01\/amnesty-raises-concerns-following-us-military-action-in-venezuela\/\">acci\u00f3n militar<\/a>&nbsp;del gobierno de Trump en Venezuela y su intenci\u00f3n declarada de \u2018dirigir\u2019 el pa\u00eds, que seg\u00fan ha admitido el propio presidente estaba guiada, al menos en parte, por los intereses de las empresas petroleras estadounidenses. Que nadie se llame a enga\u00f1o: la \u00fanica consecuencia segura de vandalizar el derecho internacional y las instituciones multilaterales ser\u00e1 el sufrimiento y la destrucci\u00f3n en gran escala en todo el mundo.<\/p>\n\n\n\n<p>\u201cCuando han sido objeto de intimidaci\u00f3n y ataques diplom\u00e1ticos, econ\u00f3micos y militares, muchos Estados y empresas han optado por contemporizar en vez de adoptar una postura basada en principios y unitaria. La humanidad necesita que los l\u00edderes y lideresas mundiales, el personal ejecutivo de las empresas y la sociedad civil opongan resistencia colectivamente o incluso frustren estas tendencias destructivas. Para ello hay que denunciar la intimidaci\u00f3n y los ataques y dar respuestas jur\u00eddicas, econ\u00f3micas y diplom\u00e1ticas firmes. Lo que no debe tener cabida es el silencio, la complicidad y la inacci\u00f3n. Tambi\u00e9n es preciso emprender una b\u00fasqueda transformadora de soluciones comunes a los muchos problemas compartidos y existenciales a los que nos enfrentamos.<\/p>\n\n\n\n<blockquote class=\"wp-block-quote\">\n<p>El \u201cesp\u00edritu de di\u00e1logo\u201d elegido como tema de la reuni\u00f3n de este a\u00f1o en Davos ha estado ausente de forma dolorosa y cada vez m\u00e1s frecuente de los asuntos internacionales en los \u00faltimos tiempos. Agn\u00e8s Callamard, \u00a0secretaria general\u00a0 de Amnist\u00eda Internacional<\/p>\n<\/blockquote>\n\n\n\n<p>\u201cNecesitamos una reforma del Consejo de Seguridad de la ONU para abordar el abuso del derecho de veto y una regulaci\u00f3n s\u00f3lida para protegernos frente a las nuevas tecnolog\u00edas nocivas; una toma de decisiones m\u00e1s inclusiva y transparente sobre soluciones clim\u00e1ticas; y tratados internacionales sobre impuestos y deuda que hagan posible una econom\u00eda mundial m\u00e1s equitativa y basado en derechos. Pero esto s\u00f3lo podr\u00e1 lograrse mediante la cooperaci\u00f3n y la firme voluntad de oponer resistencia a quienes intentan doblegarnos y dividirnos.\u201d<\/p>\n\n\n\n<p>Agn\u00e8s Callamard asistir\u00e1 a la reuni\u00f3n anual del Foro Econ\u00f3mico Mundial en Davos durante todo el evento, del 19 al 23 de enero. Estar\u00e1 disponible para conceder entrevistas a medios de comunicaci\u00f3n sobre diversas cuestiones de derechos humanos, entre otras:<\/p>\n\n\n\n<ul>\n<li>El genocidio en curso de Israel contra la poblaci\u00f3n palestina en Gaza<\/li>\n\n\n\n<li>La acci\u00f3n militar de Estados Unidos en Venezuela, la guerra de agresi\u00f3n de Rusia contra Ucrania y los conflictos en Sud\u00e1n, Rep\u00fablica Democr\u00e1tica del Congo y Myanmar<\/li>\n\n\n\n<li>La importancia de reivindicar y revitalizar el multilateralismo<\/li>\n\n\n\n<li>La necesidad de reformas globales en materia fiscal y de deuda y de protecci\u00f3n social universal<\/li>\n\n\n\n<li>La necesidad urgente de abandonar de forma gradual, completa, r\u00e1pida, justa y financiada los combustibles f\u00f3siles<\/li>\n\n\n\n<li>La necesidad de aumentar masivamente la financiaci\u00f3n clim\u00e1tica, tambi\u00e9n para abordar p\u00e9rdidas y da\u00f1os<\/li>\n\n\n\n<li>Las grandes empresas tecnol\u00f3gicas, la rendici\u00f3n de cuentas de las empresas y los riesgos de la desregulaci\u00f3n<\/li>\n\n\n\n<li>La manera de limitar los efectos nocivos de la inteligencia artificial en los derechos humanos, incluido el derecho a un medioambiente saludable<\/li>\n<\/ul>\n","protected":false},"excerpt":{"rendered":"<p>Foto: World Economic Forum\/Gabriel Lado Antes de asistir a la reuni\u00f3n anual del Foro Econ\u00f3mico Mundial que se celebra en Davos a partir del 19 de enero, la secretaria general &hellip;<\/p>\n<p class=\"read-more\"> <a class=\"\" href=\"https:\/\/amnistia.org.mx\/contenido\/index.php\/un-dialogo-realmente-significativo-requiere-una-postura-colectiva-contra-la-intimidacion-militar-economica-y-diplomatica\/\"> <span class=\"screen-reader-text\">Un di\u00e1logo realmente significativo requiere una postura colectiva contra la intimidaci\u00f3n militar, econ\u00f3mica y diplom\u00e1tica<\/span> Leer m\u00e1s &raquo;<\/a><\/p>\n","protected":false},"author":20,"featured_media":41479,"comment_status":"closed","ping_status":"closed","sticky":false,"template":"","format":"standard","meta":{"_uf_show_specific_survey":0,"_uf_disable_surveys":false,"site-sidebar-layout":"default","site-content-layout":"default","ast-global-header-display":"","ast-main-header-display":"","ast-hfb-above-header-display":"","ast-hfb-below-header-display":"","ast-hfb-mobile-header-display":"","site-post-title":"","ast-breadcrumbs-content":"","ast-featured-img":"","footer-sml-layout":"","theme-transparent-header-meta":"","adv-header-id-meta":"","stick-header-meta":"","header-above-stick-meta":"","header-main-stick-meta":"","header-below-stick-meta":""},"categories":[9],"tags":[287],"acf":[],"aioseo_notices":[],"yoast_head":"<!-- This site is optimized with the Yoast SEO plugin v14.5 - https:\/\/yoast.com\/wordpress\/plugins\/seo\/ -->\n<title>Un di\u00e1logo realmente significativo requiere una postura colectiva contra la intimidaci\u00f3n militar, econ\u00f3mica y diplom\u00e1tica - amnistia.org.mx<\/title>\n<meta name=\"description\" content=\"Es preciso emprender una b\u00fasqueda transformadora de soluciones comunes a los muchos problemas compartidos y existenciales a los que nos enfrentamos.\" \/>\n<meta name=\"robots\" content=\"index, follow\" \/>\n<meta name=\"googlebot\" content=\"index, follow, max-snippet:-1, max-image-preview:large, max-video-preview:-1\" \/>\n<meta name=\"bingbot\" content=\"index, follow, max-snippet:-1, max-image-preview:large, max-video-preview:-1\" \/>\n<link rel=\"canonical\" href=\"https:\/\/amnistia.org.mx\/contenido\/index.php\/un-dialogo-realmente-significativo-requiere-una-postura-colectiva-contra-la-intimidacion-militar-economica-y-diplomatica\/\" \/>\n<meta property=\"og:locale\" content=\"es_MX\" \/>\n<meta property=\"og:type\" content=\"article\" \/>\n<meta property=\"og:title\" content=\"Un di\u00e1logo realmente significativo requiere una postura colectiva contra la intimidaci\u00f3n militar, econ\u00f3mica y diplom\u00e1tica - amnistia.org.mx\" \/>\n<meta property=\"og:description\" content=\"Es preciso emprender una b\u00fasqueda transformadora de soluciones comunes a los muchos problemas compartidos y existenciales a los que nos enfrentamos.\" \/>\n<meta property=\"og:url\" content=\"https:\/\/amnistia.org.mx\/contenido\/index.php\/un-dialogo-realmente-significativo-requiere-una-postura-colectiva-contra-la-intimidacion-militar-economica-y-diplomatica\/\" \/>\n<meta property=\"og:site_name\" content=\"amnistia.org.mx\" \/>\n<meta property=\"article:published_time\" content=\"2026-01-19T16:17:45+00:00\" \/>\n<meta property=\"article:modified_time\" content=\"2026-01-19T16:17:47+00:00\" \/>\n<meta property=\"og:image\" content=\"https:\/\/amnistia.org.mx\/contenido\/wp-content\/uploads\/2026\/01\/54273245961_3249a31c8b_o-1468x710-1.jpg\" \/>\n\t<meta property=\"og:image:width\" content=\"1468\" \/>\n\t<meta property=\"og:image:height\" content=\"710\" \/>\n<meta name=\"twitter:card\" content=\"summary_large_image\" \/>\n<script type=\"application\/ld+json\" class=\"yoast-schema-graph\">{\"@context\":\"https:\/\/schema.org\",\"@graph\":[{\"@type\":\"WebSite\",\"@id\":\"https:\/\/amnistia.org.mx\/contenido\/#website\",\"url\":\"https:\/\/amnistia.org.mx\/contenido\/\",\"name\":\"amnistia.org.mx\",\"description\":\"Nueva p\\u00e1gina de Amnist\\u00eda\",\"potentialAction\":[{\"@type\":\"SearchAction\",\"target\":\"https:\/\/amnistia.org.mx\/contenido\/?s={search_term_string}\",\"query-input\":\"required name=search_term_string\"}],\"inLanguage\":\"es-MX\"},{\"@type\":\"ImageObject\",\"@id\":\"https:\/\/amnistia.org.mx\/contenido\/index.php\/un-dialogo-realmente-significativo-requiere-una-postura-colectiva-contra-la-intimidacion-militar-economica-y-diplomatica\/#primaryimage\",\"inLanguage\":\"es-MX\",\"url\":\"https:\/\/amnistia.org.mx\/contenido\/wp-content\/uploads\/2026\/01\/54273245961_3249a31c8b_o-1468x710-1.jpg\",\"width\":1468,\"height\":710},{\"@type\":\"WebPage\",\"@id\":\"https:\/\/amnistia.org.mx\/contenido\/index.php\/un-dialogo-realmente-significativo-requiere-una-postura-colectiva-contra-la-intimidacion-militar-economica-y-diplomatica\/#webpage\",\"url\":\"https:\/\/amnistia.org.mx\/contenido\/index.php\/un-dialogo-realmente-significativo-requiere-una-postura-colectiva-contra-la-intimidacion-militar-economica-y-diplomatica\/\",\"name\":\"Un di\\u00e1logo realmente significativo requiere una postura colectiva contra la intimidaci\\u00f3n militar, econ\\u00f3mica y diplom\\u00e1tica - amnistia.org.mx\",\"isPartOf\":{\"@id\":\"https:\/\/amnistia.org.mx\/contenido\/#website\"},\"primaryImageOfPage\":{\"@id\":\"https:\/\/amnistia.org.mx\/contenido\/index.php\/un-dialogo-realmente-significativo-requiere-una-postura-colectiva-contra-la-intimidacion-militar-economica-y-diplomatica\/#primaryimage\"},\"datePublished\":\"2026-01-19T16:17:45+00:00\",\"dateModified\":\"2026-01-19T16:17:47+00:00\",\"author\":{\"@id\":\"https:\/\/amnistia.org.mx\/contenido\/#\/schema\/person\/d71334ce16d82dc09f98d83dcb18351f\"},\"description\":\"Es preciso emprender una b\\u00fasqueda transformadora de soluciones comunes a los muchos problemas compartidos y existenciales a los que nos enfrentamos.\",\"breadcrumb\":{\"@id\":\"https:\/\/amnistia.org.mx\/contenido\/index.php\/un-dialogo-realmente-significativo-requiere-una-postura-colectiva-contra-la-intimidacion-militar-economica-y-diplomatica\/#breadcrumb\"},\"inLanguage\":\"es-MX\",\"potentialAction\":[{\"@type\":\"ReadAction\",\"target\":[\"https:\/\/amnistia.org.mx\/contenido\/index.php\/un-dialogo-realmente-significativo-requiere-una-postura-colectiva-contra-la-intimidacion-militar-economica-y-diplomatica\/\"]}]},{\"@type\":\"BreadcrumbList\",\"@id\":\"https:\/\/amnistia.org.mx\/contenido\/index.php\/un-dialogo-realmente-significativo-requiere-una-postura-colectiva-contra-la-intimidacion-militar-economica-y-diplomatica\/#breadcrumb\",\"itemListElement\":[{\"@type\":\"ListItem\",\"position\":1,\"item\":{\"@type\":\"WebPage\",\"@id\":\"https:\/\/amnistia.org.mx\/contenido\/\",\"url\":\"https:\/\/amnistia.org.mx\/contenido\/\",\"name\":\"Home\"}},{\"@type\":\"ListItem\",\"position\":2,\"item\":{\"@type\":\"WebPage\",\"@id\":\"https:\/\/amnistia.org.mx\/contenido\/index.php\/un-dialogo-realmente-significativo-requiere-una-postura-colectiva-contra-la-intimidacion-militar-economica-y-diplomatica\/\",\"url\":\"https:\/\/amnistia.org.mx\/contenido\/index.php\/un-dialogo-realmente-significativo-requiere-una-postura-colectiva-contra-la-intimidacion-militar-economica-y-diplomatica\/\",\"name\":\"Un di\\u00e1logo realmente significativo requiere una postura colectiva contra la intimidaci\\u00f3n militar, econ\\u00f3mica y diplom\\u00e1tica\"}}]},{\"@type\":[\"Person\"],\"@id\":\"https:\/\/amnistia.org.mx\/contenido\/#\/schema\/person\/d71334ce16d82dc09f98d83dcb18351f\",\"name\":\"Carla Ram\\u00edrez Torres\",\"image\":{\"@type\":\"ImageObject\",\"@id\":\"https:\/\/amnistia.org.mx\/contenido\/#personlogo\",\"inLanguage\":\"es-MX\",\"url\":\"https:\/\/secure.gravatar.com\/avatar\/e23f8047127168b5b454a42adc3fda75?s=96&d=mm&r=g\",\"caption\":\"Carla Ram\\u00edrez Torres\"}}]}<\/script>\n<!-- \/ Yoast SEO plugin. -->","_links":{"self":[{"href":"https:\/\/amnistia.org.mx\/contenido\/index.php\/wp-json\/wp\/v2\/posts\/41478"}],"collection":[{"href":"https:\/\/amnistia.org.mx\/contenido\/index.php\/wp-json\/wp\/v2\/posts"}],"about":[{"href":"https:\/\/amnistia.org.mx\/contenido\/index.php\/wp-json\/wp\/v2\/types\/post"}],"author":[{"embeddable":true,"href":"https:\/\/amnistia.org.mx\/contenido\/index.php\/wp-json\/wp\/v2\/users\/20"}],"replies":[{"embeddable":true,"href":"https:\/\/amnistia.org.mx\/contenido\/index.php\/wp-json\/wp\/v2\/comments?post=41478"}],"version-history":[{"count":3,"href":"https:\/\/amnistia.org.mx\/contenido\/index.php\/wp-json\/wp\/v2\/posts\/41478\/revisions"}],"predecessor-version":[{"id":41482,"href":"https:\/\/amnistia.org.mx\/contenido\/index.php\/wp-json\/wp\/v2\/posts\/41478\/revisions\/41482"}],"wp:featuredmedia":[{"embeddable":true,"href":"https:\/\/amnistia.org.mx\/contenido\/index.php\/wp-json\/wp\/v2\/media\/41479"}],"wp:attachment":[{"href":"https:\/\/amnistia.org.mx\/contenido\/index.php\/wp-json\/wp\/v2\/media?parent=41478"}],"wp:term":[{"taxonomy":"category","embeddable":true,"href":"https:\/\/amnistia.org.mx\/contenido\/index.php\/wp-json\/wp\/v2\/categories?post=41478"},{"taxonomy":"post_tag","embeddable":true,"href":"https:\/\/amnistia.org.mx\/contenido\/index.php\/wp-json\/wp\/v2\/tags?post=41478"}],"curies":[{"name":"wp","href":"https:\/\/api.w.org\/{rel}","templated":true}]}}