
{"id":41483,"date":"2026-01-19T11:44:42","date_gmt":"2026-01-19T17:44:42","guid":{"rendered":"https:\/\/amnistia.org.mx\/contenido\/?p=41483"},"modified":"2026-01-19T11:44:44","modified_gmt":"2026-01-19T17:44:44","slug":"a-un-ano-de-excarcelaciones-selectivas-exigimos-libertad-inmediata-para-las-personas-presas-por-motivos-politicos","status":"publish","type":"post","link":"https:\/\/amnistia.org.mx\/contenido\/index.php\/a-un-ano-de-excarcelaciones-selectivas-exigimos-libertad-inmediata-para-las-personas-presas-por-motivos-politicos\/","title":{"rendered":"A un a\u00f1o de excarcelaciones selectivas, exigimos libertad inmediata para las personas presas por motivos pol\u00edticos"},"content":{"rendered":"\n<p>Tras un&nbsp;a\u00f1o&nbsp;de un proceso opaco de excarcelaci\u00f3n selectiva&nbsp;en Cuba,&nbsp;Amnist\u00eda Internacional&nbsp;declar\u00f3:&nbsp;&nbsp;<br>&nbsp;<br>\u201cLas autoridades cubanas tienen la obligaci\u00f3n de garantizar la libertad plena e incondicional de todas las personas presas de conciencia.&nbsp;Sayli&nbsp;Navarro \u00c1lvarez, F\u00e9lix Navarro, Loreto Hern\u00e1ndez Garc\u00eda,&nbsp;Donaida&nbsp;P\u00e9rez&nbsp;Paseiro, Roberto P\u00e9rez Fonseca, Maykel Castillo P\u00e9rez (Maykel \u201cOsorbo\u201d), y Luis Manuel Otero Alc\u00e1ntara,&nbsp;no deben pasar ni un d\u00eda m\u00e1s en prisi\u00f3n. Tambi\u00e9n deben&nbsp;poner fin a las detenciones por motivos pol\u00edticos de una vez por todas\u201d&nbsp;se\u00f1al\u00f3 Ana Piquer, directora regional de Amnist\u00eda Internacional para las Am\u00e9ricas.&nbsp;<\/p>\n\n\n\n<blockquote class=\"wp-block-quote\">\n<p>&nbsp;Sayli&nbsp;Navarro \u00c1lvarez, F\u00e9lix Navarro, Loreto Hern\u00e1ndez Garc\u00eda,&nbsp;Donaida&nbsp;P\u00e9rez&nbsp;Paseiro, Roberto P\u00e9rez Fonseca, Maykel Castillo P\u00e9rez (Maykel \u201cOsorbo\u201d), y Luis Manuel Otero Alc\u00e1ntara,&nbsp;no deben pasar ni un d\u00eda m\u00e1s en prisi\u00f3n.\u00bbAna Piquer, directora regional de Amnist\u00eda Internacional para las Am\u00e9ricas.<\/p>\n<\/blockquote>\n\n\n\n<p><a href=\"https:\/\/www.amnesty.org\/es\/latest\/news\/2025\/02\/cuba-anuncios-de-excarcelaciones\/\">El&nbsp;proceso de excarcelaciones anunciado por las autoridades cubanas el 14 de enero de 2025<\/a>,&nbsp;estuvo marcado&nbsp;por opacidad, falta de informaci\u00f3n p\u00fablica, ausencia de criterios claros y uso de condiciones arbitrarias, as\u00ed como por el impacto psicol\u00f3gico devastador en las familias. Adem\u00e1s, este proceso no ha incluido el reconocimiento estatal de los abusos cometidas en las detenciones y las condenas, y la inexistencia de garant\u00edas de no repetici\u00f3n.&nbsp;<\/p>\n\n\n\n<p><a href=\"https:\/\/www.amnesty.org\/es\/latest\/news\/2025\/05\/cuba-revocan-libertad-condicional-de-jose-daniel-ferrer-y-felix-navarro\/\">\u201cAlgunas personas excarceladas&nbsp;en 2025&nbsp;fueron forzadas al exilio&nbsp;y otras regresaron a&nbsp;prisi\u00f3n, poniendo en&nbsp;evidencia&nbsp;la persistencia de&nbsp;pr\u00e1cticas autoritarias<\/a>&nbsp;arraigadas y la&nbsp;ausencia de garant\u00edas para ejercer derechos&nbsp;humanos&nbsp;dentro del pa\u00eds&nbsp;sin temor a represalias.\u201d&nbsp;<\/p>\n\n\n\n<p>\u201cAunque ese proceso liber\u00f3 al menos a&nbsp;211 personas por motivos pol\u00edticos,&nbsp;las&nbsp;excarcelaciones selectivas o condicionadas no sustituyen la obligaci\u00f3n de las autoridades de cesar la criminalizaci\u00f3n de la libertad de expresi\u00f3n ni de garantizar un juicio justo.\u201d&nbsp;<\/p>\n\n\n\n<p>\u201cCuba&nbsp;debe&nbsp;liberar, sin condiciones, a quienes nunca debieron estar en prisi\u00f3n. El presidente D\u00edaz-Canel debe tomar una decisi\u00f3n inequ\u00edvoca: terminar con el uso del sistema penal para silenciar la cr\u00edtica y castigar el activismo.&nbsp;Es hora de&nbsp;poner fin a la represi\u00f3n contra quienes ejercen pac\u00edficamente sus derechos a la libertad de expresi\u00f3n, asociaci\u00f3n y&nbsp;reuni\u00f3n pac\u00edfica.\u201d concluy\u00f3 Ana Piquer.&nbsp;<\/p>\n\n\n\n<blockquote class=\"wp-block-quote\">\n<p>Cuba&nbsp;debe&nbsp;liberar, sin condiciones, a quienes nunca debieron estar en prisi\u00f3n. El presidente D\u00edaz-Canel debe tomar una decisi\u00f3n inequ\u00edvoca: terminar con el uso del sistema penal para silenciar la cr\u00edtica y castigar el activismo.\u00bbAna Piquer, directora regional de Amnist\u00eda Internacional para las Am\u00e9ricas.<\/p>\n<\/blockquote>\n","protected":false},"excerpt":{"rendered":"<p>Tras un&nbsp;a\u00f1o&nbsp;de un proceso opaco de excarcelaci\u00f3n selectiva&nbsp;en Cuba,&nbsp;Amnist\u00eda Internacional&nbsp;declar\u00f3:&nbsp;&nbsp;&nbsp;\u201cLas autoridades cubanas tienen la obligaci\u00f3n de garantizar la libertad plena e incondicional de todas las personas presas de conciencia.&nbsp;Sayli&nbsp;Navarro \u00c1lvarez, &hellip;<\/p>\n<p class=\"read-more\"> <a class=\"\" href=\"https:\/\/amnistia.org.mx\/contenido\/index.php\/a-un-ano-de-excarcelaciones-selectivas-exigimos-libertad-inmediata-para-las-personas-presas-por-motivos-politicos\/\"> <span class=\"screen-reader-text\">A un a\u00f1o de excarcelaciones selectivas, exigimos libertad inmediata para las personas presas por motivos pol\u00edticos<\/span> Leer m\u00e1s &raquo;<\/a><\/p>\n","protected":false},"author":20,"featured_media":41484,"comment_status":"closed","ping_status":"closed","sticky":false,"template":"","format":"standard","meta":{"_uf_show_specific_survey":0,"_uf_disable_surveys":false,"site-sidebar-layout":"default","site-content-layout":"default","ast-global-header-display":"","ast-main-header-display":"","ast-hfb-above-header-display":"","ast-hfb-below-header-display":"","ast-hfb-mobile-header-display":"","site-post-title":"","ast-breadcrumbs-content":"","ast-featured-img":"","footer-sml-layout":"","theme-transparent-header-meta":"","adv-header-id-meta":"","stick-header-meta":"","header-above-stick-meta":"","header-main-stick-meta":"","header-below-stick-meta":""},"categories":[9],"tags":[277],"acf":[],"aioseo_notices":[],"yoast_head":"<!-- This site is optimized with the Yoast SEO plugin v14.5 - https:\/\/yoast.com\/wordpress\/plugins\/seo\/ -->\n<title>A un a\u00f1o de excarcelaciones selectivas, exigimos libertad inmediata para las personas presas por motivos pol\u00edticos - amnistia.org.mx<\/title>\n<meta name=\"description\" content=\"Las autoridades cubanas tienen la obligaci\u00f3n de garantizar la libertad plena e incondicional de todas las personas presas de conciencia.\" \/>\n<meta name=\"robots\" content=\"index, follow\" \/>\n<meta name=\"googlebot\" content=\"index, follow, max-snippet:-1, max-image-preview:large, max-video-preview:-1\" \/>\n<meta name=\"bingbot\" content=\"index, follow, max-snippet:-1, max-image-preview:large, max-video-preview:-1\" \/>\n<link rel=\"canonical\" href=\"https:\/\/amnistia.org.mx\/contenido\/index.php\/a-un-ano-de-excarcelaciones-selectivas-exigimos-libertad-inmediata-para-las-personas-presas-por-motivos-politicos\/\" \/>\n<meta property=\"og:locale\" content=\"es_MX\" \/>\n<meta property=\"og:type\" content=\"article\" \/>\n<meta property=\"og:title\" content=\"A un a\u00f1o de excarcelaciones selectivas, exigimos libertad inmediata para las personas presas por motivos pol\u00edticos - amnistia.org.mx\" \/>\n<meta property=\"og:description\" content=\"Las autoridades cubanas tienen la obligaci\u00f3n de garantizar la libertad plena e incondicional de todas las personas presas de conciencia.\" \/>\n<meta property=\"og:url\" content=\"https:\/\/amnistia.org.mx\/contenido\/index.php\/a-un-ano-de-excarcelaciones-selectivas-exigimos-libertad-inmediata-para-las-personas-presas-por-motivos-politicos\/\" \/>\n<meta property=\"og:site_name\" content=\"amnistia.org.mx\" \/>\n<meta property=\"article:published_time\" content=\"2026-01-19T17:44:42+00:00\" \/>\n<meta property=\"article:modified_time\" content=\"2026-01-19T17:44:44+00:00\" \/>\n<meta name=\"twitter:card\" content=\"summary_large_image\" \/>\n<meta name=\"twitter:image\" content=\"https:\/\/amnistia.org.mx\/contenido\/wp-content\/uploads\/2026\/01\/POCs-Cuba_banner-web-1468x710-1.webp\" \/>\n<script type=\"application\/ld+json\" class=\"yoast-schema-graph\">{\"@context\":\"https:\/\/schema.org\",\"@graph\":[{\"@type\":\"WebSite\",\"@id\":\"https:\/\/amnistia.org.mx\/contenido\/#website\",\"url\":\"https:\/\/amnistia.org.mx\/contenido\/\",\"name\":\"amnistia.org.mx\",\"description\":\"Nueva p\\u00e1gina de Amnist\\u00eda\",\"potentialAction\":[{\"@type\":\"SearchAction\",\"target\":\"https:\/\/amnistia.org.mx\/contenido\/?s={search_term_string}\",\"query-input\":\"required name=search_term_string\"}],\"inLanguage\":\"es-MX\"},{\"@type\":\"ImageObject\",\"@id\":\"https:\/\/amnistia.org.mx\/contenido\/index.php\/a-un-ano-de-excarcelaciones-selectivas-exigimos-libertad-inmediata-para-las-personas-presas-por-motivos-politicos\/#primaryimage\",\"inLanguage\":\"es-MX\",\"url\":\"https:\/\/amnistia.org.mx\/contenido\/wp-content\/uploads\/2026\/01\/POCs-Cuba_banner-web-1468x710-1.webp\",\"width\":1468,\"height\":710},{\"@type\":\"WebPage\",\"@id\":\"https:\/\/amnistia.org.mx\/contenido\/index.php\/a-un-ano-de-excarcelaciones-selectivas-exigimos-libertad-inmediata-para-las-personas-presas-por-motivos-politicos\/#webpage\",\"url\":\"https:\/\/amnistia.org.mx\/contenido\/index.php\/a-un-ano-de-excarcelaciones-selectivas-exigimos-libertad-inmediata-para-las-personas-presas-por-motivos-politicos\/\",\"name\":\"A un a\\u00f1o de excarcelaciones selectivas, exigimos libertad inmediata para las personas presas por motivos pol\\u00edticos - amnistia.org.mx\",\"isPartOf\":{\"@id\":\"https:\/\/amnistia.org.mx\/contenido\/#website\"},\"primaryImageOfPage\":{\"@id\":\"https:\/\/amnistia.org.mx\/contenido\/index.php\/a-un-ano-de-excarcelaciones-selectivas-exigimos-libertad-inmediata-para-las-personas-presas-por-motivos-politicos\/#primaryimage\"},\"datePublished\":\"2026-01-19T17:44:42+00:00\",\"dateModified\":\"2026-01-19T17:44:44+00:00\",\"author\":{\"@id\":\"https:\/\/amnistia.org.mx\/contenido\/#\/schema\/person\/d71334ce16d82dc09f98d83dcb18351f\"},\"description\":\"Las autoridades cubanas tienen la obligaci\\u00f3n de garantizar la libertad plena e incondicional de todas las personas presas de conciencia.\",\"breadcrumb\":{\"@id\":\"https:\/\/amnistia.org.mx\/contenido\/index.php\/a-un-ano-de-excarcelaciones-selectivas-exigimos-libertad-inmediata-para-las-personas-presas-por-motivos-politicos\/#breadcrumb\"},\"inLanguage\":\"es-MX\",\"potentialAction\":[{\"@type\":\"ReadAction\",\"target\":[\"https:\/\/amnistia.org.mx\/contenido\/index.php\/a-un-ano-de-excarcelaciones-selectivas-exigimos-libertad-inmediata-para-las-personas-presas-por-motivos-politicos\/\"]}]},{\"@type\":\"BreadcrumbList\",\"@id\":\"https:\/\/amnistia.org.mx\/contenido\/index.php\/a-un-ano-de-excarcelaciones-selectivas-exigimos-libertad-inmediata-para-las-personas-presas-por-motivos-politicos\/#breadcrumb\",\"itemListElement\":[{\"@type\":\"ListItem\",\"position\":1,\"item\":{\"@type\":\"WebPage\",\"@id\":\"https:\/\/amnistia.org.mx\/contenido\/\",\"url\":\"https:\/\/amnistia.org.mx\/contenido\/\",\"name\":\"Home\"}},{\"@type\":\"ListItem\",\"position\":2,\"item\":{\"@type\":\"WebPage\",\"@id\":\"https:\/\/amnistia.org.mx\/contenido\/index.php\/a-un-ano-de-excarcelaciones-selectivas-exigimos-libertad-inmediata-para-las-personas-presas-por-motivos-politicos\/\",\"url\":\"https:\/\/amnistia.org.mx\/contenido\/index.php\/a-un-ano-de-excarcelaciones-selectivas-exigimos-libertad-inmediata-para-las-personas-presas-por-motivos-politicos\/\",\"name\":\"A un a\\u00f1o de excarcelaciones selectivas, exigimos libertad inmediata para las personas presas por motivos pol\\u00edticos\"}}]},{\"@type\":[\"Person\"],\"@id\":\"https:\/\/amnistia.org.mx\/contenido\/#\/schema\/person\/d71334ce16d82dc09f98d83dcb18351f\",\"name\":\"Carla Ram\\u00edrez Torres\",\"image\":{\"@type\":\"ImageObject\",\"@id\":\"https:\/\/amnistia.org.mx\/contenido\/#personlogo\",\"inLanguage\":\"es-MX\",\"url\":\"https:\/\/secure.gravatar.com\/avatar\/e23f8047127168b5b454a42adc3fda75?s=96&d=mm&r=g\",\"caption\":\"Carla Ram\\u00edrez Torres\"}}]}<\/script>\n<!-- \/ Yoast SEO plugin. -->","_links":{"self":[{"href":"https:\/\/amnistia.org.mx\/contenido\/index.php\/wp-json\/wp\/v2\/posts\/41483"}],"collection":[{"href":"https:\/\/amnistia.org.mx\/contenido\/index.php\/wp-json\/wp\/v2\/posts"}],"about":[{"href":"https:\/\/amnistia.org.mx\/contenido\/index.php\/wp-json\/wp\/v2\/types\/post"}],"author":[{"embeddable":true,"href":"https:\/\/amnistia.org.mx\/contenido\/index.php\/wp-json\/wp\/v2\/users\/20"}],"replies":[{"embeddable":true,"href":"https:\/\/amnistia.org.mx\/contenido\/index.php\/wp-json\/wp\/v2\/comments?post=41483"}],"version-history":[{"count":3,"href":"https:\/\/amnistia.org.mx\/contenido\/index.php\/wp-json\/wp\/v2\/posts\/41483\/revisions"}],"predecessor-version":[{"id":41487,"href":"https:\/\/amnistia.org.mx\/contenido\/index.php\/wp-json\/wp\/v2\/posts\/41483\/revisions\/41487"}],"wp:featuredmedia":[{"embeddable":true,"href":"https:\/\/amnistia.org.mx\/contenido\/index.php\/wp-json\/wp\/v2\/media\/41484"}],"wp:attachment":[{"href":"https:\/\/amnistia.org.mx\/contenido\/index.php\/wp-json\/wp\/v2\/media?parent=41483"}],"wp:term":[{"taxonomy":"category","embeddable":true,"href":"https:\/\/amnistia.org.mx\/contenido\/index.php\/wp-json\/wp\/v2\/categories?post=41483"},{"taxonomy":"post_tag","embeddable":true,"href":"https:\/\/amnistia.org.mx\/contenido\/index.php\/wp-json\/wp\/v2\/tags?post=41483"}],"curies":[{"name":"wp","href":"https:\/\/api.w.org\/{rel}","templated":true}]}}