
{"id":41504,"date":"2026-01-20T10:12:07","date_gmt":"2026-01-20T16:12:07","guid":{"rendered":"https:\/\/amnistia.org.mx\/contenido\/?p=41504"},"modified":"2026-01-20T15:33:39","modified_gmt":"2026-01-20T21:33:39","slug":"un-ano-despues-del-regreso-al-cargo-del-presidente-trump-las-practicas-autoritarias-erosionan-los-derechos-humanos","status":"publish","type":"post","link":"https:\/\/amnistia.org.mx\/contenido\/index.php\/un-ano-despues-del-regreso-al-cargo-del-presidente-trump-las-practicas-autoritarias-erosionan-los-derechos-humanos\/","title":{"rendered":"<strong>Un a\u00f1o despu\u00e9s del regreso al cargo del presidente Trump, las pr\u00e1cticas autoritarias erosionan los derechos humanos<\/strong>"},"content":{"rendered":"\n<p class=\"has-text-align-right\">Foto: David Pashaee\/Middle East Images\/AFP\/Getty Images.<\/p>\n\n\n\n<p>En el primer aniversario del regreso al cargo del presidente Trump, Amnist\u00eda Internacional hace sonar las alarmas sobre el n\u00famero creciente de pr\u00e1cticas autoritarias en Estados Unidos y la devastadora erosi\u00f3n de los derechos humanos.<\/p>\n\n\n\n<p>En un nuevo informe publicado hoy, <em><a href=\"https:\/\/www.amnestyusa.org\/wp-content\/uploads\/2026\/01\/Ringing-the-Alarm-Bells-Rising-Authoritarian-Practices-and-Erosion-of-Human-Rights-in-the-United-States.pdf\" target=\"_blank\" aria-label=\"undefined (abre en una nueva pesta\u00f1a)\" rel=\"noreferrer noopener\">Ringing the Alarm Bells: Rising Authoritarian Practices and Erosion of Human Rights in the United States<\/a><\/em>, Amnist\u00eda Internacional documenta c\u00f3mo la escalada de pr\u00e1cticas autoritarias de la administraci\u00f3n Trump, que incluye el cierre del espacio de la sociedad civil y el menoscabo del Estado de derecho, est\u00e1 erosionando los derechos humanos en Estados Unidos y tambi\u00e9n en otros lugares.\u00a0<\/p>\n\n\n\n<p>\u201cEl mundo entero es testigo de la peligrosa deriva del presidente Trump que ya ha desembocado en una emergencia de derechos humanos\u201d, manifest\u00f3 Paul O\u2019Brien, director ejecutivo de Amnist\u00eda Internacional Estados Unidos. \u201cTriturando normas y concentrando el poder, la administraci\u00f3n intenta que sea imposible que se les pidan responsabilidades. No hay duda de que estas pr\u00e1cticas autoritarias de la administraci\u00f3n Trump est\u00e1n erosionando los derechos humanos y aumentando el riesgo para periodistas y quienes alzan la voz o disienten como manifestantes, profesionales de la abogac\u00eda, estudiantes y quienes defienden los derechos humanos\u201d.&nbsp;<\/p>\n\n\n\n<p>El informe incluye doce \u00e1reas interconectadas en las que la administraci\u00f3n Trump est\u00e1 agrietando los pilares de una sociedad libre: ataques contra la libertad de prensa y el acceso a la informaci\u00f3n, la libertad de expresi\u00f3n y de reuni\u00f3n pac\u00edfica, organizaciones de la sociedad civil y universidades, la oposici\u00f3n pol\u00edtica y la disidencia, la judicatura, la abogac\u00eda y el sistema jur\u00eddico, y las garant\u00edas procesales. Tambi\u00e9n documenta ataques contra los derechos de las personas refugiadas y migrantes, el uso como chivo expiatorio de ciertas comunidades y el retroceso de las protecciones frente a la discriminaci\u00f3n, el uso del ej\u00e9rcito para fines internos, el desmantelamiento de la rendici\u00f3n de cuentas de las empresas y de las medidas anticorrupci\u00f3n, la ampliaci\u00f3n de la vigilancia sin una supervisi\u00f3n significativa, y los esfuerzos para debilitar sistemas internacionales concebidos para proteger los derechos humanos.<\/p>\n\n\n\n<p>Como se detalla en el informe, estas t\u00e1cticas autoritarias se refuerzan mutuamente: se arresta y detiene a estudiantes por protestar en campus universitarios, agentes enmascarados del Servicio de Inmigraci\u00f3n y Control de Aduanas (ICE) invaden y aterrorizan a comunidades enteras y se est\u00e1 empezando a normalizar la militarizaci\u00f3n de ciudades de todo Estados Unidos. Al mismo tiempo, la intimidaci\u00f3n de la prensa hace que las violaciones de derechos humanos y los abusos sean m\u00e1s dif\u00edciles de denunciar; la gente teme hablar debido a las represalias contra las protestas; la ampliaci\u00f3n de la vigilancia y de la militarizaci\u00f3n aumenta el coste de la disidencia, y los ataques contra los tribunales de justicia, la abogac\u00eda y los \u00f3rganos de supervisi\u00f3n hacen m\u00e1s dif\u00edcil la aplicaci\u00f3n de la rendici\u00f3n de cuentas. Estas t\u00e1cticas erosionan claramente derechos humanos como la libertad de expresi\u00f3n, la reuni\u00f3n pac\u00edfica, la libertad de prensa, el acceso a la informaci\u00f3n, la igualdad y la no discriminaci\u00f3n, las garant\u00edas procesales, la libertad de c\u00e1tedra; y los derechos a no sufrir detenci\u00f3n arbitraria, a pedir asilo, a un juicio conforme a las normas internacionales e incluso el derecho a la vida.<\/p>\n\n\n\n<p>Amnist\u00eda Internacional lleva tiempo documentando patrones similares en pa\u00edses de todo el mundo. Aunque los contextos difieren, los gobiernos consolidan el poder, controlan la informaci\u00f3n, desacreditan las cr\u00edticas, castigan la disidencia, reducen el espacio de la sociedad civil y debilitan mecanismos concebidos para garantizar la rendici\u00f3n de cuentas.<\/p>\n\n\n\n<p>\u201cEl ataque contra el espacio de la sociedad civil y el Estado de derecho, y la erosi\u00f3n de los derechos humanos en Estados Unidos reflejan un patr\u00f3n global que Amnist\u00eda lleva d\u00e9cadas observando y advirtiendo\u201d, a\u00f1adi\u00f3 O\u2019Brien. \u201cEs importante destacar que nuestra experiencia muestra que cuando las pr\u00e1cticas autoritarias est\u00e1n totalmente consolidadas, las instituciones concebidas para limitar los abusos de poder ya est\u00e1n gravemente comprometidas\u201d.<\/p>\n\n\n\n<p>En el informe, Amnist\u00eda Internacional expone un conjunto completo de recomendaciones \u2014al poder ejecutivo de Estados Unidos, al Congreso, a los gobiernos y organismos encargados de hacer cumplir la ley locales y estatales, a actores internacionales y otros gobiernos, a empresas como las compa\u00f1\u00edas tecnol\u00f3gicas, y a la ciudadan\u00eda\u2014 con el objetivo de revertir esta aceptaci\u00f3n de las pr\u00e1cticas autoritarias y prevenir la normalizaci\u00f3n del aumento de la represi\u00f3n y de las violaciones de derechos humanos. Pide medidas urgentes para proteger el espacio de la sociedad civil, restablecer las salvaguardias del Estado de derecho, reforzar la rendici\u00f3n de cuentas y garantizar que las violaciones de derechos humanos no son ignoradas ni aceptadas como inevitables.<\/p>\n\n\n\n<p>\u201cPodemos y debemos forjar un camino diferente\u201d, concluy\u00f3 O\u2019Brien. \u201cLas pr\u00e1cticas autoritarias s\u00f3lo enra\u00edzan cuando se permite que se normalicen. No podemos dejar que eso ocurra en Estados Unidos. Si nos unimos, tenemos una oportunidad, y la responsabilidad, de estar a la altura de estos tiempos dif\u00edciles de nuestra historia y proteger los derechos humanos\u201d.<\/p>\n","protected":false},"excerpt":{"rendered":"<p>Foto: David Pashaee\/Middle East Images\/AFP\/Getty Images. En el primer aniversario del regreso al cargo del presidente Trump, Amnist\u00eda Internacional hace sonar las alarmas sobre el n\u00famero creciente de pr\u00e1cticas autoritarias &hellip;<\/p>\n<p class=\"read-more\"> <a class=\"\" href=\"https:\/\/amnistia.org.mx\/contenido\/index.php\/un-ano-despues-del-regreso-al-cargo-del-presidente-trump-las-practicas-autoritarias-erosionan-los-derechos-humanos\/\"> <span class=\"screen-reader-text\"><strong>Un a\u00f1o despu\u00e9s del regreso al cargo del presidente Trump, las pr\u00e1cticas autoritarias erosionan los derechos humanos<\/strong><\/span> Leer m\u00e1s &raquo;<\/a><\/p>\n","protected":false},"author":4,"featured_media":41505,"comment_status":"closed","ping_status":"closed","sticky":false,"template":"","format":"standard","meta":{"_uf_show_specific_survey":0,"_uf_disable_surveys":false,"site-sidebar-layout":"default","site-content-layout":"default","ast-global-header-display":"","ast-main-header-display":"","ast-hfb-above-header-display":"","ast-hfb-below-header-display":"","ast-hfb-mobile-header-display":"","site-post-title":"","ast-breadcrumbs-content":"","ast-featured-img":"","footer-sml-layout":"","theme-transparent-header-meta":"","adv-header-id-meta":"","stick-header-meta":"","header-above-stick-meta":"","header-main-stick-meta":"","header-below-stick-meta":""},"categories":[9],"tags":[248],"acf":[],"aioseo_notices":[],"yoast_head":"<!-- This site is optimized with the Yoast SEO plugin v14.5 - https:\/\/yoast.com\/wordpress\/plugins\/seo\/ -->\n<title>Un a\u00f1o despu\u00e9s del regreso al cargo del presidente Trump, las pr\u00e1cticas autoritarias erosionan los derechos humanos - amnistia.org.mx<\/title>\n<meta name=\"description\" content=\"En el primer a\u00f1o de gobierno de Trump, Amnist\u00eda Internacional advierte el aumento de pr\u00e1cticas autoritarias en USA y la erosi\u00f3n de los derechos humanos.\" \/>\n<meta name=\"robots\" content=\"index, follow\" \/>\n<meta name=\"googlebot\" content=\"index, follow, max-snippet:-1, max-image-preview:large, max-video-preview:-1\" \/>\n<meta name=\"bingbot\" content=\"index, follow, max-snippet:-1, max-image-preview:large, max-video-preview:-1\" \/>\n<link rel=\"canonical\" href=\"https:\/\/amnistia.org.mx\/contenido\/index.php\/un-ano-despues-del-regreso-al-cargo-del-presidente-trump-las-practicas-autoritarias-erosionan-los-derechos-humanos\/\" \/>\n<meta property=\"og:locale\" content=\"es_MX\" \/>\n<meta property=\"og:type\" content=\"article\" \/>\n<meta property=\"og:title\" content=\"Un a\u00f1o despu\u00e9s del regreso al cargo del presidente Trump, las pr\u00e1cticas autoritarias erosionan los derechos humanos - amnistia.org.mx\" \/>\n<meta property=\"og:description\" content=\"En el primer a\u00f1o de gobierno de Trump, Amnist\u00eda Internacional advierte el aumento de pr\u00e1cticas autoritarias en USA y la erosi\u00f3n de los derechos humanos.\" \/>\n<meta property=\"og:url\" content=\"https:\/\/amnistia.org.mx\/contenido\/index.php\/un-ano-despues-del-regreso-al-cargo-del-presidente-trump-las-practicas-autoritarias-erosionan-los-derechos-humanos\/\" \/>\n<meta property=\"og:site_name\" content=\"amnistia.org.mx\" \/>\n<meta property=\"article:published_time\" content=\"2026-01-20T16:12:07+00:00\" \/>\n<meta property=\"article:modified_time\" content=\"2026-01-20T21:33:39+00:00\" \/>\n<meta property=\"og:image\" content=\"https:\/\/amnistia.org.mx\/contenido\/wp-content\/uploads\/2026\/01\/Ringing-the-Alarm-Bells-Photo-ajustada.jpg\" \/>\n\t<meta property=\"og:image:width\" content=\"700\" \/>\n\t<meta property=\"og:image:height\" content=\"550\" \/>\n<meta name=\"twitter:card\" content=\"summary_large_image\" \/>\n<script type=\"application\/ld+json\" class=\"yoast-schema-graph\">{\"@context\":\"https:\/\/schema.org\",\"@graph\":[{\"@type\":\"WebSite\",\"@id\":\"https:\/\/amnistia.org.mx\/contenido\/#website\",\"url\":\"https:\/\/amnistia.org.mx\/contenido\/\",\"name\":\"amnistia.org.mx\",\"description\":\"Nueva p\\u00e1gina de Amnist\\u00eda\",\"potentialAction\":[{\"@type\":\"SearchAction\",\"target\":\"https:\/\/amnistia.org.mx\/contenido\/?s={search_term_string}\",\"query-input\":\"required name=search_term_string\"}],\"inLanguage\":\"es-MX\"},{\"@type\":\"ImageObject\",\"@id\":\"https:\/\/amnistia.org.mx\/contenido\/index.php\/un-ano-despues-del-regreso-al-cargo-del-presidente-trump-las-practicas-autoritarias-erosionan-los-derechos-humanos\/#primaryimage\",\"inLanguage\":\"es-MX\",\"url\":\"https:\/\/amnistia.org.mx\/contenido\/wp-content\/uploads\/2026\/01\/Ringing-the-Alarm-Bells-Photo-ajustada.jpg\",\"width\":700,\"height\":550},{\"@type\":\"WebPage\",\"@id\":\"https:\/\/amnistia.org.mx\/contenido\/index.php\/un-ano-despues-del-regreso-al-cargo-del-presidente-trump-las-practicas-autoritarias-erosionan-los-derechos-humanos\/#webpage\",\"url\":\"https:\/\/amnistia.org.mx\/contenido\/index.php\/un-ano-despues-del-regreso-al-cargo-del-presidente-trump-las-practicas-autoritarias-erosionan-los-derechos-humanos\/\",\"name\":\"Un a\\u00f1o despu\\u00e9s del regreso al cargo del presidente Trump, las pr\\u00e1cticas autoritarias erosionan los derechos humanos - amnistia.org.mx\",\"isPartOf\":{\"@id\":\"https:\/\/amnistia.org.mx\/contenido\/#website\"},\"primaryImageOfPage\":{\"@id\":\"https:\/\/amnistia.org.mx\/contenido\/index.php\/un-ano-despues-del-regreso-al-cargo-del-presidente-trump-las-practicas-autoritarias-erosionan-los-derechos-humanos\/#primaryimage\"},\"datePublished\":\"2026-01-20T16:12:07+00:00\",\"dateModified\":\"2026-01-20T21:33:39+00:00\",\"author\":{\"@id\":\"https:\/\/amnistia.org.mx\/contenido\/#\/schema\/person\/7db421c495688267ce8ede4625c17fa5\"},\"description\":\"En el primer a\\u00f1o de gobierno de Trump, Amnist\\u00eda Internacional advierte el aumento de pr\\u00e1cticas autoritarias en USA y la erosi\\u00f3n de los derechos humanos.\",\"breadcrumb\":{\"@id\":\"https:\/\/amnistia.org.mx\/contenido\/index.php\/un-ano-despues-del-regreso-al-cargo-del-presidente-trump-las-practicas-autoritarias-erosionan-los-derechos-humanos\/#breadcrumb\"},\"inLanguage\":\"es-MX\",\"potentialAction\":[{\"@type\":\"ReadAction\",\"target\":[\"https:\/\/amnistia.org.mx\/contenido\/index.php\/un-ano-despues-del-regreso-al-cargo-del-presidente-trump-las-practicas-autoritarias-erosionan-los-derechos-humanos\/\"]}]},{\"@type\":\"BreadcrumbList\",\"@id\":\"https:\/\/amnistia.org.mx\/contenido\/index.php\/un-ano-despues-del-regreso-al-cargo-del-presidente-trump-las-practicas-autoritarias-erosionan-los-derechos-humanos\/#breadcrumb\",\"itemListElement\":[{\"@type\":\"ListItem\",\"position\":1,\"item\":{\"@type\":\"WebPage\",\"@id\":\"https:\/\/amnistia.org.mx\/contenido\/\",\"url\":\"https:\/\/amnistia.org.mx\/contenido\/\",\"name\":\"Home\"}},{\"@type\":\"ListItem\",\"position\":2,\"item\":{\"@type\":\"WebPage\",\"@id\":\"https:\/\/amnistia.org.mx\/contenido\/index.php\/un-ano-despues-del-regreso-al-cargo-del-presidente-trump-las-practicas-autoritarias-erosionan-los-derechos-humanos\/\",\"url\":\"https:\/\/amnistia.org.mx\/contenido\/index.php\/un-ano-despues-del-regreso-al-cargo-del-presidente-trump-las-practicas-autoritarias-erosionan-los-derechos-humanos\/\",\"name\":\"Un a\\u00f1o despu\\u00e9s del regreso al cargo del presidente Trump, las pr\\u00e1cticas autoritarias erosionan los derechos humanos\"}}]},{\"@type\":[\"Person\"],\"@id\":\"https:\/\/amnistia.org.mx\/contenido\/#\/schema\/person\/7db421c495688267ce8ede4625c17fa5\",\"name\":\"Alejandro Ju\\u00e1rez Gamero\",\"image\":{\"@type\":\"ImageObject\",\"@id\":\"https:\/\/amnistia.org.mx\/contenido\/#personlogo\",\"inLanguage\":\"es-MX\",\"url\":\"https:\/\/secure.gravatar.com\/avatar\/e312d5566d1c3ffb56f86415d6f0e606?s=96&d=mm&r=g\",\"caption\":\"Alejandro Ju\\u00e1rez Gamero\"}}]}<\/script>\n<!-- \/ Yoast SEO plugin. -->","_links":{"self":[{"href":"https:\/\/amnistia.org.mx\/contenido\/index.php\/wp-json\/wp\/v2\/posts\/41504"}],"collection":[{"href":"https:\/\/amnistia.org.mx\/contenido\/index.php\/wp-json\/wp\/v2\/posts"}],"about":[{"href":"https:\/\/amnistia.org.mx\/contenido\/index.php\/wp-json\/wp\/v2\/types\/post"}],"author":[{"embeddable":true,"href":"https:\/\/amnistia.org.mx\/contenido\/index.php\/wp-json\/wp\/v2\/users\/4"}],"replies":[{"embeddable":true,"href":"https:\/\/amnistia.org.mx\/contenido\/index.php\/wp-json\/wp\/v2\/comments?post=41504"}],"version-history":[{"count":4,"href":"https:\/\/amnistia.org.mx\/contenido\/index.php\/wp-json\/wp\/v2\/posts\/41504\/revisions"}],"predecessor-version":[{"id":41510,"href":"https:\/\/amnistia.org.mx\/contenido\/index.php\/wp-json\/wp\/v2\/posts\/41504\/revisions\/41510"}],"wp:featuredmedia":[{"embeddable":true,"href":"https:\/\/amnistia.org.mx\/contenido\/index.php\/wp-json\/wp\/v2\/media\/41505"}],"wp:attachment":[{"href":"https:\/\/amnistia.org.mx\/contenido\/index.php\/wp-json\/wp\/v2\/media?parent=41504"}],"wp:term":[{"taxonomy":"category","embeddable":true,"href":"https:\/\/amnistia.org.mx\/contenido\/index.php\/wp-json\/wp\/v2\/categories?post=41504"},{"taxonomy":"post_tag","embeddable":true,"href":"https:\/\/amnistia.org.mx\/contenido\/index.php\/wp-json\/wp\/v2\/tags?post=41504"}],"curies":[{"name":"wp","href":"https:\/\/api.w.org\/{rel}","templated":true}]}}