
{"id":41528,"date":"2026-01-22T11:01:07","date_gmt":"2026-01-22T17:01:07","guid":{"rendered":"https:\/\/amnistia.org.mx\/contenido\/?p=41528"},"modified":"2026-01-22T11:01:11","modified_gmt":"2026-01-22T17:01:11","slug":"juicio-de-activistas-de-tiananmen-un-cinico-intento-de-borrar-la-memoria-historica","status":"publish","type":"post","link":"https:\/\/amnistia.org.mx\/contenido\/index.php\/juicio-de-activistas-de-tiananmen-un-cinico-intento-de-borrar-la-memoria-historica\/","title":{"rendered":"Juicio de activistas de Tiananmen, un c\u00ednico intento de borrar la memoria hist\u00f3rica"},"content":{"rendered":"\n<p class=\"has-text-align-right\">Foto: AlexChanTszYuk<\/p>\n\n\n\n<p>\u201cEl enjuiciamiento de activistas de Hong Kong por conmemorar la represi\u00f3n de Tiananmen de 1989 es otra escalada del uso por las autoridades de las leyes sobre seguridad nacional para silenciar la disidencia\u201d, ha declarado hoy Amnist\u00eda Internacional, en el inicio del juicio oral.<\/p>\n\n\n\n<p>La abogada Chow Hang-tung y el sindicalista Lee Cheuk-yan llevan m\u00e1s de cuatro a\u00f1os en prisi\u00f3n en espera de juicio y podr\u00edan estar m\u00e1s a\u00f1os entre rejas por cargos relacionados con la seguridad nacional. Chow y Lee pertenec\u00edan a la ahora disuelta Alianza de Hong Kong que organiz\u00f3 en la ciudad durante m\u00e1s de tres d\u00e9cadas una vigilia anual con velas por los sucesos de la plaza de Tiananmen hasta que fue prohibida en un contexto de restricciones de los derechos humanos.<\/p>\n\n\n\n<p>Cientos, si no miles, de personas murieron cuando las tropas chinas abrieron fuego contra quienes protestaban en la plaza de Tiananmen (Pek\u00edn) y sus alrededores el 4 de junio de 1989.<\/p>\n\n\n\n<p>\u201cEste caso no tiene que ver con la seguridad nacional, sino con reescribir la historia y castigar a quienes se niegan a olvidar a las v\u00edctimas de la represi\u00f3n de Tiananmen\u201d, declar\u00f3 Sarah Brooks, directora regional adjunta de Amnist\u00eda Internacional.<\/p>\n\n\n\n<p>\u201cEl principal \u2018delito\u2019 de Chow y Lee es reclamar verdad y justicia para quienes protestaban y murieron por disparos de las tropas chinas, y para las familias que quedaron en duelo. Este c\u00ednico caso contra ellos es un claro ejemplo de c\u00f3mo el gobierno de Hong Kong usa unas leyes sobre seguridad nacional poco precisas y excesivamente amplias como herramientas de represi\u00f3n\u201d.<\/p>\n\n\n\n<p>Chow Hang-tung y Lee Cheuk-yan son algunos de los miembros de la Alianza de Hong Kong en Apoyo de los Movimientos Patri\u00f3ticos y Democr\u00e1ticos de China (Alianza de Hong Kong) acusados en septiembre de 2021 de \u201cincitar a la subversi\u00f3n del poder del Estado\u201d en aplicaci\u00f3n de la Ley de Seguridad Nacional.<\/p>\n\n\n\n<p>Llevan en prisi\u00f3n preventiva desde esa fecha, despu\u00e9s de que se les haya denegado varias veces la libertad bajo fianza y, si son declarados culpables, podr\u00edan ser condenados a penas de hasta 10 a\u00f1os de c\u00e1rcel. Amnist\u00eda Internacional ha declarado a ambos presos de conciencia.<\/p>\n\n\n\n<p>Las autoridades afirmaron que la vigilia anual por Tiananmen que organizaba la Alianza de Hong Kong desde 1990 era prueba de que el grupo \u201cpon\u00eda en peligro la seguridad nacional\u201d.<\/p>\n\n\n\n<p>Amnist\u00eda Internacional ha expresado en reiteradas ocasiones su preocupaci\u00f3n por que se est\u00e1 usando la Ley de Seguridad Nacional de Hong Kong, promulgada en junio de 2020, para atacar a grupos de la sociedad civil, periodistas, activistas pol\u00edticos y miembros de la Academia por actos plenamente protegidos por el derecho internacional de los derechos humanos.<\/p>\n\n\n\n<p>La organizaci\u00f3n pide a las autoridades de Hong Kong que retiren todos los cargos contra miembros de la Alianza de Hong Kong detenidos s\u00f3lo por ejercer sus derechos a la libertad de expresi\u00f3n, reuni\u00f3n pac\u00edfica y asociaci\u00f3n; deroguen la Ley de Seguridad Nacional, y respeten y faciliten la conmemoraci\u00f3n pac\u00edfica de la represi\u00f3n de Tiananmen.<\/p>\n\n\n\n<p>\u201cLa historia no se puede borrar. Los tribunales de Hong Kong se enfrentan ahora a una prueba fundamental: si van a respetar los derechos humanos o van a seguir dando legitimidad judicial a una represi\u00f3n generalizada de la disidencia\u201d, concluy\u00f3 Sarah Brooks.<\/p>\n\n\n\n<p>\u201cChow Hang-tung y Lee Cheuk-yan son presos de conciencia, encarcelados exclusivamente por ejercer sus derechos a la libertad de expresi\u00f3n, de asociaci\u00f3n y de reuni\u00f3n pac\u00edfica. Las autoridades de Hong Kong deben ponerlos en libertad inmediata e incondicional\u201d.<\/p>\n\n\n\n<h2 id=\"h-background\"><strong>Informaci\u00f3n complementaria<\/strong><\/h2>\n\n\n\n<p>El 4 de junio de 1989, tropas chinas abrieron fuego contra estudiantes y trabajadores y trabajadoras que protestaban pac\u00edficamente en favor de reformas pol\u00edticas en la pekinesa plaza de Tiananmen y sus alrededores, y mataron a cientos \u2014posiblemente miles\u2014 de personas. En la posterior campa\u00f1a de represi\u00f3n fueron detenidas decenas de miles de personas en toda China.<\/p>\n\n\n\n<p>En los 36 a\u00f1os transcurridos desde la represi\u00f3n, en China se ha censurado f\u00e9rreamente todo debate sobre el incidente, pues las autoridades han intentado efectivamente borrarlo de la historia. Est\u00e1 prohibida la conmemoraci\u00f3n o mera menci\u00f3n p\u00fablica de la represi\u00f3n de Tiananmen.<\/p>\n\n\n\n<p>Mientras conmemorar la represi\u00f3n de Tiananmen estaba prohibido en la China continental, en el parque Victoria de Hong Kong se reun\u00edan todos los a\u00f1os multitudes de hasta cientos de miles de personas para recordar a las personas fallecidas y pedir a las autoridades chinas que revelaran la verdad de lo ocurrido y asumieran la responsabilidad por la atrocidad.<\/p>\n\n\n\n<p>La vigilia de Hong Kong se prohibi\u00f3 en 2020 y 2021 so pretexto de la COVID-19, y desde entonces, nuevas leyes represivas como la Ley de Seguridad Nacional de 2020 han criminalizado de hecho la protesta pac\u00edfica en la ciudad.<\/p>\n","protected":false},"excerpt":{"rendered":"<p>Foto: AlexChanTszYuk \u201cEl enjuiciamiento de activistas de Hong Kong por conmemorar la represi\u00f3n de Tiananmen de 1989 es otra escalada del uso por las autoridades de las leyes sobre seguridad &hellip;<\/p>\n<p class=\"read-more\"> <a class=\"\" href=\"https:\/\/amnistia.org.mx\/contenido\/index.php\/juicio-de-activistas-de-tiananmen-un-cinico-intento-de-borrar-la-memoria-historica\/\"> <span class=\"screen-reader-text\">Juicio de activistas de Tiananmen, un c\u00ednico intento de borrar la memoria hist\u00f3rica<\/span> Leer m\u00e1s &raquo;<\/a><\/p>\n","protected":false},"author":20,"featured_media":41529,"comment_status":"closed","ping_status":"closed","sticky":false,"template":"","format":"standard","meta":{"_uf_show_specific_survey":0,"_uf_disable_surveys":false,"site-sidebar-layout":"default","site-content-layout":"default","ast-global-header-display":"","ast-main-header-display":"","ast-hfb-above-header-display":"","ast-hfb-below-header-display":"","ast-hfb-mobile-header-display":"","site-post-title":"","ast-breadcrumbs-content":"","ast-featured-img":"","footer-sml-layout":"","theme-transparent-header-meta":"","adv-header-id-meta":"","stick-header-meta":"","header-above-stick-meta":"","header-main-stick-meta":"","header-below-stick-meta":""},"categories":[9],"tags":[288],"acf":[],"aioseo_notices":[],"yoast_head":"<!-- This site is optimized with the Yoast SEO plugin v14.5 - https:\/\/yoast.com\/wordpress\/plugins\/seo\/ -->\n<title>Juicio de activistas de Tiananmen, un c\u00ednico intento de borrar la memoria hist\u00f3rica - amnistia.org.mx<\/title>\n<meta name=\"description\" content=\"Este caso no tiene que ver con la seguridad nacional, sino con reescribir la historia y castigar a quienes se niegan a olvidar a las v\u00edctimas de la represi\u00f3n de Tiananmen: AI.\" \/>\n<meta name=\"robots\" content=\"index, follow\" \/>\n<meta name=\"googlebot\" content=\"index, follow, max-snippet:-1, max-image-preview:large, max-video-preview:-1\" \/>\n<meta name=\"bingbot\" content=\"index, follow, max-snippet:-1, max-image-preview:large, max-video-preview:-1\" \/>\n<link rel=\"canonical\" href=\"https:\/\/amnistia.org.mx\/contenido\/index.php\/juicio-de-activistas-de-tiananmen-un-cinico-intento-de-borrar-la-memoria-historica\/\" \/>\n<meta property=\"og:locale\" content=\"es_MX\" \/>\n<meta property=\"og:type\" content=\"article\" \/>\n<meta property=\"og:title\" content=\"Juicio de activistas de Tiananmen, un c\u00ednico intento de borrar la memoria hist\u00f3rica - amnistia.org.mx\" \/>\n<meta property=\"og:description\" content=\"Este caso no tiene que ver con la seguridad nacional, sino con reescribir la historia y castigar a quienes se niegan a olvidar a las v\u00edctimas de la represi\u00f3n de Tiananmen: AI.\" \/>\n<meta property=\"og:url\" content=\"https:\/\/amnistia.org.mx\/contenido\/index.php\/juicio-de-activistas-de-tiananmen-un-cinico-intento-de-borrar-la-memoria-historica\/\" \/>\n<meta property=\"og:site_name\" content=\"amnistia.org.mx\" \/>\n<meta property=\"article:published_time\" content=\"2026-01-22T17:01:07+00:00\" \/>\n<meta property=\"article:modified_time\" content=\"2026-01-22T17:01:11+00:00\" \/>\n<meta property=\"og:image\" content=\"https:\/\/amnistia.org.mx\/contenido\/wp-content\/uploads\/2026\/01\/283598-1-scaled-1468x710-1.jpg\" \/>\n\t<meta property=\"og:image:width\" content=\"1468\" \/>\n\t<meta property=\"og:image:height\" content=\"710\" \/>\n<meta name=\"twitter:card\" content=\"summary_large_image\" \/>\n<script type=\"application\/ld+json\" class=\"yoast-schema-graph\">{\"@context\":\"https:\/\/schema.org\",\"@graph\":[{\"@type\":\"WebSite\",\"@id\":\"https:\/\/amnistia.org.mx\/contenido\/#website\",\"url\":\"https:\/\/amnistia.org.mx\/contenido\/\",\"name\":\"amnistia.org.mx\",\"description\":\"Nueva p\\u00e1gina de Amnist\\u00eda\",\"potentialAction\":[{\"@type\":\"SearchAction\",\"target\":\"https:\/\/amnistia.org.mx\/contenido\/?s={search_term_string}\",\"query-input\":\"required name=search_term_string\"}],\"inLanguage\":\"es-MX\"},{\"@type\":\"ImageObject\",\"@id\":\"https:\/\/amnistia.org.mx\/contenido\/index.php\/juicio-de-activistas-de-tiananmen-un-cinico-intento-de-borrar-la-memoria-historica\/#primaryimage\",\"inLanguage\":\"es-MX\",\"url\":\"https:\/\/amnistia.org.mx\/contenido\/wp-content\/uploads\/2026\/01\/283598-1-scaled-1468x710-1.jpg\",\"width\":1468,\"height\":710},{\"@type\":\"WebPage\",\"@id\":\"https:\/\/amnistia.org.mx\/contenido\/index.php\/juicio-de-activistas-de-tiananmen-un-cinico-intento-de-borrar-la-memoria-historica\/#webpage\",\"url\":\"https:\/\/amnistia.org.mx\/contenido\/index.php\/juicio-de-activistas-de-tiananmen-un-cinico-intento-de-borrar-la-memoria-historica\/\",\"name\":\"Juicio de activistas de Tiananmen, un c\\u00ednico intento de borrar la memoria hist\\u00f3rica - amnistia.org.mx\",\"isPartOf\":{\"@id\":\"https:\/\/amnistia.org.mx\/contenido\/#website\"},\"primaryImageOfPage\":{\"@id\":\"https:\/\/amnistia.org.mx\/contenido\/index.php\/juicio-de-activistas-de-tiananmen-un-cinico-intento-de-borrar-la-memoria-historica\/#primaryimage\"},\"datePublished\":\"2026-01-22T17:01:07+00:00\",\"dateModified\":\"2026-01-22T17:01:11+00:00\",\"author\":{\"@id\":\"https:\/\/amnistia.org.mx\/contenido\/#\/schema\/person\/d71334ce16d82dc09f98d83dcb18351f\"},\"description\":\"Este caso no tiene que ver con la seguridad nacional, sino con reescribir la historia y castigar a quienes se niegan a olvidar a las v\\u00edctimas de la represi\\u00f3n de Tiananmen: AI.\",\"breadcrumb\":{\"@id\":\"https:\/\/amnistia.org.mx\/contenido\/index.php\/juicio-de-activistas-de-tiananmen-un-cinico-intento-de-borrar-la-memoria-historica\/#breadcrumb\"},\"inLanguage\":\"es-MX\",\"potentialAction\":[{\"@type\":\"ReadAction\",\"target\":[\"https:\/\/amnistia.org.mx\/contenido\/index.php\/juicio-de-activistas-de-tiananmen-un-cinico-intento-de-borrar-la-memoria-historica\/\"]}]},{\"@type\":\"BreadcrumbList\",\"@id\":\"https:\/\/amnistia.org.mx\/contenido\/index.php\/juicio-de-activistas-de-tiananmen-un-cinico-intento-de-borrar-la-memoria-historica\/#breadcrumb\",\"itemListElement\":[{\"@type\":\"ListItem\",\"position\":1,\"item\":{\"@type\":\"WebPage\",\"@id\":\"https:\/\/amnistia.org.mx\/contenido\/\",\"url\":\"https:\/\/amnistia.org.mx\/contenido\/\",\"name\":\"Home\"}},{\"@type\":\"ListItem\",\"position\":2,\"item\":{\"@type\":\"WebPage\",\"@id\":\"https:\/\/amnistia.org.mx\/contenido\/index.php\/juicio-de-activistas-de-tiananmen-un-cinico-intento-de-borrar-la-memoria-historica\/\",\"url\":\"https:\/\/amnistia.org.mx\/contenido\/index.php\/juicio-de-activistas-de-tiananmen-un-cinico-intento-de-borrar-la-memoria-historica\/\",\"name\":\"Juicio de activistas de Tiananmen, un c\\u00ednico intento de borrar la memoria hist\\u00f3rica\"}}]},{\"@type\":[\"Person\"],\"@id\":\"https:\/\/amnistia.org.mx\/contenido\/#\/schema\/person\/d71334ce16d82dc09f98d83dcb18351f\",\"name\":\"Carla Ram\\u00edrez Torres\",\"image\":{\"@type\":\"ImageObject\",\"@id\":\"https:\/\/amnistia.org.mx\/contenido\/#personlogo\",\"inLanguage\":\"es-MX\",\"url\":\"https:\/\/secure.gravatar.com\/avatar\/e23f8047127168b5b454a42adc3fda75?s=96&d=mm&r=g\",\"caption\":\"Carla Ram\\u00edrez Torres\"}}]}<\/script>\n<!-- \/ Yoast SEO plugin. -->","_links":{"self":[{"href":"https:\/\/amnistia.org.mx\/contenido\/index.php\/wp-json\/wp\/v2\/posts\/41528"}],"collection":[{"href":"https:\/\/amnistia.org.mx\/contenido\/index.php\/wp-json\/wp\/v2\/posts"}],"about":[{"href":"https:\/\/amnistia.org.mx\/contenido\/index.php\/wp-json\/wp\/v2\/types\/post"}],"author":[{"embeddable":true,"href":"https:\/\/amnistia.org.mx\/contenido\/index.php\/wp-json\/wp\/v2\/users\/20"}],"replies":[{"embeddable":true,"href":"https:\/\/amnistia.org.mx\/contenido\/index.php\/wp-json\/wp\/v2\/comments?post=41528"}],"version-history":[{"count":3,"href":"https:\/\/amnistia.org.mx\/contenido\/index.php\/wp-json\/wp\/v2\/posts\/41528\/revisions"}],"predecessor-version":[{"id":41532,"href":"https:\/\/amnistia.org.mx\/contenido\/index.php\/wp-json\/wp\/v2\/posts\/41528\/revisions\/41532"}],"wp:featuredmedia":[{"embeddable":true,"href":"https:\/\/amnistia.org.mx\/contenido\/index.php\/wp-json\/wp\/v2\/media\/41529"}],"wp:attachment":[{"href":"https:\/\/amnistia.org.mx\/contenido\/index.php\/wp-json\/wp\/v2\/media?parent=41528"}],"wp:term":[{"taxonomy":"category","embeddable":true,"href":"https:\/\/amnistia.org.mx\/contenido\/index.php\/wp-json\/wp\/v2\/categories?post=41528"},{"taxonomy":"post_tag","embeddable":true,"href":"https:\/\/amnistia.org.mx\/contenido\/index.php\/wp-json\/wp\/v2\/tags?post=41528"}],"curies":[{"name":"wp","href":"https:\/\/api.w.org\/{rel}","templated":true}]}}