
{"id":41629,"date":"2026-01-26T12:41:06","date_gmt":"2026-01-26T18:41:06","guid":{"rendered":"https:\/\/amnistia.org.mx\/contenido\/?p=41629"},"modified":"2026-01-26T12:41:17","modified_gmt":"2026-01-26T18:41:17","slug":"tras-un-nuevo-homicidio-el-congreso-debe-dejar-de-financiar-los-mortiferos-abusos-del-ice","status":"publish","type":"post","link":"https:\/\/amnistia.org.mx\/contenido\/index.php\/tras-un-nuevo-homicidio-el-congreso-debe-dejar-de-financiar-los-mortiferos-abusos-del-ice\/","title":{"rendered":"Tras un nuevo homicidio, el Congreso debe dejar de financiar los mort\u00edferos abusos del ICE"},"content":{"rendered":"\n<p class=\"has-text-align-right has-small-font-size\">Foto: Stephen Maturen\/Getty Images<\/p>\n\n\n\n<p>Tras una nueva muerte por disparos de agentes federales en Minneapolis,<strong>\u00a0Amy Fischer,<\/strong>\u00a0directora de Derechos de las Personas Refugiadas y Migrantes de Amnist\u00eda Internacional Estados Unidos, ha declarado:<\/p>\n\n\n\n<p>\u201cLos disparos mortales realizados&nbsp;hoy&nbsp;por agentes de la Patrulla de Fronteras estadounidense en las calles de Minneapolis son un devastador recordatorio, el m\u00e1s reciente, de que<strong>&nbsp;el Servicio de Inmigraci\u00f3n y Control de Aduanas (ICE) y la Patrulla de Fronteras y Aduanas no est\u00e1n convirtiendo nuestras comunidades en lugares m\u00e1s seguros. Al contrario, est\u00e1n actuando impunemente<\/strong>, utilizando fuerza letal a plena luz del d\u00eda, aterrorizando a barrios enteros y arrancando a ni\u00f1os y ni\u00f1as peque\u00f1os de los brazos de sus familias.\u201d<\/p>\n\n\n\n<p>\u201cEste homicidio<strong>&nbsp;no es un incidente aislado.&nbsp;<\/strong>Forma parte de un patr\u00f3n m\u00e1s amplio en el que se ha dado v\u00eda libre al ICE, con sus operaciones tipo paramilitar, para que lleve a cabo pr\u00e1cticas abusivas de detenci\u00f3n y aplicaci\u00f3n de la ley sin apenas supervisi\u00f3n ni rendici\u00f3n de cuentas. Desde operaciones mortales en las calles hasta torturas, desatenci\u00f3n y otros abusos documentados en los centros de detenci\u00f3n para inmigrantes,&nbsp;<strong>el ICE ha violado reiteradamente derechos humanos sin sufrir pr\u00e1cticamente ninguna consecuencia.&nbsp;<\/strong>De hecho, la C\u00e1mara vot\u00f3 el&nbsp;jueves&nbsp;a favor de incrementar su financiaci\u00f3n en miles de millones de d\u00f3lares.\u201d<\/p>\n\n\n\n<p>\u201c\u00bfCu\u00e1nta gente m\u00e1s tiene que morir para que los dirigentes estadounidenses act\u00faen? En un momento en el que se est\u00e1n arrebatando vidas y en el que las comunidades est\u00e1n exigiendo respuestas,&nbsp;<strong>el Congreso debe dejar de mirar hacia otro lado.<\/strong>&nbsp;El Senado de Estados Unidos se enfrenta a una decisi\u00f3n urgente en los pr\u00f3ximos d\u00edas: seguir derramando miles de millones de d\u00f3lares de los contribuyentes en una agencia sin ley que pone impunemente vidas en peligro, o emprender acciones significativas para refrenar al ICE y dejar de financiar sus abusos.\u201d<\/p>\n\n\n\n<p>\u201cAmnist\u00eda Internacional pide al Congreso que<strong>&nbsp;rechace cualquier financiaci\u00f3n adicional del ICE<\/strong>&nbsp;y que&nbsp;<strong>tome medidas inmediatas&nbsp;<\/strong>para hacer que este organismo&nbsp;<strong>rinda cuentas por las muertes y otras violaciones de derechos humanos<\/strong>&nbsp;que ha causado, y que ponga fin a las mortales pr\u00e1cticas de aplicaci\u00f3n de la ley. No debe perderse ninguna vida m\u00e1s. No debe gastarse ni un c\u00e9ntimo m\u00e1s en permitir este horror.\u201d<\/p>\n","protected":false},"excerpt":{"rendered":"<p>Foto: Stephen Maturen\/Getty Images Tras una nueva muerte por disparos de agentes federales en Minneapolis,\u00a0Amy Fischer,\u00a0directora de Derechos de las Personas Refugiadas y Migrantes de Amnist\u00eda Internacional Estados Unidos, ha &hellip;<\/p>\n<p class=\"read-more\"> <a class=\"\" href=\"https:\/\/amnistia.org.mx\/contenido\/index.php\/tras-un-nuevo-homicidio-el-congreso-debe-dejar-de-financiar-los-mortiferos-abusos-del-ice\/\"> <span class=\"screen-reader-text\">Tras un nuevo homicidio, el Congreso debe dejar de financiar los mort\u00edferos abusos del ICE<\/span> Leer m\u00e1s &raquo;<\/a><\/p>\n","protected":false},"author":20,"featured_media":41630,"comment_status":"closed","ping_status":"closed","sticky":false,"template":"","format":"standard","meta":{"_uf_show_specific_survey":0,"_uf_disable_surveys":false,"site-sidebar-layout":"default","site-content-layout":"default","ast-global-header-display":"","ast-main-header-display":"","ast-hfb-above-header-display":"","ast-hfb-below-header-display":"","ast-hfb-mobile-header-display":"","site-post-title":"","ast-breadcrumbs-content":"","ast-featured-img":"","footer-sml-layout":"","theme-transparent-header-meta":"","adv-header-id-meta":"","stick-header-meta":"","header-above-stick-meta":"","header-main-stick-meta":"","header-below-stick-meta":""},"categories":[9],"tags":[248],"acf":[],"aioseo_notices":[],"yoast_head":"<!-- This site is optimized with the Yoast SEO plugin v14.5 - https:\/\/yoast.com\/wordpress\/plugins\/seo\/ -->\n<title>Tras un nuevo homicidio, el Congreso debe dejar de financiar los mort\u00edferos abusos del ICE - amnistia.org.mx<\/title>\n<meta name=\"description\" content=\"Este homicidio\u00a0no es un incidente aislado.\u00a0Forma parte de un patr\u00f3n m\u00e1s amplio en el que se ha dado v\u00eda libre al ICE, con sus operaciones tipo paramilitar, para que lleve a cabo pr\u00e1cticas abusivas de detenci\u00f3n y aplicaci\u00f3n de la ley sin apenas supervisi\u00f3n ni rendici\u00f3n de cuentas: AI\" \/>\n<meta name=\"robots\" content=\"index, follow\" \/>\n<meta name=\"googlebot\" content=\"index, follow, max-snippet:-1, max-image-preview:large, max-video-preview:-1\" \/>\n<meta name=\"bingbot\" content=\"index, follow, max-snippet:-1, max-image-preview:large, max-video-preview:-1\" \/>\n<link rel=\"canonical\" href=\"https:\/\/amnistia.org.mx\/contenido\/index.php\/tras-un-nuevo-homicidio-el-congreso-debe-dejar-de-financiar-los-mortiferos-abusos-del-ice\/\" \/>\n<meta property=\"og:locale\" content=\"es_MX\" \/>\n<meta property=\"og:type\" content=\"article\" \/>\n<meta property=\"og:title\" content=\"Tras un nuevo homicidio, el Congreso debe dejar de financiar los mort\u00edferos abusos del ICE - amnistia.org.mx\" \/>\n<meta property=\"og:description\" content=\"Este homicidio\u00a0no es un incidente aislado.\u00a0Forma parte de un patr\u00f3n m\u00e1s amplio en el que se ha dado v\u00eda libre al ICE, con sus operaciones tipo paramilitar, para que lleve a cabo pr\u00e1cticas abusivas de detenci\u00f3n y aplicaci\u00f3n de la ley sin apenas supervisi\u00f3n ni rendici\u00f3n de cuentas: AI\" \/>\n<meta property=\"og:url\" content=\"https:\/\/amnistia.org.mx\/contenido\/index.php\/tras-un-nuevo-homicidio-el-congreso-debe-dejar-de-financiar-los-mortiferos-abusos-del-ice\/\" \/>\n<meta property=\"og:site_name\" content=\"amnistia.org.mx\" \/>\n<meta property=\"article:published_time\" content=\"2026-01-26T18:41:06+00:00\" \/>\n<meta property=\"article:modified_time\" content=\"2026-01-26T18:41:17+00:00\" \/>\n<meta name=\"twitter:card\" content=\"summary_large_image\" \/>\n<meta name=\"twitter:image\" content=\"https:\/\/amnistia.org.mx\/contenido\/wp-content\/uploads\/2026\/01\/314170.webp\" \/>\n<script type=\"application\/ld+json\" class=\"yoast-schema-graph\">{\"@context\":\"https:\/\/schema.org\",\"@graph\":[{\"@type\":\"WebSite\",\"@id\":\"https:\/\/amnistia.org.mx\/contenido\/#website\",\"url\":\"https:\/\/amnistia.org.mx\/contenido\/\",\"name\":\"amnistia.org.mx\",\"description\":\"Nueva p\\u00e1gina de Amnist\\u00eda\",\"potentialAction\":[{\"@type\":\"SearchAction\",\"target\":\"https:\/\/amnistia.org.mx\/contenido\/?s={search_term_string}\",\"query-input\":\"required name=search_term_string\"}],\"inLanguage\":\"es-MX\"},{\"@type\":\"ImageObject\",\"@id\":\"https:\/\/amnistia.org.mx\/contenido\/index.php\/tras-un-nuevo-homicidio-el-congreso-debe-dejar-de-financiar-los-mortiferos-abusos-del-ice\/#primaryimage\",\"inLanguage\":\"es-MX\",\"url\":\"https:\/\/amnistia.org.mx\/contenido\/wp-content\/uploads\/2026\/01\/314170.webp\",\"width\":1200,\"height\":800},{\"@type\":\"WebPage\",\"@id\":\"https:\/\/amnistia.org.mx\/contenido\/index.php\/tras-un-nuevo-homicidio-el-congreso-debe-dejar-de-financiar-los-mortiferos-abusos-del-ice\/#webpage\",\"url\":\"https:\/\/amnistia.org.mx\/contenido\/index.php\/tras-un-nuevo-homicidio-el-congreso-debe-dejar-de-financiar-los-mortiferos-abusos-del-ice\/\",\"name\":\"Tras un nuevo homicidio, el Congreso debe dejar de financiar los mort\\u00edferos abusos del ICE - amnistia.org.mx\",\"isPartOf\":{\"@id\":\"https:\/\/amnistia.org.mx\/contenido\/#website\"},\"primaryImageOfPage\":{\"@id\":\"https:\/\/amnistia.org.mx\/contenido\/index.php\/tras-un-nuevo-homicidio-el-congreso-debe-dejar-de-financiar-los-mortiferos-abusos-del-ice\/#primaryimage\"},\"datePublished\":\"2026-01-26T18:41:06+00:00\",\"dateModified\":\"2026-01-26T18:41:17+00:00\",\"author\":{\"@id\":\"https:\/\/amnistia.org.mx\/contenido\/#\/schema\/person\/d71334ce16d82dc09f98d83dcb18351f\"},\"description\":\"Este homicidio\\u00a0no es un incidente aislado.\\u00a0Forma parte de un patr\\u00f3n m\\u00e1s amplio en el que se ha dado v\\u00eda libre al ICE, con sus operaciones tipo paramilitar, para que lleve a cabo pr\\u00e1cticas abusivas de detenci\\u00f3n y aplicaci\\u00f3n de la ley sin apenas supervisi\\u00f3n ni rendici\\u00f3n de cuentas: AI\",\"breadcrumb\":{\"@id\":\"https:\/\/amnistia.org.mx\/contenido\/index.php\/tras-un-nuevo-homicidio-el-congreso-debe-dejar-de-financiar-los-mortiferos-abusos-del-ice\/#breadcrumb\"},\"inLanguage\":\"es-MX\",\"potentialAction\":[{\"@type\":\"ReadAction\",\"target\":[\"https:\/\/amnistia.org.mx\/contenido\/index.php\/tras-un-nuevo-homicidio-el-congreso-debe-dejar-de-financiar-los-mortiferos-abusos-del-ice\/\"]}]},{\"@type\":\"BreadcrumbList\",\"@id\":\"https:\/\/amnistia.org.mx\/contenido\/index.php\/tras-un-nuevo-homicidio-el-congreso-debe-dejar-de-financiar-los-mortiferos-abusos-del-ice\/#breadcrumb\",\"itemListElement\":[{\"@type\":\"ListItem\",\"position\":1,\"item\":{\"@type\":\"WebPage\",\"@id\":\"https:\/\/amnistia.org.mx\/contenido\/\",\"url\":\"https:\/\/amnistia.org.mx\/contenido\/\",\"name\":\"Home\"}},{\"@type\":\"ListItem\",\"position\":2,\"item\":{\"@type\":\"WebPage\",\"@id\":\"https:\/\/amnistia.org.mx\/contenido\/index.php\/tras-un-nuevo-homicidio-el-congreso-debe-dejar-de-financiar-los-mortiferos-abusos-del-ice\/\",\"url\":\"https:\/\/amnistia.org.mx\/contenido\/index.php\/tras-un-nuevo-homicidio-el-congreso-debe-dejar-de-financiar-los-mortiferos-abusos-del-ice\/\",\"name\":\"Tras un nuevo homicidio, el Congreso debe dejar de financiar los mort\\u00edferos abusos del ICE\"}}]},{\"@type\":[\"Person\"],\"@id\":\"https:\/\/amnistia.org.mx\/contenido\/#\/schema\/person\/d71334ce16d82dc09f98d83dcb18351f\",\"name\":\"Carla Ram\\u00edrez Torres\",\"image\":{\"@type\":\"ImageObject\",\"@id\":\"https:\/\/amnistia.org.mx\/contenido\/#personlogo\",\"inLanguage\":\"es-MX\",\"url\":\"https:\/\/secure.gravatar.com\/avatar\/e23f8047127168b5b454a42adc3fda75?s=96&d=mm&r=g\",\"caption\":\"Carla Ram\\u00edrez Torres\"}}]}<\/script>\n<!-- \/ Yoast SEO plugin. -->","_links":{"self":[{"href":"https:\/\/amnistia.org.mx\/contenido\/index.php\/wp-json\/wp\/v2\/posts\/41629"}],"collection":[{"href":"https:\/\/amnistia.org.mx\/contenido\/index.php\/wp-json\/wp\/v2\/posts"}],"about":[{"href":"https:\/\/amnistia.org.mx\/contenido\/index.php\/wp-json\/wp\/v2\/types\/post"}],"author":[{"embeddable":true,"href":"https:\/\/amnistia.org.mx\/contenido\/index.php\/wp-json\/wp\/v2\/users\/20"}],"replies":[{"embeddable":true,"href":"https:\/\/amnistia.org.mx\/contenido\/index.php\/wp-json\/wp\/v2\/comments?post=41629"}],"version-history":[{"count":4,"href":"https:\/\/amnistia.org.mx\/contenido\/index.php\/wp-json\/wp\/v2\/posts\/41629\/revisions"}],"predecessor-version":[{"id":41634,"href":"https:\/\/amnistia.org.mx\/contenido\/index.php\/wp-json\/wp\/v2\/posts\/41629\/revisions\/41634"}],"wp:featuredmedia":[{"embeddable":true,"href":"https:\/\/amnistia.org.mx\/contenido\/index.php\/wp-json\/wp\/v2\/media\/41630"}],"wp:attachment":[{"href":"https:\/\/amnistia.org.mx\/contenido\/index.php\/wp-json\/wp\/v2\/media?parent=41629"}],"wp:term":[{"taxonomy":"category","embeddable":true,"href":"https:\/\/amnistia.org.mx\/contenido\/index.php\/wp-json\/wp\/v2\/categories?post=41629"},{"taxonomy":"post_tag","embeddable":true,"href":"https:\/\/amnistia.org.mx\/contenido\/index.php\/wp-json\/wp\/v2\/tags?post=41629"}],"curies":[{"name":"wp","href":"https:\/\/api.w.org\/{rel}","templated":true}]}}