
{"id":41657,"date":"2026-01-27T17:14:24","date_gmt":"2026-01-27T23:14:24","guid":{"rendered":"https:\/\/amnistia.org.mx\/contenido\/?p=41657"},"modified":"2026-01-27T17:14:27","modified_gmt":"2026-01-27T23:14:27","slug":"la-retirada-de-estados-unidos-del-historico-acuerdo-de-paris-amenaza-con-iniciar-una-carrera-hacia-el-abismo","status":"publish","type":"post","link":"https:\/\/amnistia.org.mx\/contenido\/index.php\/la-retirada-de-estados-unidos-del-historico-acuerdo-de-paris-amenaza-con-iniciar-una-carrera-hacia-el-abismo\/","title":{"rendered":"La retirada de Estados Unidos del hist\u00f3rico Acuerdo de Par\u00eds amenaza con iniciar \u201cuna carrera hacia el abismo\u201d"},"content":{"rendered":"\n<p class=\"has-text-align-right has-small-font-size\">Foto: Sean Gallup\/Getty Images<\/p>\n\n\n\n<p>Ante la retirada de Estados Unidos del Acuerdo de Par\u00eds sobre el cambio clim\u00e1tico, Marta Schaaf, directora del Programa de Amnist\u00eda Internacional sobre Clima, Justicia Econ\u00f3mica y Social y Rendici\u00f3n de Cuentas de las Empresas, ha manifestado:<\/p>\n\n\n\n<p>\u201cLa retirada de Estados Unidos del Acuerdo de Par\u00eds sienta un alarmante precedente que persigue iniciar una carrera hacia el abismo y, junto con su retirada de otros importantes pactos clim\u00e1ticos globales, desmantelar el sistema global de cooperaci\u00f3n en la acci\u00f3n clim\u00e1tica. Estados Unidos es uno de los actores m\u00e1s poderosos contra el cambio clim\u00e1tico pero, como influyente superpotencia, al tomar esta decisi\u00f3n \u2014junto con los actos de coacci\u00f3n e intimidaci\u00f3n a otros pa\u00edses y actores poderosos para que redoblen su apuesta por los combustibles f\u00f3siles\u2014 causa un grave da\u00f1o y amenaza con revertir los avances logrados globalmente contra el cambio clim\u00e1tico durante m\u00e1s de un decenio en virtud del acuerdo.<\/p>\n\n\n\n<p>Aunque Estados Unidos deje de ser parte en el Acuerdo de Par\u00eds, sigue teniendo la obligaci\u00f3n jur\u00eddica de proteger a la humanidad de los peores efectos del cambio clim\u00e1tico, como confirm\u00f3 la&nbsp;<a href=\"https:\/\/www.amnesty.org\/es\/latest\/news\/2025\/07\/global-international-court-of-justices-landmark-opinion-bolsters-fight-for-climate-justice-and-accountability\/\">Corte Internacional de Justicia en su hist\u00f3rica Opini\u00f3n Consultiva de 2025<\/a>.<\/p>\n\n\n\n<p>Defensores y activistas clim\u00e1ticos radicados en Estados Unidos ahora se encuentran en primera l\u00ednea de una lucha con implicaciones para las generaciones actuales y venideras en todo el mundo. La solidaridad y el apoyo globales para dar un impulso acelerado a la acci\u00f3n de abordar el cambio clim\u00e1tico nunca han sido m\u00e1s apremiantes que ahora. Quienes est\u00e9n presenciando los da\u00f1os causados por el cambio clim\u00e1tico y puedan hablar sin riesgos deben alzar la voz. Otros gobiernos tambi\u00e9n deben oponer resistencia a todas las iniciativas coercitivas de Estados Unidos. Ceder terreno ahora implica perderlo durante a\u00f1os. Ni el planeta ni quienes viven en primera l\u00ednea de estas cat\u00e1strofes antropog\u00e9nicas cada vez m\u00e1s frecuentes tienen ese tiempo.\u201d<\/p>\n\n\n\n<blockquote class=\"wp-block-quote\">\n<p>Aunque Estados Unidos deje de ser parte en el Acuerdo de Par\u00eds, sigue teniendo la obligaci\u00f3n jur\u00eddica de proteger a la humanidad de los peores efectos del cambio clim\u00e1tico, como confirm\u00f3 la Corte Internacional de Justicia en su hist\u00f3rica Opini\u00f3n Consultiva de 2025.Marta Schaaf, directora del Programa de Amnist\u00eda Internacional sobre Clima, Justicia Econ\u00f3mica y Social y Rendici\u00f3n de Cuentas de las Empresas<\/p>\n<\/blockquote>\n\n\n\n<p><strong>Informaci\u00f3n complementaria<\/strong><\/p>\n\n\n\n<p>El&nbsp;<a href=\"https:\/\/www.bbc.co.uk\/news\/articles\/c93d59d4zy1o\">Acuerdo de Par\u00eds<\/a>&nbsp;es un tratado internacional jur\u00eddicamente vinculante aprobado hace m\u00e1s de 10 a\u00f1os por 196 Estados Partes con el objetivo de combatir el cambio clim\u00e1tico a trav\u00e9s de medidas para limitar el calentamiento global a 1,5 \u00b0C, un umbral que el mundo est\u00e1 superando a toda velocidad.<\/p>\n\n\n\n<p>La retirada de Estados Unidos del Acuerdo de Par\u00eds entrar\u00e1 en vigor el 27 de enero en virtud de una&nbsp;<a href=\"https:\/\/youtu.be\/sesD8KrQM3E\" target=\"_blank\" rel=\"noreferrer noopener\">orden ejecutiva firmada por el presidente estadounidense Trump<\/a>&nbsp;en enero de 2025. Este mismo mes, Estados Unidos ha declarado que se retirar\u00e1 de la&nbsp;<a href=\"https:\/\/unfccc.int\/es\/process-and-meetings\/que-es-la-convencion-marco-de-las-naciones-unidas-sobre-el-cambio-climatico\">Convenci\u00f3n Marco de las Naciones Unidas sobre el Cambio Clim\u00e1tico<\/a>&nbsp;(CMNUCC), del&nbsp;<a href=\"https:\/\/www.ipcc.ch\/languages-2\/spanish\/\">Grupo Intergubernamental de Expertos sobre el Cambio Clim\u00e1tico<\/a>&nbsp;(IPCC) y del&nbsp;<a href=\"https:\/\/www.msn.com\/en-us\/money\/other\/us-ditches-world-s-biggest-climate-fund-a-day-after-spurning-landmark-treaty\/ar-AA1TQdeT?ocid=BingNewsVerp\">Fondo Verde para el Clima<\/a>(GCF).<\/p>\n\n\n\n<p>Adem\u00e1s, el presidente Trump ha pedido que Estados Unidos se retire de m\u00e1s de 60 organizaciones internacionales, muchas de ellas relacionadas con el cambio clim\u00e1tico, la biodiversidad y la energ\u00eda limpia, tach\u00e1ndolas de&nbsp;<a href=\"https:\/\/www.state.gov\/releases\/2026\/01\/withdrawal-from-wasteful-ineffective-or-harmful-international-organizations\/\">\u201cderrochadoras, ineficaces o nocivas\u201d<\/a>.<\/p>\n","protected":false},"excerpt":{"rendered":"<p>Foto: Sean Gallup\/Getty Images Ante la retirada de Estados Unidos del Acuerdo de Par\u00eds sobre el cambio clim\u00e1tico, Marta Schaaf, directora del Programa de Amnist\u00eda Internacional sobre Clima, Justicia Econ\u00f3mica &hellip;<\/p>\n<p class=\"read-more\"> <a class=\"\" href=\"https:\/\/amnistia.org.mx\/contenido\/index.php\/la-retirada-de-estados-unidos-del-historico-acuerdo-de-paris-amenaza-con-iniciar-una-carrera-hacia-el-abismo\/\"> <span class=\"screen-reader-text\">La retirada de Estados Unidos del hist\u00f3rico Acuerdo de Par\u00eds amenaza con iniciar \u201cuna carrera hacia el abismo\u201d<\/span> Leer m\u00e1s &raquo;<\/a><\/p>\n","protected":false},"author":20,"featured_media":41658,"comment_status":"closed","ping_status":"closed","sticky":false,"template":"","format":"standard","meta":{"_uf_show_specific_survey":0,"_uf_disable_surveys":false,"site-sidebar-layout":"default","site-content-layout":"default","ast-global-header-display":"","ast-main-header-display":"","ast-hfb-above-header-display":"","ast-hfb-below-header-display":"","ast-hfb-mobile-header-display":"","site-post-title":"","ast-breadcrumbs-content":"","ast-featured-img":"","footer-sml-layout":"","theme-transparent-header-meta":"","adv-header-id-meta":"","stick-header-meta":"","header-above-stick-meta":"","header-main-stick-meta":"","header-below-stick-meta":""},"categories":[9],"tags":[235],"acf":[],"aioseo_notices":[],"yoast_head":"<!-- This site is optimized with the Yoast SEO plugin v14.5 - https:\/\/yoast.com\/wordpress\/plugins\/seo\/ -->\n<title>La retirada de Estados Unidos del hist\u00f3rico Acuerdo de Par\u00eds amenaza con iniciar \u201cuna carrera hacia el abismo\u201d - amnistia.org.mx<\/title>\n<meta name=\"description\" content=\"La retirada de Estados Unidos del Acuerdo de Par\u00eds sienta un alarmante precedente que persigue iniciar una carrera hacia el abismo y, junto con su retirada de otros importantes pactos clim\u00e1ticos globales, desmantelar el sistema global de cooperaci\u00f3n en la acci\u00f3n clim\u00e1tica.\" \/>\n<meta name=\"robots\" content=\"index, follow\" \/>\n<meta name=\"googlebot\" content=\"index, follow, max-snippet:-1, max-image-preview:large, max-video-preview:-1\" \/>\n<meta name=\"bingbot\" content=\"index, follow, max-snippet:-1, max-image-preview:large, max-video-preview:-1\" \/>\n<link rel=\"canonical\" href=\"https:\/\/amnistia.org.mx\/contenido\/index.php\/la-retirada-de-estados-unidos-del-historico-acuerdo-de-paris-amenaza-con-iniciar-una-carrera-hacia-el-abismo\/\" \/>\n<meta property=\"og:locale\" content=\"es_MX\" \/>\n<meta property=\"og:type\" content=\"article\" \/>\n<meta property=\"og:title\" content=\"La retirada de Estados Unidos del hist\u00f3rico Acuerdo de Par\u00eds amenaza con iniciar \u201cuna carrera hacia el abismo\u201d - amnistia.org.mx\" \/>\n<meta property=\"og:description\" content=\"La retirada de Estados Unidos del Acuerdo de Par\u00eds sienta un alarmante precedente que persigue iniciar una carrera hacia el abismo y, junto con su retirada de otros importantes pactos clim\u00e1ticos globales, desmantelar el sistema global de cooperaci\u00f3n en la acci\u00f3n clim\u00e1tica.\" \/>\n<meta property=\"og:url\" content=\"https:\/\/amnistia.org.mx\/contenido\/index.php\/la-retirada-de-estados-unidos-del-historico-acuerdo-de-paris-amenaza-con-iniciar-una-carrera-hacia-el-abismo\/\" \/>\n<meta property=\"og:site_name\" content=\"amnistia.org.mx\" \/>\n<meta property=\"article:published_time\" content=\"2026-01-27T23:14:24+00:00\" \/>\n<meta property=\"article:modified_time\" content=\"2026-01-27T23:14:27+00:00\" \/>\n<meta property=\"og:image\" content=\"https:\/\/amnistia.org.mx\/contenido\/wp-content\/uploads\/2026\/01\/GettyImages-2251567212-1468x710-1.jpg\" \/>\n\t<meta property=\"og:image:width\" content=\"1468\" \/>\n\t<meta property=\"og:image:height\" content=\"710\" \/>\n<meta name=\"twitter:card\" content=\"summary_large_image\" \/>\n<script type=\"application\/ld+json\" class=\"yoast-schema-graph\">{\"@context\":\"https:\/\/schema.org\",\"@graph\":[{\"@type\":\"WebSite\",\"@id\":\"https:\/\/amnistia.org.mx\/contenido\/#website\",\"url\":\"https:\/\/amnistia.org.mx\/contenido\/\",\"name\":\"amnistia.org.mx\",\"description\":\"Nueva p\\u00e1gina de Amnist\\u00eda\",\"potentialAction\":[{\"@type\":\"SearchAction\",\"target\":\"https:\/\/amnistia.org.mx\/contenido\/?s={search_term_string}\",\"query-input\":\"required name=search_term_string\"}],\"inLanguage\":\"es-MX\"},{\"@type\":\"ImageObject\",\"@id\":\"https:\/\/amnistia.org.mx\/contenido\/index.php\/la-retirada-de-estados-unidos-del-historico-acuerdo-de-paris-amenaza-con-iniciar-una-carrera-hacia-el-abismo\/#primaryimage\",\"inLanguage\":\"es-MX\",\"url\":\"https:\/\/amnistia.org.mx\/contenido\/wp-content\/uploads\/2026\/01\/GettyImages-2251567212-1468x710-1.jpg\",\"width\":1468,\"height\":710},{\"@type\":\"WebPage\",\"@id\":\"https:\/\/amnistia.org.mx\/contenido\/index.php\/la-retirada-de-estados-unidos-del-historico-acuerdo-de-paris-amenaza-con-iniciar-una-carrera-hacia-el-abismo\/#webpage\",\"url\":\"https:\/\/amnistia.org.mx\/contenido\/index.php\/la-retirada-de-estados-unidos-del-historico-acuerdo-de-paris-amenaza-con-iniciar-una-carrera-hacia-el-abismo\/\",\"name\":\"La retirada de Estados Unidos del hist\\u00f3rico Acuerdo de Par\\u00eds amenaza con iniciar \\u201cuna carrera hacia el abismo\\u201d - amnistia.org.mx\",\"isPartOf\":{\"@id\":\"https:\/\/amnistia.org.mx\/contenido\/#website\"},\"primaryImageOfPage\":{\"@id\":\"https:\/\/amnistia.org.mx\/contenido\/index.php\/la-retirada-de-estados-unidos-del-historico-acuerdo-de-paris-amenaza-con-iniciar-una-carrera-hacia-el-abismo\/#primaryimage\"},\"datePublished\":\"2026-01-27T23:14:24+00:00\",\"dateModified\":\"2026-01-27T23:14:27+00:00\",\"author\":{\"@id\":\"https:\/\/amnistia.org.mx\/contenido\/#\/schema\/person\/d71334ce16d82dc09f98d83dcb18351f\"},\"description\":\"La retirada de Estados Unidos del Acuerdo de Par\\u00eds sienta un alarmante precedente que persigue iniciar una carrera hacia el abismo y, junto con su retirada de otros importantes pactos clim\\u00e1ticos globales, desmantelar el sistema global de cooperaci\\u00f3n en la acci\\u00f3n clim\\u00e1tica.\",\"breadcrumb\":{\"@id\":\"https:\/\/amnistia.org.mx\/contenido\/index.php\/la-retirada-de-estados-unidos-del-historico-acuerdo-de-paris-amenaza-con-iniciar-una-carrera-hacia-el-abismo\/#breadcrumb\"},\"inLanguage\":\"es-MX\",\"potentialAction\":[{\"@type\":\"ReadAction\",\"target\":[\"https:\/\/amnistia.org.mx\/contenido\/index.php\/la-retirada-de-estados-unidos-del-historico-acuerdo-de-paris-amenaza-con-iniciar-una-carrera-hacia-el-abismo\/\"]}]},{\"@type\":\"BreadcrumbList\",\"@id\":\"https:\/\/amnistia.org.mx\/contenido\/index.php\/la-retirada-de-estados-unidos-del-historico-acuerdo-de-paris-amenaza-con-iniciar-una-carrera-hacia-el-abismo\/#breadcrumb\",\"itemListElement\":[{\"@type\":\"ListItem\",\"position\":1,\"item\":{\"@type\":\"WebPage\",\"@id\":\"https:\/\/amnistia.org.mx\/contenido\/\",\"url\":\"https:\/\/amnistia.org.mx\/contenido\/\",\"name\":\"Home\"}},{\"@type\":\"ListItem\",\"position\":2,\"item\":{\"@type\":\"WebPage\",\"@id\":\"https:\/\/amnistia.org.mx\/contenido\/index.php\/la-retirada-de-estados-unidos-del-historico-acuerdo-de-paris-amenaza-con-iniciar-una-carrera-hacia-el-abismo\/\",\"url\":\"https:\/\/amnistia.org.mx\/contenido\/index.php\/la-retirada-de-estados-unidos-del-historico-acuerdo-de-paris-amenaza-con-iniciar-una-carrera-hacia-el-abismo\/\",\"name\":\"La retirada de Estados Unidos del hist\\u00f3rico Acuerdo de Par\\u00eds amenaza con iniciar \\u201cuna carrera hacia el abismo\\u201d\"}}]},{\"@type\":[\"Person\"],\"@id\":\"https:\/\/amnistia.org.mx\/contenido\/#\/schema\/person\/d71334ce16d82dc09f98d83dcb18351f\",\"name\":\"Carla Ram\\u00edrez Torres\",\"image\":{\"@type\":\"ImageObject\",\"@id\":\"https:\/\/amnistia.org.mx\/contenido\/#personlogo\",\"inLanguage\":\"es-MX\",\"url\":\"https:\/\/secure.gravatar.com\/avatar\/e23f8047127168b5b454a42adc3fda75?s=96&d=mm&r=g\",\"caption\":\"Carla Ram\\u00edrez Torres\"}}]}<\/script>\n<!-- \/ Yoast SEO plugin. -->","_links":{"self":[{"href":"https:\/\/amnistia.org.mx\/contenido\/index.php\/wp-json\/wp\/v2\/posts\/41657"}],"collection":[{"href":"https:\/\/amnistia.org.mx\/contenido\/index.php\/wp-json\/wp\/v2\/posts"}],"about":[{"href":"https:\/\/amnistia.org.mx\/contenido\/index.php\/wp-json\/wp\/v2\/types\/post"}],"author":[{"embeddable":true,"href":"https:\/\/amnistia.org.mx\/contenido\/index.php\/wp-json\/wp\/v2\/users\/20"}],"replies":[{"embeddable":true,"href":"https:\/\/amnistia.org.mx\/contenido\/index.php\/wp-json\/wp\/v2\/comments?post=41657"}],"version-history":[{"count":5,"href":"https:\/\/amnistia.org.mx\/contenido\/index.php\/wp-json\/wp\/v2\/posts\/41657\/revisions"}],"predecessor-version":[{"id":41663,"href":"https:\/\/amnistia.org.mx\/contenido\/index.php\/wp-json\/wp\/v2\/posts\/41657\/revisions\/41663"}],"wp:featuredmedia":[{"embeddable":true,"href":"https:\/\/amnistia.org.mx\/contenido\/index.php\/wp-json\/wp\/v2\/media\/41658"}],"wp:attachment":[{"href":"https:\/\/amnistia.org.mx\/contenido\/index.php\/wp-json\/wp\/v2\/media?parent=41657"}],"wp:term":[{"taxonomy":"category","embeddable":true,"href":"https:\/\/amnistia.org.mx\/contenido\/index.php\/wp-json\/wp\/v2\/categories?post=41657"},{"taxonomy":"post_tag","embeddable":true,"href":"https:\/\/amnistia.org.mx\/contenido\/index.php\/wp-json\/wp\/v2\/tags?post=41657"}],"curies":[{"name":"wp","href":"https:\/\/api.w.org\/{rel}","templated":true}]}}