
{"id":42304,"date":"2026-03-10T14:58:52","date_gmt":"2026-03-10T20:58:52","guid":{"rendered":"https:\/\/amnistia.org.mx\/contenido\/?p=42304"},"modified":"2026-03-10T14:58:56","modified_gmt":"2026-03-10T20:58:56","slug":"ecuador-bajo-escrutinio-internacional-por-desapariciones-forzadas","status":"publish","type":"post","link":"https:\/\/amnistia.org.mx\/contenido\/index.php\/ecuador-bajo-escrutinio-internacional-por-desapariciones-forzadas\/","title":{"rendered":"Ecuador bajo escrutinio internacional por desapariciones\u00a0forzadas\u00a0"},"content":{"rendered":"\n<p class=\"has-text-align-right has-small-font-size\">Foto: Efra\u00edn Castellanos\/ CDH Guayaquil<\/p>\n\n\n\n<p>En v\u00edsperas de la&nbsp;pr\u00f3xima sesi\u00f3n&nbsp;del Comit\u00e9 de las Naciones Unidas sobre la Desaparici\u00f3n Forzada en Ginebra, Suiza,&nbsp;que,&nbsp;entre el 10 y el 12 de marzo,&nbsp;evaluar\u00e1&nbsp;los avances y desaf\u00edos que Ecuador enfrenta para prevenir, investigar&nbsp;y&nbsp;sancionar las desapariciones forzadas, Amnist\u00eda Internacional manifest\u00f3 que&nbsp;estos cr\u00edmenes&nbsp;siguen&nbsp;impunes,&nbsp;y podr\u00edan repetirse, mientras&nbsp;la pol\u00edtica de seguridad militarizada del presidente&nbsp;Daniel&nbsp;Noboa se mantenga.&nbsp;<\/p>\n\n\n\n<p>\u201cEstamos&nbsp;ante una oportunidad&nbsp;crucial para que la comunidad internacional&nbsp;conozca&nbsp;que,&nbsp;bajo la administraci\u00f3n de Noboa,&nbsp;los militares han cometido desapariciones forzadas&nbsp;y que las familias de las v\u00edctimas siguen exigiendo verdad, justicia y reparaci\u00f3n.&nbsp;Hoy m\u00e1s que nunca, debemos hacernos&nbsp;eco de sus exigencias,\u201d dijo Ana Piquer,&nbsp;Directora&nbsp;para&nbsp;las Am\u00e9ricas&nbsp;de Amnist\u00eda Internacional.&nbsp;<\/p>\n\n\n\n<blockquote class=\"wp-block-quote\">\n<p><strong>Estamos\u00a0ante una oportunidad\u00a0crucial para que la comunidad internacional\u00a0conozca\u00a0que,\u00a0bajo la administraci\u00f3n de Noboa,\u00a0los militares han cometido desapariciones forzadas\u00a0y que las familias de las v\u00edctimas siguen exigiendo verdad, justicia y reparaci\u00f3n.\u201d\u00a0Ana Piquer,\u00a0Directora\u00a0para\u00a0las Am\u00e9ricas\u00a0de Amnist\u00eda Internacional.\u00a0<\/strong><\/p>\n<\/blockquote>\n\n\n\n<p>La organizaci\u00f3n&nbsp;present\u00f3&nbsp;<a href=\"https:\/\/mcas-proxyweb.mcas.ms\/certificate-checker?login=false&amp;originalUrl=https%3A%2F%2Fwww.amnesty.org.mcas.ms%2Fen%2Fdocuments%2Famr28%2F0609%2F2026%2Fen%2F%3FMcasTsid%3D20892&amp;McasCSRF=4cc8d7bc2d2cbf43d7590fa848a50fd98d1e7ee3590d1f8c3eef64cd19833c5d\">informaci\u00f3n<\/a>&nbsp;al Comit\u00e9 basada en su informe&nbsp;\u201c<a href=\"https:\/\/mcas-proxyweb.mcas.ms\/certificate-checker?login=false&amp;originalUrl=https%3A%2F%2Fwww.amnesty.org.mcas.ms%2Fes%2Fdocuments%2Famr28%2F0258%2F2025%2Fes%2F%3FMcasTsid%3D20892&amp;McasCSRF=4cc8d7bc2d2cbf43d7590fa848a50fd98d1e7ee3590d1f8c3eef64cd19833c5d\">Son militares, yo los vi: Desapariciones forzadas por las fuerzas armadas en Ecuador<\/a>\u201d, que documenta la desaparici\u00f3n de diez personas en cinco operativos de seguridad ocurridos en 2024 en el marco de la estrategia de seguridad militarizada impulsada por el presidente&nbsp;Noboa.&nbsp;<\/p>\n\n\n\n<h2 id=\"h-avances-recientes-nbsp\"><strong>Avances recientes\u00a0<\/strong><\/h2>\n\n\n\n<p><\/p>\n\n\n\n<p>El 22 de diciembre de 2025, un tribunal dict\u00f3 una&nbsp;<a href=\"https:\/\/mcas-proxyweb.mcas.ms\/certificate-checker?login=false&amp;originalUrl=https%3A%2F%2Facnudh.org.mcas.ms%2Fecuador-sentencia-por-caso-las-malvinas-es-paso-significativo-contra-la-impunidad%2F%3FMcasTsid%3D20892&amp;McasCSRF=4cc8d7bc2d2cbf43d7590fa848a50fd98d1e7ee3590d1f8c3eef64cd19833c5d\">sentencia hist\u00f3rica<\/a>&nbsp;condenando a&nbsp;once militares&nbsp;a&nbsp;34 a\u00f1os y ocho meses de prisi\u00f3n&nbsp;tras&nbsp;la desaparici\u00f3n forzada de cuatro adolescentes afrodescendientes&nbsp;del barrio \u201cLas Malvinas\u201d&nbsp;en Guayaquil. Otros&nbsp;cinco recibieron&nbsp;penas&nbsp;reducidas&nbsp;de 30 meses de&nbsp;prisi\u00f3n&nbsp;tras colaborar con la investigaci\u00f3n,mientras que un teniente coronel procesado como c\u00f3mplice fue absuelto. La sentencia ordena, adem\u00e1s, medidas de reparaci\u00f3n como disculpas p\u00fablicas y una ceremonia de desagravio en la Base A\u00e9rea de&nbsp;Taura. El&nbsp;fallo fue publicado oficialmente el&nbsp;24 de febrero de 2026 e inmediatamente &nbsp;fue apelado por&nbsp;dos de los sentenciados.&nbsp;<\/p>\n\n\n\n<p>A\u00fan est\u00e1 pendiente una sentencia de la Corte Constitucional&nbsp;que podr\u00eda fortalecer el marco de reparaci\u00f3n integral&nbsp;para las v\u00edctimas y sus familias.&nbsp;<\/p>\n\n\n\n<p>\u201cEste fallo representa un paso decisivo hacia la&nbsp;verdad,&nbsp;justicia,&nbsp;y la reparaci\u00f3n&nbsp;para las v\u00edctimas y un alivio para sus familias. Sin embargo,&nbsp;la b\u00fasqueda&nbsp;e&nbsp;investigaci\u00f3n&nbsp;penal&nbsp;de todas&nbsp;las&nbsp;denuncias de desaparici\u00f3n forzada&nbsp;sigue&nbsp;siendo una tarea urgente. Para avanzar en este camino, la colaboraci\u00f3n plena de las Fuerzas Armadas es indispensable.\u201d&nbsp;dijo&nbsp;Ana Piquer, directora para las Am\u00e9ricas de Amnist\u00eda Internacional.&nbsp;<\/p>\n\n\n\n<blockquote class=\"wp-block-quote\">\n<p><strong>\u00a0La b\u00fasqueda\u00a0e\u00a0investigaci\u00f3n\u00a0penal\u00a0de todas\u00a0las\u00a0denuncias de desaparici\u00f3n forzada\u00a0sigue\u00a0siendo una tarea urgente. Para avanzar en este camino, la colaboraci\u00f3n plena de las Fuerzas Armadas es indispensable.\u201d\u00a0 \u00a0Ana Piquer, directora para las Am\u00e9ricas de Amnist\u00eda Internacional.<\/strong><\/p>\n<\/blockquote>\n\n\n\n<p>Asimismo, gracias a la presi\u00f3n nacional e internacional, la&nbsp;Fiscal\u00eda General&nbsp;incorpor\u00f3 en enero de 2026 un nuevo fiscal a la&nbsp;Unidad especializada para investigar el uso ileg\u00edtimo de la fuerza, la cual est\u00e1&nbsp;a cargo de las investigaciones de desapariciones forzadas. Hasta diciembre de 2025,&nbsp;esta unidad&nbsp;contaba con apenas siete fiscales para todo el pa\u00eds y solo uno en&nbsp;la regi\u00f3n costera,&nbsp;donde se concentran la mayor cantidad de denuncias de desapariciones&nbsp;forzadas, incluyendo las m\u00e1s de 20&nbsp;para las cuales el Comit\u00e9 ha emitido acciones urgentes.&nbsp;Si&nbsp;bien la incorporaci\u00f3n de un nuevo fiscal es una noticia positiva, la medida resulta insuficiente para garantizar investigaciones prontas y exhaustivas.&nbsp;<\/p>\n\n\n\n<h2 id=\"h-preocupaciones-nbsp-persistentes-nbsp-y-nuevos-riesgos-nbsp\"><strong>Preocupaciones\u00a0persistentes\u00a0y nuevos riesgos\u00a0<\/strong><\/h2>\n\n\n\n<p><\/p>\n\n\n\n<p>El 24 de diciembre&nbsp;de 2025, la Comisi\u00f3n Interamericana para los Derechos Humanos (CIDH) otorg\u00f3&nbsp;<a href=\"https:\/\/mcas-proxyweb.mcas.ms\/certificate-checker?login=false&amp;originalUrl=https%3A%2F%2Fwww.oas.org.mcas.ms%2Fes%2FCIDH%2FjsForm%2F%3FFile%3D%2Fes%2Fcidh%2Fprensa%2Fcomunicados%2F2025%2F286.asp%26McasTsid%3D20892%23%3A~%3Atext%3DWashington%252C%2520DC%25E2%2580%2594%2520El%252024%2520de%2520diciembre%2520de%25202025%252C%2Cest%25C3%25A1n%2520en%2520riesgo%2520de%2520da%25C3%25B1o%2520irreparable%2520en%2520Ecuador.&amp;McasCSRF=4cc8d7bc2d2cbf43d7590fa848a50fd98d1e7ee3590d1f8c3eef64cd19833c5d\">medidas&nbsp;cautelares<\/a>&nbsp;en beneficio de 26 personas desaparecidas y seis mujeres buscadoras de personas&nbsp;desaparecidas,&nbsp;al considerar que enfrentan riesgo grave e irreparable en el contexto de la estrategia de seguridad militarizada.&nbsp;<\/p>\n\n\n\n<p>A pesar de estas&nbsp;medidas, los riesgos en contra de personas buscadoras en Ecuador persisten.&nbsp;De acuerdo con el Comit\u00e9 Permanente por la Defensa de&nbsp;los&nbsp;Derechos Humanos (CDH Guayaquil), el 22 de enero&nbsp;de 2026, miembros de las Fuerzas Armadas&nbsp; habr\u00edan&nbsp;<a href=\"https:\/\/mcas-proxyweb.mcas.ms\/certificate-checker?login=false&amp;originalUrl=https%3A%2F%2Fx.com.mcas.ms%2Fcdhgye%2Fstatus%2F2014513797705146636%3Fs%3D46%26McasTsid%3D20892&amp;McasCSRF=4cc8d7bc2d2cbf43d7590fa848a50fd98d1e7ee3590d1f8c3eef64cd19833c5d\">ingresado<\/a>&nbsp;al domicilio de&nbsp;familiares de&nbsp;\u00d3scar Arturo&nbsp;Adrihan&nbsp;Bravo y Jonathan Gabriel Adrihan&nbsp;Bravo,&nbsp;para amedrentarles&nbsp;e intimidarles.&nbsp;\u00d3scar y Jonathan se encuentran entre los&nbsp;beneficiaros de&nbsp;las recientes medidas cautelares de la CIDH por su desaparici\u00f3n.&nbsp;<\/p>\n\n\n\n<p>El d\u00eda despu\u00e9s,&nbsp;el 23 de enero,&nbsp;se&nbsp;<a href=\"https:\/\/mcas-proxyweb.mcas.ms\/certificate-checker?login=false&amp;originalUrl=https%3A%2F%2Fx.com.mcas.ms%2Fcdhgye%2Fstatus%2F2014819924053578146%3Fs%3D46%26McasTsid%3D20892&amp;McasCSRF=4cc8d7bc2d2cbf43d7590fa848a50fd98d1e7ee3590d1f8c3eef64cd19833c5d\">instal\u00f3<\/a>&nbsp;una mesa interinstitucional en&nbsp;la provincia de&nbsp;Guayas para dar seguimiento a&nbsp;las medidas de la CIDH, con participaci\u00f3n de varios ministerios y organizaciones de derechos humanos. Sin embargo,&nbsp;de acuerdo&nbsp;con el&nbsp;CDH Guayaquil,&nbsp;el Ministerio de Defensa no asisti\u00f3, pese a que las denuncias involucran principalmente a personal militar.&nbsp;<\/p>\n\n\n\n<p>El 2 de marzo, las autoridades ecuatorianas&nbsp;<a href=\"https:\/\/mcas-proxyweb.mcas.ms\/certificate-checker?login=false&amp;originalUrl=https%3A%2F%2Fx.com.mcas.ms%2FDefensaEc%2Fstatus%2F2029019038387458492%3Fs%3D20%26McasTsid%3D20892&amp;McasCSRF=4cc8d7bc2d2cbf43d7590fa848a50fd98d1e7ee3590d1f8c3eef64cd19833c5d\">anunciaron<\/a>&nbsp;un operativo conjunto&nbsp;con el prop\u00f3sito de enfrentar al crimen organizado. De acuerdo con una&nbsp;<a href=\"https:\/\/mcas-proxyweb.mcas.ms\/certificate-checker?login=false&amp;originalUrl=https%3A%2F%2Fx.com.mcas.ms%2FUSembassyEC%2Fstatus%2F2028956501843251611%3Fs%3D20%26McasTsid%3D20892&amp;McasCSRF=4cc8d7bc2d2cbf43d7590fa848a50fd98d1e7ee3590d1f8c3eef64cd19833c5d\">comunicaci\u00f3n<\/a>&nbsp;de&nbsp;la Embajada de Estados Unidos, en dicho operativo&nbsp;participaron&nbsp;las Fuerzas Armadas de Ecuador, el Comando Sur de Estados Unidos,&nbsp;y&nbsp;EUROPOL.&nbsp;Este anuncio despierta&nbsp;serias&nbsp;preocupaciones&nbsp;debido a la&nbsp;evidencia documentada de violaciones graves de derechos humanos,&nbsp;incluidas desapariciones forzadas,&nbsp;y la&nbsp;<a href=\"https:\/\/mcas-proxyweb.mcas.ms\/certificate-checker?login=false&amp;originalUrl=https%3A%2F%2Fwww.amnesty.org.mcas.ms%2Fes%2Flatest%2Fnews%2F2024%2F10%2Fecuador-tras-ano-mandato-presidente-noboa-debe-impedir-abusos-opacidad-politicas-seguridad%2F%3FMcasTsid%3D20892&amp;McasCSRF=4cc8d7bc2d2cbf43d7590fa848a50fd98d1e7ee3590d1f8c3eef64cd19833c5d\">falta de transparencia<\/a>&nbsp;que ha caracterizado la ejecuci\u00f3n de los operativos de seguridad en el marco del denominado Plan F\u00e9nix.&nbsp;&nbsp;<\/p>\n\n\n\n<h2 id=\"h-llamados-nbsp-urgentes-nbsp\"><strong>Llamados\u00a0urgentes\u00a0<\/strong><\/h2>\n\n\n\n<p><\/p>\n\n\n\n<p>Ante los avances limitados y&nbsp;las&nbsp;numerosas&nbsp;medidas&nbsp;pendientes&nbsp;para garantizar verdad, justicia y reparaci\u00f3n para todas las v\u00edctimas de desapariciones forzadas en Ecuador,&nbsp;Amnist\u00eda Internacional insta a las autoridades ecuatorianas a:&nbsp;<\/p>\n\n\n\n<ul>\n<li>Llevar a cabo investigaciones inmediatas, imparciales y efectivas,&nbsp;orientadas a&nbsp;determinar&nbsp;el paradero de las personas desaparecidas, e identificar a quienes hayan sido responsables de su desaparici\u00f3n&nbsp;para ser llevados ante la justicia.&nbsp;&nbsp;<\/li>\n\n\n\n<li>Asegurar la participaci\u00f3n y protecci\u00f3n de las familias de las v\u00edctimas.&nbsp;<\/li>\n\n\n\n<li>Garantizar la colaboraci\u00f3n plena&nbsp;y de buena fe&nbsp;de las Fuerzas Armadas en los procesos judiciales.&nbsp;<\/li>\n\n\n\n<li>Garantizar la protecci\u00f3n y el derecho a la b\u00fasqueda de las familiares de las&nbsp;v\u00edctimas&nbsp;de&nbsp;desapariciones.&nbsp;<\/li>\n\n\n\n<li>Revertir el enfoque militarizado de la seguridad p\u00fablica que ha facilitado graves violaciones de derechos humanos.&nbsp;<\/li>\n\n\n\n<li>Firmar prontamente y ratificar sin&nbsp;formular&nbsp;reservas&nbsp;la Convenci\u00f3n de&nbsp;Liubliana&nbsp;\u2013&nbsp;La&nbsp;Haya sobre cooperaci\u00f3n internacional en la investigaci\u00f3n y enjuiciamiento de cr\u00edmenes de genocidio, de lesa humanidad, de guerra y otros cr\u00edmenes&nbsp;internacionales&nbsp;<\/li>\n<\/ul>\n\n\n\n<p>Adem\u00e1s,&nbsp;la organizaci\u00f3n&nbsp;insta a&nbsp;las&nbsp;autoridades&nbsp;de los pa\u00edses vinculados a operativos de cumplimiento de la ley&nbsp;en&nbsp;Ecuador a&nbsp;que toda asistencia&nbsp;brindada&nbsp;se&nbsp;lleve a cabo con pleno respeto a las obligaciones internacionales de derechos humanos&nbsp;y bajo mecanismos&nbsp;efectivos de rendici\u00f3n de cuentas.&nbsp;<\/p>\n","protected":false},"excerpt":{"rendered":"<p>Foto: Efra\u00edn Castellanos\/ CDH Guayaquil En v\u00edsperas de la&nbsp;pr\u00f3xima sesi\u00f3n&nbsp;del Comit\u00e9 de las Naciones Unidas sobre la Desaparici\u00f3n Forzada en Ginebra, Suiza,&nbsp;que,&nbsp;entre el 10 y el 12 de marzo,&nbsp;evaluar\u00e1&nbsp;los avances &hellip;<\/p>\n<p class=\"read-more\"> <a class=\"\" href=\"https:\/\/amnistia.org.mx\/contenido\/index.php\/ecuador-bajo-escrutinio-internacional-por-desapariciones-forzadas\/\"> <span class=\"screen-reader-text\">Ecuador bajo escrutinio internacional por desapariciones\u00a0forzadas\u00a0<\/span> Leer m\u00e1s &raquo;<\/a><\/p>\n","protected":false},"author":20,"featured_media":42305,"comment_status":"closed","ping_status":"closed","sticky":false,"template":"","format":"standard","meta":{"_uf_show_specific_survey":0,"_uf_disable_surveys":false,"site-sidebar-layout":"default","site-content-layout":"default","ast-global-header-display":"","ast-main-header-display":"","ast-hfb-above-header-display":"","ast-hfb-below-header-display":"","ast-hfb-mobile-header-display":"","site-post-title":"","ast-breadcrumbs-content":"","ast-featured-img":"","footer-sml-layout":"","theme-transparent-header-meta":"","adv-header-id-meta":"","stick-header-meta":"","header-above-stick-meta":"","header-main-stick-meta":"","header-below-stick-meta":""},"categories":[9],"tags":[264],"acf":[],"aioseo_notices":[],"yoast_head":"<!-- This site is optimized with the Yoast SEO plugin v14.5 - https:\/\/yoast.com\/wordpress\/plugins\/seo\/ -->\n<title>Ecuador bajo escrutinio internacional por desapariciones\u00a0forzadas\u00a0 - amnistia.org.mx<\/title>\n<meta name=\"description\" content=\"A\u00fan est\u00e1 pendiente una sentencia de la Corte Constitucional\u00a0que podr\u00eda fortalecer el marco de reparaci\u00f3n integral\u00a0para las v\u00edctimas y sus familias.\u00a0\" \/>\n<meta name=\"robots\" content=\"index, follow\" \/>\n<meta name=\"googlebot\" content=\"index, follow, max-snippet:-1, max-image-preview:large, max-video-preview:-1\" \/>\n<meta name=\"bingbot\" content=\"index, follow, max-snippet:-1, max-image-preview:large, max-video-preview:-1\" \/>\n<link rel=\"canonical\" href=\"https:\/\/amnistia.org.mx\/contenido\/index.php\/ecuador-bajo-escrutinio-internacional-por-desapariciones-forzadas\/\" \/>\n<meta property=\"og:locale\" content=\"es_MX\" \/>\n<meta property=\"og:type\" content=\"article\" \/>\n<meta property=\"og:title\" content=\"Ecuador bajo escrutinio internacional por desapariciones\u00a0forzadas\u00a0 - amnistia.org.mx\" \/>\n<meta property=\"og:description\" content=\"A\u00fan est\u00e1 pendiente una sentencia de la Corte Constitucional\u00a0que podr\u00eda fortalecer el marco de reparaci\u00f3n integral\u00a0para las v\u00edctimas y sus familias.\u00a0\" \/>\n<meta property=\"og:url\" content=\"https:\/\/amnistia.org.mx\/contenido\/index.php\/ecuador-bajo-escrutinio-internacional-por-desapariciones-forzadas\/\" \/>\n<meta property=\"og:site_name\" content=\"amnistia.org.mx\" \/>\n<meta property=\"article:published_time\" content=\"2026-03-10T20:58:52+00:00\" \/>\n<meta property=\"article:modified_time\" content=\"2026-03-10T20:58:56+00:00\" \/>\n<meta property=\"og:image\" content=\"https:\/\/amnistia.org.mx\/contenido\/wp-content\/uploads\/2026\/03\/621183930_1203874528613506_2158227433652076327_n-e1773078234133-1468x710-1.jpg\" \/>\n\t<meta property=\"og:image:width\" content=\"1468\" \/>\n\t<meta property=\"og:image:height\" content=\"710\" \/>\n<meta name=\"twitter:card\" content=\"summary_large_image\" \/>\n<script type=\"application\/ld+json\" class=\"yoast-schema-graph\">{\"@context\":\"https:\/\/schema.org\",\"@graph\":[{\"@type\":\"WebSite\",\"@id\":\"https:\/\/amnistia.org.mx\/contenido\/#website\",\"url\":\"https:\/\/amnistia.org.mx\/contenido\/\",\"name\":\"amnistia.org.mx\",\"description\":\"Nueva p\\u00e1gina de Amnist\\u00eda\",\"potentialAction\":[{\"@type\":\"SearchAction\",\"target\":\"https:\/\/amnistia.org.mx\/contenido\/?s={search_term_string}\",\"query-input\":\"required name=search_term_string\"}],\"inLanguage\":\"es-MX\"},{\"@type\":\"ImageObject\",\"@id\":\"https:\/\/amnistia.org.mx\/contenido\/index.php\/ecuador-bajo-escrutinio-internacional-por-desapariciones-forzadas\/#primaryimage\",\"inLanguage\":\"es-MX\",\"url\":\"https:\/\/amnistia.org.mx\/contenido\/wp-content\/uploads\/2026\/03\/621183930_1203874528613506_2158227433652076327_n-e1773078234133-1468x710-1.jpg\",\"width\":1468,\"height\":710},{\"@type\":\"WebPage\",\"@id\":\"https:\/\/amnistia.org.mx\/contenido\/index.php\/ecuador-bajo-escrutinio-internacional-por-desapariciones-forzadas\/#webpage\",\"url\":\"https:\/\/amnistia.org.mx\/contenido\/index.php\/ecuador-bajo-escrutinio-internacional-por-desapariciones-forzadas\/\",\"name\":\"Ecuador bajo escrutinio internacional por desapariciones\\u00a0forzadas\\u00a0 - amnistia.org.mx\",\"isPartOf\":{\"@id\":\"https:\/\/amnistia.org.mx\/contenido\/#website\"},\"primaryImageOfPage\":{\"@id\":\"https:\/\/amnistia.org.mx\/contenido\/index.php\/ecuador-bajo-escrutinio-internacional-por-desapariciones-forzadas\/#primaryimage\"},\"datePublished\":\"2026-03-10T20:58:52+00:00\",\"dateModified\":\"2026-03-10T20:58:56+00:00\",\"author\":{\"@id\":\"https:\/\/amnistia.org.mx\/contenido\/#\/schema\/person\/d71334ce16d82dc09f98d83dcb18351f\"},\"description\":\"A\\u00fan est\\u00e1 pendiente una sentencia de la Corte Constitucional\\u00a0que podr\\u00eda fortalecer el marco de reparaci\\u00f3n integral\\u00a0para las v\\u00edctimas y sus familias.\\u00a0\",\"breadcrumb\":{\"@id\":\"https:\/\/amnistia.org.mx\/contenido\/index.php\/ecuador-bajo-escrutinio-internacional-por-desapariciones-forzadas\/#breadcrumb\"},\"inLanguage\":\"es-MX\",\"potentialAction\":[{\"@type\":\"ReadAction\",\"target\":[\"https:\/\/amnistia.org.mx\/contenido\/index.php\/ecuador-bajo-escrutinio-internacional-por-desapariciones-forzadas\/\"]}]},{\"@type\":\"BreadcrumbList\",\"@id\":\"https:\/\/amnistia.org.mx\/contenido\/index.php\/ecuador-bajo-escrutinio-internacional-por-desapariciones-forzadas\/#breadcrumb\",\"itemListElement\":[{\"@type\":\"ListItem\",\"position\":1,\"item\":{\"@type\":\"WebPage\",\"@id\":\"https:\/\/amnistia.org.mx\/contenido\/\",\"url\":\"https:\/\/amnistia.org.mx\/contenido\/\",\"name\":\"Home\"}},{\"@type\":\"ListItem\",\"position\":2,\"item\":{\"@type\":\"WebPage\",\"@id\":\"https:\/\/amnistia.org.mx\/contenido\/index.php\/ecuador-bajo-escrutinio-internacional-por-desapariciones-forzadas\/\",\"url\":\"https:\/\/amnistia.org.mx\/contenido\/index.php\/ecuador-bajo-escrutinio-internacional-por-desapariciones-forzadas\/\",\"name\":\"Ecuador bajo escrutinio internacional por desapariciones\\u00a0forzadas\\u00a0\"}}]},{\"@type\":[\"Person\"],\"@id\":\"https:\/\/amnistia.org.mx\/contenido\/#\/schema\/person\/d71334ce16d82dc09f98d83dcb18351f\",\"name\":\"Carla Ram\\u00edrez Torres\",\"image\":{\"@type\":\"ImageObject\",\"@id\":\"https:\/\/amnistia.org.mx\/contenido\/#personlogo\",\"inLanguage\":\"es-MX\",\"url\":\"https:\/\/secure.gravatar.com\/avatar\/e23f8047127168b5b454a42adc3fda75?s=96&d=mm&r=g\",\"caption\":\"Carla Ram\\u00edrez Torres\"}}]}<\/script>\n<!-- \/ Yoast SEO plugin. -->","_links":{"self":[{"href":"https:\/\/amnistia.org.mx\/contenido\/index.php\/wp-json\/wp\/v2\/posts\/42304"}],"collection":[{"href":"https:\/\/amnistia.org.mx\/contenido\/index.php\/wp-json\/wp\/v2\/posts"}],"about":[{"href":"https:\/\/amnistia.org.mx\/contenido\/index.php\/wp-json\/wp\/v2\/types\/post"}],"author":[{"embeddable":true,"href":"https:\/\/amnistia.org.mx\/contenido\/index.php\/wp-json\/wp\/v2\/users\/20"}],"replies":[{"embeddable":true,"href":"https:\/\/amnistia.org.mx\/contenido\/index.php\/wp-json\/wp\/v2\/comments?post=42304"}],"version-history":[{"count":4,"href":"https:\/\/amnistia.org.mx\/contenido\/index.php\/wp-json\/wp\/v2\/posts\/42304\/revisions"}],"predecessor-version":[{"id":42309,"href":"https:\/\/amnistia.org.mx\/contenido\/index.php\/wp-json\/wp\/v2\/posts\/42304\/revisions\/42309"}],"wp:featuredmedia":[{"embeddable":true,"href":"https:\/\/amnistia.org.mx\/contenido\/index.php\/wp-json\/wp\/v2\/media\/42305"}],"wp:attachment":[{"href":"https:\/\/amnistia.org.mx\/contenido\/index.php\/wp-json\/wp\/v2\/media?parent=42304"}],"wp:term":[{"taxonomy":"category","embeddable":true,"href":"https:\/\/amnistia.org.mx\/contenido\/index.php\/wp-json\/wp\/v2\/categories?post=42304"},{"taxonomy":"post_tag","embeddable":true,"href":"https:\/\/amnistia.org.mx\/contenido\/index.php\/wp-json\/wp\/v2\/tags?post=42304"}],"curies":[{"name":"wp","href":"https:\/\/api.w.org\/{rel}","templated":true}]}}