
{"id":42341,"date":"2026-03-12T15:32:07","date_gmt":"2026-03-12T21:32:07","guid":{"rendered":"https:\/\/amnistia.org.mx\/contenido\/?p=42341"},"modified":"2026-03-12T15:32:09","modified_gmt":"2026-03-12T21:32:09","slug":"la-decision-del-tribunal-supremo-que-reconoce-como-familia-a-las-parejas-del-mismo-sexo-un-importante-paso-adelante-para-los-derechos-lgbti","status":"publish","type":"post","link":"https:\/\/amnistia.org.mx\/contenido\/index.php\/la-decision-del-tribunal-supremo-que-reconoce-como-familia-a-las-parejas-del-mismo-sexo-un-importante-paso-adelante-para-los-derechos-lgbti\/","title":{"rendered":"La decisi\u00f3n del Tribunal Supremo que reconoce como familia a las parejas del mismo sexo, un importante paso adelante para los derechos LGBTI"},"content":{"rendered":"\n<p class=\"has-text-align-right has-small-font-size\">Foto: GENYA SAVILOV\/AFP via Getty Images<a href=\"https:\/\/www.amnesty.org\/es\/latest\/press-release\/\"><\/a><\/p>\n\n\n\n<p>En respuesta a la decisi\u00f3n del Tribunal Supremo de Ucrania de confirmar la resoluci\u00f3n de un tribunal inferior que reconoce como familia de hecho a una pareja del mismo sexo, Veronika Velch, directora de Amnist\u00eda Internacional Ucrania, ha manifestado:<\/p>\n\n\n\n<p>\u201cLa negativa del Tribunal Supremo a anular esta resoluci\u00f3n reafirma la importante conclusi\u00f3n del tribunal inferior de que las parejas del mismo sexo tienen derecho a ser reconocidas como una familia\u201d.<\/p>\n\n\n\n<p>\u201cEsto sienta un importante precedente. El tribunal ha dejado claro que las organizaciones de terceros no pueden utilizar el sistema judicial para, invocando vagos y absurdos argumentos sobre \u2018moralidad p\u00fablica\u2019, interferir en la vida privada de la gente o intentar anular decisiones que protegen a las personas LGBTI.\u201d<\/p>\n\n\n\n<p>\u201cLa resoluci\u00f3n refuerza adem\u00e1s un importante principio: los tribunales deben proteger el derecho de las personas a la vida privada y familiar y garantizar que esos derechos no pueden ser socavados por actores que intentan imponer puntos de vista discriminatorios por medio del sistema judicial.\u201d<\/p>\n\n\n\n<p>\u201cAunque la decisi\u00f3n no introduce el reconocimiento legal de las parejas del mismo sexo en Ucrania, s\u00ed reconoce la realidad de una relaci\u00f3n familiar y constituye un importante paso adelante para reforzar la protecci\u00f3n de los derechos de las personas LGBTI.\u201d<\/p>\n\n\n\n<blockquote class=\"wp-block-quote\">\n<p>Aunque la decisi\u00f3n no introduce el reconocimiento legal de las parejas del mismo sexo en Ucrania, s\u00ed reconoce la realidad de una relaci\u00f3n familiar y constituye un importante paso adelante para reforzar la protecci\u00f3n de los derechos de las personas LGBTI.Veronika Velch, directora de Amnist\u00eda Internacional Ucrania<\/p>\n<\/blockquote>\n\n\n\n<h3 id=\"h-background\"><strong>Informaci\u00f3n complementaria<\/strong><\/h3>\n\n\n\n<p><\/p>\n\n\n\n<p>El caso se refiere a un diplom\u00e1tico ucraniano destinado en Israel y su pareja, un activista de la sociedad civil.<\/p>\n\n\n\n<p>En junio de 2024, despu\u00e9s de que el diplom\u00e1tico fuera designado para su cargo en el extranjero, intent\u00f3 viajar con su pareja como miembro de su familia. El Ministerio de Asuntos Exteriores ucraniano le deneg\u00f3 el permiso, citando la legislaci\u00f3n de Ucrania que define el matrimonio como la uni\u00f3n entre un hombre y una mujer.<\/p>\n\n\n\n<p>Tras la negativa, la pareja llev\u00f3 el caso a los tribunales. En junio de 2025, el Tribunal de Distrito de Desnianskyi, en Kiev, determin\u00f3 que los dos hombres viven juntos como una familia.<\/p>\n\n\n\n<p>Posteriormente, el movimiento c\u00edvico \u201cVs\u0456 Razom!\u201d present\u00f3 un recurso de casaci\u00f3n ante el Tribunal Supremo pidiendo la anulaci\u00f3n de esa decisi\u00f3n.<\/p>\n\n\n\n<p>El Tribunal Supremo rechaz\u00f3 la apelaci\u00f3n, resolviendo que una organizaci\u00f3n que no era parte en la causa y cuyos derechos u obligaciones no se ve\u00edan directamente afectados por la decisi\u00f3n no est\u00e1 legitimada para interponer un recurso. A consecuencia de ello, la decisi\u00f3n del tribunal inferior se mantiene.<\/p>\n","protected":false},"excerpt":{"rendered":"<p>Foto: GENYA SAVILOV\/AFP via Getty Images En respuesta a la decisi\u00f3n del Tribunal Supremo de Ucrania de confirmar la resoluci\u00f3n de un tribunal inferior que reconoce como familia de hecho &hellip;<\/p>\n<p class=\"read-more\"> <a class=\"\" href=\"https:\/\/amnistia.org.mx\/contenido\/index.php\/la-decision-del-tribunal-supremo-que-reconoce-como-familia-a-las-parejas-del-mismo-sexo-un-importante-paso-adelante-para-los-derechos-lgbti\/\"> <span class=\"screen-reader-text\">La decisi\u00f3n del Tribunal Supremo que reconoce como familia a las parejas del mismo sexo, un importante paso adelante para los derechos LGBTI<\/span> Leer m\u00e1s &raquo;<\/a><\/p>\n","protected":false},"author":20,"featured_media":42342,"comment_status":"closed","ping_status":"closed","sticky":false,"template":"","format":"standard","meta":{"_uf_show_specific_survey":0,"_uf_disable_surveys":false,"site-sidebar-layout":"default","site-content-layout":"default","ast-global-header-display":"","ast-main-header-display":"","ast-hfb-above-header-display":"","ast-hfb-below-header-display":"","ast-hfb-mobile-header-display":"","site-post-title":"","ast-breadcrumbs-content":"","ast-featured-img":"","footer-sml-layout":"","theme-transparent-header-meta":"","adv-header-id-meta":"","stick-header-meta":"","header-above-stick-meta":"","header-main-stick-meta":"","header-below-stick-meta":""},"categories":[9],"tags":[301],"acf":[],"aioseo_notices":[],"yoast_head":"<!-- This site is optimized with the Yoast SEO plugin v14.5 - https:\/\/yoast.com\/wordpress\/plugins\/seo\/ -->\n<title>La decisi\u00f3n del Tribunal Supremo que reconoce como familia a las parejas del mismo sexo, un importante paso adelante para los derechos LGBTI - amnistia.org.mx<\/title>\n<meta name=\"description\" content=\"\u201cLa negativa del Tribunal Supremo a anular esta resoluci\u00f3n reafirma la importante conclusi\u00f3n del tribunal inferior de que las parejas del mismo sexo tienen derecho a ser reconocidas como una familia\u201d.\" \/>\n<meta name=\"robots\" content=\"index, follow\" \/>\n<meta name=\"googlebot\" content=\"index, follow, max-snippet:-1, max-image-preview:large, max-video-preview:-1\" \/>\n<meta name=\"bingbot\" content=\"index, follow, max-snippet:-1, max-image-preview:large, max-video-preview:-1\" \/>\n<link rel=\"canonical\" href=\"https:\/\/amnistia.org.mx\/contenido\/index.php\/la-decision-del-tribunal-supremo-que-reconoce-como-familia-a-las-parejas-del-mismo-sexo-un-importante-paso-adelante-para-los-derechos-lgbti\/\" \/>\n<meta property=\"og:locale\" content=\"es_MX\" \/>\n<meta property=\"og:type\" content=\"article\" \/>\n<meta property=\"og:title\" content=\"La decisi\u00f3n del Tribunal Supremo que reconoce como familia a las parejas del mismo sexo, un importante paso adelante para los derechos LGBTI - amnistia.org.mx\" \/>\n<meta property=\"og:description\" content=\"\u201cLa negativa del Tribunal Supremo a anular esta resoluci\u00f3n reafirma la importante conclusi\u00f3n del tribunal inferior de que las parejas del mismo sexo tienen derecho a ser reconocidas como una familia\u201d.\" \/>\n<meta property=\"og:url\" content=\"https:\/\/amnistia.org.mx\/contenido\/index.php\/la-decision-del-tribunal-supremo-que-reconoce-como-familia-a-las-parejas-del-mismo-sexo-un-importante-paso-adelante-para-los-derechos-lgbti\/\" \/>\n<meta property=\"og:site_name\" content=\"amnistia.org.mx\" \/>\n<meta property=\"article:published_time\" content=\"2026-03-12T21:32:07+00:00\" \/>\n<meta property=\"article:modified_time\" content=\"2026-03-12T21:32:09+00:00\" \/>\n<meta property=\"og:image\" content=\"https:\/\/amnistia.org.mx\/contenido\/wp-content\/uploads\/2026\/03\/GettyImages-697188896-1468x710-1.jpg\" \/>\n\t<meta property=\"og:image:width\" content=\"1468\" \/>\n\t<meta property=\"og:image:height\" content=\"710\" \/>\n<meta name=\"twitter:card\" content=\"summary_large_image\" \/>\n<script type=\"application\/ld+json\" class=\"yoast-schema-graph\">{\"@context\":\"https:\/\/schema.org\",\"@graph\":[{\"@type\":\"WebSite\",\"@id\":\"https:\/\/amnistia.org.mx\/contenido\/#website\",\"url\":\"https:\/\/amnistia.org.mx\/contenido\/\",\"name\":\"amnistia.org.mx\",\"description\":\"Nueva p\\u00e1gina de Amnist\\u00eda\",\"potentialAction\":[{\"@type\":\"SearchAction\",\"target\":\"https:\/\/amnistia.org.mx\/contenido\/?s={search_term_string}\",\"query-input\":\"required name=search_term_string\"}],\"inLanguage\":\"es-MX\"},{\"@type\":\"ImageObject\",\"@id\":\"https:\/\/amnistia.org.mx\/contenido\/index.php\/la-decision-del-tribunal-supremo-que-reconoce-como-familia-a-las-parejas-del-mismo-sexo-un-importante-paso-adelante-para-los-derechos-lgbti\/#primaryimage\",\"inLanguage\":\"es-MX\",\"url\":\"https:\/\/amnistia.org.mx\/contenido\/wp-content\/uploads\/2026\/03\/GettyImages-697188896-1468x710-1.jpg\",\"width\":1468,\"height\":710},{\"@type\":\"WebPage\",\"@id\":\"https:\/\/amnistia.org.mx\/contenido\/index.php\/la-decision-del-tribunal-supremo-que-reconoce-como-familia-a-las-parejas-del-mismo-sexo-un-importante-paso-adelante-para-los-derechos-lgbti\/#webpage\",\"url\":\"https:\/\/amnistia.org.mx\/contenido\/index.php\/la-decision-del-tribunal-supremo-que-reconoce-como-familia-a-las-parejas-del-mismo-sexo-un-importante-paso-adelante-para-los-derechos-lgbti\/\",\"name\":\"La decisi\\u00f3n del Tribunal Supremo que reconoce como familia a las parejas del mismo sexo, un importante paso adelante para los derechos LGBTI - amnistia.org.mx\",\"isPartOf\":{\"@id\":\"https:\/\/amnistia.org.mx\/contenido\/#website\"},\"primaryImageOfPage\":{\"@id\":\"https:\/\/amnistia.org.mx\/contenido\/index.php\/la-decision-del-tribunal-supremo-que-reconoce-como-familia-a-las-parejas-del-mismo-sexo-un-importante-paso-adelante-para-los-derechos-lgbti\/#primaryimage\"},\"datePublished\":\"2026-03-12T21:32:07+00:00\",\"dateModified\":\"2026-03-12T21:32:09+00:00\",\"author\":{\"@id\":\"https:\/\/amnistia.org.mx\/contenido\/#\/schema\/person\/d71334ce16d82dc09f98d83dcb18351f\"},\"description\":\"\\u201cLa negativa del Tribunal Supremo a anular esta resoluci\\u00f3n reafirma la importante conclusi\\u00f3n del tribunal inferior de que las parejas del mismo sexo tienen derecho a ser reconocidas como una familia\\u201d.\",\"breadcrumb\":{\"@id\":\"https:\/\/amnistia.org.mx\/contenido\/index.php\/la-decision-del-tribunal-supremo-que-reconoce-como-familia-a-las-parejas-del-mismo-sexo-un-importante-paso-adelante-para-los-derechos-lgbti\/#breadcrumb\"},\"inLanguage\":\"es-MX\",\"potentialAction\":[{\"@type\":\"ReadAction\",\"target\":[\"https:\/\/amnistia.org.mx\/contenido\/index.php\/la-decision-del-tribunal-supremo-que-reconoce-como-familia-a-las-parejas-del-mismo-sexo-un-importante-paso-adelante-para-los-derechos-lgbti\/\"]}]},{\"@type\":\"BreadcrumbList\",\"@id\":\"https:\/\/amnistia.org.mx\/contenido\/index.php\/la-decision-del-tribunal-supremo-que-reconoce-como-familia-a-las-parejas-del-mismo-sexo-un-importante-paso-adelante-para-los-derechos-lgbti\/#breadcrumb\",\"itemListElement\":[{\"@type\":\"ListItem\",\"position\":1,\"item\":{\"@type\":\"WebPage\",\"@id\":\"https:\/\/amnistia.org.mx\/contenido\/\",\"url\":\"https:\/\/amnistia.org.mx\/contenido\/\",\"name\":\"Home\"}},{\"@type\":\"ListItem\",\"position\":2,\"item\":{\"@type\":\"WebPage\",\"@id\":\"https:\/\/amnistia.org.mx\/contenido\/index.php\/la-decision-del-tribunal-supremo-que-reconoce-como-familia-a-las-parejas-del-mismo-sexo-un-importante-paso-adelante-para-los-derechos-lgbti\/\",\"url\":\"https:\/\/amnistia.org.mx\/contenido\/index.php\/la-decision-del-tribunal-supremo-que-reconoce-como-familia-a-las-parejas-del-mismo-sexo-un-importante-paso-adelante-para-los-derechos-lgbti\/\",\"name\":\"La decisi\\u00f3n del Tribunal Supremo que reconoce como familia a las parejas del mismo sexo, un importante paso adelante para los derechos LGBTI\"}}]},{\"@type\":[\"Person\"],\"@id\":\"https:\/\/amnistia.org.mx\/contenido\/#\/schema\/person\/d71334ce16d82dc09f98d83dcb18351f\",\"name\":\"Carla Ram\\u00edrez Torres\",\"image\":{\"@type\":\"ImageObject\",\"@id\":\"https:\/\/amnistia.org.mx\/contenido\/#personlogo\",\"inLanguage\":\"es-MX\",\"url\":\"https:\/\/secure.gravatar.com\/avatar\/e23f8047127168b5b454a42adc3fda75?s=96&d=mm&r=g\",\"caption\":\"Carla Ram\\u00edrez Torres\"}}]}<\/script>\n<!-- \/ Yoast SEO plugin. -->","_links":{"self":[{"href":"https:\/\/amnistia.org.mx\/contenido\/index.php\/wp-json\/wp\/v2\/posts\/42341"}],"collection":[{"href":"https:\/\/amnistia.org.mx\/contenido\/index.php\/wp-json\/wp\/v2\/posts"}],"about":[{"href":"https:\/\/amnistia.org.mx\/contenido\/index.php\/wp-json\/wp\/v2\/types\/post"}],"author":[{"embeddable":true,"href":"https:\/\/amnistia.org.mx\/contenido\/index.php\/wp-json\/wp\/v2\/users\/20"}],"replies":[{"embeddable":true,"href":"https:\/\/amnistia.org.mx\/contenido\/index.php\/wp-json\/wp\/v2\/comments?post=42341"}],"version-history":[{"count":4,"href":"https:\/\/amnistia.org.mx\/contenido\/index.php\/wp-json\/wp\/v2\/posts\/42341\/revisions"}],"predecessor-version":[{"id":42346,"href":"https:\/\/amnistia.org.mx\/contenido\/index.php\/wp-json\/wp\/v2\/posts\/42341\/revisions\/42346"}],"wp:featuredmedia":[{"embeddable":true,"href":"https:\/\/amnistia.org.mx\/contenido\/index.php\/wp-json\/wp\/v2\/media\/42342"}],"wp:attachment":[{"href":"https:\/\/amnistia.org.mx\/contenido\/index.php\/wp-json\/wp\/v2\/media?parent=42341"}],"wp:term":[{"taxonomy":"category","embeddable":true,"href":"https:\/\/amnistia.org.mx\/contenido\/index.php\/wp-json\/wp\/v2\/categories?post=42341"},{"taxonomy":"post_tag","embeddable":true,"href":"https:\/\/amnistia.org.mx\/contenido\/index.php\/wp-json\/wp\/v2\/tags?post=42341"}],"curies":[{"name":"wp","href":"https:\/\/api.w.org\/{rel}","templated":true}]}}