
{"id":42355,"date":"2026-03-13T10:47:17","date_gmt":"2026-03-13T16:47:17","guid":{"rendered":"https:\/\/amnistia.org.mx\/contenido\/?p=42355"},"modified":"2026-03-13T10:47:19","modified_gmt":"2026-03-13T16:47:19","slug":"stronglibano-los-ataques-israelies-contra-la-entidad-financiera-al-qard-al-hassan-deben-ser-investigados-como-crimenes-de-guerra-strong","status":"publish","type":"post","link":"https:\/\/amnistia.org.mx\/contenido\/index.php\/stronglibano-los-ataques-israelies-contra-la-entidad-financiera-al-qard-al-hassan-deben-ser-investigados-como-crimenes-de-guerra-strong\/","title":{"rendered":"<strong>L\u00edbano:\u00a0Los ataques a\u00e9reos israel\u00edes contra la entidad financiera Al\u00a0Qard\u00a0Al Hassan deben ser investigados como cr\u00edmenes de guerra<\/strong>\u00a0"},"content":{"rendered":"\n<p class=\"has-text-align-right\">Foto: \u00a9 KAWNAT HAJU \/ AFP via Getty Images<\/p>\n\n\n\n<p>Los ataques a\u00e9reos israel\u00edes contra lugares vinculados a la entidad financiera sin \u00e1nimo de lucro Al&nbsp;Qard&nbsp;Al Hassan, asociada a&nbsp;Hezbol\u00e1, deben ser investigados como cr\u00edmenes de guerra ya que no son objetivos militares leg\u00edtimos seg\u00fan el derecho internacional humanitario; as\u00ed lo ha manifestado hoy Amnist\u00eda Internacional.&nbsp;<\/p>\n\n\n\n<p>El 2 de marzo, las fuerzas armadas israel\u00edes anunciaron que atacar\u00edan todas las sucursales de Al&nbsp;Qard&nbsp;Al Hassan en&nbsp;L\u00edbano, y el 10 de marzo&nbsp;<a href=\"https:\/\/x.com\/AvichayAdraee\/status\/2031250695152717875\" target=\"_blank\" rel=\"noreferrer noopener\">afirmaron<\/a>&nbsp;que hab\u00edan atacado \u201cunas 30 sucursales\u201d la semana pasada. Muchas oficinas de Al&nbsp;Qard&nbsp;Al Hassan est\u00e1n situadas cerca de bloques de viviendas o en barrios densamente poblados. Los ataques perpetrados en todos los suburbios del sur de Beirut, el sur&nbsp;de L\u00edbano&nbsp;y el valle de la&nbsp;Bec\u00e1&nbsp;han destruido oficinas que decenas de miles de civiles utilizaban para acceder a servicios financieros, incluidos pr\u00e9stamos para pagar cuotas escolares, gastos m\u00e9dicos y veh\u00edculos para ir al trabajo.&nbsp;<\/p>\n\n\n\n<p>\u201cUna y otra vez, las fuerzas armadas israel\u00edes parecen asumir que calificar algo como asociado a&nbsp;Hezbol\u00e1, ya sea&nbsp;<a href=\"https:\/\/www.amnesty.org\/es\/latest\/news\/2025\/03\/lebanon-israeli-attacks-on-health-facilities-ambulances-and-paramedics-must-be-investigated-as-war-crimes\/\" target=\"_blank\" rel=\"noreferrer noopener\">personal de asistencia m\u00e9dica<\/a>, casas en&nbsp;<a href=\"https:\/\/www.amnesty.org\/en\/latest\/research\/2025\/08\/israel-lebanon-extensive-destruction\/\" target=\"_blank\" rel=\"noreferrer noopener\">pueblos fronterizos<\/a>&nbsp;o&nbsp;<a href=\"https:\/\/www.amnesty.org\/es\/latest\/news\/2024\/10\/israel-lebanon-branches-of-hezbollah-affiliated-financial-institution-not-military-targets\/\" target=\"_blank\" rel=\"noreferrer noopener\">entidades financieras<\/a>, lo convierte en objetivo leg\u00edtimo. Eso es un error\u201d, ha dicho&nbsp;Heba&nbsp;Morayef, directora regional de Amnist\u00eda Internacional para Oriente Medio y Norte de \u00c1frica&nbsp;<\/p>\n\n\n\n<p>\u201cLas denuncias de v\u00ednculos econ\u00f3micos, por s\u00ed solas, no convierten a civiles ni edificios civiles en objetivos militares. Distinguir entre objetivos militares y objetos civiles es uno de los pilares fundamentales del derecho internacional humanitario.&nbsp;Hezbol\u00e1&nbsp;es un actor militar y pol\u00edtico, pero tambi\u00e9n dirige entidades de servicios y ben\u00e9ficas cuyo personal es civil.\u201d&nbsp;&nbsp;<\/p>\n\n\n\n<p>\u201cLa poblaci\u00f3n civil y los bienes de car\u00e1cter civil no se convierten en objetivos leg\u00edtimos s\u00f3lo por una vinculaci\u00f3n o presunta conexi\u00f3n. Sin embargo, Israel ha vuelto a destruir sucursales de una entidad financiera que act\u00faa como una tabla de salvaci\u00f3n para miles de personas que est\u00e1n en una situaci\u00f3n desesperada. Son ataques il\u00edcitos y deben investigarse como cr\u00edmenes de guerra.\u201d&nbsp;&nbsp;<\/p>\n\n\n\n<p>Amnist\u00eda Internacional examin\u00f3 las afirmaciones de las fuerzas armadas israel\u00edes sobre los ataques, verific\u00f3 las im\u00e1genes de cuatro lugares atacados los d\u00edas 2 y 9 de marzo, y entrevist\u00f3 a 12 personas de distinta procedencia que hab\u00edan utilizado los servicios financieros de Al&nbsp;Qard&nbsp;Al Hassan. Se han utilizado seud\u00f3nimos para preservar su intimidad y seguridad.&nbsp;<\/p>\n\n\n\n<p><strong>Ataques a infraestructuras civiles basados en acusaciones imprecisas de \u201cterrorismo\u201d<\/strong>&nbsp;<\/p>\n\n\n\n<p>La Asociaci\u00f3n Al&nbsp;Qard&nbsp;Al Hassan es, desde hace tiempo, uno de los principales proveedores de microcr\u00e9ditos del pa\u00eds y opera con una licencia de ONG emitida por el gobierno liban\u00e9s desde 1987. No tiene licencia del Banco Central&nbsp;de L\u00edbano&nbsp;para operar como entidad financiera. Desde 2007, la asociaci\u00f3n est\u00e1 sujeta a sanciones de Estados Unidos basadas en sus v\u00ednculos con&nbsp;Hezbol\u00e1.&nbsp;En julio de 2025, el Banco Central&nbsp;<a href=\"https:\/\/www.bdl.gov.lb\/CB%20Com\/Laws%20And%20Regulations\/Basic%20Circulars\/Decision_13735_AR%C2%A710770_1.pdf\" target=\"_blank\" rel=\"noreferrer noopener\">orden\u00f3<\/a>&nbsp;a las entidades financieras con licencia que suspendieran todas las transacciones con entidades que carecieran de licencia del Banco Central y fueran objeto de sanciones extranjeras, entre ellas Al&nbsp;Qard&nbsp;Al Hassan.&nbsp;<\/p>\n\n\n\n<p>El derecho internacional humanitario protege los bienes de car\u00e1cter civil, entre los cuales se encuentran las entidades financieras. S\u00f3lo son l\u00edcitos los ataques a objetivos militares, que se limitan estrictamente a aquellos objetos que contribuyan eficazmente a la acci\u00f3n militar y cuya destrucci\u00f3n total o parcial, captura o neutralizaci\u00f3n ofrezca, en las circunstancias del caso, una ventaja militar definida.&nbsp;&nbsp;<\/p>\n\n\n\n<p>Amnist\u00eda Internacional no ha visto ninguna prueba presentada por las autoridades israel\u00edes de que esta entidad financiera cumpla estos criterios.&nbsp;&nbsp;&nbsp;<\/p>\n\n\n\n<p>En sus comunicados para anunciar los ataques, las fuerzas armadas israel\u00edes no denuncian que las oficinas se est\u00e9n utilizando en la actualidad para contribuir directamente a la acci\u00f3n militar. El 2 de marzo, el portavoz en \u00e1rabe del ej\u00e9rcito israel\u00ed&nbsp;<a href=\"https:\/\/x.com\/AvichayAdraee\/status\/2028525437723214205\" target=\"_blank\" rel=\"noreferrer noopener\">escribi\u00f3 en X<\/a>&nbsp;que Al&nbsp;Qard&nbsp;Al Hassan \u201cutiliza dep\u00f3sitos civiles para prestar servicios financieros a&nbsp;Hezbol\u00e1&nbsp;y a sus operativos con fines terroristas\u201d. El 9 de marzo, el portavoz&nbsp;<a href=\"https:\/\/x.com\/AvichayAdraee\/status\/2030898858843083005\" target=\"_blank\" rel=\"noreferrer noopener\">defini\u00f3<\/a>&nbsp;a esta asociaci\u00f3n como \u201cinfraestructura terrorista\u201d y \u201celemento central de la financiaci\u00f3n de las actividades terroristas de&nbsp;Hezbol\u00e1&nbsp;[que] act\u00faa al servicio de los intereses iran\u00edes en perjuicio de la econom\u00eda libanesa\u201d.&nbsp;<\/p>\n\n\n\n<p>Aunque fuera cierto que&nbsp;Hezbol\u00e1&nbsp;ha utilizado Al&nbsp;Qard&nbsp;Al Hassan para acceder a servicios financieros, como denuncian las autoridades israel\u00edes, las oficinas de la entidad no perder\u00edan por ello su condici\u00f3n de bienes protegidos en virtud del derecho internacional humanitario.&nbsp;&nbsp;<\/p>\n\n\n\n<p>\u201cLos Estados deben dejar claro que lanzar ataques contra entidades financieras es ilegal. El apoyo o la vinculaci\u00f3n financiera no es motivo suficiente para llevar a cabo esos ataques, que son especialmente preocupantes debido a sus demoledores efectos en las infraestructuras civiles y en los medios de vida de la poblaci\u00f3n civil\u201d, ha dicho&nbsp;Heba&nbsp;Morayef.&nbsp;<\/p>\n\n\n\n<p>Esta ha sido la tercera ronda de ataques de las fuerzas armadas israel\u00edes contra Al&nbsp;Qard&nbsp;Al Hassan. Durante la escalada de 2024, el 21 de octubre, las fuerzas armadas israel\u00edes&nbsp;<a href=\"https:\/\/www.idf.il\/en\/mini-sites\/idf-press-releases-israel-at-war\/october-24-pr\/the-chief-of-the-general-staff-in-lebanon-we-are-striking-in-beirut-and-you-are-dealing-with-targets-here-all-of-this-forms-a-response-against-iran-which-funds-and-sends-weapons-here\/\" target=\"_blank\" rel=\"noreferrer noopener\">afirmaron<\/a>&nbsp;que hab\u00edan alcanzado \u201ccerca de 30\u201d de sus sucursales en Beirut y sus barrios del sur, en el sur&nbsp;de L\u00edbano&nbsp;y en la&nbsp;Bec\u00e1. En aquel momento, Amnist\u00eda Internacional&nbsp;<a href=\"https:\/\/www.amnesty.org\/es\/latest\/news\/2024\/10\/israel-lebanon-branches-of-hezbollah-affiliated-financial-institution-not-military-targets\/\" target=\"_blank\" rel=\"noreferrer noopener\">pidi\u00f3 que los ataques se investigaran como cr\u00edmenes de guerra<\/a>.&nbsp;&nbsp;<\/p>\n\n\n\n<p>En diciembre de 2024, tras declararse una tregua, la asociaci\u00f3n anunci\u00f3 la reapertura de 16 sucursales en todo L\u00edbano. Tras la \u00faltima ronda de ataques, algunas estructuras quedaron en&nbsp;pie&nbsp;pero ya no estaban operativas.&nbsp;<\/p>\n\n\n\n<p>\u201cLas fuerzas armadas israel\u00edes llevan m\u00e1s de dos a\u00f1os cometiendo impunemente actos il\u00edcitos atroces en&nbsp;L\u00edbano, incluidas m\u00faltiples rondas de ataques contra bienes civiles. Los Estados con influencia sobre Israel deber\u00edan actuar para garantizar rendici\u00f3n de cuentas, y as\u00ed podr\u00edamos acabar con esta terrible espiral de violaciones de derechos\u201d, ha manifestado&nbsp;Heba&nbsp;Morayef.&nbsp;<\/p>\n\n\n\n<p><strong>Ataques m\u00faltiples, con y sin previo aviso<\/strong>&nbsp;<\/p>\n\n\n\n<p>Los ataques de Israel contra las sucursales de Al&nbsp;Qard&nbsp;Al Hassan se llevaron a cabo en dos grandes rondas los d\u00edas 2 y 9 de marzo.&nbsp;&nbsp;<\/p>\n\n\n\n<p>El 2 de marzo de 2026, a las 13:55 horas, un portavoz de las fuerzas armadas israel\u00edes&nbsp;<a href=\"https:\/\/x.com\/AvichayAdraee\/status\/2028439130133209175\" target=\"_blank\" rel=\"noreferrer noopener\">anunci\u00f3<\/a>&nbsp;que las fuerzas israel\u00edes iban a iniciar sus \u201cataques a infraestructuras de Al&nbsp;Qard&nbsp;Al Hassan, de&nbsp;Hezbol\u00e1\u201d y ordenaron la evacuaci\u00f3n inmediata de la poblaci\u00f3n en un radio de 300 metros de 18 lugares identificados. De las 13:55 a las 14:30, el portavoz public\u00f3 varios mapas donde se se\u00f1alaban los objetivos previstos en L\u00edbano,&nbsp;<a href=\"https:\/\/x.com\/AvichayAdraee\/status\/2028447631924453839\/photo\/1\" target=\"_blank\" rel=\"noreferrer noopener\">seguidos<\/a>&nbsp;de una imagen compuesta de los 18 lugares.&nbsp;<\/p>\n\n\n\n<p>Se emitieron avisos de evacuaci\u00f3n individuales para&nbsp;<a href=\"https:\/\/x.com\/AvichayAdraee\/status\/2028439997292896736\" target=\"_blank\" rel=\"noreferrer noopener\">Borj al Barajneh<\/a>, en los suburbios del sur de Beirut;&nbsp;<a href=\"https:\/\/x.com\/AvichayAdraee\/status\/2028441413914935449\" target=\"_blank\" rel=\"noreferrer noopener\">para tres zonas<\/a>&nbsp;en&nbsp;Labweh, Ain&nbsp;Bourday&nbsp;y&nbsp;Housh&nbsp;al&nbsp;Ghanam, en la regi\u00f3n de&nbsp;Baalbeck, y para&nbsp;<a href=\"https:\/\/x.com\/AvichayAdraee\/status\/2028442747812684265\" target=\"_blank\" rel=\"noreferrer noopener\">varios lugares m\u00e1s<\/a>&nbsp;en&nbsp;Bednayel&nbsp;y&nbsp;Hermel. A&nbsp;continuaci\u00f3n&nbsp;hubo m\u00e1s publicaciones con avisos para&nbsp;<a href=\"https:\/\/x.com\/AvichayAdraee\/status\/2028444640899162541\" target=\"_blank\" rel=\"noreferrer noopener\">zonas<\/a>&nbsp;de Tiro\/Sour,&nbsp;Mashghara&nbsp;y&nbsp;Deir&nbsp;Qanun&nbsp;al&nbsp;Nahr; despu\u00e9s para&nbsp;<a href=\"https:\/\/x.com\/AvichayAdraee\/status\/2028445775370314096\" target=\"_blank\" rel=\"noreferrer noopener\">sitios<\/a>&nbsp;de&nbsp;Bint&nbsp;Jbeil,&nbsp;Qana,&nbsp;Maaroub,&nbsp;Nabatieh&nbsp;al&nbsp;Tahta, y por \u00faltimo para&nbsp;<a href=\"https:\/\/x.com\/AvichayAdraee\/status\/2028446318432043333\" target=\"_blank\" rel=\"noreferrer noopener\">lugares<\/a>&nbsp;de&nbsp;Deir&nbsp;al&nbsp;Zahrani, Al&nbsp;Sultaniya,&nbsp;Toul&nbsp;y&nbsp;Habboush.&nbsp;<\/p>\n\n\n\n<p>Ese mismo d\u00eda, unos minutos antes de las 16:00, las fuerzas israel\u00edes comenzaron a atacar esos lugares. A las 19:38, el portavoz&nbsp;<a href=\"https:\/\/x.com\/AvichayAdraee\/status\/2028525437723214205\" target=\"_blank\" rel=\"noreferrer noopener\">anunci\u00f3<\/a>&nbsp;el fin de la operaci\u00f3n y declar\u00f3 que los ataques se deb\u00edan a las actividades financieras de Al&nbsp;Qard&nbsp;Al Hassan para apoyar a&nbsp;Hezbol\u00e1.&nbsp;<\/p>\n\n\n\n<p>Las im\u00e1genes verificadas por el Laboratorio de Pruebas de Amnist\u00eda muestran el momento en que una munici\u00f3n lanzada desde el aire alcanza un edificio de tres plantas en una zona residencial y comercial de Tiro\/Sour el 2 de marzo. En los v\u00eddeos de los momentos posteriores se ve el edificio destruido delante de un centro comercial donde diversos comercios sufrieron graves destrozos, entre ellos unos grandes almacenes, varios restaurantes y una farmacia.&nbsp;<\/p>\n\n\n\n<p>A menos de dos kil\u00f3metros, un edificio de 11 plantas en el que hab\u00eda otra sucursal de Al&nbsp;Qard&nbsp;Al Hassan tambi\u00e9n fue destruido. Las im\u00e1genes verificadas por la organizaci\u00f3n muestran un mont\u00f3n de escombros y los destrozos causados en bloques de apartamentos pr\u00f3ximos.&nbsp;El edificio destruido estaba situado frente a una escuela primaria.&nbsp;<\/p>\n\n\n\n<p>Desde que&nbsp;<a href=\"https:\/\/x.com\/AvichayAdraee\/status\/2029536097911419044\" target=\"_blank\" rel=\"noreferrer noopener\">se emiti\u00f3<\/a>&nbsp;la orden de evacuaci\u00f3n masiva para cuatro importantes distritos de los suburbios del sur de Beirut el 5 de marzo \u2014repetida varias veces, una de ellas&nbsp;<a href=\"https:\/\/x.com\/AvichayAdraee\/status\/2029540312083767393\" target=\"_blank\" rel=\"noreferrer noopener\">el mismo d\u00eda<\/a>&nbsp;y otra&nbsp;<a href=\"https:\/\/x.com\/AvichayAdraee\/status\/2030311401567240339\" target=\"_blank\" rel=\"noreferrer noopener\">el 7 de marzo<\/a>\u2014, las fuerzas israel\u00edes han atacado m\u00faltiples zonas de los suburbios del sur de Beirut, d\u00eda y noche, sin emitir ning\u00fan aviso espec\u00edfico.&nbsp;<\/p>\n\n\n\n<p>Una semana despu\u00e9s, el 9 de marzo, a las 8:49, el portavoz de las fuerzas armadas israel\u00edes&nbsp;<a href=\"https:\/\/x.com\/AvichayAdraee\/status\/2030898858843083005\" target=\"_blank\" rel=\"noreferrer noopener\">anunci\u00f3<\/a>&nbsp;m\u00e1s ataques contra sucursales de Al&nbsp;Qard&nbsp;Al Hassan, en esta ocasi\u00f3n avisando espec\u00edficamente de ataques en los suburbios del sur de Beirut. A diferencia de las detalladas advertencias del 2 de marzo, el mensaje del d\u00eda 9 s\u00f3lo se refer\u00eda a \u201cla infraestructura terrorista de la Asociaci\u00f3n Al&nbsp;Qard&nbsp;Al Hassan\u201d en los suburbios del sur de Beirut, sin identificar lugares concretos ni proporcionar un mapa.&nbsp;<\/p>\n\n\n\n<p>Dos horas despu\u00e9s de la advertencia general del 9 de marzo, a las 10:50, las fuerzas israel\u00edes lanzaron otra ronda de ataques a\u00e9reos sobre los suburbios del sur que alcanzaron m\u00e1s de una docena de edificios, algunos de los cuales albergaban sucursales de Al&nbsp;Qard&nbsp;Al Hassan.&nbsp;<\/p>\n\n\n\n<p><strong>Una tabla de salvaci\u00f3n econ\u00f3mica para una comunidad diversa<\/strong>&nbsp;<\/p>\n\n\n\n<p>En&nbsp;L\u00edbano, muchas personas recurren desde hace mucho tiempo a entidades al margen del sistema bancario oficial, como Al&nbsp;Qard&nbsp;Al Hassan, para acceder a servicios financieros muy diversos. Tras el desplome econ\u00f3mico y financiero de 2019, los bancos&nbsp;de L\u00edbano&nbsp;<a href=\"https:\/\/www.amnesty.org\/es\/documents\/mde18\/8685\/2024\/en\/\" target=\"_blank\" rel=\"noreferrer noopener\">negaron<\/a>&nbsp;repetidamente a la gente el acceso pleno a sus ahorros, o simplemente cerraron sus puertas.&nbsp;<\/p>\n\n\n\n<p>\u201cUmm&nbsp;Ali\u201d, mujer de 55 a\u00f1os, cont\u00f3 a Amnist\u00eda Internacional que llevaba m\u00e1s de 27 a\u00f1os confiando en Al&nbsp;Qard&nbsp;Al Hassan: \u201cPed\u00eda pr\u00e9stamos para pagar las cuotas escolares de mis hijos y los iba devolviendo a raz\u00f3n de unos 50 d\u00f3lares al mes. Si ven\u00edan m\u00e1s gastos, terminaba de pagar un pr\u00e9stamo y ped\u00eda otro, como hac\u00edan muchas familias para cubrir los gastos de educaci\u00f3n de sus hijos.\u201d&nbsp;<\/p>\n\n\n\n<p>\u201cMayyada\u201d, de unos cincuenta a\u00f1os, cont\u00f3 que ella usaba los servicios de Al&nbsp;Qard&nbsp;Al Hassan desde hac\u00eda m\u00e1s de ocho a\u00f1os. Su hija cont\u00f3 a Amnist\u00eda Internacional: \u201cMi hermano tambi\u00e9n deposit\u00f3 el oro de su esposa como garant\u00eda en Al&nbsp;Qard&nbsp;Al Hassan. Ahora hay muchos comentarios negativos sobre Al&nbsp;Qard&nbsp;por la situaci\u00f3n pol\u00edtica, pero nunca hemos perdido nada con esta entidad, y s\u00ed con los bancos.\u201d&nbsp;<\/p>\n\n\n\n<p>\u201cNouhad\u201d, de 61 a\u00f1os, dijo que en 2023 hab\u00eda pedido prestado un collar a su prima y lo hab\u00eda empe\u00f1ado en Al&nbsp;Qard&nbsp;Al Hassan para comprar un motor para su m\u00e1quina de coser, que era la \u00fanica fuente de ingresos de su familia: \u201cSin ese dinero no habr\u00eda podido ganarme la vida, porque yo no pod\u00eda reunir por mis medios los 250 d\u00f3lares que costaba el motor. En mi zona hay muy pocas oportunidades de trabajo, sobre todo para las personas mayores\u201d.&nbsp;<\/p>\n\n\n\n<p>Tambi\u00e9n han utilizado los servicios de Al&nbsp;Qard&nbsp;Al Hassan personas no pertenecientes a la comunidad chi\u00ed. \u201cMaria\u201d, de 29 a\u00f1os, de una zona cristiana de clase media, utiliz\u00f3 los servicios de la entidad por primera vez en 2023. Deposit\u00f3 tres cadenas de oro rotas en Al&nbsp;Qard&nbsp;Al Hassan y recibi\u00f3 un peque\u00f1o pr\u00e9stamo: \u201cSiempre hab\u00edamos pensado que nosotros no pod\u00edamos beneficiarnos de los servicios de Al&nbsp;Qard&nbsp;Al Hassan. M\u00e1s tarde me di cuenta de que esa opci\u00f3n estaba abierta a todas las personas.\u201d&nbsp;<\/p>\n\n\n\n<p>Igualmente, un hombre de 61 a\u00f1os de&nbsp;Saidon\/Saida dijo a Amnist\u00eda Internacional que se hab\u00eda enterado recientemente de que pod\u00eda acceder a los servicios de Al&nbsp;Qard&nbsp;Al Hassan \u201ca pesar de ser sun\u00ed\u201d, y que prefer\u00eda usar esta entidad porque ofrec\u00eda pr\u00e9stamos sin intereses (el islam proh\u00edbe cobrar intereses).&nbsp;<\/p>\n\n\n\n<p><strong>Informaci\u00f3n general<\/strong>&nbsp;<\/p>\n\n\n\n<p>El 2 de marzo de 2026,&nbsp;Hezbol\u00e1&nbsp;lanz\u00f3 una serie de ataques contra Israel en respuesta a la muerte del l\u00edder supremo iran\u00ed, Ali&nbsp;Jamenei, tras un ataque conjunto de Estados Unidos e Israel contra Ir\u00e1n. A continuaci\u00f3n, el ej\u00e9rcito israel\u00ed&nbsp;<a href=\"https:\/\/x.com\/IDF\/status\/2028272770631471558\" target=\"_blank\" rel=\"noreferrer noopener\">anunci\u00f3<\/a>&nbsp;en X que sus fuerzas atacar\u00edan objetivos de&nbsp;Hezbol\u00e1&nbsp;en todo L\u00edbano como parte de la operaci\u00f3n \u201cRugido del Le\u00f3n\u201d. Los d\u00edas siguientes, Israel llev\u00f3 a cabo cientos de ataques en todo el pa\u00eds y emiti\u00f3 una&nbsp;<a href=\"https:\/\/www.amnesty.org\/es\/latest\/news\/2026\/03\/lebanon-israeli-militarys-overly-broad-mass-evacuation-orders-sowing-panic-and-fuelling-humanitarian-suffering\/\" target=\"_blank\" rel=\"noreferrer noopener\">serie de \u00f3rdenes de evacuaci\u00f3n masiva<\/a>.&nbsp;<\/p>\n\n\n\n<p>Hezbol\u00e1&nbsp;ha seguido lanzando cohetes contra Israel a diario. En 2024, Amnist\u00eda Internacional&nbsp;<a href=\"https:\/\/www.amnesty.org\/es\/latest\/news\/2024\/12\/israel-hezbollahs-use-of-inherently-inaccurate-weapons-to-launch-unlawful-attacks-violates-international-law\/\" target=\"_blank\" rel=\"noreferrer noopener\">concluy\u00f3<\/a>&nbsp;que&nbsp;Hezbol\u00e1&nbsp;hab\u00eda utilizado armas intr\u00ednsecamente imprecisas de forma reiterada en sus ataques a Israel.&nbsp;&nbsp;<\/p>\n\n\n\n<p>Desde el 28 de febrero de 2026, el seguimiento de los medios de comunicaci\u00f3n y canales de&nbsp;Telegram&nbsp;israel\u00edes realizado por Amnist\u00eda Internacional indica que los ataques de Ir\u00e1n se han cobrado al menos 12 v\u00edctimas civiles en Israel.&nbsp;&nbsp;&nbsp;<\/p>\n\n\n\n<p>A fecha de 11 de marzo, la Unidad de Gesti\u00f3n de Cat\u00e1strofes&nbsp;de L\u00edbano&nbsp;<a href=\"https:\/\/www.nna-leb.gov.lb\/ar\/news\/419342\/%D8%A7%D9%84%D8%AA%D9%82%D8%B1%D9%8A%D8%B1-%D8%A7%D9%84%D9%8A%D9%88%D9%85%D9%8A-%D9%84%D9%88%D8%AD%D8%AF%D8%A9-%D8%A5%D8%AF%D8%A7%D8%B1%D8%A9-%D8%A7%D9%84%D9%83%D9%88%D8%A7%D8%B1%D8%AB-%D8%B9%D9%86-%D8%A7%D9%84%D9%86%D8%A7%D8%B2%D8%AD%D9%8A%D9%86-%D9%88%D8%A7%D9%84%D8%B4%D9%87%D8%AF%D8%A7%D8%A1-%D9%88%D8%A7%D9%84%D8%AC%D8%B1%D8%AD%D9%89-%D9%88%D8%A7%D9%84%D9%85%D8%B3%D8%A7%D8%B9%D8%AF%D8%A7%D8%AA-%D8%A7%D9%84%D9%85%D9%88%D8%B2%D8%B9%D8%A9-2\" target=\"_blank\" rel=\"noreferrer noopener\">inform\u00f3<\/a>&nbsp;de 634 personas fallecidas, entre las que hab\u00eda menores de edad, y 816.700 desplazadas.&nbsp;<\/p>\n\n\n\n<p><strong>Si desean m\u00e1s informaci\u00f3n o concertar entrevistas, p\u00f3nganse en contacto con&nbsp;<\/strong><a href=\"mailto:press@amnesty.org\" target=\"_blank\" rel=\"noreferrer noopener\"><strong>press@amnesty.org<\/strong><\/a>&nbsp;&nbsp;<\/p>\n","protected":false},"excerpt":{"rendered":"<p>Foto: \u00a9 KAWNAT HAJU \/ AFP via Getty Images Los ataques a\u00e9reos israel\u00edes contra lugares vinculados a la entidad financiera sin \u00e1nimo de lucro Al&nbsp;Qard&nbsp;Al Hassan, asociada a&nbsp;Hezbol\u00e1, deben ser &hellip;<\/p>\n<p class=\"read-more\"> <a class=\"\" href=\"https:\/\/amnistia.org.mx\/contenido\/index.php\/stronglibano-los-ataques-israelies-contra-la-entidad-financiera-al-qard-al-hassan-deben-ser-investigados-como-crimenes-de-guerra-strong\/\"> <span class=\"screen-reader-text\"><strong>L\u00edbano:\u00a0Los ataques a\u00e9reos israel\u00edes contra la entidad financiera Al\u00a0Qard\u00a0Al Hassan deben ser investigados como cr\u00edmenes de guerra<\/strong>\u00a0<\/span> Leer m\u00e1s &raquo;<\/a><\/p>\n","protected":false},"author":4,"featured_media":42356,"comment_status":"closed","ping_status":"closed","sticky":false,"template":"","format":"standard","meta":{"_uf_show_specific_survey":0,"_uf_disable_surveys":false,"site-sidebar-layout":"default","site-content-layout":"default","ast-global-header-display":"","ast-main-header-display":"","ast-hfb-above-header-display":"","ast-hfb-below-header-display":"","ast-hfb-mobile-header-display":"","site-post-title":"","ast-breadcrumbs-content":"","ast-featured-img":"","footer-sml-layout":"","theme-transparent-header-meta":"","adv-header-id-meta":"","stick-header-meta":"","header-above-stick-meta":"","header-main-stick-meta":"","header-below-stick-meta":""},"categories":[9],"tags":[311],"acf":[],"aioseo_notices":[],"yoast_head":"<!-- This site is optimized with the Yoast SEO plugin v14.5 - https:\/\/yoast.com\/wordpress\/plugins\/seo\/ -->\n<title>L\u00edbano:\u00a0Los ataques a\u00e9reos israel\u00edes contra la entidad financiera Al\u00a0Qard\u00a0Al Hassan deben ser investigados como cr\u00edmenes de guerra\u00a0 - amnistia.org.mx<\/title>\n<meta name=\"description\" content=\"Los ataques de israel a lugares vinculados a Al Qard Al Hassan, asociada a Hezbol\u00e1, deben investigarse como cr\u00edmenes de guerra: Amnistia Internacional\" \/>\n<meta name=\"robots\" content=\"index, follow\" \/>\n<meta name=\"googlebot\" content=\"index, follow, max-snippet:-1, max-image-preview:large, max-video-preview:-1\" \/>\n<meta name=\"bingbot\" content=\"index, follow, max-snippet:-1, max-image-preview:large, max-video-preview:-1\" \/>\n<link rel=\"canonical\" href=\"https:\/\/amnistia.org.mx\/contenido\/index.php\/stronglibano-los-ataques-israelies-contra-la-entidad-financiera-al-qard-al-hassan-deben-ser-investigados-como-crimenes-de-guerra-strong\/\" \/>\n<meta property=\"og:locale\" content=\"es_MX\" \/>\n<meta property=\"og:type\" content=\"article\" \/>\n<meta property=\"og:title\" content=\"L\u00edbano:\u00a0Los ataques a\u00e9reos israel\u00edes contra la entidad financiera Al\u00a0Qard\u00a0Al Hassan deben ser investigados como cr\u00edmenes de guerra\u00a0 - amnistia.org.mx\" \/>\n<meta property=\"og:description\" content=\"Los ataques de israel a lugares vinculados a Al Qard Al Hassan, asociada a Hezbol\u00e1, deben investigarse como cr\u00edmenes de guerra: Amnistia Internacional\" \/>\n<meta property=\"og:url\" content=\"https:\/\/amnistia.org.mx\/contenido\/index.php\/stronglibano-los-ataques-israelies-contra-la-entidad-financiera-al-qard-al-hassan-deben-ser-investigados-como-crimenes-de-guerra-strong\/\" \/>\n<meta property=\"og:site_name\" content=\"amnistia.org.mx\" \/>\n<meta property=\"article:published_time\" content=\"2026-03-13T16:47:17+00:00\" \/>\n<meta property=\"article:modified_time\" content=\"2026-03-13T16:47:19+00:00\" \/>\n<meta property=\"og:image\" content=\"https:\/\/amnistia.org.mx\/contenido\/wp-content\/uploads\/2026\/03\/Foto.jpg\" \/>\n\t<meta property=\"og:image:width\" content=\"800\" \/>\n\t<meta property=\"og:image:height\" content=\"291\" \/>\n<meta name=\"twitter:card\" content=\"summary_large_image\" \/>\n<script type=\"application\/ld+json\" class=\"yoast-schema-graph\">{\"@context\":\"https:\/\/schema.org\",\"@graph\":[{\"@type\":\"WebSite\",\"@id\":\"https:\/\/amnistia.org.mx\/contenido\/#website\",\"url\":\"https:\/\/amnistia.org.mx\/contenido\/\",\"name\":\"amnistia.org.mx\",\"description\":\"Nueva p\\u00e1gina de Amnist\\u00eda\",\"potentialAction\":[{\"@type\":\"SearchAction\",\"target\":\"https:\/\/amnistia.org.mx\/contenido\/?s={search_term_string}\",\"query-input\":\"required name=search_term_string\"}],\"inLanguage\":\"es-MX\"},{\"@type\":\"ImageObject\",\"@id\":\"https:\/\/amnistia.org.mx\/contenido\/index.php\/stronglibano-los-ataques-israelies-contra-la-entidad-financiera-al-qard-al-hassan-deben-ser-investigados-como-crimenes-de-guerra-strong\/#primaryimage\",\"inLanguage\":\"es-MX\",\"url\":\"https:\/\/amnistia.org.mx\/contenido\/wp-content\/uploads\/2026\/03\/Foto.jpg\",\"width\":800,\"height\":291},{\"@type\":\"WebPage\",\"@id\":\"https:\/\/amnistia.org.mx\/contenido\/index.php\/stronglibano-los-ataques-israelies-contra-la-entidad-financiera-al-qard-al-hassan-deben-ser-investigados-como-crimenes-de-guerra-strong\/#webpage\",\"url\":\"https:\/\/amnistia.org.mx\/contenido\/index.php\/stronglibano-los-ataques-israelies-contra-la-entidad-financiera-al-qard-al-hassan-deben-ser-investigados-como-crimenes-de-guerra-strong\/\",\"name\":\"L\\u00edbano:\\u00a0Los ataques a\\u00e9reos israel\\u00edes contra la entidad financiera Al\\u00a0Qard\\u00a0Al Hassan deben ser investigados como cr\\u00edmenes de guerra\\u00a0 - amnistia.org.mx\",\"isPartOf\":{\"@id\":\"https:\/\/amnistia.org.mx\/contenido\/#website\"},\"primaryImageOfPage\":{\"@id\":\"https:\/\/amnistia.org.mx\/contenido\/index.php\/stronglibano-los-ataques-israelies-contra-la-entidad-financiera-al-qard-al-hassan-deben-ser-investigados-como-crimenes-de-guerra-strong\/#primaryimage\"},\"datePublished\":\"2026-03-13T16:47:17+00:00\",\"dateModified\":\"2026-03-13T16:47:19+00:00\",\"author\":{\"@id\":\"https:\/\/amnistia.org.mx\/contenido\/#\/schema\/person\/7db421c495688267ce8ede4625c17fa5\"},\"description\":\"Los ataques de israel a lugares vinculados a Al Qard Al Hassan, asociada a Hezbol\\u00e1, deben investigarse como cr\\u00edmenes de guerra: Amnistia Internacional\",\"breadcrumb\":{\"@id\":\"https:\/\/amnistia.org.mx\/contenido\/index.php\/stronglibano-los-ataques-israelies-contra-la-entidad-financiera-al-qard-al-hassan-deben-ser-investigados-como-crimenes-de-guerra-strong\/#breadcrumb\"},\"inLanguage\":\"es-MX\",\"potentialAction\":[{\"@type\":\"ReadAction\",\"target\":[\"https:\/\/amnistia.org.mx\/contenido\/index.php\/stronglibano-los-ataques-israelies-contra-la-entidad-financiera-al-qard-al-hassan-deben-ser-investigados-como-crimenes-de-guerra-strong\/\"]}]},{\"@type\":\"BreadcrumbList\",\"@id\":\"https:\/\/amnistia.org.mx\/contenido\/index.php\/stronglibano-los-ataques-israelies-contra-la-entidad-financiera-al-qard-al-hassan-deben-ser-investigados-como-crimenes-de-guerra-strong\/#breadcrumb\",\"itemListElement\":[{\"@type\":\"ListItem\",\"position\":1,\"item\":{\"@type\":\"WebPage\",\"@id\":\"https:\/\/amnistia.org.mx\/contenido\/\",\"url\":\"https:\/\/amnistia.org.mx\/contenido\/\",\"name\":\"Home\"}},{\"@type\":\"ListItem\",\"position\":2,\"item\":{\"@type\":\"WebPage\",\"@id\":\"https:\/\/amnistia.org.mx\/contenido\/index.php\/stronglibano-los-ataques-israelies-contra-la-entidad-financiera-al-qard-al-hassan-deben-ser-investigados-como-crimenes-de-guerra-strong\/\",\"url\":\"https:\/\/amnistia.org.mx\/contenido\/index.php\/stronglibano-los-ataques-israelies-contra-la-entidad-financiera-al-qard-al-hassan-deben-ser-investigados-como-crimenes-de-guerra-strong\/\",\"name\":\"L\\u00edbano:\\u00a0Los ataques a\\u00e9reos israel\\u00edes contra la entidad financiera Al\\u00a0Qard\\u00a0Al Hassan deben ser investigados como cr\\u00edmenes de guerra\\u00a0\"}}]},{\"@type\":[\"Person\"],\"@id\":\"https:\/\/amnistia.org.mx\/contenido\/#\/schema\/person\/7db421c495688267ce8ede4625c17fa5\",\"name\":\"Alejandro Ju\\u00e1rez Gamero\",\"image\":{\"@type\":\"ImageObject\",\"@id\":\"https:\/\/amnistia.org.mx\/contenido\/#personlogo\",\"inLanguage\":\"es-MX\",\"url\":\"https:\/\/secure.gravatar.com\/avatar\/e312d5566d1c3ffb56f86415d6f0e606?s=96&d=mm&r=g\",\"caption\":\"Alejandro Ju\\u00e1rez Gamero\"}}]}<\/script>\n<!-- \/ Yoast SEO plugin. -->","_links":{"self":[{"href":"https:\/\/amnistia.org.mx\/contenido\/index.php\/wp-json\/wp\/v2\/posts\/42355"}],"collection":[{"href":"https:\/\/amnistia.org.mx\/contenido\/index.php\/wp-json\/wp\/v2\/posts"}],"about":[{"href":"https:\/\/amnistia.org.mx\/contenido\/index.php\/wp-json\/wp\/v2\/types\/post"}],"author":[{"embeddable":true,"href":"https:\/\/amnistia.org.mx\/contenido\/index.php\/wp-json\/wp\/v2\/users\/4"}],"replies":[{"embeddable":true,"href":"https:\/\/amnistia.org.mx\/contenido\/index.php\/wp-json\/wp\/v2\/comments?post=42355"}],"version-history":[{"count":5,"href":"https:\/\/amnistia.org.mx\/contenido\/index.php\/wp-json\/wp\/v2\/posts\/42355\/revisions"}],"predecessor-version":[{"id":42361,"href":"https:\/\/amnistia.org.mx\/contenido\/index.php\/wp-json\/wp\/v2\/posts\/42355\/revisions\/42361"}],"wp:featuredmedia":[{"embeddable":true,"href":"https:\/\/amnistia.org.mx\/contenido\/index.php\/wp-json\/wp\/v2\/media\/42356"}],"wp:attachment":[{"href":"https:\/\/amnistia.org.mx\/contenido\/index.php\/wp-json\/wp\/v2\/media?parent=42355"}],"wp:term":[{"taxonomy":"category","embeddable":true,"href":"https:\/\/amnistia.org.mx\/contenido\/index.php\/wp-json\/wp\/v2\/categories?post=42355"},{"taxonomy":"post_tag","embeddable":true,"href":"https:\/\/amnistia.org.mx\/contenido\/index.php\/wp-json\/wp\/v2\/tags?post=42355"}],"curies":[{"name":"wp","href":"https:\/\/api.w.org\/{rel}","templated":true}]}}