
{"id":42362,"date":"2026-03-13T16:04:31","date_gmt":"2026-03-13T22:04:31","guid":{"rendered":"https:\/\/amnistia.org.mx\/contenido\/?p=42362"},"modified":"2026-03-13T16:04:34","modified_gmt":"2026-03-13T22:04:34","slug":"autoridades-deben-proporcionar-prueba-de-vida-de-brooklyn-rivera","status":"publish","type":"post","link":"https:\/\/amnistia.org.mx\/contenido\/index.php\/autoridades-deben-proporcionar-prueba-de-vida-de-brooklyn-rivera\/","title":{"rendered":"Autoridades deben proporcionar prueba de vida de Brooklyn Rivera"},"content":{"rendered":"\n<p class=\"has-text-align-right has-small-font-size\">Foto: familia de Blooklyn<\/p>\n\n\n\n<p>Ante la persistente falta de informaci\u00f3n sobre el paradero, estado de salud y condiciones de detenci\u00f3n del preso de conciencia Brooklyn Rivera, Amnist\u00eda Internacional&nbsp;declar\u00f3:\u202f&nbsp;<\/p>\n\n\n\n<p>\u201cMantener&nbsp;detenido&nbsp;a Brooklyn Rivera sin informaci\u00f3n sobre su paradero&nbsp;y&nbsp;estado de salud,&nbsp;y sin acceso a&nbsp;familiares ni abogados&nbsp;engrosa&nbsp;las ya grav\u00edsimas violaciones&nbsp;de derechos humanos&nbsp;que&nbsp;est\u00e1 padeciendo. Las autoridades nicarag\u00fcenses&nbsp;tienen la obligaci\u00f3n&nbsp;de&nbsp;demostrar sin demora que se encuentra con vida y garantizar que se respetan&nbsp;plenamente&nbsp;sus&nbsp;derechos\u201d,&nbsp;declar\u00f3 Astrid Valencia,&nbsp;Directora&nbsp;Adjunta de Investigaci\u00f3n para las Am\u00e9ricas de Amnist\u00eda Internacional.&nbsp;<\/p>\n\n\n\n<blockquote class=\"wp-block-quote\">\n<p><strong>Las autoridades nicarag\u00fcenses\u00a0tienen la obligaci\u00f3n\u00a0de\u00a0demostrar sin demora que se encuentra con vida y garantizar que se respetan\u00a0plenamente\u00a0sus\u00a0derechos.\u201dAstrid Valencia,\u00a0Directora\u00a0Adjunta de Investigaci\u00f3n para las Am\u00e9ricas de Amnist\u00eda Internacional.\u00a0<\/strong><\/p>\n<\/blockquote>\n\n\n\n<p>Amnist\u00eda Internacional ha denunciado de manera reiterada el aparato represivo del gobierno de Daniel Ortega, que ha sumido al pa\u00eds en una profunda crisis de derechos humanos&nbsp;evidenciada en&nbsp;el&nbsp;&nbsp;desmantelamiento de&nbsp;medios de comunicaci\u00f3n independientes&nbsp;y organizaciones de derechos humanos,&nbsp;el env\u00edo&nbsp;forzado al exilio a cientos de periodistas y personas activistas, y&nbsp;la&nbsp;criminalizaci\u00f3n&nbsp;de&nbsp;personas defensoras de derechos humanos, lideres comunitarios y voces cr\u00edticas.&nbsp;&nbsp;<\/p>\n\n\n\n<p>\u201cLa falta de transparencia en torno a la detenci\u00f3n de Brooklyn Rivera confirma un patr\u00f3n m\u00e1s amplio de represi\u00f3n contra l\u00edderes ind\u00edgenas, voces cr\u00edticas y organizaciones de la sociedad civil en Nicaragua. \u00c9l y todas las personas detenidas solo por ejercer sus derechos humanos deben gozar de libertad de forma inmediata e incondicional,\u201d\u202fconcluy\u00f3 Valencia.&nbsp;<\/p>\n\n\n\n<blockquote class=\"wp-block-quote\">\n<p><strong>La falta de transparencia en torno a la detenci\u00f3n de Brooklyn Rivera confirma un patr\u00f3n m\u00e1s amplio de represi\u00f3n contra l\u00edderes ind\u00edgenas, voces cr\u00edticas y organizaciones de la sociedad civil en Nicaragua.\u201dAstrid Valencia,\u00a0Directora\u00a0Adjunta de Investigaci\u00f3n para las Am\u00e9ricas de Amnist\u00eda Internacional.\u00a0<\/strong><\/p>\n<\/blockquote>\n\n\n\n<p>Las detenciones arbitrarias, el hostigamiento contra&nbsp;cualquier persona que disiente sobre las pol\u00edticas estatales o es percibida como opositora,&nbsp;incluyendo l\u00edderes&nbsp;ind\u00edgenas como Brooklyn Rivera,&nbsp;evidencian&nbsp;la continuaci\u00f3n de&nbsp;un patr\u00f3n de represi\u00f3n destinado a silenciar&nbsp;cualquier tipo de&nbsp;disidencia y&nbsp;continuar&nbsp;consolidando&nbsp;el control&nbsp;estatal arbitrario y&nbsp;desmedido&nbsp;mediante&nbsp;el miedo.\u202f&nbsp;Seg\u00fan el reciente informe del Mecanismo para el Reconocimiento de Personas Presas Pol\u00edticas, declar\u00f3 que al menos 46 personas permanecen detenidas por motivos pol\u00edticos en Nicaragua, lo que demuestra que el caso de Brooklyn Rivera forma parte de un patr\u00f3n sistem\u00e1tico de persecuci\u00f3n.&nbsp;<\/p>\n","protected":false},"excerpt":{"rendered":"<p>Foto: familia de Blooklyn Ante la persistente falta de informaci\u00f3n sobre el paradero, estado de salud y condiciones de detenci\u00f3n del preso de conciencia Brooklyn Rivera, Amnist\u00eda Internacional&nbsp;declar\u00f3:\u202f&nbsp; \u201cMantener&nbsp;detenido&nbsp;a Brooklyn &hellip;<\/p>\n<p class=\"read-more\"> <a class=\"\" href=\"https:\/\/amnistia.org.mx\/contenido\/index.php\/autoridades-deben-proporcionar-prueba-de-vida-de-brooklyn-rivera\/\"> <span class=\"screen-reader-text\">Autoridades deben proporcionar prueba de vida de Brooklyn Rivera<\/span> Leer m\u00e1s &raquo;<\/a><\/p>\n","protected":false},"author":20,"featured_media":42363,"comment_status":"closed","ping_status":"closed","sticky":false,"template":"","format":"standard","meta":{"_uf_show_specific_survey":0,"_uf_disable_surveys":false,"site-sidebar-layout":"default","site-content-layout":"default","ast-global-header-display":"","ast-main-header-display":"","ast-hfb-above-header-display":"","ast-hfb-below-header-display":"","ast-hfb-mobile-header-display":"","site-post-title":"","ast-breadcrumbs-content":"","ast-featured-img":"","footer-sml-layout":"","theme-transparent-header-meta":"","adv-header-id-meta":"","stick-header-meta":"","header-above-stick-meta":"","header-main-stick-meta":"","header-below-stick-meta":""},"categories":[9],"tags":[312],"acf":[],"aioseo_notices":[],"yoast_head":"<!-- This site is optimized with the Yoast SEO plugin v14.5 - https:\/\/yoast.com\/wordpress\/plugins\/seo\/ -->\n<title>Autoridades deben proporcionar prueba de vida de Brooklyn Rivera - amnistia.org.mx<\/title>\n<meta name=\"description\" content=\"La falta de transparencia en torno a la detenci\u00f3n de Brooklyn Rivera confirma un patr\u00f3n m\u00e1s amplio de represi\u00f3n contra l\u00edderes ind\u00edgenas, voces cr\u00edticas y organizaciones de la sociedad civil en Nicaragua.\" \/>\n<meta name=\"robots\" content=\"index, follow\" \/>\n<meta name=\"googlebot\" content=\"index, follow, max-snippet:-1, max-image-preview:large, max-video-preview:-1\" \/>\n<meta name=\"bingbot\" content=\"index, follow, max-snippet:-1, max-image-preview:large, max-video-preview:-1\" \/>\n<link rel=\"canonical\" href=\"https:\/\/amnistia.org.mx\/contenido\/index.php\/autoridades-deben-proporcionar-prueba-de-vida-de-brooklyn-rivera\/\" \/>\n<meta property=\"og:locale\" content=\"es_MX\" \/>\n<meta property=\"og:type\" content=\"article\" \/>\n<meta property=\"og:title\" content=\"Autoridades deben proporcionar prueba de vida de Brooklyn Rivera - amnistia.org.mx\" \/>\n<meta property=\"og:description\" content=\"La falta de transparencia en torno a la detenci\u00f3n de Brooklyn Rivera confirma un patr\u00f3n m\u00e1s amplio de represi\u00f3n contra l\u00edderes ind\u00edgenas, voces cr\u00edticas y organizaciones de la sociedad civil en Nicaragua.\" \/>\n<meta property=\"og:url\" content=\"https:\/\/amnistia.org.mx\/contenido\/index.php\/autoridades-deben-proporcionar-prueba-de-vida-de-brooklyn-rivera\/\" \/>\n<meta property=\"og:site_name\" content=\"amnistia.org.mx\" \/>\n<meta property=\"article:published_time\" content=\"2026-03-13T22:04:31+00:00\" \/>\n<meta property=\"article:modified_time\" content=\"2026-03-13T22:04:34+00:00\" \/>\n<meta name=\"twitter:card\" content=\"summary_large_image\" \/>\n<meta name=\"twitter:image\" content=\"https:\/\/amnistia.org.mx\/contenido\/wp-content\/uploads\/2026\/03\/Media-quote-Brooklyn-1468x710-1.webp\" \/>\n<script type=\"application\/ld+json\" class=\"yoast-schema-graph\">{\"@context\":\"https:\/\/schema.org\",\"@graph\":[{\"@type\":\"WebSite\",\"@id\":\"https:\/\/amnistia.org.mx\/contenido\/#website\",\"url\":\"https:\/\/amnistia.org.mx\/contenido\/\",\"name\":\"amnistia.org.mx\",\"description\":\"Nueva p\\u00e1gina de Amnist\\u00eda\",\"potentialAction\":[{\"@type\":\"SearchAction\",\"target\":\"https:\/\/amnistia.org.mx\/contenido\/?s={search_term_string}\",\"query-input\":\"required name=search_term_string\"}],\"inLanguage\":\"es-MX\"},{\"@type\":\"ImageObject\",\"@id\":\"https:\/\/amnistia.org.mx\/contenido\/index.php\/autoridades-deben-proporcionar-prueba-de-vida-de-brooklyn-rivera\/#primaryimage\",\"inLanguage\":\"es-MX\",\"url\":\"https:\/\/amnistia.org.mx\/contenido\/wp-content\/uploads\/2026\/03\/Media-quote-Brooklyn-1468x710-1.webp\",\"width\":1468,\"height\":710},{\"@type\":\"WebPage\",\"@id\":\"https:\/\/amnistia.org.mx\/contenido\/index.php\/autoridades-deben-proporcionar-prueba-de-vida-de-brooklyn-rivera\/#webpage\",\"url\":\"https:\/\/amnistia.org.mx\/contenido\/index.php\/autoridades-deben-proporcionar-prueba-de-vida-de-brooklyn-rivera\/\",\"name\":\"Autoridades deben proporcionar prueba de vida de Brooklyn Rivera - amnistia.org.mx\",\"isPartOf\":{\"@id\":\"https:\/\/amnistia.org.mx\/contenido\/#website\"},\"primaryImageOfPage\":{\"@id\":\"https:\/\/amnistia.org.mx\/contenido\/index.php\/autoridades-deben-proporcionar-prueba-de-vida-de-brooklyn-rivera\/#primaryimage\"},\"datePublished\":\"2026-03-13T22:04:31+00:00\",\"dateModified\":\"2026-03-13T22:04:34+00:00\",\"author\":{\"@id\":\"https:\/\/amnistia.org.mx\/contenido\/#\/schema\/person\/d71334ce16d82dc09f98d83dcb18351f\"},\"description\":\"La falta de transparencia en torno a la detenci\\u00f3n de Brooklyn Rivera confirma un patr\\u00f3n m\\u00e1s amplio de represi\\u00f3n contra l\\u00edderes ind\\u00edgenas, voces cr\\u00edticas y organizaciones de la sociedad civil en Nicaragua.\",\"breadcrumb\":{\"@id\":\"https:\/\/amnistia.org.mx\/contenido\/index.php\/autoridades-deben-proporcionar-prueba-de-vida-de-brooklyn-rivera\/#breadcrumb\"},\"inLanguage\":\"es-MX\",\"potentialAction\":[{\"@type\":\"ReadAction\",\"target\":[\"https:\/\/amnistia.org.mx\/contenido\/index.php\/autoridades-deben-proporcionar-prueba-de-vida-de-brooklyn-rivera\/\"]}]},{\"@type\":\"BreadcrumbList\",\"@id\":\"https:\/\/amnistia.org.mx\/contenido\/index.php\/autoridades-deben-proporcionar-prueba-de-vida-de-brooklyn-rivera\/#breadcrumb\",\"itemListElement\":[{\"@type\":\"ListItem\",\"position\":1,\"item\":{\"@type\":\"WebPage\",\"@id\":\"https:\/\/amnistia.org.mx\/contenido\/\",\"url\":\"https:\/\/amnistia.org.mx\/contenido\/\",\"name\":\"Home\"}},{\"@type\":\"ListItem\",\"position\":2,\"item\":{\"@type\":\"WebPage\",\"@id\":\"https:\/\/amnistia.org.mx\/contenido\/index.php\/autoridades-deben-proporcionar-prueba-de-vida-de-brooklyn-rivera\/\",\"url\":\"https:\/\/amnistia.org.mx\/contenido\/index.php\/autoridades-deben-proporcionar-prueba-de-vida-de-brooklyn-rivera\/\",\"name\":\"Autoridades deben proporcionar prueba de vida de Brooklyn Rivera\"}}]},{\"@type\":[\"Person\"],\"@id\":\"https:\/\/amnistia.org.mx\/contenido\/#\/schema\/person\/d71334ce16d82dc09f98d83dcb18351f\",\"name\":\"Carla Ram\\u00edrez Torres\",\"image\":{\"@type\":\"ImageObject\",\"@id\":\"https:\/\/amnistia.org.mx\/contenido\/#personlogo\",\"inLanguage\":\"es-MX\",\"url\":\"https:\/\/secure.gravatar.com\/avatar\/e23f8047127168b5b454a42adc3fda75?s=96&d=mm&r=g\",\"caption\":\"Carla Ram\\u00edrez Torres\"}}]}<\/script>\n<!-- \/ Yoast SEO plugin. -->","_links":{"self":[{"href":"https:\/\/amnistia.org.mx\/contenido\/index.php\/wp-json\/wp\/v2\/posts\/42362"}],"collection":[{"href":"https:\/\/amnistia.org.mx\/contenido\/index.php\/wp-json\/wp\/v2\/posts"}],"about":[{"href":"https:\/\/amnistia.org.mx\/contenido\/index.php\/wp-json\/wp\/v2\/types\/post"}],"author":[{"embeddable":true,"href":"https:\/\/amnistia.org.mx\/contenido\/index.php\/wp-json\/wp\/v2\/users\/20"}],"replies":[{"embeddable":true,"href":"https:\/\/amnistia.org.mx\/contenido\/index.php\/wp-json\/wp\/v2\/comments?post=42362"}],"version-history":[{"count":2,"href":"https:\/\/amnistia.org.mx\/contenido\/index.php\/wp-json\/wp\/v2\/posts\/42362\/revisions"}],"predecessor-version":[{"id":42365,"href":"https:\/\/amnistia.org.mx\/contenido\/index.php\/wp-json\/wp\/v2\/posts\/42362\/revisions\/42365"}],"wp:featuredmedia":[{"embeddable":true,"href":"https:\/\/amnistia.org.mx\/contenido\/index.php\/wp-json\/wp\/v2\/media\/42363"}],"wp:attachment":[{"href":"https:\/\/amnistia.org.mx\/contenido\/index.php\/wp-json\/wp\/v2\/media?parent=42362"}],"wp:term":[{"taxonomy":"category","embeddable":true,"href":"https:\/\/amnistia.org.mx\/contenido\/index.php\/wp-json\/wp\/v2\/categories?post=42362"},{"taxonomy":"post_tag","embeddable":true,"href":"https:\/\/amnistia.org.mx\/contenido\/index.php\/wp-json\/wp\/v2\/tags?post=42362"}],"curies":[{"name":"wp","href":"https:\/\/api.w.org\/{rel}","templated":true}]}}