
{"id":42937,"date":"2026-04-28T12:36:21","date_gmt":"2026-04-28T17:36:21","guid":{"rendered":"https:\/\/amnistia.org.mx\/contenido\/?p=42937"},"modified":"2026-04-28T12:36:23","modified_gmt":"2026-04-28T17:36:23","slug":"calificada-de-extremista-la-red-lgbt-de-rusia-en-una-escalada-de-la-represion-de-los-derechos-lgbti","status":"publish","type":"post","link":"https:\/\/amnistia.org.mx\/contenido\/index.php\/calificada-de-extremista-la-red-lgbt-de-rusia-en-una-escalada-de-la-represion-de-los-derechos-lgbti\/","title":{"rendered":"Calificada de \u201cextremista\u201d la Red LGBT de Rusia en una escalada de la represi\u00f3n de los derechos LGBTI"},"content":{"rendered":"\n<p class=\"has-text-align-right has-small-font-size\">OLGA MALTSEVA\/AFP via Getty Images<\/p>\n\n\n\n<p>La decisi\u00f3n de calificar la Red LGBT de Rusia de \u201corganizaci\u00f3n extremista\u201d y prohibir sus actividades en todo el pa\u00eds, adoptada por un tribunal de la segunda ciudad m\u00e1s importante de Rusia, no har\u00e1 sino agravar la marginaci\u00f3n de las personas LGBTI y sus derechos humanos; as\u00ed lo ha manifestado hoy Amnist\u00eda Internacional.<\/p>\n\n\n\n<p>La sentencia del Tribunal Municipal de San Petersburgo estuvo precedida de varias vistas a puerta cerrada, como hab\u00eda solicitado el Ministerio de Justicia, y se dict\u00f3 dos meses despu\u00e9s de resoluciones similares que calificaron de este modo a otros cinco grupos LGBTI \u2014Coming Out en San Petersburgo, el Centro de Recursos LGBTI en Ekaterimburgo, el Centro Comunitario de Mosc\u00fa para Iniciativas LGBT+, el grupo LGBTI Irida en Samara y el proyecto medi\u00e1tico de tem\u00e1tica LGBTI Parni+\u2014 fueran calificados de \u201corganizaciones extremistas\u201d en sentencias parecidas.<\/p>\n\n\n\n<p>\u201cCuando el Tribunal Supremo prohibi\u00f3 en noviembre de 2023 el inexistente \u2018movimiento internacional LGBT\u2019 por \u2018extremista\u2019, estaba claro que las autoridades no iban a detenerse ah\u00ed. Las designaciones de la Red LGBT y otras organizaciones rusas como \u2018extremistas\u2019 son eslabones de la misma cadena de persecuci\u00f3n e injusticia por parte de las autoridades rusas contra las personas LGBTI\u201d, ha manifestado Marie Struthers, directora de Amnist\u00eda Internacional para Europa Oriental y Asia Central.<\/p>\n\n\n\n<blockquote class=\"wp-block-quote\">\n<p>Las designaciones de la Red LGBT y otras organizaciones rusas como \u2018extremistas\u2019 son eslabones de la misma cadena de persecuci\u00f3n e injusticia por parte de las autoridades rusas contra las personas LGBTI.Marie Struthers, directora de Amnist\u00eda Internacional para Europa Oriental y Asia Central<\/p>\n<\/blockquote>\n\n\n\n<p>\u201cDurante casi dos decenios, la Red LGBT rusa ha reunido a activistas de todo el pa\u00eds, ha prestado ayuda de emergencia y ha realizado investigaciones fundamentales sobre la discriminaci\u00f3n y la violencia contra las personas LGBTI. Prohibirla es un gran golpe premeditado contra la comunidad LGBTI y sus aliados.\u201d<\/p>\n\n\n\n<p>Defensores y defensoras de los derechos humanos, activistas y personas voluntarias desempe\u00f1an una funci\u00f3n esencial al ofrecer apoyo jur\u00eddico, psicol\u00f3gico y social, documentar abusos y evacuar a quienes corren peligro. Pese a su labor leg\u00edtima de derechos humanos, un n\u00famero creciente de organizaciones han sido calificadas arbitrariamente de \u201cextremistas\u201d.<\/p>\n\n\n\n<p>\u201cLas autoridades rusas deben renunciar de inmediato a utilizar la legislaci\u00f3n contra el extremismo para reprimir a la comunidad LGBTI, revertir las pol\u00edticas hom\u00f3fobas y garantizar los derechos de las personas LGBTI a la libertad de expresi\u00f3n y asociaci\u00f3n y a no sufrir discriminaci\u00f3n, en consonancia con el derecho internacional de los derechos humanos. La legislaci\u00f3n discriminatoria contra las personas LGBTI debe ser totalmente abolida, y las decisiones judiciales que califican al \u2018movimiento internacional LGBT\u2019 y a organizaciones individuales como \u2018extremistas\u2019 deben ser revocadas\u201d, ha afirmado Marie Struthers.<\/p>\n\n\n\n<h2 id=\"h-mas-represalias-y-silenciamiento-de-personas-lgbti\"><strong>M\u00e1s represalias y silenciamiento de personas LGBTI<\/strong><\/h2>\n\n\n\n<p>Desde el fin de 2025, las autoridades han intensificado la represi\u00f3n contra los derechos de las personas LGBTI mediante procesos penales, arrestos y multas contra personas individuales, reuniones privadas y plataformas de medios de comunicaci\u00f3n.<\/p>\n\n\n\n<p>El 8 de diciembre de 2025, un tribunal de Cherkesk conden\u00f3 a un residente de la rep\u00fablica de Karach\u00e1yevo-Cherkesia a dos a\u00f1os y medio de prisi\u00f3n por unirse a un chat grupal y publicar comentarios que las autoridades calificaron de promoci\u00f3n de las \u201crelaciones sexuales no tradicionales\u201d. El 4 de diciembre de 2025, un tribunal de Uli\u00e1novsk impuso arresto domiciliario a tres residentes acusados de \u201corganizar y participar en las actividades de una organizaci\u00f3n extremista\u201d por celebrar fiestas de tem\u00e1tica LGBTI y espect\u00e1culos&nbsp;<em>drag queen<\/em>&nbsp;de car\u00e1cter privado entre enero de 2024 y diciembre de 2025.<\/p>\n\n\n\n<p>En enero de 2026, el artista drag Aleksandr Knyagin huy\u00f3 de Rusia tras ser incluido en una lista federal de personas buscadas a ra\u00edz de una redada policial en un lugar donde se celebraba un acto LGBTI en Kirov el 1 de noviembre de 2025.<\/p>\n\n\n\n<p>El 18 de diciembre de 2025, la educadora sexual y activista LGBTI Sasha (Aleksandra) Kazantseva fue condenada&nbsp;<em>in absentia<\/em>&nbsp;a nueve a\u00f1os de prisi\u00f3n por cargos que inclu\u00edan difusi\u00f3n de \u201cinformaci\u00f3n falsa\u201d sobre las fuerzas armadas rusas y presunta participaci\u00f3n en un \u201cmovimiento extremista LGBT\u201d. A finales de 2025 se hab\u00edan abierto al menos 23 causas penales por cargos de \u201cextremismo\u201d relacionados con actividades LGBTI.<\/p>\n\n\n\n<p>El 23 de marzo, un tribunal de Chita, en Siberia Oriental,&nbsp;<a href=\"https:\/\/www.amnesty.org\/es\/latest\/news\/2026\/03\/russia-four-year-prison-sentence-for-nightclub-owner-exposes-deepening-crackdown-on-lgbti-rights\/\">conden\u00f3<\/a>&nbsp;a la empresaria Tatiana Zorina, de 23 a\u00f1os, a cuatro a\u00f1os de reclusi\u00f3n en una colonia penitenciaria por \u201corganizar las actividades de una organizaci\u00f3n extremista\u201d en un club nocturno del que era copropietaria.<\/p>\n\n\n\n<p>Las autoridades tambi\u00e9n han recurrido a la imposici\u00f3n de elevadas multas para reprimir el apoyo a los derechos LGBTI. El 2 de febrero se abrieron tres causas penales por presunta \u201cpropaganda LGBT\u201d contra Yevgeny Pisemsky, fundador del prohibido proyecto medi\u00e1tico Parni+ y de Phoenix Plus, ONG que ya hab\u00eda sido calificada de \u201cagente extranjero\u201d y opt\u00f3 por disolverse. Ese mismo mes se impuso una multa de 100.000 rublos (1.300 d\u00f3lares estadounidenses) al periodista Vadim Vaganov, tambi\u00e9n por \u201cpropaganda LGBT\u201d \u2014la tercera que sufr\u00eda\u2014 y poco despu\u00e9s se iniciaron acciones administrativas contra \u00e9l por cuarta vez. Los d\u00edas 18 y 25 de febrero se impusieron sendas multas de 200.000 rublos (2.600 d\u00f3lares) al periodista Yaroslav Rasputin por publicaciones en redes sociales.<\/p>\n\n\n\n<p>El 16 de abril, un tribunal de Saratov mult\u00f3 a la agencia de noticias SaratovBusinessConsulting con 500.000 rublos (6.700 d\u00f3lares) por publicar una rese\u00f1a de la serie televisiva \u201cRivalidad encarnizada\u201d, que las autoridades consideraban \u201cpropaganda LGBT\u201d.<\/p>\n\n\n\n<p>\u201cAdem\u00e1s de las actuaciones penales y las multas administrativas, tambi\u00e9n estamos viendo el borrado sistem\u00e1tico de las personas LGBTI de la vida p\u00fablica, incluso mediante censura y medidas contra centros culturales, editoriales, librer\u00edas, plataformas de&nbsp;<em>streaming<\/em>&nbsp;y espacios en l\u00ednea\u201d, ha dicho Marie Struthers.<\/p>\n\n\n\n<blockquote class=\"wp-block-quote\">\n<p>Adem\u00e1s de las actuaciones penales y las multas administrativas, tambi\u00e9n estamos viendo el borrado sistem\u00e1tico de las personas LGBTI de la vida p\u00fablica, incluso mediante censura y medidas contra centros culturales, editoriales, librer\u00edas, plataformas de&nbsp;<em>streaming<\/em>&nbsp;y espacios en l\u00ednea.Marie Struthers, directora de Amnist\u00eda Internacional para Europa Oriental y Asia Central<\/p>\n<\/blockquote>\n\n\n\n<p>El 2 de febrero de 2026, un tribunal de Mosc\u00fa mult\u00f3 con 200.000 rublos (2.600 d\u00f3lares) a un alto directivo del servicio de&nbsp;<em>streaming<\/em>&nbsp;Wink por dar acceso a pel\u00edculas de tem\u00e1tica LGBTI. El 11 de febrero se impusieron multas de entre tres y tres millones y medio de rublos (38.700-45.250 d\u00f3lares) a importantes plataformas \u2014Kinopoisk, Ivi y Wink\u2014 por el mismo \u201cdelito\u201d. Igualmente, el 20 de abril, un tribunal mult\u00f3 con ocho millones de rublos (106.900 d\u00f3lares) a la plataforma de juegos Roblox.<\/p>\n\n\n\n<p>El 30 de enero de 2026, la editorial feminista No Kidding Press, que hab\u00eda suspendido su actividad, fue multada con 800.000 rublos (10.300 d\u00f3lares) por la publicaci\u00f3n y distribuci\u00f3n de la novela gr\u00e1fica&nbsp;<em>The Fruit of Knowledge<\/em>&nbsp;(El fruto del conocimiento) de la autora sueca Liv Str\u00f6mquist. Ese mismo mes se iniciaron actuaciones judiciales contra la cadena de librer\u00edas Chitai-gorod \u2013 Bukvoed por tener a la venta varios t\u00edtulos, entre ellos la novela de ciencia ficci\u00f3n&nbsp;<em>La mano izquierda de la oscuridad<\/em>, de Ursula Le Guin. Con anterioridad, el 26 de noviembre de 2025, la novela de Stephen King&nbsp;<em>It<\/em>&nbsp;(Eso) se retir\u00f3 de la venta a ra\u00edz de denuncias de \u201cpropaganda LGBT\u201d.<\/p>\n\n\n\n<p>El 21 de abril de 2026, agentes encargados de hacer cumplir la ley detuvieron al director de la editorial Eksmo, Yevgeny Kapyev, y varios miembros de su personal en relaci\u00f3n con&nbsp;<a href=\"https:\/\/www.amnesty.org\/es\/latest\/news\/2025\/05\/russia-book-publishers-arrested-in-anti-lgbti-campaign\/\">una causa por \u201cextremismo\u201d contra Popcorn Books<\/a>, editorial asociada con literatura de tem\u00e1tica LGBTI. Tras ser interrogados como testigos en la causa penal, quedaron en libertad.<\/p>\n","protected":false},"excerpt":{"rendered":"<p>OLGA MALTSEVA\/AFP via Getty Images La decisi\u00f3n de calificar la Red LGBT de Rusia de \u201corganizaci\u00f3n extremista\u201d y prohibir sus actividades en todo el pa\u00eds, adoptada por un tribunal de &hellip;<\/p>\n<p class=\"read-more\"> <a class=\"\" href=\"https:\/\/amnistia.org.mx\/contenido\/index.php\/calificada-de-extremista-la-red-lgbt-de-rusia-en-una-escalada-de-la-represion-de-los-derechos-lgbti\/\"> <span class=\"screen-reader-text\">Calificada de \u201cextremista\u201d la Red LGBT de Rusia en una escalada de la represi\u00f3n de los derechos LGBTI<\/span> Leer m\u00e1s &raquo;<\/a><\/p>\n","protected":false},"author":20,"featured_media":42938,"comment_status":"closed","ping_status":"closed","sticky":false,"template":"","format":"standard","meta":{"_uf_show_specific_survey":0,"_uf_disable_surveys":false,"site-sidebar-layout":"default","site-content-layout":"default","ast-global-header-display":"","ast-main-header-display":"","ast-hfb-above-header-display":"","ast-hfb-below-header-display":"","ast-hfb-mobile-header-display":"","site-post-title":"","ast-breadcrumbs-content":"","ast-featured-img":"","footer-sml-layout":"","theme-transparent-header-meta":"","adv-header-id-meta":"","stick-header-meta":"","header-above-stick-meta":"","header-main-stick-meta":"","header-below-stick-meta":""},"categories":[9],"tags":[203],"acf":[],"aioseo_notices":[],"yoast_head":"<!-- This site is optimized with the Yoast SEO plugin v14.5 - https:\/\/yoast.com\/wordpress\/plugins\/seo\/ -->\n<title>Calificada de \u201cextremista\u201d la Red LGBT de Rusia en una escalada de la represi\u00f3n de los derechos LGBTI - amnistia.org.mx<\/title>\n<meta name=\"description\" content=\"Pese a su labor leg\u00edtima de derechos humanos, un n\u00famero creciente de organizaciones han sido calificadas arbitrariamente de \u201cextremistas\u201d.\" \/>\n<meta name=\"robots\" content=\"index, follow\" \/>\n<meta name=\"googlebot\" content=\"index, follow, max-snippet:-1, max-image-preview:large, max-video-preview:-1\" \/>\n<meta name=\"bingbot\" content=\"index, follow, max-snippet:-1, max-image-preview:large, max-video-preview:-1\" \/>\n<link rel=\"canonical\" href=\"https:\/\/amnistia.org.mx\/contenido\/index.php\/calificada-de-extremista-la-red-lgbt-de-rusia-en-una-escalada-de-la-represion-de-los-derechos-lgbti\/\" \/>\n<meta property=\"og:locale\" content=\"es_MX\" \/>\n<meta property=\"og:type\" content=\"article\" \/>\n<meta property=\"og:title\" content=\"Calificada de \u201cextremista\u201d la Red LGBT de Rusia en una escalada de la represi\u00f3n de los derechos LGBTI - amnistia.org.mx\" \/>\n<meta property=\"og:description\" content=\"Pese a su labor leg\u00edtima de derechos humanos, un n\u00famero creciente de organizaciones han sido calificadas arbitrariamente de \u201cextremistas\u201d.\" \/>\n<meta property=\"og:url\" content=\"https:\/\/amnistia.org.mx\/contenido\/index.php\/calificada-de-extremista-la-red-lgbt-de-rusia-en-una-escalada-de-la-represion-de-los-derechos-lgbti\/\" \/>\n<meta property=\"og:site_name\" content=\"amnistia.org.mx\" \/>\n<meta property=\"article:published_time\" content=\"2026-04-28T17:36:21+00:00\" \/>\n<meta property=\"article:modified_time\" content=\"2026-04-28T17:36:23+00:00\" \/>\n<meta property=\"og:image\" content=\"https:\/\/amnistia.org.mx\/contenido\/wp-content\/uploads\/2026\/04\/GettyImages-491694737-1468x710-1.jpg\" \/>\n\t<meta property=\"og:image:width\" content=\"1468\" \/>\n\t<meta property=\"og:image:height\" content=\"710\" \/>\n<meta name=\"twitter:card\" content=\"summary_large_image\" \/>\n<script type=\"application\/ld+json\" class=\"yoast-schema-graph\">{\"@context\":\"https:\/\/schema.org\",\"@graph\":[{\"@type\":\"WebSite\",\"@id\":\"https:\/\/amnistia.org.mx\/contenido\/#website\",\"url\":\"https:\/\/amnistia.org.mx\/contenido\/\",\"name\":\"amnistia.org.mx\",\"description\":\"Nueva p\\u00e1gina de Amnist\\u00eda\",\"potentialAction\":[{\"@type\":\"SearchAction\",\"target\":\"https:\/\/amnistia.org.mx\/contenido\/?s={search_term_string}\",\"query-input\":\"required name=search_term_string\"}],\"inLanguage\":\"es-MX\"},{\"@type\":\"ImageObject\",\"@id\":\"https:\/\/amnistia.org.mx\/contenido\/index.php\/calificada-de-extremista-la-red-lgbt-de-rusia-en-una-escalada-de-la-represion-de-los-derechos-lgbti\/#primaryimage\",\"inLanguage\":\"es-MX\",\"url\":\"https:\/\/amnistia.org.mx\/contenido\/wp-content\/uploads\/2026\/04\/GettyImages-491694737-1468x710-1.jpg\",\"width\":1468,\"height\":710},{\"@type\":\"WebPage\",\"@id\":\"https:\/\/amnistia.org.mx\/contenido\/index.php\/calificada-de-extremista-la-red-lgbt-de-rusia-en-una-escalada-de-la-represion-de-los-derechos-lgbti\/#webpage\",\"url\":\"https:\/\/amnistia.org.mx\/contenido\/index.php\/calificada-de-extremista-la-red-lgbt-de-rusia-en-una-escalada-de-la-represion-de-los-derechos-lgbti\/\",\"name\":\"Calificada de \\u201cextremista\\u201d la Red LGBT de Rusia en una escalada de la represi\\u00f3n de los derechos LGBTI - amnistia.org.mx\",\"isPartOf\":{\"@id\":\"https:\/\/amnistia.org.mx\/contenido\/#website\"},\"primaryImageOfPage\":{\"@id\":\"https:\/\/amnistia.org.mx\/contenido\/index.php\/calificada-de-extremista-la-red-lgbt-de-rusia-en-una-escalada-de-la-represion-de-los-derechos-lgbti\/#primaryimage\"},\"datePublished\":\"2026-04-28T17:36:21+00:00\",\"dateModified\":\"2026-04-28T17:36:23+00:00\",\"author\":{\"@id\":\"https:\/\/amnistia.org.mx\/contenido\/#\/schema\/person\/d71334ce16d82dc09f98d83dcb18351f\"},\"description\":\"Pese a su labor leg\\u00edtima de derechos humanos, un n\\u00famero creciente de organizaciones han sido calificadas arbitrariamente de \\u201cextremistas\\u201d.\",\"breadcrumb\":{\"@id\":\"https:\/\/amnistia.org.mx\/contenido\/index.php\/calificada-de-extremista-la-red-lgbt-de-rusia-en-una-escalada-de-la-represion-de-los-derechos-lgbti\/#breadcrumb\"},\"inLanguage\":\"es-MX\",\"potentialAction\":[{\"@type\":\"ReadAction\",\"target\":[\"https:\/\/amnistia.org.mx\/contenido\/index.php\/calificada-de-extremista-la-red-lgbt-de-rusia-en-una-escalada-de-la-represion-de-los-derechos-lgbti\/\"]}]},{\"@type\":\"BreadcrumbList\",\"@id\":\"https:\/\/amnistia.org.mx\/contenido\/index.php\/calificada-de-extremista-la-red-lgbt-de-rusia-en-una-escalada-de-la-represion-de-los-derechos-lgbti\/#breadcrumb\",\"itemListElement\":[{\"@type\":\"ListItem\",\"position\":1,\"item\":{\"@type\":\"WebPage\",\"@id\":\"https:\/\/amnistia.org.mx\/contenido\/\",\"url\":\"https:\/\/amnistia.org.mx\/contenido\/\",\"name\":\"Home\"}},{\"@type\":\"ListItem\",\"position\":2,\"item\":{\"@type\":\"WebPage\",\"@id\":\"https:\/\/amnistia.org.mx\/contenido\/index.php\/calificada-de-extremista-la-red-lgbt-de-rusia-en-una-escalada-de-la-represion-de-los-derechos-lgbti\/\",\"url\":\"https:\/\/amnistia.org.mx\/contenido\/index.php\/calificada-de-extremista-la-red-lgbt-de-rusia-en-una-escalada-de-la-represion-de-los-derechos-lgbti\/\",\"name\":\"Calificada de \\u201cextremista\\u201d la Red LGBT de Rusia en una escalada de la represi\\u00f3n de los derechos LGBTI\"}}]},{\"@type\":[\"Person\"],\"@id\":\"https:\/\/amnistia.org.mx\/contenido\/#\/schema\/person\/d71334ce16d82dc09f98d83dcb18351f\",\"name\":\"Carla Ram\\u00edrez Torres\",\"image\":{\"@type\":\"ImageObject\",\"@id\":\"https:\/\/amnistia.org.mx\/contenido\/#personlogo\",\"inLanguage\":\"es-MX\",\"url\":\"https:\/\/secure.gravatar.com\/avatar\/e23f8047127168b5b454a42adc3fda75?s=96&d=mm&r=g\",\"caption\":\"Carla Ram\\u00edrez Torres\"}}]}<\/script>\n<!-- \/ Yoast SEO plugin. -->","_links":{"self":[{"href":"https:\/\/amnistia.org.mx\/contenido\/index.php\/wp-json\/wp\/v2\/posts\/42937"}],"collection":[{"href":"https:\/\/amnistia.org.mx\/contenido\/index.php\/wp-json\/wp\/v2\/posts"}],"about":[{"href":"https:\/\/amnistia.org.mx\/contenido\/index.php\/wp-json\/wp\/v2\/types\/post"}],"author":[{"embeddable":true,"href":"https:\/\/amnistia.org.mx\/contenido\/index.php\/wp-json\/wp\/v2\/users\/20"}],"replies":[{"embeddable":true,"href":"https:\/\/amnistia.org.mx\/contenido\/index.php\/wp-json\/wp\/v2\/comments?post=42937"}],"version-history":[{"count":2,"href":"https:\/\/amnistia.org.mx\/contenido\/index.php\/wp-json\/wp\/v2\/posts\/42937\/revisions"}],"predecessor-version":[{"id":42940,"href":"https:\/\/amnistia.org.mx\/contenido\/index.php\/wp-json\/wp\/v2\/posts\/42937\/revisions\/42940"}],"wp:featuredmedia":[{"embeddable":true,"href":"https:\/\/amnistia.org.mx\/contenido\/index.php\/wp-json\/wp\/v2\/media\/42938"}],"wp:attachment":[{"href":"https:\/\/amnistia.org.mx\/contenido\/index.php\/wp-json\/wp\/v2\/media?parent=42937"}],"wp:term":[{"taxonomy":"category","embeddable":true,"href":"https:\/\/amnistia.org.mx\/contenido\/index.php\/wp-json\/wp\/v2\/categories?post=42937"},{"taxonomy":"post_tag","embeddable":true,"href":"https:\/\/amnistia.org.mx\/contenido\/index.php\/wp-json\/wp\/v2\/tags?post=42937"}],"curies":[{"name":"wp","href":"https:\/\/api.w.org\/{rel}","templated":true}]}}