
{"id":42942,"date":"2026-04-29T17:23:49","date_gmt":"2026-04-29T22:23:49","guid":{"rendered":"https:\/\/amnistia.org.mx\/contenido\/?p=42942"},"modified":"2026-04-29T17:36:20","modified_gmt":"2026-04-29T22:36:20","slug":"strongfamilias-de-siete-policias-federales-desaparecidos-durante-una-asignacion-y-de-un-civil-aceptaron-disculpa-publica-del-estado-mexicano-strong","status":"publish","type":"post","link":"https:\/\/amnistia.org.mx\/contenido\/index.php\/strongfamilias-de-siete-policias-federales-desaparecidos-durante-una-asignacion-y-de-un-civil-aceptaron-disculpa-publica-del-estado-mexicano-strong\/","title":{"rendered":"<strong>Familias de siete polic\u00edas federales desaparecidos durante una asignaci\u00f3n y de un civil que les acompa\u00f1aba, aceptaron disculpa p\u00fablica del Estado mexicano<\/strong>"},"content":{"rendered":"\n<figure class=\"wp-block-image size-large\"><img decoding=\"async\" loading=\"lazy\" width=\"1024\" height=\"602\" src=\"https:\/\/amnistia.org.mx\/contenido\/wp-content\/uploads\/2026\/04\/Foto-ajustada-panoramica-29-abril-26-1024x602.jpeg\" alt=\"\" class=\"wp-image-42943\"\/><\/figure>\n\n\n\n<p>La se\u00f1ora Araceli Rodr\u00edguez Nava, madre del polic\u00eda Luis \u00c1ngel Le\u00f3n Rodr\u00edguez, al hablar en el acto de disculpa p\u00fablica a nombre de las familias de los polic\u00edas federales desaparecidos y de la persona civil que les acompa\u00f1aba. (Foto: Amnist\u00eda Internacional) <\/p>\n\n\n\n<ul>\n<li>El Estado mexicano se disculp\u00f3 por la desaparici\u00f3n, la incertidumbre y la revictimizaci\u00f3n que han padecido las familias desde que denunciaron la desaparici\u00f3n de sus seres queridos hace m\u00e1s de 15 a\u00f1os<\/li>\n<\/ul>\n\n\n\n<ul>\n<li>Al hablar a nombre de las familias, la se\u00f1ora Araceli Rodr\u00edguez dijo que la violencia institucional que sufrieron constituy\u00f3 un proceso de tortura psicol\u00f3gica continuada<\/li>\n<\/ul>\n\n\n\n<ul>\n<li>Amnist\u00eda internacional advierte que la disculpa p\u00fablica es un paso en la reparaci\u00f3n integral del da\u00f1o y que sigue pendiente el acceso de las familias a la verdad de los hechos, a la justicia, y a garant\u00edas de no repetici\u00f3n<\/li>\n<\/ul>\n\n\n\n<p>Hoy se llev\u00f3 a cabo un acto de disculpa p\u00fablica para honrar la memoria de los polic\u00edas federales Luis \u00c1ngel Le\u00f3n Rodr\u00edguez, Juan Carlos Ruiz Valencia, Bernardo Israel L\u00f3pez S\u00e1nchez, Jaime Humberto Ugalde Villeda, Pedro V\u00e1zquez Hern\u00e1ndez, Israel Ram\u00f3n Usla y V\u00edctor Hugo G\u00f3mez Lorenzo, quienes desaparecieron el 16 de noviembre 2009 en el Estado de Michoac\u00e1n, mientras cumpl\u00edan con su deber, acompa\u00f1ados por la persona civil Sergio Santoyo Garc\u00edas.<\/p>\n\n\n\n<p>La disculpa p\u00fablica fue aceptada a nombre de las familias de los polic\u00edas desaparecidos y de la persona civil, por la se\u00f1ora Araceli Magdalena Rodr\u00edguez Nava, madre del polic\u00eda Luis \u00c1ngel Le\u00f3n Rodr\u00edguez. La disculpa fue ofrecida por la Subsecretar\u00eda de Derechos Humanos, Poblaci\u00f3n y Migraci\u00f3n, de la Secretar\u00eda de Gobernaci\u00f3n, en nombre del Estado mexicano a las familias de las v\u00edctimas por la desaparici\u00f3n, la incertidumbre y la revictimizaci\u00f3n que han padecido a lo largo de m\u00e1s de 15 a\u00f1os, tiempo en que no han cesado de buscar a sus familiares.<\/p>\n\n\n\n<p><strong>Deficiencias en la actuaci\u00f3n de la autoridad<\/strong><\/p>\n\n\n\n<p>Tras de la denuncia por la desaparici\u00f3n de los seis polic\u00edas y la persona civil, las circunstancias exactas derivadas de ese hecho no fueron esclarecidas de manera inmediata; tampoco se activaron de manera oportuna los mecanismos de b\u00fasqueda. Adem\u00e1s, hubo omisiones en la recolecci\u00f3n de informaci\u00f3n clave sobre el operativo en que participaban, y sobre los posibles responsables. Igualmente se perdi\u00f3 un tiempo fundamental para su localizaci\u00f3n y hubo fallas en la coordinaci\u00f3n entre autoridades federales y estatales.<\/p>\n\n\n\n<p>La se\u00f1ora Araceli describi\u00f3 que las familias promovieron quejas ante el \u00f3rgano interno de control de la polic\u00eda federal, as\u00ed como en asuntos internos; en la Secretar\u00eda de la Funci\u00f3n P\u00fablica; acudieron a la C\u00e1mara de Diputados; al Senado de la Rep\u00fablica e instancias internacionales. La desaparici\u00f3n de su hijo fue documentada por Amnist\u00eda Internacional en el informe <a><\/a><a href=\"https:\/\/amnistia.org.mx\/contenido\/?p=38654\">Desaparecer otra vez: violencias y afectaciones que enfrentan las mujeres buscadoras en M\u00e9xico<\/a>.<\/p>\n\n\n\n<p>En su b\u00fasqueda de justicia fueron v\u00edctimas de violencia institucional. Al solicitar la intervenci\u00f3n de la autoridad, \u00e9sta les respondi\u00f3 que si quer\u00edan saber de sus familiares los buscaran ellos mismos; les dijeron que hab\u00edan desacatado sus \u00f3rdenes; que eran unos desertores y que les estaban iniciando actas por abandono de trabajo.<\/p>\n\n\n\n<p>Al hablar a nombre de las familias, la se\u00f1ora Araceli precis\u00f3 que esas respuestas constituyeron para ellas un proceso de tortura psicol\u00f3gica continuada que tuvieron que soportar. Las familias llevaron el caso a la Comisi\u00f3n Nacional de los Derechos Humanos, que emiti\u00f3 la Recomendaci\u00f3n 66\/2017, el 4 de diciembre de 2017.<\/p>\n\n\n\n<p>Araceli advirti\u00f3 que la disculpa p\u00fablica llega despu\u00e9s de a\u00f1os de dolor, silencio y lucha y que asistieron al acto con el peso de la ausencia de sus familiares desaparecidos. Precis\u00f3 que la disculpa p\u00fablica \u201ces un paso importante pero no borra el da\u00f1o ni devuelve lo que les ha sido arrebatado, ninguna palabra llena el vac\u00edo que dej\u00f3 la ausencia, por eso hoy no estamos aqu\u00ed s\u00f3lo para escuchar, estamos aqu\u00ed para recordar que las v\u00edctimas tenemos derecho a algo m\u00e1s que palabras, tenemos derecho a la verdad concreta, sin ocultamientos ni medias respuestas\u201d.<\/p>\n\n\n\n<p>Exigi\u00f3 de las autoridades garant\u00edas de que los hechos no vuelvan a repetirse, que el Estado transforme sus palabras en pol\u00edticas p\u00fablicas y acciones de coordinaci\u00f3n interinstitucional entre los tres niveles de gobierno; destac\u00f3 la necesidad de que haya cursos de capacitaci\u00f3n para las autoridades municipales, estatales y federales en proximidad ciudadana y primer contacto, en derechos humanos, entre otros temas diversos, para una diga atenci\u00f3n a las v\u00edctimas y a la sociedad en general.<\/p>\n\n\n\n<p>Manifest\u00f3 su esperanza de que en M\u00e9xico \u201cnunca m\u00e1s se repitan estas injusticias y que la verdad prevalezca. Las v\u00edctimas, dijo, seguir\u00e1n record\u00e1ndole al Estado su responsabilidad con la verdad, la justicia, la memoria, la reparaci\u00f3n digna y justa y la no repetici\u00f3n de los hechos\u201d.<\/p>\n\n\n\n<figure class=\"wp-block-image size-large\"><img decoding=\"async\" loading=\"lazy\" width=\"1024\" height=\"684\" src=\"https:\/\/amnistia.org.mx\/contenido\/wp-content\/uploads\/2026\/04\/Edith-disculpa-publica-ajustada--1024x684.jpeg\" alt=\"\" class=\"wp-image-42944\"\/><figcaption class=\"wp-element-caption\">Aspecto de la intervenci\u00f3n de la Directora Ejecutiva de Amnist\u00eda Internacional, secci\u00f3n mexicana, Edith Olivares Ferreto, en el acto de disculpa p\u00fablica ofrecida a las familias de siete polic\u00edas federales desaparecidos y una persona civil. <\/figcaption><\/figure>\n\n\n\n<p>Por su parte la Directora Ejecutiva de Amnist\u00eda Internacional, Edith Olivares Ferreto declar\u00f3: \u201choy acompa\u00f1amos a las familias de las ocho personas desaparecidas en este gran logro que implica para ellas haber obtenido esta disculpa p\u00fablica del Estado mexicano, que es un paso significativo para honrar la memoria de sus familiares en su lucha por la reparaci\u00f3n integral del da\u00f1o. Cabe destacar que sigue pendiente que tengan acceso a la verdad de los hechos, a la justicia, as\u00ed como a garant\u00edas de no repetici\u00f3n\u201d.<\/p>\n\n\n\n<p>\u201cEn Amnist\u00eda Internacional nos mantendremos atentas de que el Estado cumpla el compromiso de continuar la investigaci\u00f3n sobre la desaparici\u00f3n de las ocho personas hasta dar con su paradero.<\/p>\n\n\n\n<p>\u201cEs importante destacar tambi\u00e9n que la desaparici\u00f3n de una persona genera un da\u00f1o continuo en el tiempo, caracterizado por la incertidumbre y la falta de respuesta del Estado. Luis \u00c1ngel y sus compa\u00f1eros no debieron desaparecer, las familias de los polic\u00edas y de la persona civil no debieron hacer la b\u00fasqueda solas, no debieron verse afectadas en su salud f\u00edsica y mental por la desaparici\u00f3n de sus familiares, no debieron escuchar que \u00e9stos eran un expediente, un caso, un n\u00famero. Hoy estamos aqu\u00ed para nombrar que el Estado no cumpli\u00f3 y sigue sin cumplir con su deber de prevenir, investigar y sancionar las desapariciones\u201d, agreg\u00f3 Edith Olivares Ferreto.<\/p>\n\n\n\n<p><strong>Informaci\u00f3n de contexto:<\/strong><\/p>\n\n\n\n<p>Informe <a href=\"https:\/\/amnistia.org.mx\/contenido\/?p=38654\">Desaparecer otra vez: violencias y afectaciones que enfrentan las mujeres buscadoras en M\u00e9xico<\/a><\/p>\n\n\n\n<p>Para m\u00e1s informaci\u00f3n o para concertar una entrevista, por favor contacte a:<\/p>\n\n\n\n<p>Alejandro Ju\u00e1rez Gamero, Amnist\u00eda Internacional M\u00e9xico:<\/p>\n\n\n\n<p><a href=\"mailto:prensa@amnistia.org.mx\">prensa@amnistia.org.mx<\/a><\/p>\n\n\n\n<p>+52 55 2265 4331 (<strong>solo whatsapp<\/strong>)<\/p>\n","protected":false},"excerpt":{"rendered":"<p>La se\u00f1ora Araceli Rodr\u00edguez Nava, madre del polic\u00eda Luis \u00c1ngel Le\u00f3n Rodr\u00edguez, al hablar en el acto de disculpa p\u00fablica a nombre de las familias de los polic\u00edas federales desaparecidos &hellip;<\/p>\n<p class=\"read-more\"> <a class=\"\" href=\"https:\/\/amnistia.org.mx\/contenido\/index.php\/strongfamilias-de-siete-policias-federales-desaparecidos-durante-una-asignacion-y-de-un-civil-aceptaron-disculpa-publica-del-estado-mexicano-strong\/\"> <span class=\"screen-reader-text\"><strong>Familias de siete polic\u00edas federales desaparecidos durante una asignaci\u00f3n y de un civil que les acompa\u00f1aba, aceptaron disculpa p\u00fablica del Estado mexicano<\/strong><\/span> Leer m\u00e1s &raquo;<\/a><\/p>\n","protected":false},"author":4,"featured_media":42945,"comment_status":"closed","ping_status":"closed","sticky":false,"template":"","format":"standard","meta":{"_uf_show_specific_survey":0,"_uf_disable_surveys":false,"site-sidebar-layout":"default","site-content-layout":"default","ast-global-header-display":"","ast-main-header-display":"","ast-hfb-above-header-display":"","ast-hfb-below-header-display":"","ast-hfb-mobile-header-display":"","site-post-title":"","ast-breadcrumbs-content":"","ast-featured-img":"","footer-sml-layout":"","theme-transparent-header-meta":"","adv-header-id-meta":"","stick-header-meta":"","header-above-stick-meta":"","header-main-stick-meta":"","header-below-stick-meta":""},"categories":[20],"tags":[28],"acf":[],"aioseo_notices":[],"yoast_head":"<!-- This site is optimized with the Yoast SEO plugin v14.5 - https:\/\/yoast.com\/wordpress\/plugins\/seo\/ -->\n<title>Familias de siete polic\u00edas federales desaparecidos durante una asignaci\u00f3n y de un civil que les acompa\u00f1aba, aceptaron disculpa p\u00fablica del Estado mexicano - amnistia.org.mx<\/title>\n<meta name=\"description\" content=\"Familias de siete polic\u00edas federales desaparecidos en 2009 y de un civil que les acompa\u00f1aba, aceptaron disculpa p\u00fablica del Estado mexicano.\" \/>\n<meta name=\"robots\" content=\"index, follow\" \/>\n<meta name=\"googlebot\" content=\"index, follow, max-snippet:-1, max-image-preview:large, max-video-preview:-1\" \/>\n<meta name=\"bingbot\" content=\"index, follow, max-snippet:-1, max-image-preview:large, max-video-preview:-1\" \/>\n<link rel=\"canonical\" href=\"https:\/\/amnistia.org.mx\/contenido\/index.php\/strongfamilias-de-siete-policias-federales-desaparecidos-durante-una-asignacion-y-de-un-civil-aceptaron-disculpa-publica-del-estado-mexicano-strong\/\" \/>\n<meta property=\"og:locale\" content=\"es_MX\" \/>\n<meta property=\"og:type\" content=\"article\" \/>\n<meta property=\"og:title\" content=\"Familias de siete polic\u00edas federales desaparecidos durante una asignaci\u00f3n y de un civil que les acompa\u00f1aba, aceptaron disculpa p\u00fablica del Estado mexicano - amnistia.org.mx\" \/>\n<meta property=\"og:description\" content=\"Familias de siete polic\u00edas federales desaparecidos en 2009 y de un civil que les acompa\u00f1aba, aceptaron disculpa p\u00fablica del Estado mexicano.\" \/>\n<meta property=\"og:url\" content=\"https:\/\/amnistia.org.mx\/contenido\/index.php\/strongfamilias-de-siete-policias-federales-desaparecidos-durante-una-asignacion-y-de-un-civil-aceptaron-disculpa-publica-del-estado-mexicano-strong\/\" \/>\n<meta property=\"og:site_name\" content=\"amnistia.org.mx\" \/>\n<meta property=\"article:published_time\" content=\"2026-04-29T22:23:49+00:00\" \/>\n<meta property=\"article:modified_time\" content=\"2026-04-29T22:36:20+00:00\" \/>\n<meta property=\"og:image\" content=\"https:\/\/amnistia.org.mx\/contenido\/wp-content\/uploads\/2026\/04\/Foto-ajustada-panoramica-29-abril-26-1.jpeg\" \/>\n\t<meta property=\"og:image:width\" content=\"1569\" \/>\n\t<meta property=\"og:image:height\" content=\"923\" \/>\n<meta name=\"twitter:card\" content=\"summary_large_image\" \/>\n<script type=\"application\/ld+json\" class=\"yoast-schema-graph\">{\"@context\":\"https:\/\/schema.org\",\"@graph\":[{\"@type\":\"WebSite\",\"@id\":\"https:\/\/amnistia.org.mx\/contenido\/#website\",\"url\":\"https:\/\/amnistia.org.mx\/contenido\/\",\"name\":\"amnistia.org.mx\",\"description\":\"Nueva p\\u00e1gina de Amnist\\u00eda\",\"potentialAction\":[{\"@type\":\"SearchAction\",\"target\":\"https:\/\/amnistia.org.mx\/contenido\/?s={search_term_string}\",\"query-input\":\"required name=search_term_string\"}],\"inLanguage\":\"es-MX\"},{\"@type\":\"ImageObject\",\"@id\":\"https:\/\/amnistia.org.mx\/contenido\/index.php\/strongfamilias-de-siete-policias-federales-desaparecidos-durante-una-asignacion-y-de-un-civil-aceptaron-disculpa-publica-del-estado-mexicano-strong\/#primaryimage\",\"inLanguage\":\"es-MX\",\"url\":\"https:\/\/amnistia.org.mx\/contenido\/wp-content\/uploads\/2026\/04\/Foto-ajustada-panoramica-29-abril-26-1.jpeg\",\"width\":1569,\"height\":923},{\"@type\":\"WebPage\",\"@id\":\"https:\/\/amnistia.org.mx\/contenido\/index.php\/strongfamilias-de-siete-policias-federales-desaparecidos-durante-una-asignacion-y-de-un-civil-aceptaron-disculpa-publica-del-estado-mexicano-strong\/#webpage\",\"url\":\"https:\/\/amnistia.org.mx\/contenido\/index.php\/strongfamilias-de-siete-policias-federales-desaparecidos-durante-una-asignacion-y-de-un-civil-aceptaron-disculpa-publica-del-estado-mexicano-strong\/\",\"name\":\"Familias de siete polic\\u00edas federales desaparecidos durante una asignaci\\u00f3n y de un civil que les acompa\\u00f1aba, aceptaron disculpa p\\u00fablica del Estado mexicano - amnistia.org.mx\",\"isPartOf\":{\"@id\":\"https:\/\/amnistia.org.mx\/contenido\/#website\"},\"primaryImageOfPage\":{\"@id\":\"https:\/\/amnistia.org.mx\/contenido\/index.php\/strongfamilias-de-siete-policias-federales-desaparecidos-durante-una-asignacion-y-de-un-civil-aceptaron-disculpa-publica-del-estado-mexicano-strong\/#primaryimage\"},\"datePublished\":\"2026-04-29T22:23:49+00:00\",\"dateModified\":\"2026-04-29T22:36:20+00:00\",\"author\":{\"@id\":\"https:\/\/amnistia.org.mx\/contenido\/#\/schema\/person\/7db421c495688267ce8ede4625c17fa5\"},\"description\":\"Familias de siete polic\\u00edas federales desaparecidos en 2009 y de un civil que les acompa\\u00f1aba, aceptaron disculpa p\\u00fablica del Estado mexicano.\",\"breadcrumb\":{\"@id\":\"https:\/\/amnistia.org.mx\/contenido\/index.php\/strongfamilias-de-siete-policias-federales-desaparecidos-durante-una-asignacion-y-de-un-civil-aceptaron-disculpa-publica-del-estado-mexicano-strong\/#breadcrumb\"},\"inLanguage\":\"es-MX\",\"potentialAction\":[{\"@type\":\"ReadAction\",\"target\":[\"https:\/\/amnistia.org.mx\/contenido\/index.php\/strongfamilias-de-siete-policias-federales-desaparecidos-durante-una-asignacion-y-de-un-civil-aceptaron-disculpa-publica-del-estado-mexicano-strong\/\"]}]},{\"@type\":\"BreadcrumbList\",\"@id\":\"https:\/\/amnistia.org.mx\/contenido\/index.php\/strongfamilias-de-siete-policias-federales-desaparecidos-durante-una-asignacion-y-de-un-civil-aceptaron-disculpa-publica-del-estado-mexicano-strong\/#breadcrumb\",\"itemListElement\":[{\"@type\":\"ListItem\",\"position\":1,\"item\":{\"@type\":\"WebPage\",\"@id\":\"https:\/\/amnistia.org.mx\/contenido\/\",\"url\":\"https:\/\/amnistia.org.mx\/contenido\/\",\"name\":\"Home\"}},{\"@type\":\"ListItem\",\"position\":2,\"item\":{\"@type\":\"WebPage\",\"@id\":\"https:\/\/amnistia.org.mx\/contenido\/index.php\/strongfamilias-de-siete-policias-federales-desaparecidos-durante-una-asignacion-y-de-un-civil-aceptaron-disculpa-publica-del-estado-mexicano-strong\/\",\"url\":\"https:\/\/amnistia.org.mx\/contenido\/index.php\/strongfamilias-de-siete-policias-federales-desaparecidos-durante-una-asignacion-y-de-un-civil-aceptaron-disculpa-publica-del-estado-mexicano-strong\/\",\"name\":\"Familias de siete polic\\u00edas federales desaparecidos durante una asignaci\\u00f3n y de un civil que les acompa\\u00f1aba, aceptaron disculpa p\\u00fablica del Estado mexicano\"}}]},{\"@type\":[\"Person\"],\"@id\":\"https:\/\/amnistia.org.mx\/contenido\/#\/schema\/person\/7db421c495688267ce8ede4625c17fa5\",\"name\":\"Alejandro Ju\\u00e1rez Gamero\",\"image\":{\"@type\":\"ImageObject\",\"@id\":\"https:\/\/amnistia.org.mx\/contenido\/#personlogo\",\"inLanguage\":\"es-MX\",\"url\":\"https:\/\/secure.gravatar.com\/avatar\/e312d5566d1c3ffb56f86415d6f0e606?s=96&d=mm&r=g\",\"caption\":\"Alejandro Ju\\u00e1rez Gamero\"}}]}<\/script>\n<!-- \/ Yoast SEO plugin. -->","_links":{"self":[{"href":"https:\/\/amnistia.org.mx\/contenido\/index.php\/wp-json\/wp\/v2\/posts\/42942"}],"collection":[{"href":"https:\/\/amnistia.org.mx\/contenido\/index.php\/wp-json\/wp\/v2\/posts"}],"about":[{"href":"https:\/\/amnistia.org.mx\/contenido\/index.php\/wp-json\/wp\/v2\/types\/post"}],"author":[{"embeddable":true,"href":"https:\/\/amnistia.org.mx\/contenido\/index.php\/wp-json\/wp\/v2\/users\/4"}],"replies":[{"embeddable":true,"href":"https:\/\/amnistia.org.mx\/contenido\/index.php\/wp-json\/wp\/v2\/comments?post=42942"}],"version-history":[{"count":11,"href":"https:\/\/amnistia.org.mx\/contenido\/index.php\/wp-json\/wp\/v2\/posts\/42942\/revisions"}],"predecessor-version":[{"id":42959,"href":"https:\/\/amnistia.org.mx\/contenido\/index.php\/wp-json\/wp\/v2\/posts\/42942\/revisions\/42959"}],"wp:featuredmedia":[{"embeddable":true,"href":"https:\/\/amnistia.org.mx\/contenido\/index.php\/wp-json\/wp\/v2\/media\/42945"}],"wp:attachment":[{"href":"https:\/\/amnistia.org.mx\/contenido\/index.php\/wp-json\/wp\/v2\/media?parent=42942"}],"wp:term":[{"taxonomy":"category","embeddable":true,"href":"https:\/\/amnistia.org.mx\/contenido\/index.php\/wp-json\/wp\/v2\/categories?post=42942"},{"taxonomy":"post_tag","embeddable":true,"href":"https:\/\/amnistia.org.mx\/contenido\/index.php\/wp-json\/wp\/v2\/tags?post=42942"}],"curies":[{"name":"wp","href":"https:\/\/api.w.org\/{rel}","templated":true}]}}