
{"id":42961,"date":"2026-04-30T12:14:32","date_gmt":"2026-04-30T17:14:32","guid":{"rendered":"https:\/\/amnistia.org.mx\/contenido\/?p=42961"},"modified":"2026-04-30T12:14:34","modified_gmt":"2026-04-30T17:14:34","slug":"la-conferencia-de-santa-marta-abre-la-puerta-a-un-impulso-politico-historico-para-unas-transiciones-justas-que-deben-traducirse-en-una-accion-centrada-en-los-derechos","status":"publish","type":"post","link":"https:\/\/amnistia.org.mx\/contenido\/index.php\/la-conferencia-de-santa-marta-abre-la-puerta-a-un-impulso-politico-historico-para-unas-transiciones-justas-que-deben-traducirse-en-una-accion-centrada-en-los-derechos\/","title":{"rendered":"La conferencia de Santa Marta abre la puerta a un impulso pol\u00edtico hist\u00f3rico para unas transiciones justas que deben traducirse en una acci\u00f3n centrada en los derechos"},"content":{"rendered":"\n<p class=\"has-text-align-right has-small-font-size\">Photo by Raul ARBOLEDA \/ AFP via Getty Images<\/p>\n\n\n\n<p>La&nbsp;<a href=\"https:\/\/transitionawayconference.com\/about\">Primera Conferencia Mundial sobre la Transici\u00f3n m\u00e1s all\u00e1 de los Combustibles F\u00f3siles<\/a>&nbsp;ha transmitido una fuerte se\u00f1al pol\u00edtica de que la era de los combustibles f\u00f3siles debe terminar; esta \u201ccoalici\u00f3n de los hacedores\u201d debe ahora convertir su compromiso en una cooperaci\u00f3n internacional proactiva que allane el camino a transiciones justas basadas en los derechos. As\u00ed lo ha manifestado hoy Amnist\u00eda Internacional, un d\u00eda despu\u00e9s de la finalizaci\u00f3n de la conferencia de Santa Marta.<\/p>\n\n\n\n<p>Convocada conjuntamente por los gobiernos de Colombia y Pa\u00edses Bajos, la conferencia reuni\u00f3 a representantes de 57 pa\u00edses productores y consumidores de combustibles f\u00f3siles junto con miembros de Parlamentos, intelectuales, sindicatos, organizaciones de la sociedad civil y representantes de pueblos ind\u00edgenas, comunidades afrodescendientes, movimientos de la infancia y la juventud y comunidades campesinas, entre otros.<\/p>\n\n\n\n<p>Celebrada del 24 al 29 de abril, la reuni\u00f3n tuvo lugar ante un tel\u00f3n de fondo de una crisis energ\u00e9tica global alimentada por los&nbsp;<a href=\"https:\/\/www.amnesty.org\/es\/latest\/news\/2026\/03\/middle-east-all-parties-to-the-conflict-must-refrain-from-unlawful-attacks-on-energy-infrastructure\/\">conflictos armados<\/a>&nbsp;y de la creciente frustraci\u00f3n con las negociaciones clim\u00e1ticas de la ONU, que llevan tres decenios sin hacer frente de forma significativa a la producci\u00f3n de combustibles f\u00f3siles pese a la urgencia de la crisis clim\u00e1tica.<\/p>\n\n\n\n<p>\u201cEsta conferencia, que surgi\u00f3 como una idea entre un creciente grupo de pa\u00edses implicados en la Iniciativa del Tratado de Combustibles F\u00f3siles, ha tenido lugar porque los procesos multilaterales existentes no est\u00e1n cumpliendo su funci\u00f3n. Durante 30 a\u00f1os, las cumbres sobre el clima no han abordado de frente las causas fundamentales de la crisis clim\u00e1tica\u201d, ha manifestado Candy Ofime, investigadora y asesora jur\u00eddica sobre justicia clim\u00e1tica de Amnist\u00eda Internacional. \u201cSanta Marta ha mostrado que existe inter\u00e9s pol\u00edtico en que los Estados desfosilicen la econom\u00eda global y se embarquen en transiciones justas, pero ese impulso debe ahora traducirse en acciones concretas arraigadas en los derechos humanos.\u201d<\/p>\n\n\n\n<blockquote class=\"wp-block-quote\">\n<p><strong>Santa Marta ha mostrado que existe inter\u00e9s pol\u00edtico en que los Estados desfosilicen la econom\u00eda global y se embarquen en transiciones justas, pero ese impulso debe ahora traducirse en acciones concretas arraigadas en los derechos humanos. Candy Ofime, investigadora y asesora jur\u00eddica sobre justicia clim\u00e1tica de Amnist\u00eda Internacional<\/strong><\/p>\n<\/blockquote>\n\n\n\n<h2 id=\"h-un-momento-de-crisis-y-oportunidad\"><strong>Un momento de crisis y oportunidad<\/strong><\/h2>\n\n\n\n<p><\/p>\n\n\n\n<p>La conferencia ten\u00eda como objetivo crear una amplia \u201ccoalici\u00f3n de voluntades\u201d que abarque diferentes sectores para acelerar el intercambio de conocimientos y el impulso pol\u00edtico sobre una transici\u00f3n justa, en un momento en el que, como reconoci\u00f3 en su discurso de apertura Irene V\u00e9lez Torres, ministra de Ambiente y Desarrollo Sostenible de Colombia, el mundo se enfrenta a una profunda crisis de multilateralismo. Los debates de la conferencia se organizaron en torno a tres pilares tem\u00e1ticos: superar la dependencia de los combustibles f\u00f3siles, transformar la oferta y la demanda y promover la cooperaci\u00f3n internacional y la diplomacia clim\u00e1tica.<\/p>\n\n\n\n<p>El 25 de abril, los convocantes anunciaron la creaci\u00f3n de un nuevo grupo cient\u00edfico internacional cuyo objetivo era asesorar sobre la transici\u00f3n energ\u00e9tica global a quienes elaboran las pol\u00edticas. Aunque formulado como complementario al Grupo Intergubernamental de Expertos sobre el Cambio Clim\u00e1tico, algunos participantes expresaron preocupaci\u00f3n por la falta de claridad respecto a su composici\u00f3n, su mandato y sus resultados previstos, as\u00ed como por la aparente ausencia de epistemolog\u00edas diversas, incluida la consideraci\u00f3n en condiciones de igualdad de los sistemas de conocimiento ind\u00edgenas y tradicionales.<\/p>\n\n\n\n<p>Durante la sesi\u00f3n plenaria de clausura, Stientje van Veldhoven, ministra de Clima de Pa\u00edses Bajos, se\u00f1al\u00f3 que la conferencia de Santa Marta pretend\u00eda ser \u201cun acelerador del trabajo\u201d que operara en otros espacios multilaterales, incluidos procesos de la CMNUCC como la coalici\u00f3n para la eliminaci\u00f3n progresiva de los incentivos a los combustibles f\u00f3siles, especialmente los subsidios, lanzada en la COP28, y subray\u00f3 la importancia de invitar a otros Estados a unirse a ella.<\/p>\n\n\n\n<h2 id=\"h-no-pueden-dejarse-de-lado-las-demandas-de-las-comunidades\"><strong>No pueden dejarse de lado las demandas de las comunidades<\/strong><\/h2>\n\n\n\n<p>Las comunidades m\u00e1s afectadas por la extracci\u00f3n de combustibles f\u00f3siles y por el impacto clim\u00e1tico utilizaron la conferencia para lanzar una clara advertencia. Mediante una declaraci\u00f3n presentada durante la reuni\u00f3n, los pueblos ind\u00edgenas, las comunidades en primera l\u00ednea y los movimientos sociales pidieron una transici\u00f3n inmediata y equitativa para abandonar los combustibles f\u00f3siles, basada en la autodeterminaci\u00f3n, y pidieron tambi\u00e9n reparaciones por los da\u00f1os sufridos y respeto por los derechos colectivos.<\/p>\n\n\n\n<p>Las ONG tambi\u00e9n expusieron tres prioridades b\u00e1sicas: reforma de la inversi\u00f3n, el comercio y la arquitectura econ\u00f3mica internacionales para incrementar el espacio fiscal de los Estados \u2014especialmente los pa\u00edses de la mayor\u00eda global\u2014 necesario para eliminar gradualmente los combustibles f\u00f3siles mediante una reforma de la deuda, una tributaci\u00f3n justa y el rechazo de los mecanismos de soluci\u00f3n de controversias entre inversores y Estados; la adopci\u00f3n de un tratado sobre los combustibles f\u00f3siles; y la elaboraci\u00f3n de planes nacionales de transici\u00f3n justa centrados en los derechos humanos y la protecci\u00f3n social.<\/p>\n\n\n\n<p>\u201cEstas demandas reflejan lo que, desde hace demasiado tiempo, falta en la pol\u00edtica clim\u00e1tica global: justicia, equidad y rendici\u00f3n de cuentas\u201d, ha declarado Candy Ofime. \u201cNo se puede hablar de transici\u00f3n justa mientras los pueblos ind\u00edgenas, las comunidades en primera l\u00ednea y los grupos marginados sigan siendo sacrificados ante la contaminaci\u00f3n, la deuda y la desposesi\u00f3n.\u201d<\/p>\n\n\n\n<h2 id=\"h-el-proceso-importa\"><strong>El proceso importa<\/strong><\/h2>\n\n\n\n<p>Amnist\u00eda Internacional recibi\u00f3 con satisfacci\u00f3n la&nbsp;<a href=\"https:\/\/transitionawayconference.com\/methodoloy\">metodolog\u00eda innovadora y m\u00e1s inclusiva<\/a>&nbsp;de la conferencia, y el proceso de selecci\u00f3n destinado a excluir a los actores vinculados al sector de los combustibles f\u00f3siles. Sin embargo, se plantearon preocupaciones respecto al proceso, incluidas algunas relacionadas con la emisi\u00f3n de visados para participantes inscritos de pa\u00edses de la mayor\u00eda global.<\/p>\n\n\n\n<p>\u201cLa conferencia adopt\u00f3 un enfoque m\u00e1s integral y participativo que la mayor\u00eda de las cumbres multilaterales, y acogi\u00f3 positivamente las contribuciones de pueblos ind\u00edgenas, comunidades afrodescendientes, grupos de infancia y juventud, sindicatos y ONG\u201d, declar\u00f3 Candy Ofime. \u201cPara que este proceso tenga credibilidad, debe seguir garantizando una participaci\u00f3n efectiva y significativa de grupos que estuvieron infrarrepresentados en Santa Marta y desmantelar activamente los desequilibrios de poder a los que afirma hacer frente.\u201d<\/p>\n\n\n\n<blockquote class=\"wp-block-quote\">\n<blockquote class=\"wp-block-quote\">\n<blockquote class=\"wp-block-quote\">\n<p><strong>La conferencia adopt\u00f3 un enfoque m\u00e1s integral y participativo que la mayor\u00eda de las cumbres multilaterales [\u2026] debe seguir garantizando una participaci\u00f3n efectiva y significativa de grupos que estuvieron infrarrepresentados en Santa Marta y desmantelar activamente los desequilibrios de poder a los que afirma hacer frente. Candy Ofime<\/strong><\/p>\n<\/blockquote>\n<\/blockquote>\n<\/blockquote>\n\n\n\n<h2 id=\"h-y-ahora-que\"><strong>\u00bfY ahora qu\u00e9?<\/strong><\/h2>\n\n\n\n<p><\/p>\n\n\n\n<p>La Primera Conferencia Mundial sobre la Transici\u00f3n m\u00e1s all\u00e1 de los Combustibles F\u00f3siles no dio lugar a un resultado pol\u00edtico negociado. Los convocantes han se\u00f1alado que en los pr\u00f3ximos meses, probablemente antes de la COP31, se publicar\u00e1 un informe de s\u00edntesis, y que el proceso continuar\u00e1 con una segunda conferencia, que los Estados insulares de Irlanda y Tuvalu anunciaron oficialmente que organizar\u00edan de forma conjunta en Tuvalu en 2027, lo que se\u00f1ala la importancia continuada de la colaboraci\u00f3n norte-sur.<\/p>\n\n\n\n<p>Mientras los gobiernos se preparan para estos pr\u00f3ximos pasos, Amnist\u00eda Internacional les insta a ir m\u00e1s all\u00e1 del di\u00e1logo y allanar el camino para la adopci\u00f3n de un&nbsp;<a href=\"https:\/\/www.fossilfueltreaty.org\/about#about\">tratado sobre los combustibles f\u00f3siles<\/a>.<\/p>\n\n\n\n<p>\u201cLa Corte Internacional de Justicia ha dejado claro que los Estados deben eliminar gradualmente los combustibles f\u00f3siles para mantener vivo el compromiso de 1,5 \u00b0C\u201d, ha declarado Candy Ofime. \u201cNo basta con aprender. Los gobiernos tienen el deber legal de actuar ya, y deben optar por la valent\u00eda frente a la demora, la justicia o los beneficios, y las personas o los combustibles f\u00f3siles.\u201d<\/p>\n","protected":false},"excerpt":{"rendered":"<p>Photo by Raul ARBOLEDA \/ AFP via Getty Images La&nbsp;Primera Conferencia Mundial sobre la Transici\u00f3n m\u00e1s all\u00e1 de los Combustibles F\u00f3siles&nbsp;ha transmitido una fuerte se\u00f1al pol\u00edtica de que la era &hellip;<\/p>\n<p class=\"read-more\"> <a class=\"\" href=\"https:\/\/amnistia.org.mx\/contenido\/index.php\/la-conferencia-de-santa-marta-abre-la-puerta-a-un-impulso-politico-historico-para-unas-transiciones-justas-que-deben-traducirse-en-una-accion-centrada-en-los-derechos\/\"> <span class=\"screen-reader-text\">La conferencia de Santa Marta abre la puerta a un impulso pol\u00edtico hist\u00f3rico para unas transiciones justas que deben traducirse en una acci\u00f3n centrada en los derechos<\/span> Leer m\u00e1s &raquo;<\/a><\/p>\n","protected":false},"author":20,"featured_media":42962,"comment_status":"closed","ping_status":"closed","sticky":false,"template":"","format":"standard","meta":{"_uf_show_specific_survey":0,"_uf_disable_surveys":false,"site-sidebar-layout":"default","site-content-layout":"default","ast-global-header-display":"","ast-main-header-display":"","ast-hfb-above-header-display":"","ast-hfb-below-header-display":"","ast-hfb-mobile-header-display":"","site-post-title":"","ast-breadcrumbs-content":"","ast-featured-img":"","footer-sml-layout":"","theme-transparent-header-meta":"","adv-header-id-meta":"","stick-header-meta":"","header-above-stick-meta":"","header-main-stick-meta":"","header-below-stick-meta":""},"categories":[1],"tags":[],"acf":[],"aioseo_notices":[],"yoast_head":"<!-- This site is optimized with the Yoast SEO plugin v14.5 - https:\/\/yoast.com\/wordpress\/plugins\/seo\/ -->\n<title>La conferencia de Santa Marta abre la puerta a un impulso pol\u00edtico hist\u00f3rico para unas transiciones justas que deben traducirse en una acci\u00f3n centrada en los derechos - amnistia.org.mx<\/title>\n<meta name=\"description\" content=\"Celebrada del 24 al 29 de abril, la reuni\u00f3n tuvo lugar ante un tel\u00f3n de fondo de una crisis energ\u00e9tica global alimentada por los\u00a0conflictos armados\u00a0y de la creciente frustraci\u00f3n con las negociaciones clim\u00e1ticas de la ONU.\" \/>\n<meta name=\"robots\" content=\"index, follow\" \/>\n<meta name=\"googlebot\" content=\"index, follow, max-snippet:-1, max-image-preview:large, max-video-preview:-1\" \/>\n<meta name=\"bingbot\" content=\"index, follow, max-snippet:-1, max-image-preview:large, max-video-preview:-1\" \/>\n<link rel=\"canonical\" href=\"https:\/\/amnistia.org.mx\/contenido\/index.php\/la-conferencia-de-santa-marta-abre-la-puerta-a-un-impulso-politico-historico-para-unas-transiciones-justas-que-deben-traducirse-en-una-accion-centrada-en-los-derechos\/\" \/>\n<meta property=\"og:locale\" content=\"es_MX\" \/>\n<meta property=\"og:type\" content=\"article\" \/>\n<meta property=\"og:title\" content=\"La conferencia de Santa Marta abre la puerta a un impulso pol\u00edtico hist\u00f3rico para unas transiciones justas que deben traducirse en una acci\u00f3n centrada en los derechos - amnistia.org.mx\" \/>\n<meta property=\"og:description\" content=\"Celebrada del 24 al 29 de abril, la reuni\u00f3n tuvo lugar ante un tel\u00f3n de fondo de una crisis energ\u00e9tica global alimentada por los\u00a0conflictos armados\u00a0y de la creciente frustraci\u00f3n con las negociaciones clim\u00e1ticas de la ONU.\" \/>\n<meta property=\"og:url\" content=\"https:\/\/amnistia.org.mx\/contenido\/index.php\/la-conferencia-de-santa-marta-abre-la-puerta-a-un-impulso-politico-historico-para-unas-transiciones-justas-que-deben-traducirse-en-una-accion-centrada-en-los-derechos\/\" \/>\n<meta property=\"og:site_name\" content=\"amnistia.org.mx\" \/>\n<meta property=\"article:published_time\" content=\"2026-04-30T17:14:32+00:00\" \/>\n<meta property=\"article:modified_time\" content=\"2026-04-30T17:14:34+00:00\" \/>\n<meta property=\"og:image\" content=\"https:\/\/amnistia.org.mx\/contenido\/wp-content\/uploads\/2026\/04\/GettyImages-2273021728-1468x710-1.jpg\" \/>\n\t<meta property=\"og:image:width\" content=\"1468\" \/>\n\t<meta property=\"og:image:height\" content=\"710\" \/>\n<meta name=\"twitter:card\" content=\"summary_large_image\" \/>\n<script type=\"application\/ld+json\" class=\"yoast-schema-graph\">{\"@context\":\"https:\/\/schema.org\",\"@graph\":[{\"@type\":\"WebSite\",\"@id\":\"https:\/\/amnistia.org.mx\/contenido\/#website\",\"url\":\"https:\/\/amnistia.org.mx\/contenido\/\",\"name\":\"amnistia.org.mx\",\"description\":\"Nueva p\\u00e1gina de Amnist\\u00eda\",\"potentialAction\":[{\"@type\":\"SearchAction\",\"target\":\"https:\/\/amnistia.org.mx\/contenido\/?s={search_term_string}\",\"query-input\":\"required name=search_term_string\"}],\"inLanguage\":\"es-MX\"},{\"@type\":\"ImageObject\",\"@id\":\"https:\/\/amnistia.org.mx\/contenido\/index.php\/la-conferencia-de-santa-marta-abre-la-puerta-a-un-impulso-politico-historico-para-unas-transiciones-justas-que-deben-traducirse-en-una-accion-centrada-en-los-derechos\/#primaryimage\",\"inLanguage\":\"es-MX\",\"url\":\"https:\/\/amnistia.org.mx\/contenido\/wp-content\/uploads\/2026\/04\/GettyImages-2273021728-1468x710-1.jpg\",\"width\":1468,\"height\":710},{\"@type\":\"WebPage\",\"@id\":\"https:\/\/amnistia.org.mx\/contenido\/index.php\/la-conferencia-de-santa-marta-abre-la-puerta-a-un-impulso-politico-historico-para-unas-transiciones-justas-que-deben-traducirse-en-una-accion-centrada-en-los-derechos\/#webpage\",\"url\":\"https:\/\/amnistia.org.mx\/contenido\/index.php\/la-conferencia-de-santa-marta-abre-la-puerta-a-un-impulso-politico-historico-para-unas-transiciones-justas-que-deben-traducirse-en-una-accion-centrada-en-los-derechos\/\",\"name\":\"La conferencia de Santa Marta abre la puerta a un impulso pol\\u00edtico hist\\u00f3rico para unas transiciones justas que deben traducirse en una acci\\u00f3n centrada en los derechos - amnistia.org.mx\",\"isPartOf\":{\"@id\":\"https:\/\/amnistia.org.mx\/contenido\/#website\"},\"primaryImageOfPage\":{\"@id\":\"https:\/\/amnistia.org.mx\/contenido\/index.php\/la-conferencia-de-santa-marta-abre-la-puerta-a-un-impulso-politico-historico-para-unas-transiciones-justas-que-deben-traducirse-en-una-accion-centrada-en-los-derechos\/#primaryimage\"},\"datePublished\":\"2026-04-30T17:14:32+00:00\",\"dateModified\":\"2026-04-30T17:14:34+00:00\",\"author\":{\"@id\":\"https:\/\/amnistia.org.mx\/contenido\/#\/schema\/person\/d71334ce16d82dc09f98d83dcb18351f\"},\"description\":\"Celebrada del 24 al 29 de abril, la reuni\\u00f3n tuvo lugar ante un tel\\u00f3n de fondo de una crisis energ\\u00e9tica global alimentada por los\\u00a0conflictos armados\\u00a0y de la creciente frustraci\\u00f3n con las negociaciones clim\\u00e1ticas de la ONU.\",\"breadcrumb\":{\"@id\":\"https:\/\/amnistia.org.mx\/contenido\/index.php\/la-conferencia-de-santa-marta-abre-la-puerta-a-un-impulso-politico-historico-para-unas-transiciones-justas-que-deben-traducirse-en-una-accion-centrada-en-los-derechos\/#breadcrumb\"},\"inLanguage\":\"es-MX\",\"potentialAction\":[{\"@type\":\"ReadAction\",\"target\":[\"https:\/\/amnistia.org.mx\/contenido\/index.php\/la-conferencia-de-santa-marta-abre-la-puerta-a-un-impulso-politico-historico-para-unas-transiciones-justas-que-deben-traducirse-en-una-accion-centrada-en-los-derechos\/\"]}]},{\"@type\":\"BreadcrumbList\",\"@id\":\"https:\/\/amnistia.org.mx\/contenido\/index.php\/la-conferencia-de-santa-marta-abre-la-puerta-a-un-impulso-politico-historico-para-unas-transiciones-justas-que-deben-traducirse-en-una-accion-centrada-en-los-derechos\/#breadcrumb\",\"itemListElement\":[{\"@type\":\"ListItem\",\"position\":1,\"item\":{\"@type\":\"WebPage\",\"@id\":\"https:\/\/amnistia.org.mx\/contenido\/\",\"url\":\"https:\/\/amnistia.org.mx\/contenido\/\",\"name\":\"Home\"}},{\"@type\":\"ListItem\",\"position\":2,\"item\":{\"@type\":\"WebPage\",\"@id\":\"https:\/\/amnistia.org.mx\/contenido\/index.php\/la-conferencia-de-santa-marta-abre-la-puerta-a-un-impulso-politico-historico-para-unas-transiciones-justas-que-deben-traducirse-en-una-accion-centrada-en-los-derechos\/\",\"url\":\"https:\/\/amnistia.org.mx\/contenido\/index.php\/la-conferencia-de-santa-marta-abre-la-puerta-a-un-impulso-politico-historico-para-unas-transiciones-justas-que-deben-traducirse-en-una-accion-centrada-en-los-derechos\/\",\"name\":\"La conferencia de Santa Marta abre la puerta a un impulso pol\\u00edtico hist\\u00f3rico para unas transiciones justas que deben traducirse en una acci\\u00f3n centrada en los derechos\"}}]},{\"@type\":[\"Person\"],\"@id\":\"https:\/\/amnistia.org.mx\/contenido\/#\/schema\/person\/d71334ce16d82dc09f98d83dcb18351f\",\"name\":\"Carla Ram\\u00edrez Torres\",\"image\":{\"@type\":\"ImageObject\",\"@id\":\"https:\/\/amnistia.org.mx\/contenido\/#personlogo\",\"inLanguage\":\"es-MX\",\"url\":\"https:\/\/secure.gravatar.com\/avatar\/e23f8047127168b5b454a42adc3fda75?s=96&d=mm&r=g\",\"caption\":\"Carla Ram\\u00edrez Torres\"}}]}<\/script>\n<!-- \/ Yoast SEO plugin. -->","_links":{"self":[{"href":"https:\/\/amnistia.org.mx\/contenido\/index.php\/wp-json\/wp\/v2\/posts\/42961"}],"collection":[{"href":"https:\/\/amnistia.org.mx\/contenido\/index.php\/wp-json\/wp\/v2\/posts"}],"about":[{"href":"https:\/\/amnistia.org.mx\/contenido\/index.php\/wp-json\/wp\/v2\/types\/post"}],"author":[{"embeddable":true,"href":"https:\/\/amnistia.org.mx\/contenido\/index.php\/wp-json\/wp\/v2\/users\/20"}],"replies":[{"embeddable":true,"href":"https:\/\/amnistia.org.mx\/contenido\/index.php\/wp-json\/wp\/v2\/comments?post=42961"}],"version-history":[{"count":2,"href":"https:\/\/amnistia.org.mx\/contenido\/index.php\/wp-json\/wp\/v2\/posts\/42961\/revisions"}],"predecessor-version":[{"id":42964,"href":"https:\/\/amnistia.org.mx\/contenido\/index.php\/wp-json\/wp\/v2\/posts\/42961\/revisions\/42964"}],"wp:featuredmedia":[{"embeddable":true,"href":"https:\/\/amnistia.org.mx\/contenido\/index.php\/wp-json\/wp\/v2\/media\/42962"}],"wp:attachment":[{"href":"https:\/\/amnistia.org.mx\/contenido\/index.php\/wp-json\/wp\/v2\/media?parent=42961"}],"wp:term":[{"taxonomy":"category","embeddable":true,"href":"https:\/\/amnistia.org.mx\/contenido\/index.php\/wp-json\/wp\/v2\/categories?post=42961"},{"taxonomy":"post_tag","embeddable":true,"href":"https:\/\/amnistia.org.mx\/contenido\/index.php\/wp-json\/wp\/v2\/tags?post=42961"}],"curies":[{"name":"wp","href":"https:\/\/api.w.org\/{rel}","templated":true}]}}