
{"id":42965,"date":"2026-04-30T12:19:26","date_gmt":"2026-04-30T17:19:26","guid":{"rendered":"https:\/\/amnistia.org.mx\/contenido\/?p=42965"},"modified":"2026-04-30T12:19:28","modified_gmt":"2026-04-30T17:19:28","slug":"los-lideres-mundiales-deben-centrarse-en-la-proteccion-de-la-poblacion-civil-y-acordar-un-alto-el-fuego-duradero-y-sostenible","status":"publish","type":"post","link":"https:\/\/amnistia.org.mx\/contenido\/index.php\/los-lideres-mundiales-deben-centrarse-en-la-proteccion-de-la-poblacion-civil-y-acordar-un-alto-el-fuego-duradero-y-sostenible\/","title":{"rendered":"Los l\u00edderes mundiales deben centrarse en la protecci\u00f3n de la poblaci\u00f3n civil y acordar un alto el fuego duradero y sostenible"},"content":{"rendered":"\n<p class=\"has-text-align-right has-small-font-size\">(Photo by ATTA KENARE \/ AFP via Getty Images)<a href=\"https:\/\/www.amnesty.org\/es\/latest\/news\/\"><\/a><\/p>\n\n\n\n<p>\u201cLos acuerdos de alto el fuego, fr\u00e1giles y temporales, entre Estados Unidos e Ir\u00e1n, y entre Israel y L\u00edbano, deben ser sustituidos por un alto el fuego regional duradero, sostenible y completo que abarque todos los pa\u00edses afectados por este conflicto para evitar m\u00e1s sufrimiento catastr\u00f3fico de la poblaci\u00f3n civil y allanar el camino a la justicia, el respeto al derecho internacional y la protecci\u00f3n de los derechos humanos a largo plazo para todas las personas\u201d, ha declarado hoy Amnist\u00eda Internacional.<\/p>\n\n\n\n<p>Pese a la reducci\u00f3n de las hostilidades armadas, este sigue siendo un momento cr\u00edtico y enormemente precario en todo Oriente Medio. Los dos acuerdos vigentes de alto el fuego son fr\u00e1giles y temporales, y podr\u00edan romperse en cualquier momento y, una vez m\u00e1s, poner en peligro la vida de millones de civiles. Estados Unidos e Ir\u00e1n contin\u00faan intercambiando amenazas y llevando a cabo ataques e incautaciones de buques en el Estrecho de Ormuz. En L\u00edbano, como viene ocurriendo desde 2024, el alto el fuego m\u00e1s reciente ha causado la reducci\u00f3n, aunque no el fin, de las hostilidades y el ej\u00e9rcito israel\u00ed sigue en territorio liban\u00e9s ordenando a residentes de decenas de pueblos de las zonas fronterizas que no regresen. Mientras tanto, la poblaci\u00f3n civil de Ir\u00e1n se enfrenta al doble riesgo de sufrir cr\u00edmenes atroces ligados a la reanudaci\u00f3n de los ataques ilegales de Estados Unidos e Israel, as\u00ed como la represi\u00f3n letal de las autoridades iran\u00edes.<\/p>\n\n\n\n<p>\u201cLos ataques del 28 de febrero de Estados Unidos e Israel contra Ir\u00e1n fueron ilegales, violaron la prohibici\u00f3n de la Carta de la ONU del uso de la fuerza y desencadenaron actos ileg\u00edtimos cometidos por las autoridades iran\u00edes en represalia. Desde entonces, m\u00e1s de 5.000 personas han muerto y la vida de millones de civiles de todo Oriente Medio se ha visto trastornada debido a la intensificaci\u00f3n de los conflictos interrelacionados en toda la regi\u00f3n y a los ataques a civiles e infraestructura civil. Todas las partes \u2014Estados Unidos, Israel, Ir\u00e1n y Hezbol\u00e1\u2014 han perpetrado ataques ilegales que muestran un escalofriante desprecio por la vida humana, mientras el presidente estadounidense ha amenazado abiertamente con cometer cr\u00edmenes de guerra e incluso genocidio, y con borrar \u2018una civilizaci\u00f3n entera\u2019 en Ir\u00e1n\u201d.<\/p>\n\n\n\n<p>\u201cLa comunidad internacional debe marcar un l\u00edmite: debe haber un alto el fuego duradero y aut\u00e9ntico, lo que exige el cese total de las hostilidades armadas por todas las partes en todos los pa\u00edses afectados\u201d, ha declarado Agn\u00e8s Callamard<strong><\/strong>, secretaria general de Amnist\u00eda Internacional.<\/p>\n\n\n\n<p>\u201cEs evidente que los denominados acuerdos de alto el fuego alcanzados en Gaza en 2025 y en L\u00edbano en 2024 no han detenido los ataques israel\u00edes contra la poblaci\u00f3n civil, pues desde entonces han muerto hasta 765 personas palestinas y se est\u00e1n produciendo ataques a\u00e9reos casi a diario y la destrucci\u00f3n generalizada de bienes civiles en el sur de L\u00edbano\u201d.<\/p>\n\n\n\n<p>\u201cEn una regi\u00f3n marcada desde hace tiempo por los conflictos, en medio de una impunidad arraigada para los cr\u00edmenes de derecho internacional y la amenaza constante de la reanudaci\u00f3n de la violencia, la poblaci\u00f3n civil no puede permitirse otra pausa parcial, selectiva o breve que la deje viviendo en el temor y prepar\u00e1ndose para que se repitan las atrocidades que ha sufrido\u201d.<\/p>\n\n\n\n<blockquote class=\"wp-block-quote\">\n<p><strong>La comunidad internacional debe marcar un l\u00edmite: debe haber un alto el fuego duradero y aut\u00e9ntico, lo que exige el cese total de las hostilidades armadas por todas las partes en todos los pa\u00edses afectados.<\/strong><\/p>\n\n\n\n<p>Agn\u00e8s Callamard,<strong><\/strong>&nbsp;secretaria general<\/p>\n<\/blockquote>\n\n\n\n<p>Los conflictos armados se han extendido con rapidez a 12 pa\u00edses, poniendo en peligro la vida y la salud de millones de civiles con ataques que destruyen viviendas civiles e infraestructuras cr\u00edticas, da\u00f1an el medioambiente y desencadenan repercusiones econ\u00f3micas que afectan a la regi\u00f3n y al mundo.<\/p>\n\n\n\n<p>Un alto el fuego sostenible y duradero es la \u00fanica v\u00eda cre\u00edble para proteger a la poblaci\u00f3n civil y allanar el camino a la seguridad a largo plazo, la protecci\u00f3n de los derechos humanos y la justicia para toda la poblaci\u00f3n de la regi\u00f3n, incluidas las de Ir\u00e1n, L\u00edbano, Israel, el Territorio Palestino Ocupado y los Estados del Golfo P\u00e9rsico.<\/p>\n\n\n\n<p>Seg\u00fan cifras oficiales, en Ir\u00e1n, a 7 de abril, los ataques de Estados Unidos e Israel han causado la muerte de al menos 3.375 personas y heridas a 25.000, entre ellas cientos de ni\u00f1os y ni\u00f1as. Los ataques de Estados Unidos e Israel se produjeron cuando la poblaci\u00f3n estaba a\u00fan recuper\u00e1ndose de las masacres sin precedentes de miles de manifestantes y viandantes perpetradas por las autoridades iran\u00edes durante la represi\u00f3n de las protestas de enero de 2026.<\/p>\n\n\n\n<p>En L\u00edbano, cuando se anunci\u00f3 el alto el fuego, hab\u00edan muerto 2.294 personas, entre ellas 177 ni\u00f1os y ni\u00f1as, y resultado heridas m\u00e1s de 7.500. Desde el alto el fuego, Israel y Hezbol\u00e1 han seguido intercambiando ataques mientras contin\u00faan llegando informes sobre v\u00edctimas civiles.<\/p>\n\n\n\n<p>Al menos 21 civiles han muerto en Israel, donde la poblaci\u00f3n sufre ataques de Ir\u00e1n y de Hezbol\u00e1. En la Cisjordania ocupada han muerto cuatro personas. Entre el 28 de febrero y el 15 de abril de 2026, han muerto al menos 29 personas en el Golfo P\u00e9rsico: 13 en Emiratos \u00c1rabes Unidos, siete en Kuwait, tres en Bahr\u00e9in, tres en Om\u00e1n y tres en Arabia Saud\u00ed. Estas cifras no incluyen las bajas militares estadounidenses.<\/p>\n\n\n\n<p>En un<a href=\"https:\/\/www.amnesty.org\/es\/documents\/mde13\/0883\/2026\/en\/\">&nbsp;documento publicado hoy<\/a>, Amnist\u00eda Internacional detalla el doble riesgo que sufre actualmente la poblaci\u00f3n de Ir\u00e1n, atrapada entre el conflicto armado y una represi\u00f3n letal. La organizaci\u00f3n subraya la necesidad de un enfoque diplom\u00e1tico doble, centrado en las personas, que combine iniciativas para establecer un alto el fuego duradero con medidas concretas para prevenir que las autoridades iran\u00edes cometan cr\u00edmenes atroces.<\/p>\n\n\n\n<p>\u201cUn alto el fuego que no vaya acompa\u00f1ado de soluciones a largo plazo que salvaguarden los derechos humanos y aborden las causas fundamentales es poco m\u00e1s que poner un parche temporal sobre una herida profunda. Esto es especialmente cierto en Ir\u00e1n, donde la poblaci\u00f3n sigue corriendo el riesgo de sufrir m\u00e1s atrocidades a manos de las autoridades de la Rep\u00fablica Isl\u00e1mica, y en L\u00edbano, donde la poblaci\u00f3n civil afronta la perspectiva de la reanudaci\u00f3n del conflicto, el desplazamiento indefinido de civiles y la destrucci\u00f3n de sus casas\u201d, a\u00f1adi\u00f3 Agn\u00e8s Callamard.<\/p>\n\n\n\n<p>\u201cEstamos ante una erosi\u00f3n peligrosa y continua del orden jur\u00eddico internacional global y del respeto al derecho internacional humanitario. La comunidad internacional debe investigar a fondo los ataques de Estados Unidos e Israel contra Ir\u00e1n en violaci\u00f3n de la Carta de la ONU y todos los cr\u00edmenes de derecho internacional, y garantizar que tanto Estados como personas responden de sus actos\u201d.<\/p>\n\n\n\n<p><\/p>\n\n\n\n<h2 id=\"h-victimas-civiles-en-libano\"><strong>V\u00edctimas civiles en L\u00edbano<\/strong><\/h2>\n\n\n\n<figure class=\"wp-block-image\"><img decoding=\"async\" src=\"https:\/\/www.amnesty.org\/es\/wp-content\/uploads\/2026\/04\/316082.jpeg\" alt=\"\" class=\"wp-image-100000238001\"\/><figcaption class=\"wp-element-caption\">Consecuencias de un ataque a\u00e9reo en el barrio de Ain al Mreisseh, en Beirut, el 8 de abril, cuando Israel llev\u00f3 a cabo ataques contra 100 objetivos en todo el pa\u00eds en 10 minutos. (<strong>\u00a9<\/strong>&nbsp;Scott Peterson\/Getty Images)<\/figcaption><\/figure>\n\n\n\n<p>En &nbsp;<strong>L\u00edbano<\/strong>&nbsp;, donde los ataques de Israel han tenido un impacto devastador en la poblaci\u00f3n civil y han continuado en los \u00faltimos d\u00edas, es urgente un alto el fuego duradero que se aplique tanto a Israel como a Hezbol\u00e1 y garantice la protecci\u00f3n de toda la poblaci\u00f3n civil a largo plazo a ambos lados de la frontera. El ej\u00e9rcito israel\u00ed debe cesar inmediatamente los ataques, dejar de arrasar edificios civiles, y retirarse de L\u00edbano. Se debe permitir el retorno de todas las personas desplazadas de sus hogares. Hezbol\u00e1 debe dejar de lanzar ataques en Israel.<\/p>\n\n\n\n<p>Israel ha afirmado que se abstendr\u00eda de realizar ataques ofensivos durante el alto el fuego, pero que se reservaba el derecho de tomar \u201ctodas las medidas necesarias de defensa propia en cualquier momento contra ataques planeados, inminentes o en curso\u201d y que no se retirar\u00eda de territorio liban\u00e9s. Durante el alto el fuego actual y tambi\u00e9n en el anterior, acordado en noviembre de 2024, Israel ha seguido realizando ataques casi a diario y destruyendo bienes civiles libaneses a lo largo de la frontera. Para la poblaci\u00f3n civil, esto ha provocado el desplazamiento prolongado, la destrucci\u00f3n de sus medios de subsistencia y la angustia de vivir en la incertidumbre mientras sigue sin haber ni rastro de rendici\u00f3n de cuentas y reparaci\u00f3n.<\/p>\n\n\n\n<p>Hezbol\u00e1 tambi\u00e9n ha lanzado ataques, incluso en el norte de Israel, desde el actual acuerdo de alto el fuego de 2026.<\/p>\n\n\n\n<p>Desde el 2 de marzo de 2026, el ej\u00e9rcito israel\u00ed ha llevado a cabo incesantes ataques a\u00e9reos en todo el pa\u00eds, causando la muerte y heridas a civiles, personal sanitario y periodistas. Las \u00f3rdenes de \u201cevacuaci\u00f3n\u201d masiva, excesivamente generales, del ej\u00e9rcito israel\u00ed que abarcan enormes extensiones del sur de L\u00edbano y los suburbios meridionales de Beirut han desplazado a m\u00e1s de un mill\u00f3n de personas. Las fuerzas israel\u00edes tambi\u00e9n han llevado a cabo la destrucci\u00f3n generalizada de zonas residenciales y otras infraestructuras civiles en el sur de L\u00edbano y contin\u00faan derribando viviendas en pueblos de la frontera. En una de las peores jornadas, el 8 de abril, el ej\u00e9rcito israel\u00ed alarde\u00f3 de haber realizado en L\u00edbano 100 ataques en apenas 10 minutos que hab\u00edan matado a m\u00e1s de 350 personas, incluidos ataques simult\u00e1neos en zonas civiles concurridas del centro de Beirut sin aviso previo. La impunidad absoluta de la que goza Israel por sus ataques ilegales de 2024 en L\u00edbano ha propiciado que cometa nuevas violaciones en 2026.<\/p>\n\n\n\n<p>Despu\u00e9s de reiterados episodios de conflicto devastador caracterizados por cr\u00edmenes de derecho internacional, una impunidad absoluta y vidas civiles afectadas una y otra vez, deben elaborarse e implementarse planes para la rendici\u00f3n de cuentas. Los cr\u00edmenes de derecho internacional deben investigarse de forma cre\u00edble y los presuntos perpetradores, ser enjuiciados por tribunales nacionales o internacionales. El gobierno liban\u00e9s debe facilitar las iniciativas de rendici\u00f3n de cuentas, lo que incluye aceptar la jurisdicci\u00f3n de la Corte Penal Internacional. La poblaci\u00f3n civil perjudicada por las violaciones del derecho internacional humanitario debe recibir reparaciones sin demora, adecuadas y efectivas que reconozcan el alcance del da\u00f1o sufrido.<\/p>\n\n\n\n<p><\/p>\n\n\n\n<h3 id=\"h-la-poblacion-irani-se-enfrenta-a-un-doble-riesgo-de-sufrir-atrocidades\"><strong>La poblaci\u00f3n iran\u00ed se enfrenta a un doble riesgo de sufrir atrocidades<\/strong><\/h3>\n\n\n\n<p>En<strong>&nbsp;Ir\u00e1n<\/strong>, decenas de miles de ataques a\u00e9reos de Estados Unidos e Israel entre el 28 de febrero y el 7 de abril han causado graves da\u00f1os a la poblaci\u00f3n civil. En un incidente atroz, un ataque ilegal estadounidense contra una escuela en Minab mat\u00f3 a 156 personas, 120 de ellas menores. Los ataques de Estados Unidos e Israel tambi\u00e9n han destruido y causado da\u00f1os generalizados a infraestructura civil como centrales el\u00e9ctricas, puentes, universidades, escuelas, edificios de viviendas, centros m\u00e9dicos, f\u00e1bricas sider\u00fargicas e instalaciones petroqu\u00edmicas, poniendo en peligro la vida y los medios de subsistencia de millones de personas y da\u00f1ando el medioambiente.<\/p>\n\n\n\n<p>Sin embargo, ni siquiera un alto el fuego duradero puede garantizar por s\u00ed solo la protecci\u00f3n de la poblaci\u00f3n civil ni salvaguardar los derechos humanos de las personas en Ir\u00e1n. Manifestantes, disidentes y otras personas que propugnan un cambio pol\u00edtico fundamental siguen corriendo un grave riesgo de sufrir atrocidades a manos de las autoridades iran\u00edes. Desde los ataques de Estados Unidos e Israel, las autoridades iran\u00edes han intensificado su represi\u00f3n de toda oposici\u00f3n, real o percibida, en medio del cierre de Internet impuesto por el Estado m\u00e1s largo registrado en el pa\u00eds. En las \u00faltimas semanas, las autoridades han hecho declaraciones amenazantes equiparando cualquier tipo de disidencia con ponerse del lado del \u201cenemigo\u201d, y han amenazado abiertamente con m\u00e1s homicidios masivos de quienes expresen disidencia o propugnen de forma pac\u00edfica la ca\u00edda del sistema de la Rep\u00fablica Isl\u00e1mica, alardeando p\u00fablicamente de haber llevado a cabo miles de homicidios ileg\u00edtimos de manifestantes en enero de 2026. Las autoridades tambi\u00e9n han ejecutado arbitrariamente al menos a 21 personas condenadas en causas de motivaci\u00f3n pol\u00edtica: nueve manifestantes, nueve disidentes y tres personas acusadas de \u201crebeli\u00f3n armada contra el Estado\u201d o de espionaje para Estados Unidos o Israel. Adem\u00e1s, las autoridades persisten en llevar a cabo detenciones arbitrarias masivas, desapariciones forzadas y torturas para acabar con la disidencia.<\/p>\n\n\n\n<p>La repetici\u00f3n de atrocidades en Ir\u00e1n tiene su origen en una estructura constitucional que refuerza la impunidad y la discriminaci\u00f3n sist\u00e9mica, y priva a la poblaci\u00f3n de acceso a la justicia y de recursos efectivos.<\/p>\n\n\n\n<p>Para garantizar que la poblaci\u00f3n de Ir\u00e1n no corre el riesgo de sufrir nuevas masacres, el alto el fuego debe ir acompa\u00f1ado de medidas diplom\u00e1ticas urgentes de la comunidad internacional destinadas a impedir que las autoridades iran\u00edes cometan cr\u00edmenes atroces y apoyar los llamamientos encabezados por la sociedad civil iran\u00ed en favor de cambios fundamentales, incluso a la Constituci\u00f3n, para garantizar la igualdad y el respeto a los derechos humanos, incluido el derecho a la vida.<\/p>\n\n\n\n<p>\u201cEn un pa\u00eds que se est\u00e1 recuperando del efecto combinado de devastadores bombardeos estadounidenses e israel\u00edes, y masacres orquestadas por el Estado, el riesgo de que las autoridades iran\u00edes cometan cr\u00edmenes atroces contra la poblaci\u00f3n del pa\u00eds sigue siendo significativo. La poblaci\u00f3n sufre la amenaza de nuevos ataques a\u00e9reos y homicidios masivos si se rompe la tregua, y la perspectiva de vivir una represi\u00f3n letal y otra oleada grave de homicidios a manos de unas fuerzas de seguridad listas para disparar contra manifestantes y disidentes a quienes etiquetan de \u2018enemigos\u2019\u201d, dijo Agn\u00e8s Callamard.<\/p>\n\n\n\n<p>\u201cLa comunidad internacional debe reconocer que la crisis de derechos humanos e impunidad de Ir\u00e1n, agravada ahora por los ataques ilegales de Estados Unidos e Israel, y el enorme sufrimiento de la poblaci\u00f3n civil exigen una respuesta diplom\u00e1tica doble y centrada en las personas. Esto significa combinar iniciativas para investigar las violaciones de la Carta de la ONU, proteger a la poblaci\u00f3n civil y defender el derecho internacional humanitario con acciones destinadas a prevenir cr\u00edmenes atroces de las autoridades iran\u00edes y apoyar los llamamientos de la sociedad civil iran\u00ed en favor de una constituci\u00f3n que respete los derechos. Tambi\u00e9n significa establecer v\u00edas para la justicia internacional, que incluye la remisi\u00f3n por el Consejo de Seguridad de la ONU de la situaci\u00f3n de Ir\u00e1n a la Corte Penal Internacional\u201d.<\/p>\n\n\n\n<p><\/p>\n\n\n\n<h4 id=\"h-danos-a-la-poblacion-civil-de-la-region\"><strong>Da\u00f1os a la poblaci\u00f3n civil de la regi\u00f3n<\/strong><\/h4>\n\n\n\n<p>Un alto el fuego duradero y sostenible es tambi\u00e9n el \u00fanico medio de garantizar la protecci\u00f3n de la poblaci\u00f3n civil y un futuro seguro, justo y sostenible para las personas de toda la regi\u00f3n.<\/p>\n\n\n\n<p>La poblaci\u00f3n civil de&nbsp;<strong>Israel y el Territorio Palestino Ocupado<\/strong>&nbsp;ha sufrido ataques tanto de misiles iran\u00edes como de cohetes de Hezbol\u00e1. En Israel, han muerto al menos 34 personas en 2026: 21 civiles y 13 soldados en operaciones de combate en el sur de L\u00edbano. En un ataque ilegal, Amnist\u00eda Internacional hall\u00f3 que se hab\u00eda usado un misil bal\u00edstico tremendamente impreciso para efectuar un ataque que alcanz\u00f3 una sinagoga en Beit Shemesh y que caus\u00f3 la muerte de nueve civiles israel\u00edes. El grupo armado huz\u00ed en Yemen tambi\u00e9n ha lanzado misiles de forma reiterada contra Israel, incluso en marzo de 2026. Cuatro mujeres palestinas murieron en la Cisjordania ocupada debido a ataques de misiles iran\u00edes. Durante la escalada de 2024, Amnist\u00eda Internacional document\u00f3 el uso por Hezbol\u00e1 de armas intr\u00ednsecamente imprecisas para lanzar ataques ilegales con cohetes que causaron la muerte y heridas a civiles en Israel en violaci\u00f3n del derecho internacional humanitario.<\/p>\n\n\n\n<p>Las autoridades israel\u00edes deben abstenerse de realizar ataques ilegales y comprometerse p\u00fablicamente a respetar plenamente el derecho internacional humanitario, y en concreto, la prohibici\u00f3n de dirigir ataques contra civiles y bienes de car\u00e1cter civil. Si no se toman medidas reales y concretas para acabar con las violaciones del derecho internacional y abordar la impunidad arraigada, el riesgo de que se repitan episodios de conflicto armado, cr\u00edmenes de guerra y otras violaciones graves seguir\u00e1 siendo constante.<\/p>\n\n\n\n<p>Los ataques iran\u00edes contra&nbsp;<strong>Emiratos \u00c1rabes Unidos, Qatar, Kuwait, Arabia Saud\u00ed, Bahr\u00e9in y Om\u00e1n<\/strong>&nbsp;han intensificado los riesgos para la poblaci\u00f3n civil, pues estos ataques se extienden m\u00e1s all\u00e1 de las bases militares estadounidenses y da\u00f1an infraestructura energ\u00e9tica, aeropuertos, plantas desalinizadoras y barrios residenciales. Las autoridades iran\u00edes han declarado abiertamente su intenci\u00f3n de causar da\u00f1os econ\u00f3micos y atacar los intereses econ\u00f3micos estadounidenses.<\/p>\n\n\n\n<p>\u201cLa escalada regional m\u00e1s reciente se produce despu\u00e9s de m\u00e1s de dos a\u00f1os y medio de conflicto incesante en todo Oriente Medio, desde los ataques dirigidos por Ham\u00e1s contra civiles en el sur de Israel del 7 de octubre de 2023 hasta el genocidio cometido por Israel contra la poblaci\u00f3n palestina de la Franja de Gaza ocupada, y los ataques de Israel de 2024 en L\u00edbano\u201d, concluy\u00f3 Agn\u00e8s Callamard.<\/p>\n\n\n\n<p>\u201cMientras se cierne la amenaza de nuevas atrocidades, la inacci\u00f3n global socava los mecanismos con los que cuenta la comunidad internacional para prevenir las atrocidades masivas y responder a ellas. Los l\u00edderes y lideresas del mundo deben unirse con urgencia para lograr la entrada en vigor inmediata de un alto el fuego duradero y total a fin de detener la normalizaci\u00f3n del sufrimiento masivo de la poblaci\u00f3n civil, defender nuestra humanidad com\u00fan y contribuir a crear en toda la regi\u00f3n las condiciones para un futuro basado en los derechos humanos, la justicia y una estabilidad duradera\u201d.<\/p>\n","protected":false},"excerpt":{"rendered":"<p>(Photo by ATTA KENARE \/ AFP via Getty Images) \u201cLos acuerdos de alto el fuego, fr\u00e1giles y temporales, entre Estados Unidos e Ir\u00e1n, y entre Israel y L\u00edbano, deben ser &hellip;<\/p>\n<p class=\"read-more\"> <a class=\"\" href=\"https:\/\/amnistia.org.mx\/contenido\/index.php\/los-lideres-mundiales-deben-centrarse-en-la-proteccion-de-la-poblacion-civil-y-acordar-un-alto-el-fuego-duradero-y-sostenible\/\"> <span class=\"screen-reader-text\">Los l\u00edderes mundiales deben centrarse en la protecci\u00f3n de la poblaci\u00f3n civil y acordar un alto el fuego duradero y sostenible<\/span> Leer m\u00e1s &raquo;<\/a><\/p>\n","protected":false},"author":20,"featured_media":42966,"comment_status":"closed","ping_status":"closed","sticky":false,"template":"","format":"standard","meta":{"_uf_show_specific_survey":0,"_uf_disable_surveys":false,"site-sidebar-layout":"default","site-content-layout":"default","ast-global-header-display":"","ast-main-header-display":"","ast-hfb-above-header-display":"","ast-hfb-below-header-display":"","ast-hfb-mobile-header-display":"","site-post-title":"","ast-breadcrumbs-content":"","ast-featured-img":"","footer-sml-layout":"","theme-transparent-header-meta":"","adv-header-id-meta":"","stick-header-meta":"","header-above-stick-meta":"","header-main-stick-meta":"","header-below-stick-meta":""},"categories":[9,1],"tags":[309],"acf":[],"aioseo_notices":[],"yoast_head":"<!-- This site is optimized with the Yoast SEO plugin v14.5 - https:\/\/yoast.com\/wordpress\/plugins\/seo\/ -->\n<title>Los l\u00edderes mundiales deben centrarse en la protecci\u00f3n de la poblaci\u00f3n civil y acordar un alto el fuego duradero y sostenible - amnistia.org.mx<\/title>\n<meta name=\"description\" content=\"Los ataques del 28 de febrero de Estados Unidos e Israel contra Ir\u00e1n fueron ilegales, violaron la prohibici\u00f3n de la Carta de la ONU del uso de la fuerza y desencadenaron actos ileg\u00edtimos cometidos por las autoridades iran\u00edes en represalia.\" \/>\n<meta name=\"robots\" content=\"index, follow\" \/>\n<meta name=\"googlebot\" content=\"index, follow, max-snippet:-1, max-image-preview:large, max-video-preview:-1\" \/>\n<meta name=\"bingbot\" content=\"index, follow, max-snippet:-1, max-image-preview:large, max-video-preview:-1\" \/>\n<link rel=\"canonical\" href=\"https:\/\/amnistia.org.mx\/contenido\/index.php\/los-lideres-mundiales-deben-centrarse-en-la-proteccion-de-la-poblacion-civil-y-acordar-un-alto-el-fuego-duradero-y-sostenible\/\" \/>\n<meta property=\"og:locale\" content=\"es_MX\" \/>\n<meta property=\"og:type\" content=\"article\" \/>\n<meta property=\"og:title\" content=\"Los l\u00edderes mundiales deben centrarse en la protecci\u00f3n de la poblaci\u00f3n civil y acordar un alto el fuego duradero y sostenible - amnistia.org.mx\" \/>\n<meta property=\"og:description\" content=\"Los ataques del 28 de febrero de Estados Unidos e Israel contra Ir\u00e1n fueron ilegales, violaron la prohibici\u00f3n de la Carta de la ONU del uso de la fuerza y desencadenaron actos ileg\u00edtimos cometidos por las autoridades iran\u00edes en represalia.\" \/>\n<meta property=\"og:url\" content=\"https:\/\/amnistia.org.mx\/contenido\/index.php\/los-lideres-mundiales-deben-centrarse-en-la-proteccion-de-la-poblacion-civil-y-acordar-un-alto-el-fuego-duradero-y-sostenible\/\" \/>\n<meta property=\"og:site_name\" content=\"amnistia.org.mx\" \/>\n<meta property=\"article:published_time\" content=\"2026-04-30T17:19:26+00:00\" \/>\n<meta property=\"article:modified_time\" content=\"2026-04-30T17:19:28+00:00\" \/>\n<meta property=\"og:image\" content=\"https:\/\/amnistia.org.mx\/contenido\/wp-content\/uploads\/2026\/04\/316081-1468x710-1.jpeg\" \/>\n\t<meta property=\"og:image:width\" content=\"1468\" \/>\n\t<meta property=\"og:image:height\" content=\"710\" \/>\n<meta name=\"twitter:card\" content=\"summary_large_image\" \/>\n<script type=\"application\/ld+json\" class=\"yoast-schema-graph\">{\"@context\":\"https:\/\/schema.org\",\"@graph\":[{\"@type\":\"WebSite\",\"@id\":\"https:\/\/amnistia.org.mx\/contenido\/#website\",\"url\":\"https:\/\/amnistia.org.mx\/contenido\/\",\"name\":\"amnistia.org.mx\",\"description\":\"Nueva p\\u00e1gina de Amnist\\u00eda\",\"potentialAction\":[{\"@type\":\"SearchAction\",\"target\":\"https:\/\/amnistia.org.mx\/contenido\/?s={search_term_string}\",\"query-input\":\"required name=search_term_string\"}],\"inLanguage\":\"es-MX\"},{\"@type\":\"ImageObject\",\"@id\":\"https:\/\/amnistia.org.mx\/contenido\/index.php\/los-lideres-mundiales-deben-centrarse-en-la-proteccion-de-la-poblacion-civil-y-acordar-un-alto-el-fuego-duradero-y-sostenible\/#primaryimage\",\"inLanguage\":\"es-MX\",\"url\":\"https:\/\/amnistia.org.mx\/contenido\/wp-content\/uploads\/2026\/04\/316081-1468x710-1.jpeg\",\"width\":1468,\"height\":710},{\"@type\":\"WebPage\",\"@id\":\"https:\/\/amnistia.org.mx\/contenido\/index.php\/los-lideres-mundiales-deben-centrarse-en-la-proteccion-de-la-poblacion-civil-y-acordar-un-alto-el-fuego-duradero-y-sostenible\/#webpage\",\"url\":\"https:\/\/amnistia.org.mx\/contenido\/index.php\/los-lideres-mundiales-deben-centrarse-en-la-proteccion-de-la-poblacion-civil-y-acordar-un-alto-el-fuego-duradero-y-sostenible\/\",\"name\":\"Los l\\u00edderes mundiales deben centrarse en la protecci\\u00f3n de la poblaci\\u00f3n civil y acordar un alto el fuego duradero y sostenible - amnistia.org.mx\",\"isPartOf\":{\"@id\":\"https:\/\/amnistia.org.mx\/contenido\/#website\"},\"primaryImageOfPage\":{\"@id\":\"https:\/\/amnistia.org.mx\/contenido\/index.php\/los-lideres-mundiales-deben-centrarse-en-la-proteccion-de-la-poblacion-civil-y-acordar-un-alto-el-fuego-duradero-y-sostenible\/#primaryimage\"},\"datePublished\":\"2026-04-30T17:19:26+00:00\",\"dateModified\":\"2026-04-30T17:19:28+00:00\",\"author\":{\"@id\":\"https:\/\/amnistia.org.mx\/contenido\/#\/schema\/person\/d71334ce16d82dc09f98d83dcb18351f\"},\"description\":\"Los ataques del 28 de febrero de Estados Unidos e Israel contra Ir\\u00e1n fueron ilegales, violaron la prohibici\\u00f3n de la Carta de la ONU del uso de la fuerza y desencadenaron actos ileg\\u00edtimos cometidos por las autoridades iran\\u00edes en represalia.\",\"breadcrumb\":{\"@id\":\"https:\/\/amnistia.org.mx\/contenido\/index.php\/los-lideres-mundiales-deben-centrarse-en-la-proteccion-de-la-poblacion-civil-y-acordar-un-alto-el-fuego-duradero-y-sostenible\/#breadcrumb\"},\"inLanguage\":\"es-MX\",\"potentialAction\":[{\"@type\":\"ReadAction\",\"target\":[\"https:\/\/amnistia.org.mx\/contenido\/index.php\/los-lideres-mundiales-deben-centrarse-en-la-proteccion-de-la-poblacion-civil-y-acordar-un-alto-el-fuego-duradero-y-sostenible\/\"]}]},{\"@type\":\"BreadcrumbList\",\"@id\":\"https:\/\/amnistia.org.mx\/contenido\/index.php\/los-lideres-mundiales-deben-centrarse-en-la-proteccion-de-la-poblacion-civil-y-acordar-un-alto-el-fuego-duradero-y-sostenible\/#breadcrumb\",\"itemListElement\":[{\"@type\":\"ListItem\",\"position\":1,\"item\":{\"@type\":\"WebPage\",\"@id\":\"https:\/\/amnistia.org.mx\/contenido\/\",\"url\":\"https:\/\/amnistia.org.mx\/contenido\/\",\"name\":\"Home\"}},{\"@type\":\"ListItem\",\"position\":2,\"item\":{\"@type\":\"WebPage\",\"@id\":\"https:\/\/amnistia.org.mx\/contenido\/index.php\/los-lideres-mundiales-deben-centrarse-en-la-proteccion-de-la-poblacion-civil-y-acordar-un-alto-el-fuego-duradero-y-sostenible\/\",\"url\":\"https:\/\/amnistia.org.mx\/contenido\/index.php\/los-lideres-mundiales-deben-centrarse-en-la-proteccion-de-la-poblacion-civil-y-acordar-un-alto-el-fuego-duradero-y-sostenible\/\",\"name\":\"Los l\\u00edderes mundiales deben centrarse en la protecci\\u00f3n de la poblaci\\u00f3n civil y acordar un alto el fuego duradero y sostenible\"}}]},{\"@type\":[\"Person\"],\"@id\":\"https:\/\/amnistia.org.mx\/contenido\/#\/schema\/person\/d71334ce16d82dc09f98d83dcb18351f\",\"name\":\"Carla Ram\\u00edrez Torres\",\"image\":{\"@type\":\"ImageObject\",\"@id\":\"https:\/\/amnistia.org.mx\/contenido\/#personlogo\",\"inLanguage\":\"es-MX\",\"url\":\"https:\/\/secure.gravatar.com\/avatar\/e23f8047127168b5b454a42adc3fda75?s=96&d=mm&r=g\",\"caption\":\"Carla Ram\\u00edrez Torres\"}}]}<\/script>\n<!-- \/ Yoast SEO plugin. -->","_links":{"self":[{"href":"https:\/\/amnistia.org.mx\/contenido\/index.php\/wp-json\/wp\/v2\/posts\/42965"}],"collection":[{"href":"https:\/\/amnistia.org.mx\/contenido\/index.php\/wp-json\/wp\/v2\/posts"}],"about":[{"href":"https:\/\/amnistia.org.mx\/contenido\/index.php\/wp-json\/wp\/v2\/types\/post"}],"author":[{"embeddable":true,"href":"https:\/\/amnistia.org.mx\/contenido\/index.php\/wp-json\/wp\/v2\/users\/20"}],"replies":[{"embeddable":true,"href":"https:\/\/amnistia.org.mx\/contenido\/index.php\/wp-json\/wp\/v2\/comments?post=42965"}],"version-history":[{"count":4,"href":"https:\/\/amnistia.org.mx\/contenido\/index.php\/wp-json\/wp\/v2\/posts\/42965\/revisions"}],"predecessor-version":[{"id":42970,"href":"https:\/\/amnistia.org.mx\/contenido\/index.php\/wp-json\/wp\/v2\/posts\/42965\/revisions\/42970"}],"wp:featuredmedia":[{"embeddable":true,"href":"https:\/\/amnistia.org.mx\/contenido\/index.php\/wp-json\/wp\/v2\/media\/42966"}],"wp:attachment":[{"href":"https:\/\/amnistia.org.mx\/contenido\/index.php\/wp-json\/wp\/v2\/media?parent=42965"}],"wp:term":[{"taxonomy":"category","embeddable":true,"href":"https:\/\/amnistia.org.mx\/contenido\/index.php\/wp-json\/wp\/v2\/categories?post=42965"},{"taxonomy":"post_tag","embeddable":true,"href":"https:\/\/amnistia.org.mx\/contenido\/index.php\/wp-json\/wp\/v2\/tags?post=42965"}],"curies":[{"name":"wp","href":"https:\/\/api.w.org\/{rel}","templated":true}]}}