
{"id":42971,"date":"2026-04-30T13:59:32","date_gmt":"2026-04-30T18:59:32","guid":{"rendered":"https:\/\/amnistia.org.mx\/contenido\/?p=42971"},"modified":"2026-04-30T13:59:34","modified_gmt":"2026-04-30T18:59:34","slug":"la-descarada-interceptacion-por-parte-de-israel-de-la-global-sumud-flotilla-que-se-dirigia-a-gaza-despierta-el-temor-por-175-personas-detenidas-arbitrariamente","status":"publish","type":"post","link":"https:\/\/amnistia.org.mx\/contenido\/index.php\/la-descarada-interceptacion-por-parte-de-israel-de-la-global-sumud-flotilla-que-se-dirigia-a-gaza-despierta-el-temor-por-175-personas-detenidas-arbitrariamente\/","title":{"rendered":"<strong>La descarada interceptaci\u00f3n por parte de Israel de la Global Sumud Flotilla que se dirig\u00eda a Gaza despierta el temor por 175 personas detenidas arbitrariamente<\/strong>\u00a0"},"content":{"rendered":"\n<p class=\"has-text-align-right has-small-font-size\">Aspecto de una embarcaci\u00f3n de la Global Sumud Flotilla que el a\u00f1o pasado intent\u00f3 llevar ayuda humanitaria a las personas palestinas en Gaza. La foto corresponde al 30 de septiembre de 2025. (Foto de Ognjen Markovic\/Anadolu v\u00eda Getty Images)<\/p>\n\n\n\n<p>Ante las informaciones de que fuerzas israel\u00edes han interceptado al menos 22 barcos y detenido a unos 175 tripulantes de la Global Sumud Flotilla que intentaba romper el bloqueo ilegal impuesto por Israel y llevar ayuda humanitaria esencial a la Franja de Gaza ocupada, en medio del genocidio que est\u00e1 cometiendo Israel, Erika Guevara Rosas, directora general de Investigaci\u00f3n, Incidencia, Pol\u00edtica y Campa\u00f1as de Amnist\u00eda Internacional, ha declarado:\u00a0<\/p>\n\n\n\n<p>\u201cLa interceptaci\u00f3n descarada e ilegal por parte de Israel de los barcos de la Global Sumud Flotilla y la detenci\u00f3n arbitraria de decenas de activistas subrayan las peligrosas consecuencias de decenios de impunidad por las constantes atrocidades cometidas por Israel contra la poblaci\u00f3n palestina, incluidos el genocidio en la Franja de Gaza y el&nbsp;<em>apartheid<\/em>, y su ocupaci\u00f3n ilegal de territorio palestino\u201d.&nbsp;&nbsp;&nbsp;<\/p>\n\n\n\n<p>\u201cResulta deplorable que se haya detenido una vez m\u00e1s a activistas que participan en una misi\u00f3n pac\u00edfica de solidaridad destinada a romper el bloqueo ilegal impuesto por Israel en la Franja de Gaza y hacer llegar suministros y ayuda m\u00e9dica a personas que se enfrentan a una crisis humanitaria catastr\u00f3fica causada por las condiciones impuestas deliberadamente por Israel.\u201d&nbsp;<\/p>\n\n\n\n<p>\u201cEl hecho de que la marina israel\u00ed cruce cientos de millas mar\u00edtimas s\u00f3lo para asegurarse de que unos barcos civiles que transportan alimentos, leche maternizada y suministros m\u00e9dicos no llegan a la poblaci\u00f3n palestina revela hasta d\u00f3nde est\u00e1 dispuesto a llegar Israel para mantener su bloqueo cruel e ilegal, que dura ya 19 a\u00f1os, de la Franja de Gaza ocupada.\u201d&nbsp;<\/p>\n\n\n\n<p>\u201cA pesar del denominado alto el fuego en Gaza el 9 de octubre de 2025, Israel s\u00f3lo ha permitido la llegada de unos suministros extremadamente limitados a una poblaci\u00f3n que, en su gran mayor\u00eda, se ha visto obligada a desplazarse, y que vive en una situaci\u00f3n de privaci\u00f3n extrema y devastaci\u00f3n total, hacinada en tan s\u00f3lo el 40% de la Franja de Gaza, mientras el ej\u00e9rcito israel\u00ed ha convertido la mayor\u00eda de su parte del territorio ocupado en zona prohibida y mortal para la poblaci\u00f3n palestina.\u201d&nbsp;&nbsp;&nbsp;<\/p>\n\n\n\n<p>\u201cExiste honda preocupaci\u00f3n por la seguridad de los aproximadamente 175 activistas detenidos arbitrariamente y trasladados a Israel, despu\u00e9s de que sus barcos fueran abordados en aguas internacionales cerca de Grecia e Israel bloqueara sus canales de comunicaci\u00f3n, impidi\u00e9ndoles coordinarse o pedir ayuda. Amnist\u00eda Internacional ha documentado malos tratos y abusos \u2014entre ellos, privaci\u00f3n del sue\u00f1o y negaci\u00f3n de agua potable y de atenci\u00f3n m\u00e9dica\u2014 a activistas a bordo de la Global Sumud Flotilla que fueron detenidos en octubre de 2025, despu\u00e9s de que el ej\u00e9rcito israel\u00ed interceptara sus barcos. En Italia, estos abusos contra 36 activistas italianos est\u00e1n siendo investigados por la fiscal\u00eda de Roma, incluidas las denuncias de tortura y otros malos tratos.\u201d&nbsp;&nbsp;&nbsp;<\/p>\n\n\n\n<p>\u201cLa tripulaci\u00f3n de las embarcaciones interceptadas debe ser puesta en libertad inmediata e incondicional. Mientras est\u00e9n bajo custodia, las autoridades israel\u00edes deben garantizar que todos los activistas tienen acceso inmediato a ayuda consular, reciben un trato humano y gozan de protecci\u00f3n frente a la tortura y otros malos tratos. Los Estados deben apoyar urgentemente a sus ciudadanos detenidos.&nbsp; Tambi\u00e9n deben adoptar de inmediato medidas tangibles para poner fin al genocidio perpetrado por Israel contra la poblaci\u00f3n palestina en Gaza, entre otras cosas levantando de inmediato su bloqueo ilegal y permitiendo la entrada y distribuci\u00f3n sin trabas de ayuda humanitaria en toda la Franja de Gaza. Los terceros Estados deben dejar de otorgar a Israel impunidad por sus atroces cr\u00edmenes y acelerar la adopci\u00f3n de medidas para poner fin a la ocupaci\u00f3n ilegal israel\u00ed del Territorio Palestino Ocupado, tal como se\u00f1al\u00f3 la Corte Internacional de Justicia en 2024.\u201d&nbsp;<\/p>\n","protected":false},"excerpt":{"rendered":"<p>Aspecto de una embarcaci\u00f3n de la Global Sumud Flotilla que el a\u00f1o pasado intent\u00f3 llevar ayuda humanitaria a las personas palestinas en Gaza. La foto corresponde al 30 de septiembre &hellip;<\/p>\n<p class=\"read-more\"> <a class=\"\" href=\"https:\/\/amnistia.org.mx\/contenido\/index.php\/la-descarada-interceptacion-por-parte-de-israel-de-la-global-sumud-flotilla-que-se-dirigia-a-gaza-despierta-el-temor-por-175-personas-detenidas-arbitrariamente\/\"> <span class=\"screen-reader-text\"><strong>La descarada interceptaci\u00f3n por parte de Israel de la Global Sumud Flotilla que se dirig\u00eda a Gaza despierta el temor por 175 personas detenidas arbitrariamente<\/strong>\u00a0<\/span> Leer m\u00e1s &raquo;<\/a><\/p>\n","protected":false},"author":20,"featured_media":42974,"comment_status":"closed","ping_status":"closed","sticky":false,"template":"","format":"standard","meta":{"_uf_show_specific_survey":0,"_uf_disable_surveys":false,"site-sidebar-layout":"default","site-content-layout":"default","ast-global-header-display":"","ast-main-header-display":"","ast-hfb-above-header-display":"","ast-hfb-below-header-display":"","ast-hfb-mobile-header-display":"","site-post-title":"","ast-breadcrumbs-content":"","ast-featured-img":"","footer-sml-layout":"","theme-transparent-header-meta":"","adv-header-id-meta":"","stick-header-meta":"","header-above-stick-meta":"","header-main-stick-meta":"","header-below-stick-meta":""},"categories":[9],"tags":[238],"acf":[],"aioseo_notices":[],"yoast_head":"<!-- This site is optimized with the Yoast SEO plugin v14.5 - https:\/\/yoast.com\/wordpress\/plugins\/seo\/ -->\n<title>La descarada interceptaci\u00f3n por parte de Israel de la Global Sumud Flotilla que se dirig\u00eda a Gaza despierta el temor por 175 personas detenidas arbitrariamente\u00a0 - amnistia.org.mx<\/title>\n<meta name=\"description\" content=\"A pesar del denominado alto el fuego en Gaza el 9 de octubre de 2025, Israel s\u00f3lo ha permitido la llegada de unos suministros extremadamente limitados a una poblaci\u00f3n que, en su gran mayor\u00eda, se ha visto obligada a desplazarse, y que vive en una situaci\u00f3n de privaci\u00f3n extrema y devastaci\u00f3n total, hacinada en tan s\u00f3lo el 40% de la Franja de Gaza.\" \/>\n<meta name=\"robots\" content=\"index, follow\" \/>\n<meta name=\"googlebot\" content=\"index, follow, max-snippet:-1, max-image-preview:large, max-video-preview:-1\" \/>\n<meta name=\"bingbot\" content=\"index, follow, max-snippet:-1, max-image-preview:large, max-video-preview:-1\" \/>\n<link rel=\"canonical\" href=\"https:\/\/amnistia.org.mx\/contenido\/index.php\/la-descarada-interceptacion-por-parte-de-israel-de-la-global-sumud-flotilla-que-se-dirigia-a-gaza-despierta-el-temor-por-175-personas-detenidas-arbitrariamente\/\" \/>\n<meta property=\"og:locale\" content=\"es_MX\" \/>\n<meta property=\"og:type\" content=\"article\" \/>\n<meta property=\"og:title\" content=\"La descarada interceptaci\u00f3n por parte de Israel de la Global Sumud Flotilla que se dirig\u00eda a Gaza despierta el temor por 175 personas detenidas arbitrariamente\u00a0 - amnistia.org.mx\" \/>\n<meta property=\"og:description\" content=\"A pesar del denominado alto el fuego en Gaza el 9 de octubre de 2025, Israel s\u00f3lo ha permitido la llegada de unos suministros extremadamente limitados a una poblaci\u00f3n que, en su gran mayor\u00eda, se ha visto obligada a desplazarse, y que vive en una situaci\u00f3n de privaci\u00f3n extrema y devastaci\u00f3n total, hacinada en tan s\u00f3lo el 40% de la Franja de Gaza.\" \/>\n<meta property=\"og:url\" content=\"https:\/\/amnistia.org.mx\/contenido\/index.php\/la-descarada-interceptacion-por-parte-de-israel-de-la-global-sumud-flotilla-que-se-dirigia-a-gaza-despierta-el-temor-por-175-personas-detenidas-arbitrariamente\/\" \/>\n<meta property=\"og:site_name\" content=\"amnistia.org.mx\" \/>\n<meta property=\"article:published_time\" content=\"2026-04-30T18:59:32+00:00\" \/>\n<meta property=\"article:modified_time\" content=\"2026-04-30T18:59:34+00:00\" \/>\n<meta property=\"og:image\" content=\"https:\/\/amnistia.org.mx\/contenido\/wp-content\/uploads\/2026\/04\/Foto-Anadolu-via-Getty-Images-scaled.jpg\" \/>\n\t<meta property=\"og:image:width\" content=\"2560\" \/>\n\t<meta property=\"og:image:height\" content=\"1923\" \/>\n<meta name=\"twitter:card\" content=\"summary_large_image\" \/>\n<script type=\"application\/ld+json\" class=\"yoast-schema-graph\">{\"@context\":\"https:\/\/schema.org\",\"@graph\":[{\"@type\":\"WebSite\",\"@id\":\"https:\/\/amnistia.org.mx\/contenido\/#website\",\"url\":\"https:\/\/amnistia.org.mx\/contenido\/\",\"name\":\"amnistia.org.mx\",\"description\":\"Nueva p\\u00e1gina de Amnist\\u00eda\",\"potentialAction\":[{\"@type\":\"SearchAction\",\"target\":\"https:\/\/amnistia.org.mx\/contenido\/?s={search_term_string}\",\"query-input\":\"required name=search_term_string\"}],\"inLanguage\":\"es-MX\"},{\"@type\":\"ImageObject\",\"@id\":\"https:\/\/amnistia.org.mx\/contenido\/index.php\/la-descarada-interceptacion-por-parte-de-israel-de-la-global-sumud-flotilla-que-se-dirigia-a-gaza-despierta-el-temor-por-175-personas-detenidas-arbitrariamente\/#primaryimage\",\"inLanguage\":\"es-MX\",\"url\":\"https:\/\/amnistia.org.mx\/contenido\/wp-content\/uploads\/2026\/04\/Foto-Anadolu-via-Getty-Images-scaled.jpg\",\"width\":2560,\"height\":1923,\"caption\":\"AT SEA - SEPTEMBER 30: A view from Global Sumud Flotilla, which is an international initiative aimed at reaching the Gaza to deliver humanitarian aid, at sea on September 30, 2025. Global Sumud Flotilla around 220 nautical miles away from Gaza, 150 from high-risk zone, according to organizers, activists. (Photo by Ognjen Markovic\/Anadolu via Getty Images)\"},{\"@type\":\"WebPage\",\"@id\":\"https:\/\/amnistia.org.mx\/contenido\/index.php\/la-descarada-interceptacion-por-parte-de-israel-de-la-global-sumud-flotilla-que-se-dirigia-a-gaza-despierta-el-temor-por-175-personas-detenidas-arbitrariamente\/#webpage\",\"url\":\"https:\/\/amnistia.org.mx\/contenido\/index.php\/la-descarada-interceptacion-por-parte-de-israel-de-la-global-sumud-flotilla-que-se-dirigia-a-gaza-despierta-el-temor-por-175-personas-detenidas-arbitrariamente\/\",\"name\":\"La descarada interceptaci\\u00f3n por parte de Israel de la Global Sumud Flotilla que se dirig\\u00eda a Gaza despierta el temor por 175 personas detenidas arbitrariamente\\u00a0 - amnistia.org.mx\",\"isPartOf\":{\"@id\":\"https:\/\/amnistia.org.mx\/contenido\/#website\"},\"primaryImageOfPage\":{\"@id\":\"https:\/\/amnistia.org.mx\/contenido\/index.php\/la-descarada-interceptacion-por-parte-de-israel-de-la-global-sumud-flotilla-que-se-dirigia-a-gaza-despierta-el-temor-por-175-personas-detenidas-arbitrariamente\/#primaryimage\"},\"datePublished\":\"2026-04-30T18:59:32+00:00\",\"dateModified\":\"2026-04-30T18:59:34+00:00\",\"author\":{\"@id\":\"https:\/\/amnistia.org.mx\/contenido\/#\/schema\/person\/d71334ce16d82dc09f98d83dcb18351f\"},\"description\":\"A pesar del denominado alto el fuego en Gaza el 9 de octubre de 2025, Israel s\\u00f3lo ha permitido la llegada de unos suministros extremadamente limitados a una poblaci\\u00f3n que, en su gran mayor\\u00eda, se ha visto obligada a desplazarse, y que vive en una situaci\\u00f3n de privaci\\u00f3n extrema y devastaci\\u00f3n total, hacinada en tan s\\u00f3lo el 40% de la Franja de Gaza.\",\"breadcrumb\":{\"@id\":\"https:\/\/amnistia.org.mx\/contenido\/index.php\/la-descarada-interceptacion-por-parte-de-israel-de-la-global-sumud-flotilla-que-se-dirigia-a-gaza-despierta-el-temor-por-175-personas-detenidas-arbitrariamente\/#breadcrumb\"},\"inLanguage\":\"es-MX\",\"potentialAction\":[{\"@type\":\"ReadAction\",\"target\":[\"https:\/\/amnistia.org.mx\/contenido\/index.php\/la-descarada-interceptacion-por-parte-de-israel-de-la-global-sumud-flotilla-que-se-dirigia-a-gaza-despierta-el-temor-por-175-personas-detenidas-arbitrariamente\/\"]}]},{\"@type\":\"BreadcrumbList\",\"@id\":\"https:\/\/amnistia.org.mx\/contenido\/index.php\/la-descarada-interceptacion-por-parte-de-israel-de-la-global-sumud-flotilla-que-se-dirigia-a-gaza-despierta-el-temor-por-175-personas-detenidas-arbitrariamente\/#breadcrumb\",\"itemListElement\":[{\"@type\":\"ListItem\",\"position\":1,\"item\":{\"@type\":\"WebPage\",\"@id\":\"https:\/\/amnistia.org.mx\/contenido\/\",\"url\":\"https:\/\/amnistia.org.mx\/contenido\/\",\"name\":\"Home\"}},{\"@type\":\"ListItem\",\"position\":2,\"item\":{\"@type\":\"WebPage\",\"@id\":\"https:\/\/amnistia.org.mx\/contenido\/index.php\/la-descarada-interceptacion-por-parte-de-israel-de-la-global-sumud-flotilla-que-se-dirigia-a-gaza-despierta-el-temor-por-175-personas-detenidas-arbitrariamente\/\",\"url\":\"https:\/\/amnistia.org.mx\/contenido\/index.php\/la-descarada-interceptacion-por-parte-de-israel-de-la-global-sumud-flotilla-que-se-dirigia-a-gaza-despierta-el-temor-por-175-personas-detenidas-arbitrariamente\/\",\"name\":\"La descarada interceptaci\\u00f3n por parte de Israel de la Global Sumud Flotilla que se dirig\\u00eda a Gaza despierta el temor por 175 personas detenidas arbitrariamente\\u00a0\"}}]},{\"@type\":[\"Person\"],\"@id\":\"https:\/\/amnistia.org.mx\/contenido\/#\/schema\/person\/d71334ce16d82dc09f98d83dcb18351f\",\"name\":\"Carla Ram\\u00edrez Torres\",\"image\":{\"@type\":\"ImageObject\",\"@id\":\"https:\/\/amnistia.org.mx\/contenido\/#personlogo\",\"inLanguage\":\"es-MX\",\"url\":\"https:\/\/secure.gravatar.com\/avatar\/e23f8047127168b5b454a42adc3fda75?s=96&d=mm&r=g\",\"caption\":\"Carla Ram\\u00edrez Torres\"}}]}<\/script>\n<!-- \/ Yoast SEO plugin. -->","_links":{"self":[{"href":"https:\/\/amnistia.org.mx\/contenido\/index.php\/wp-json\/wp\/v2\/posts\/42971"}],"collection":[{"href":"https:\/\/amnistia.org.mx\/contenido\/index.php\/wp-json\/wp\/v2\/posts"}],"about":[{"href":"https:\/\/amnistia.org.mx\/contenido\/index.php\/wp-json\/wp\/v2\/types\/post"}],"author":[{"embeddable":true,"href":"https:\/\/amnistia.org.mx\/contenido\/index.php\/wp-json\/wp\/v2\/users\/20"}],"replies":[{"embeddable":true,"href":"https:\/\/amnistia.org.mx\/contenido\/index.php\/wp-json\/wp\/v2\/comments?post=42971"}],"version-history":[{"count":4,"href":"https:\/\/amnistia.org.mx\/contenido\/index.php\/wp-json\/wp\/v2\/posts\/42971\/revisions"}],"predecessor-version":[{"id":42976,"href":"https:\/\/amnistia.org.mx\/contenido\/index.php\/wp-json\/wp\/v2\/posts\/42971\/revisions\/42976"}],"wp:featuredmedia":[{"embeddable":true,"href":"https:\/\/amnistia.org.mx\/contenido\/index.php\/wp-json\/wp\/v2\/media\/42974"}],"wp:attachment":[{"href":"https:\/\/amnistia.org.mx\/contenido\/index.php\/wp-json\/wp\/v2\/media?parent=42971"}],"wp:term":[{"taxonomy":"category","embeddable":true,"href":"https:\/\/amnistia.org.mx\/contenido\/index.php\/wp-json\/wp\/v2\/categories?post=42971"},{"taxonomy":"post_tag","embeddable":true,"href":"https:\/\/amnistia.org.mx\/contenido\/index.php\/wp-json\/wp\/v2\/tags?post=42971"}],"curies":[{"name":"wp","href":"https:\/\/api.w.org\/{rel}","templated":true}]}}