
{"id":42977,"date":"2026-04-30T14:42:22","date_gmt":"2026-04-30T19:42:22","guid":{"rendered":"https:\/\/amnistia.org.mx\/contenido\/?p=42977"},"modified":"2026-04-30T14:42:24","modified_gmt":"2026-04-30T19:42:24","slug":"gianni-infantino-debe-aprovechar-su-discurso-ante-el-congreso-de-la-fifa-para-comprometerse-con-una-copa-mundial-sin-deportaciones-detenciones-ni-represion","status":"publish","type":"post","link":"https:\/\/amnistia.org.mx\/contenido\/index.php\/gianni-infantino-debe-aprovechar-su-discurso-ante-el-congreso-de-la-fifa-para-comprometerse-con-una-copa-mundial-sin-deportaciones-detenciones-ni-represion\/","title":{"rendered":"Gianni Infantino debe aprovechar su discurso ante el congreso de la FIFA para comprometerse con una Copa Mundial sin deportaciones, detenciones ni represi\u00f3n"},"content":{"rendered":"\n<p class=\"has-text-align-right has-small-font-size\">\u00a9 AFP or licensors<\/p>\n\n\n\n<p>\u201cEl presidente de la FIFA, Gianni Infantino, debe decirles a las asociaciones miembros que se re\u00fanen ma\u00f1ana en el 76\u00ba. Congreso de la FIFA en Vancouver (Canad\u00e1) que garantizar\u00e1 que el mayor campeonato deportivo del mundo no se va a convertir en un escenario para la represi\u00f3n y una plataforma para pr\u00e1cticas autoritarias\u201d, ha declarado hoy Amnist\u00eda Internacional.<\/p>\n\n\n\n<p>\u201cCuando solo quedan seis semanas para que comience la Copa Mundial de 2026, el presidente de la FIFA, Gianni Infantino, a\u00fan no ha dado a conocer p\u00fablicamente c\u00f3mo afici\u00f3n, periodistas y comunidades locales estar\u00e1n a salvo de detenciones arbitrarias, deportaciones masivas y la represi\u00f3n de la libertad de expresi\u00f3n. Este congreso de la FIFA debe ser el momento de hacerlo, y la comunidad futbol\u00edstica mundial debe recibir algo m\u00e1s que frases hechas sin sentido\u201d, afirm\u00f3 Steve Cockburn, director de Justicia Econ\u00f3mica y Social de Amnist\u00eda Internacional.<\/p>\n\n\n\n<blockquote class=\"wp-block-quote\">\n<p><strong>Es hora de que el presidente de la FIFA, Gianni Infantino, nos diga de una vez c\u00f3mo se van a proteger los derechos humanos .Steve Cockburn, director de Justicia Econ\u00f3mica y Social de Amnist\u00eda Internacional<\/strong><\/p>\n<\/blockquote>\n\n\n\n<p>\u201cCon informaciones seg\u00fan las cuales&nbsp;<a href=\"https:\/\/www.nytimes.com\/athletic\/7193405\/2026\/04\/14\/inantino-trump-ice-raids-moratorium\/\">la FIFA sigue considerando si pedir al presidente Trump que ponga fin a las crueles redadas del Servicio de Inmigraci\u00f3n y Control de Aduanas (ICE)<\/a>&nbsp;durante la Copa Mundial, es incre\u00edble que Gianni Infantino no haya hecho este llamamiento a\u00fan para proteger a todas las personas relacionadas con el campeonato. Solamente en 2025, fueron deportadas 500.000 personas de Estados Unidos en medio de una emergencia nacional de derechos humanos. Esto no puede seguir as\u00ed\u201d. El mes pasado, Amnist\u00eda Internacional public\u00f3 un informe en el que detallaba amenazas importantes para los derechos humanos, as\u00ed como riesgos para afici\u00f3n, jugadores, periodistas, trabajadores y trabajadoras y comunidades locales en los tres pa\u00edses anfitriones, entre otros, los derivados de las abusivas y letales pol\u00edticas migratorias estadounidenses, que han provocado un aumento de arrestos ilegales, detenciones masivas y deportaciones.<\/p>\n\n\n\n<p>\u201cLa afici\u00f3n debe poder disfrutar del torneo \u2018seguro, acogedor e inclusivo\u2019 prometido por la FIFA. Y sin embargo, en Estados Unidos, las pol\u00edticas migratorias siguen representando una amenaza grave, mientras en los tres pa\u00edses anfitriones hay discriminaci\u00f3n y restricciones a la libertad de expresi\u00f3n y de protesta pac\u00edfica\u201d, concluy\u00f3 Steve Cockburn. \u201cEs hora de que el presidente de la FIFA, Gianni Infantino, nos diga de una vez c\u00f3mo se van a proteger los derechos humanos\u201d.<\/p>\n","protected":false},"excerpt":{"rendered":"<p>\u00a9 AFP or licensors \u201cEl presidente de la FIFA, Gianni Infantino, debe decirles a las asociaciones miembros que se re\u00fanen ma\u00f1ana en el 76\u00ba. Congreso de la FIFA en Vancouver &hellip;<\/p>\n<p class=\"read-more\"> <a class=\"\" href=\"https:\/\/amnistia.org.mx\/contenido\/index.php\/gianni-infantino-debe-aprovechar-su-discurso-ante-el-congreso-de-la-fifa-para-comprometerse-con-una-copa-mundial-sin-deportaciones-detenciones-ni-represion\/\"> <span class=\"screen-reader-text\">Gianni Infantino debe aprovechar su discurso ante el congreso de la FIFA para comprometerse con una Copa Mundial sin deportaciones, detenciones ni represi\u00f3n<\/span> Leer m\u00e1s &raquo;<\/a><\/p>\n","protected":false},"author":20,"featured_media":42978,"comment_status":"closed","ping_status":"closed","sticky":false,"template":"","format":"standard","meta":{"_uf_show_specific_survey":0,"_uf_disable_surveys":false,"site-sidebar-layout":"default","site-content-layout":"default","ast-global-header-display":"","ast-main-header-display":"","ast-hfb-above-header-display":"","ast-hfb-below-header-display":"","ast-hfb-mobile-header-display":"","site-post-title":"","ast-breadcrumbs-content":"","ast-featured-img":"","footer-sml-layout":"","theme-transparent-header-meta":"","adv-header-id-meta":"","stick-header-meta":"","header-above-stick-meta":"","header-main-stick-meta":"","header-below-stick-meta":""},"categories":[9],"tags":[235],"acf":[],"aioseo_notices":[],"yoast_head":"<!-- This site is optimized with the Yoast SEO plugin v14.5 - https:\/\/yoast.com\/wordpress\/plugins\/seo\/ -->\n<title>Gianni Infantino debe aprovechar su discurso ante el congreso de la FIFA para comprometerse con una Copa Mundial sin deportaciones, detenciones ni represi\u00f3n - amnistia.org.mx<\/title>\n<meta name=\"description\" content=\"Es hora de que el presidente de la FIFA, Gianni Infantino, nos diga de una vez c\u00f3mo se van a proteger los derechos humanos.\" \/>\n<meta name=\"robots\" content=\"index, follow\" \/>\n<meta name=\"googlebot\" content=\"index, follow, max-snippet:-1, max-image-preview:large, max-video-preview:-1\" \/>\n<meta name=\"bingbot\" content=\"index, follow, max-snippet:-1, max-image-preview:large, max-video-preview:-1\" \/>\n<link rel=\"canonical\" href=\"https:\/\/amnistia.org.mx\/contenido\/index.php\/gianni-infantino-debe-aprovechar-su-discurso-ante-el-congreso-de-la-fifa-para-comprometerse-con-una-copa-mundial-sin-deportaciones-detenciones-ni-represion\/\" \/>\n<meta property=\"og:locale\" content=\"es_MX\" \/>\n<meta property=\"og:type\" content=\"article\" \/>\n<meta property=\"og:title\" content=\"Gianni Infantino debe aprovechar su discurso ante el congreso de la FIFA para comprometerse con una Copa Mundial sin deportaciones, detenciones ni represi\u00f3n - amnistia.org.mx\" \/>\n<meta property=\"og:description\" content=\"Es hora de que el presidente de la FIFA, Gianni Infantino, nos diga de una vez c\u00f3mo se van a proteger los derechos humanos.\" \/>\n<meta property=\"og:url\" content=\"https:\/\/amnistia.org.mx\/contenido\/index.php\/gianni-infantino-debe-aprovechar-su-discurso-ante-el-congreso-de-la-fifa-para-comprometerse-con-una-copa-mundial-sin-deportaciones-detenciones-ni-represion\/\" \/>\n<meta property=\"og:site_name\" content=\"amnistia.org.mx\" \/>\n<meta property=\"article:published_time\" content=\"2026-04-30T19:42:22+00:00\" \/>\n<meta property=\"article:modified_time\" content=\"2026-04-30T19:42:24+00:00\" \/>\n<meta property=\"og:image\" content=\"https:\/\/amnistia.org.mx\/contenido\/wp-content\/uploads\/2026\/04\/315639-2-1468x710-1.jpg\" \/>\n\t<meta property=\"og:image:width\" content=\"1468\" \/>\n\t<meta property=\"og:image:height\" content=\"710\" \/>\n<meta name=\"twitter:card\" content=\"summary_large_image\" \/>\n<script type=\"application\/ld+json\" class=\"yoast-schema-graph\">{\"@context\":\"https:\/\/schema.org\",\"@graph\":[{\"@type\":\"WebSite\",\"@id\":\"https:\/\/amnistia.org.mx\/contenido\/#website\",\"url\":\"https:\/\/amnistia.org.mx\/contenido\/\",\"name\":\"amnistia.org.mx\",\"description\":\"Nueva p\\u00e1gina de Amnist\\u00eda\",\"potentialAction\":[{\"@type\":\"SearchAction\",\"target\":\"https:\/\/amnistia.org.mx\/contenido\/?s={search_term_string}\",\"query-input\":\"required name=search_term_string\"}],\"inLanguage\":\"es-MX\"},{\"@type\":\"ImageObject\",\"@id\":\"https:\/\/amnistia.org.mx\/contenido\/index.php\/gianni-infantino-debe-aprovechar-su-discurso-ante-el-congreso-de-la-fifa-para-comprometerse-con-una-copa-mundial-sin-deportaciones-detenciones-ni-represion\/#primaryimage\",\"inLanguage\":\"es-MX\",\"url\":\"https:\/\/amnistia.org.mx\/contenido\/wp-content\/uploads\/2026\/04\/315639-2-1468x710-1.jpg\",\"width\":1468,\"height\":710},{\"@type\":\"WebPage\",\"@id\":\"https:\/\/amnistia.org.mx\/contenido\/index.php\/gianni-infantino-debe-aprovechar-su-discurso-ante-el-congreso-de-la-fifa-para-comprometerse-con-una-copa-mundial-sin-deportaciones-detenciones-ni-represion\/#webpage\",\"url\":\"https:\/\/amnistia.org.mx\/contenido\/index.php\/gianni-infantino-debe-aprovechar-su-discurso-ante-el-congreso-de-la-fifa-para-comprometerse-con-una-copa-mundial-sin-deportaciones-detenciones-ni-represion\/\",\"name\":\"Gianni Infantino debe aprovechar su discurso ante el congreso de la FIFA para comprometerse con una Copa Mundial sin deportaciones, detenciones ni represi\\u00f3n - amnistia.org.mx\",\"isPartOf\":{\"@id\":\"https:\/\/amnistia.org.mx\/contenido\/#website\"},\"primaryImageOfPage\":{\"@id\":\"https:\/\/amnistia.org.mx\/contenido\/index.php\/gianni-infantino-debe-aprovechar-su-discurso-ante-el-congreso-de-la-fifa-para-comprometerse-con-una-copa-mundial-sin-deportaciones-detenciones-ni-represion\/#primaryimage\"},\"datePublished\":\"2026-04-30T19:42:22+00:00\",\"dateModified\":\"2026-04-30T19:42:24+00:00\",\"author\":{\"@id\":\"https:\/\/amnistia.org.mx\/contenido\/#\/schema\/person\/d71334ce16d82dc09f98d83dcb18351f\"},\"description\":\"Es hora de que el presidente de la FIFA, Gianni Infantino, nos diga de una vez c\\u00f3mo se van a proteger los derechos humanos.\",\"breadcrumb\":{\"@id\":\"https:\/\/amnistia.org.mx\/contenido\/index.php\/gianni-infantino-debe-aprovechar-su-discurso-ante-el-congreso-de-la-fifa-para-comprometerse-con-una-copa-mundial-sin-deportaciones-detenciones-ni-represion\/#breadcrumb\"},\"inLanguage\":\"es-MX\",\"potentialAction\":[{\"@type\":\"ReadAction\",\"target\":[\"https:\/\/amnistia.org.mx\/contenido\/index.php\/gianni-infantino-debe-aprovechar-su-discurso-ante-el-congreso-de-la-fifa-para-comprometerse-con-una-copa-mundial-sin-deportaciones-detenciones-ni-represion\/\"]}]},{\"@type\":\"BreadcrumbList\",\"@id\":\"https:\/\/amnistia.org.mx\/contenido\/index.php\/gianni-infantino-debe-aprovechar-su-discurso-ante-el-congreso-de-la-fifa-para-comprometerse-con-una-copa-mundial-sin-deportaciones-detenciones-ni-represion\/#breadcrumb\",\"itemListElement\":[{\"@type\":\"ListItem\",\"position\":1,\"item\":{\"@type\":\"WebPage\",\"@id\":\"https:\/\/amnistia.org.mx\/contenido\/\",\"url\":\"https:\/\/amnistia.org.mx\/contenido\/\",\"name\":\"Home\"}},{\"@type\":\"ListItem\",\"position\":2,\"item\":{\"@type\":\"WebPage\",\"@id\":\"https:\/\/amnistia.org.mx\/contenido\/index.php\/gianni-infantino-debe-aprovechar-su-discurso-ante-el-congreso-de-la-fifa-para-comprometerse-con-una-copa-mundial-sin-deportaciones-detenciones-ni-represion\/\",\"url\":\"https:\/\/amnistia.org.mx\/contenido\/index.php\/gianni-infantino-debe-aprovechar-su-discurso-ante-el-congreso-de-la-fifa-para-comprometerse-con-una-copa-mundial-sin-deportaciones-detenciones-ni-represion\/\",\"name\":\"Gianni Infantino debe aprovechar su discurso ante el congreso de la FIFA para comprometerse con una Copa Mundial sin deportaciones, detenciones ni represi\\u00f3n\"}}]},{\"@type\":[\"Person\"],\"@id\":\"https:\/\/amnistia.org.mx\/contenido\/#\/schema\/person\/d71334ce16d82dc09f98d83dcb18351f\",\"name\":\"Carla Ram\\u00edrez Torres\",\"image\":{\"@type\":\"ImageObject\",\"@id\":\"https:\/\/amnistia.org.mx\/contenido\/#personlogo\",\"inLanguage\":\"es-MX\",\"url\":\"https:\/\/secure.gravatar.com\/avatar\/e23f8047127168b5b454a42adc3fda75?s=96&d=mm&r=g\",\"caption\":\"Carla Ram\\u00edrez Torres\"}}]}<\/script>\n<!-- \/ Yoast SEO plugin. -->","_links":{"self":[{"href":"https:\/\/amnistia.org.mx\/contenido\/index.php\/wp-json\/wp\/v2\/posts\/42977"}],"collection":[{"href":"https:\/\/amnistia.org.mx\/contenido\/index.php\/wp-json\/wp\/v2\/posts"}],"about":[{"href":"https:\/\/amnistia.org.mx\/contenido\/index.php\/wp-json\/wp\/v2\/types\/post"}],"author":[{"embeddable":true,"href":"https:\/\/amnistia.org.mx\/contenido\/index.php\/wp-json\/wp\/v2\/users\/20"}],"replies":[{"embeddable":true,"href":"https:\/\/amnistia.org.mx\/contenido\/index.php\/wp-json\/wp\/v2\/comments?post=42977"}],"version-history":[{"count":3,"href":"https:\/\/amnistia.org.mx\/contenido\/index.php\/wp-json\/wp\/v2\/posts\/42977\/revisions"}],"predecessor-version":[{"id":42981,"href":"https:\/\/amnistia.org.mx\/contenido\/index.php\/wp-json\/wp\/v2\/posts\/42977\/revisions\/42981"}],"wp:featuredmedia":[{"embeddable":true,"href":"https:\/\/amnistia.org.mx\/contenido\/index.php\/wp-json\/wp\/v2\/media\/42978"}],"wp:attachment":[{"href":"https:\/\/amnistia.org.mx\/contenido\/index.php\/wp-json\/wp\/v2\/media?parent=42977"}],"wp:term":[{"taxonomy":"category","embeddable":true,"href":"https:\/\/amnistia.org.mx\/contenido\/index.php\/wp-json\/wp\/v2\/categories?post=42977"},{"taxonomy":"post_tag","embeddable":true,"href":"https:\/\/amnistia.org.mx\/contenido\/index.php\/wp-json\/wp\/v2\/tags?post=42977"}],"curies":[{"name":"wp","href":"https:\/\/api.w.org\/{rel}","templated":true}]}}