
{"id":44376,"date":"2026-08-30T11:09:21","date_gmt":"2026-08-30T16:09:21","guid":{"rendered":"https:\/\/amnistia.org.mx\/contenido\/?p=44376"},"modified":"2026-08-30T11:09:23","modified_gmt":"2026-08-30T16:09:23","slug":"mexico-el-dia-internacional-de-las-victimas-de-desapariciones-se-conmemora-en-medio-de-una-crisis-reconocida-por-organismos-internacionales-de-derechos-humanos","status":"publish","type":"post","link":"https:\/\/amnistia.org.mx\/contenido\/index.php\/mexico-el-dia-internacional-de-las-victimas-de-desapariciones-se-conmemora-en-medio-de-una-crisis-reconocida-por-organismos-internacionales-de-derechos-humanos\/","title":{"rendered":"M\u00e9xico: el D\u00eda Internacional de las V\u00edctimas de Desapariciones Forzadas se conmemora en medio de una crisis de desapariciones reconocida por organismos y mecanismos internacionales de derechos humanos"},"content":{"rendered":"\n<figure class=\"wp-block-image alignwide size-full\"><img decoding=\"async\" loading=\"lazy\" width=\"1000\" height=\"750\" src=\"https:\/\/amnistia.org.mx\/contenido\/wp-content\/uploads\/2026\/08\/Foto-2-mural-Tijuana-ajustada-1.jpg\" alt=\"\" class=\"wp-image-44380\"\/><\/figure>\n\n\n\n<p>Colectivas de buscadoras y activistas pintaron, el 22 de agosto de 2026, una secci\u00f3n del muro fronterizo de las Playas de Tijuana, como parte de las actividades de la campa\u00f1a <strong>#BuscarSinMiedo<\/strong> que impulsa Amnist\u00eda Internacional, secci\u00f3n mexicana. El mural cont\u00f3 con la colaboraci\u00f3n del artista pl\u00e1stico Enrique Chiu. (Foto: Amnist\u00eda Internacional)<\/p>\n\n\n\n<ul>\n<li>Amnist\u00eda Internacional acompa\u00f1a la exigencia de las familias buscadoras para que el Estado mexicano informe sobre el paradero de m\u00e1s de 132 mil personas desaparecidas y no localizadas<\/li>\n<\/ul>\n\n\n\n<ul>\n<li>La organizaci\u00f3n urge al Estado mexicano a reconocer a las mujeres buscadoras como defensoras de derechos humanos y a garantizar su seguridad<\/li>\n<\/ul>\n\n\n\n<ul>\n<li>Organismos internacionales han reconocido que M\u00e9xico atraviesa tambi\u00e9n una crisis en la b\u00fasqueda de personas desaparecidas y una crisis de identificaci\u00f3n forense<\/li>\n<\/ul>\n\n\n\n<p>La conmemoraci\u00f3n del D\u00eda Internacional de las V\u00edctimas de Desapariciones Forzadas se efectuar\u00e1 en M\u00e9xico, este 30 de agosto, en uno de los momentos de mayor visibilidad nacional e internacional de la crisis de desapariciones, de b\u00fasqueda y de identificaci\u00f3n forense.<\/p>\n\n\n\n<p>En los \u00faltimos 20 a\u00f1os familiares de personas desaparecidas han exigido al Estado mexicano que cumpla con sus deberes de buscar a las m\u00e1s de 132 mil personas desaparecidas y no localizadas e identifique a los m\u00e1s de 72 mil cuerpos que permanecen en diferentes morgues del pa\u00eds.<\/p>\n\n\n\n<p>A pesar de que M\u00e9xico cuenta con una legislaci\u00f3n robusta en materia de desapariciones, que mandata la creaci\u00f3n de una serie de instituciones que tienen la responsabilidad de prevenir y evitar las desapariciones, y de buscar a las personas desaparecidas, esas dependencias no est\u00e1n logrando resultados.<\/p>\n\n\n\n<p>Por ello, desde hace varios a\u00f1os, las familias de las personas desaparecidas han recurrido a organismos y mecanismos internacionales de derechos humanos, con miras a que la comunidad internacional brinde cooperaci\u00f3n y asistencia t\u00e9cnica al Estado mexicano.<\/p>\n\n\n\n<p>\u201cA mediados de septiembre, la comunidad internacional podr\u00eda abordar en la Asamblea General de las Naciones Unidas la grave crisis de desapariciones que enfrenta M\u00e9xico. Se trata de una oportunidad hist\u00f3rica para el Estado mexicano, que podr\u00eda acceder a mecanismos de cooperaci\u00f3n t\u00e9cnica y financiera. Pero, sobre todo, es una oportunidad para que la comunidad internacional demuestre su compromiso con las v\u00edctimas y contribuya de manera decidida a la b\u00fasqueda de verdad, justicia y reparaci\u00f3n para \u00e9stas y sus familias\u201d, declar\u00f3 Edith Olivares Ferreto, Directora Ejecutiva de Amnist\u00eda Internacional, Secci\u00f3n Mexicana.<\/p>\n\n\n\n<p><strong>Contexto de la intervenci\u00f3n del CED de la ONU<\/strong><\/p>\n\n\n\n<p>En marzo de 2025, el Comit\u00e9 de Naciones Unidas contra las Desapariciones Forzadas (CED) activ\u00f3, por primera vez, <a href=\"file:\/\/\/D:\/AI%202026\/Comunicados%20nacionales\/4%2030%20agosto%20D\u00eda%20v\u00edctimas%20desaparici\u00f3n%20forzada\/Texto%20paa%20revisi\u00f3n\/el%20art\u00edculo%2034\">el art\u00edculo 34<\/a> de la <a href=\"https:\/\/www.ohchr.org\/es\/instruments-mechanisms\/instruments\/international-convention-protection-all-persons-enforced\">Convenci\u00f3n Internacional para la Protecci\u00f3n de todas las Personas contra las Desapariciones Forzadas<\/a>, como parte de un proceso que inici\u00f3 en 2014.<\/p>\n\n\n\n<p>El 4 de abril de 2026, el Comit\u00e9 hizo p\u00fablica su <a href=\"https:\/\/tbinternet.ohchr.org\/_layouts\/15\/treatybodyexternal\/Download.aspx?symbolno=CED%2FC%2FMEX%2FA.34%2FD%2F1&amp;Lang=en\">decisi\u00f3n<\/a> de solicitar al Secretario General de las Naciones Unidas que remitiera urgentemente la situaci\u00f3n de las desapariciones forzadas en M\u00e9xico a la Asamblea General de las Naciones Unidas, para que \u00e9sta considerara medidas destinadas a apoyar al Estado mexicano en la prevenci\u00f3n, investigaci\u00f3n, castigo y erradicaci\u00f3n de este crimen. El 12 de mayo de 2026, el Secretario General trasmiti\u00f3 a la Asamblea General la carta de la Presidencia del CED.<\/p>\n\n\n\n<p>Cabe recordar que la decisi\u00f3n del Comit\u00e9 concluy\u00f3 que la informaci\u00f3n recibida, tanto de familias de v\u00edctimas como de organizaciones de la sociedad civil y del Estado, parece contener indicios fundados de que en M\u00e9xico se han cometido, y se siguen cometiendo, desapariciones forzadas como cr\u00edmenes de <em>lesa humanidad<\/em>, bas\u00e1ndose en su evaluaci\u00f3n de que se han producido m\u00faltiples ataques generalizados o sistem\u00e1ticos contra la poblaci\u00f3n civil en diferentes momentos y en diferentes partes del pa\u00eds.<\/p>\n\n\n\n<p>El impacto que han causado las desapariciones de personas en M\u00e9xico es muy profundo. \u00c9stas provocan un gran dolor a las familias afectadas y el da\u00f1o trasciende a la comunidad, as\u00ed como al resto de la sociedad. En las desapariciones de personas en M\u00e9xico han estado involucrados agentes del Estado \u2013como qued\u00f3 constatado en el Rancho Izaguirre (marzo de 2025) y en el caso emblem\u00e1tico de los estudiantes de la normal rural Isidro Burgos de Ayotzinapa (septiembre de 2014), entre otros\u2013, as\u00ed como organizaciones criminales e incluso particulares.<\/p>\n\n\n\n<p>\u201cEn el marco del D\u00eda Internacional de las V\u00edctimas de Desapariciones Forzadas, desde Amnist\u00eda Internacional acompa\u00f1amos las exigencias de las familias de las m\u00e1s de 132 mil personas desaparecidas en M\u00e9xico para que el Estado cumpla con su responsabilidad de buscar a las personas desaparecidas e investigue de manera expedita y efectiva cada caso y se les haga justicia\u201d, precis\u00f3 Edith Olivares Ferreto.<\/p>\n\n\n\n<p>\u201cEl Estado debe reconocer el derecho de las familias a buscar a sus seres queridos, ya que las instituciones que tienen esa responsabilidad, no los est\u00e1n buscando. En nuestro pa\u00eds, la enorme mayor\u00eda de quienes buscan a personas desaparecidas son mujeres quienes, al hacerlo, est\u00e1n en grave riesgo. Por ello, insistimos en que el Estado mexicano debe reconocerlas como defensoras de derechos humanos y que sean beneficiarias del Mecanismo para la Protecci\u00f3n de Personas Defensoras de Derechos Humanos y Periodistas. Ante la inacci\u00f3n del Estado en las labores de b\u00fasqueda, ellas han sido capaces de localizar, con magros recursos, cientos de cuerpos en fosas localizadas a lo largo del pa\u00eds\u201d, advirti\u00f3 Edith Olivares Ferreto.<\/p>\n\n\n\n<p><strong>Mujeres buscadoras bajo presi\u00f3n constante<\/strong><\/p>\n\n\n\n<p>En el informe <a href=\"https:\/\/amnistia.org.mx\/contenido\/wp-content\/uploads\/2025\/07\/Informe_Desaparecer-Otra_Vez_Mujeres_Buscadoras_Amnistia_Internacional_Mexico.pdf\">Desaparecer otra vez, violencias y afectaciones que enfrentan las mujeres buscadoras en M\u00e9xico<\/a>, publicado en julio de 2025, Amnist\u00eda Internacional document\u00f3 el contexto en que las mujeres realizan el trabajo de b\u00fasqueda, caracterizado por las amenazas constantes que les hacen organizaciones criminales, la revictimizaci\u00f3n y estigmatizaci\u00f3n proveniente de las autoridades de los tres niveles de gobierno, as\u00ed como las enfermedades que las aquejan y la precaria situaci\u00f3n econ\u00f3mica que enfrentan muchas de ellas.<\/p>\n\n\n\n<p>De manera paralela al informe, publicado en julio de 2025, Amnist\u00eda Internacional, inici\u00f3 la campa\u00f1a <a href=\"https:\/\/amnistia.org.mx\/contenido\/index.php\/peticion-mujeres-buscadoras\/\"><strong>#BuscarSinMiedo<\/strong><\/a> en la que, hasta la fecha, se han llevado a la pr\u00e1ctica diversas activaciones para exigir a las autoridades que garanticen su seguridad e integridad f\u00edsica, psicol\u00f3gica y emocional; acceso a medidas de protecci\u00f3n; que se investiguen y sancionen todas las formas de violencia que se ejerce en su contra; as\u00ed como la adopci\u00f3n de pol\u00edticas p\u00fablicas con enfoque de g\u00e9nero e interseccionalidad, que aseguren condiciones dignas para la b\u00fasqueda, adem\u00e1s de que se les brinden apoyos efectivos de atenci\u00f3n m\u00e9dica, psicol\u00f3gica y legal.<\/p>\n\n\n\n<p>La campa\u00f1a incluye una Petici\u00f3n a la que las personas se pueden sumar <a href=\"https:\/\/amnistia.org.mx\/contenido\/index.php\/peticion-mujeres-buscadoras\/\">aqu\u00ed<\/a>.<\/p>\n\n\n\n<p><strong>Informaci\u00f3n de contexto<\/strong><\/p>\n\n\n\n<p>Los <a href=\"https:\/\/versionpublicarnpdno.segob.gob.mx\/Dashboard\/Index\">datos del Registro Nacional<\/a> de Personas Desaparecidas y No Localizadas (RNPDNO), al 29 de agosto 2026, contabilizan 132,844 personas desaparecidas y no localizadas en el pa\u00eds.<\/p>\n\n\n\n<p>En cuanto a la violencia contra las mujeres buscadoras, la organizaci\u00f3n Art\u00edculo 19 revela que desde 2010 a la fecha, al menos 45 personas buscadoras han sido asesinadas o desaparecidas.<\/p>\n\n\n\n<p>En abril de 2026, se report\u00f3 la desaparici\u00f3n de la buscadora Cecilia Acosta Ramblas, quien d\u00edas despu\u00e9s fue localizada sin vida. En junio de 2026, fue asesinada Patricia Negrete Tafoya, integrante del colectivo Una Promesa por Cumplir, se uni\u00f3 al trabajo de b\u00fasqueda tras la desaparici\u00f3n de su hermana en 2021, en Guanajuato.<\/p>\n\n\n\n<p><strong>Informaci\u00f3n adicional<\/strong><\/p>\n\n\n\n<p>Informe <a href=\"https:\/\/amnistia.org.mx\/contenido\/wp-content\/uploads\/2025\/07\/Informe_Desaparecer-Otra_Vez_Mujeres_Buscadoras_Amnistia_Internacional_Mexico.pdf\">Desaparecer otra vez, violencias y afectaciones que enfrentan las mujeres buscadoras en M\u00e9xico<\/a><\/p>\n\n\n\n<p><a href=\"https:\/\/www.amnesty.org\/es\/projects\/mujeres-buscadoras-en-las-americas\/\">Mujeres Buscadoras en las Am\u00e9ricas<\/a><\/p>\n\n\n\n<p><a href=\"file:\/\/\/D:\/AI%202026\/Comunicados%20nacionales\/4%2030%20agosto%20D\u00eda%20v\u00edctimas%20desaparici\u00f3n%20forzada\/Buscar%20sin%20miedo:%20est\u00e1ndares%20internacionales%20aplicables%20a%20la%20protecci\u00f3n%20de%20mujeres%20buscadoras%20en%20las%20Am\u00e9ricas\">Buscar sin miedo: est\u00e1ndares internacionales aplicables a la protecci\u00f3n de mujeres buscadoras en las Am\u00e9ricas<\/a>.<\/p>\n\n\n\n<p><a href=\"https:\/\/amnistia.org.mx\/contenido\/index.php\/peticion-mujeres-buscadoras\/\">Petici\u00f3n de Amnist\u00eda Internacional por las Mujeres Buscadoras<\/a><\/p>\n\n\n\n<p><strong>Para obtener m\u00e1s informaci\u00f3n o concertar una entrevista, p\u00f3ngase en contacto con:<\/strong><\/p>\n\n\n\n<p>Alejandro Ju\u00e1rez Gamero, Amnist\u00eda Internacional, secci\u00f3n mexicana<\/p>\n\n\n\n<p><a href=\"mailto:prensa@amnistia.org.mx\">prensa@amnistia.org.mx<\/a><\/p>\n\n\n\n<p>+52 55 2265 4331 (s\u00f3lo whatsapp)<\/p>\n","protected":false},"excerpt":{"rendered":"<p>Colectivas de buscadoras y activistas pintaron, el 22 de agosto de 2026, una secci\u00f3n del muro fronterizo de las Playas de Tijuana, como parte de las actividades de la campa\u00f1a &hellip;<\/p>\n<p class=\"read-more\"> <a class=\"\" href=\"https:\/\/amnistia.org.mx\/contenido\/index.php\/mexico-el-dia-internacional-de-las-victimas-de-desapariciones-se-conmemora-en-medio-de-una-crisis-reconocida-por-organismos-internacionales-de-derechos-humanos\/\"> <span class=\"screen-reader-text\">M\u00e9xico: el D\u00eda Internacional de las V\u00edctimas de Desapariciones Forzadas se conmemora en medio de una crisis de desapariciones reconocida por organismos y mecanismos internacionales de derechos humanos<\/span> Leer m\u00e1s &raquo;<\/a><\/p>\n","protected":false},"author":4,"featured_media":44377,"comment_status":"closed","ping_status":"closed","sticky":false,"template":"","format":"standard","meta":{"_uf_show_specific_survey":0,"_uf_disable_surveys":false,"site-sidebar-layout":"default","site-content-layout":"default","ast-global-header-display":"","ast-main-header-display":"","ast-hfb-above-header-display":"","ast-hfb-below-header-display":"","ast-hfb-mobile-header-display":"","site-post-title":"","ast-breadcrumbs-content":"","ast-featured-img":"","footer-sml-layout":"","theme-transparent-header-meta":"","adv-header-id-meta":"","stick-header-meta":"","header-above-stick-meta":"","header-main-stick-meta":"","header-below-stick-meta":""},"categories":[20],"tags":[28],"acf":[],"aioseo_notices":[],"yoast_head":"<!-- This site is optimized with the Yoast SEO plugin v14.5 - https:\/\/yoast.com\/wordpress\/plugins\/seo\/ -->\n<title>M\u00e9xico: el D\u00eda Internacional de las V\u00edctimas de Desapariciones Forzadas se conmemora en medio de una crisis de desapariciones reconocida por organismos y mecanismos internacionales de derechos humanos - amnistia.org.mx<\/title>\n<meta name=\"description\" content=\"La ONU podr\u00eda tratar las desapariciones en M\u00e9xico. Es una oportunidad para el Estado, acceda a mecanismos de cooperaci\u00f3n t\u00e9cnica y financiera.\" \/>\n<meta name=\"robots\" content=\"index, follow\" \/>\n<meta name=\"googlebot\" content=\"index, follow, max-snippet:-1, max-image-preview:large, max-video-preview:-1\" \/>\n<meta name=\"bingbot\" content=\"index, follow, max-snippet:-1, max-image-preview:large, max-video-preview:-1\" \/>\n<link rel=\"canonical\" href=\"https:\/\/amnistia.org.mx\/contenido\/index.php\/mexico-el-dia-internacional-de-las-victimas-de-desapariciones-se-conmemora-en-medio-de-una-crisis-reconocida-por-organismos-internacionales-de-derechos-humanos\/\" \/>\n<meta property=\"og:locale\" content=\"es_MX\" \/>\n<meta property=\"og:type\" content=\"article\" \/>\n<meta property=\"og:title\" content=\"M\u00e9xico: el D\u00eda Internacional de las V\u00edctimas de Desapariciones Forzadas se conmemora en medio de una crisis de desapariciones reconocida por organismos y mecanismos internacionales de derechos humanos - amnistia.org.mx\" \/>\n<meta property=\"og:description\" content=\"La ONU podr\u00eda tratar las desapariciones en M\u00e9xico. Es una oportunidad para el Estado, acceda a mecanismos de cooperaci\u00f3n t\u00e9cnica y financiera.\" \/>\n<meta property=\"og:url\" content=\"https:\/\/amnistia.org.mx\/contenido\/index.php\/mexico-el-dia-internacional-de-las-victimas-de-desapariciones-se-conmemora-en-medio-de-una-crisis-reconocida-por-organismos-internacionales-de-derechos-humanos\/\" \/>\n<meta property=\"og:site_name\" content=\"amnistia.org.mx\" \/>\n<meta property=\"article:published_time\" content=\"2026-08-30T16:09:21+00:00\" \/>\n<meta property=\"article:modified_time\" content=\"2026-08-30T16:09:23+00:00\" \/>\n<meta property=\"og:image\" content=\"https:\/\/amnistia.org.mx\/contenido\/wp-content\/uploads\/2026\/08\/Foto-2-mural-Tijuana-ajustada.jpg\" \/>\n\t<meta property=\"og:image:width\" content=\"1000\" \/>\n\t<meta property=\"og:image:height\" content=\"750\" \/>\n<meta name=\"twitter:card\" content=\"summary_large_image\" \/>\n<script type=\"application\/ld+json\" class=\"yoast-schema-graph\">{\"@context\":\"https:\/\/schema.org\",\"@graph\":[{\"@type\":\"WebSite\",\"@id\":\"https:\/\/amnistia.org.mx\/contenido\/#website\",\"url\":\"https:\/\/amnistia.org.mx\/contenido\/\",\"name\":\"amnistia.org.mx\",\"description\":\"Nueva p\\u00e1gina de Amnist\\u00eda\",\"potentialAction\":[{\"@type\":\"SearchAction\",\"target\":\"https:\/\/amnistia.org.mx\/contenido\/?s={search_term_string}\",\"query-input\":\"required name=search_term_string\"}],\"inLanguage\":\"es-MX\"},{\"@type\":\"ImageObject\",\"@id\":\"https:\/\/amnistia.org.mx\/contenido\/index.php\/mexico-el-dia-internacional-de-las-victimas-de-desapariciones-se-conmemora-en-medio-de-una-crisis-reconocida-por-organismos-internacionales-de-derechos-humanos\/#primaryimage\",\"inLanguage\":\"es-MX\",\"url\":\"https:\/\/amnistia.org.mx\/contenido\/wp-content\/uploads\/2026\/08\/Foto-2-mural-Tijuana-ajustada.jpg\",\"width\":1000,\"height\":750},{\"@type\":\"WebPage\",\"@id\":\"https:\/\/amnistia.org.mx\/contenido\/index.php\/mexico-el-dia-internacional-de-las-victimas-de-desapariciones-se-conmemora-en-medio-de-una-crisis-reconocida-por-organismos-internacionales-de-derechos-humanos\/#webpage\",\"url\":\"https:\/\/amnistia.org.mx\/contenido\/index.php\/mexico-el-dia-internacional-de-las-victimas-de-desapariciones-se-conmemora-en-medio-de-una-crisis-reconocida-por-organismos-internacionales-de-derechos-humanos\/\",\"name\":\"M\\u00e9xico: el D\\u00eda Internacional de las V\\u00edctimas de Desapariciones Forzadas se conmemora en medio de una crisis de desapariciones reconocida por organismos y mecanismos internacionales de derechos humanos - amnistia.org.mx\",\"isPartOf\":{\"@id\":\"https:\/\/amnistia.org.mx\/contenido\/#website\"},\"primaryImageOfPage\":{\"@id\":\"https:\/\/amnistia.org.mx\/contenido\/index.php\/mexico-el-dia-internacional-de-las-victimas-de-desapariciones-se-conmemora-en-medio-de-una-crisis-reconocida-por-organismos-internacionales-de-derechos-humanos\/#primaryimage\"},\"datePublished\":\"2026-08-30T16:09:21+00:00\",\"dateModified\":\"2026-08-30T16:09:23+00:00\",\"author\":{\"@id\":\"https:\/\/amnistia.org.mx\/contenido\/#\/schema\/person\/b858cccf2e25328bf3ae12e197ab7f75\"},\"description\":\"La ONU podr\\u00eda tratar las desapariciones en M\\u00e9xico. Es una oportunidad para el Estado, acceda a mecanismos de cooperaci\\u00f3n t\\u00e9cnica y financiera.\",\"breadcrumb\":{\"@id\":\"https:\/\/amnistia.org.mx\/contenido\/index.php\/mexico-el-dia-internacional-de-las-victimas-de-desapariciones-se-conmemora-en-medio-de-una-crisis-reconocida-por-organismos-internacionales-de-derechos-humanos\/#breadcrumb\"},\"inLanguage\":\"es-MX\",\"potentialAction\":[{\"@type\":\"ReadAction\",\"target\":[\"https:\/\/amnistia.org.mx\/contenido\/index.php\/mexico-el-dia-internacional-de-las-victimas-de-desapariciones-se-conmemora-en-medio-de-una-crisis-reconocida-por-organismos-internacionales-de-derechos-humanos\/\"]}]},{\"@type\":\"BreadcrumbList\",\"@id\":\"https:\/\/amnistia.org.mx\/contenido\/index.php\/mexico-el-dia-internacional-de-las-victimas-de-desapariciones-se-conmemora-en-medio-de-una-crisis-reconocida-por-organismos-internacionales-de-derechos-humanos\/#breadcrumb\",\"itemListElement\":[{\"@type\":\"ListItem\",\"position\":1,\"item\":{\"@type\":\"WebPage\",\"@id\":\"https:\/\/amnistia.org.mx\/contenido\/\",\"url\":\"https:\/\/amnistia.org.mx\/contenido\/\",\"name\":\"Home\"}},{\"@type\":\"ListItem\",\"position\":2,\"item\":{\"@type\":\"WebPage\",\"@id\":\"https:\/\/amnistia.org.mx\/contenido\/index.php\/mexico-el-dia-internacional-de-las-victimas-de-desapariciones-se-conmemora-en-medio-de-una-crisis-reconocida-por-organismos-internacionales-de-derechos-humanos\/\",\"url\":\"https:\/\/amnistia.org.mx\/contenido\/index.php\/mexico-el-dia-internacional-de-las-victimas-de-desapariciones-se-conmemora-en-medio-de-una-crisis-reconocida-por-organismos-internacionales-de-derechos-humanos\/\",\"name\":\"M\\u00e9xico: el D\\u00eda Internacional de las V\\u00edctimas de Desapariciones Forzadas se conmemora en medio de una crisis de desapariciones reconocida por organismos y mecanismos internacionales de derechos humanos\"}}]},{\"@type\":[\"Person\"],\"@id\":\"https:\/\/amnistia.org.mx\/contenido\/#\/schema\/person\/b858cccf2e25328bf3ae12e197ab7f75\",\"name\":\"Alejandro Ju\\u00e1rez Gamero\",\"image\":{\"@type\":\"ImageObject\",\"@id\":\"https:\/\/amnistia.org.mx\/contenido\/#personlogo\",\"inLanguage\":\"es-MX\",\"url\":\"https:\/\/secure.gravatar.com\/avatar\/e312d5566d1c3ffb56f86415d6f0e606?s=96&d=mm&r=g\",\"caption\":\"Alejandro Ju\\u00e1rez Gamero\"}}]}<\/script>\n<!-- \/ Yoast SEO plugin. -->","_links":{"self":[{"href":"https:\/\/amnistia.org.mx\/contenido\/index.php\/wp-json\/wp\/v2\/posts\/44376"}],"collection":[{"href":"https:\/\/amnistia.org.mx\/contenido\/index.php\/wp-json\/wp\/v2\/posts"}],"about":[{"href":"https:\/\/amnistia.org.mx\/contenido\/index.php\/wp-json\/wp\/v2\/types\/post"}],"author":[{"embeddable":true,"href":"https:\/\/amnistia.org.mx\/contenido\/index.php\/wp-json\/wp\/v2\/users\/4"}],"replies":[{"embeddable":true,"href":"https:\/\/amnistia.org.mx\/contenido\/index.php\/wp-json\/wp\/v2\/comments?post=44376"}],"version-history":[{"count":8,"href":"https:\/\/amnistia.org.mx\/contenido\/index.php\/wp-json\/wp\/v2\/posts\/44376\/revisions"}],"predecessor-version":[{"id":44386,"href":"https:\/\/amnistia.org.mx\/contenido\/index.php\/wp-json\/wp\/v2\/posts\/44376\/revisions\/44386"}],"wp:featuredmedia":[{"embeddable":true,"href":"https:\/\/amnistia.org.mx\/contenido\/index.php\/wp-json\/wp\/v2\/media\/44377"}],"wp:attachment":[{"href":"https:\/\/amnistia.org.mx\/contenido\/index.php\/wp-json\/wp\/v2\/media?parent=44376"}],"wp:term":[{"taxonomy":"category","embeddable":true,"href":"https:\/\/amnistia.org.mx\/contenido\/index.php\/wp-json\/wp\/v2\/categories?post=44376"},{"taxonomy":"post_tag","embeddable":true,"href":"https:\/\/amnistia.org.mx\/contenido\/index.php\/wp-json\/wp\/v2\/tags?post=44376"}],"curies":[{"name":"wp","href":"https:\/\/api.w.org\/{rel}","templated":true}]}}