
{"id":44540,"date":"2026-09-02T11:25:55","date_gmt":"2026-09-02T16:25:55","guid":{"rendered":"https:\/\/amnistia.org.mx\/contenido\/?p=44540"},"modified":"2026-09-02T11:28:06","modified_gmt":"2026-09-02T16:28:06","slug":"propuesta-de-organizaciones-de-derechos-humanos-y-colectivos-de-familias-para-abordar-el-art-34-de-la-convencion-internacional-para-la-proteccion-de-todas-las-personas-contra-las-desapariciones-forzad","status":"publish","type":"post","link":"https:\/\/amnistia.org.mx\/contenido\/index.php\/propuesta-de-organizaciones-de-derechos-humanos-y-colectivos-de-familias-para-abordar-el-art-34-de-la-convencion-internacional-para-la-proteccion-de-todas-las-personas-contra-las-desapariciones-forzad\/","title":{"rendered":"Propuesta de Organizaciones de Derechos Humanos y Colectivos de familias para abordar el Art 34 de la Convenci\u00f3n Internacional para la Protecci\u00f3n de todas las Personas contra las Desapariciones Forzadas"},"content":{"rendered":"\n<figure class=\"wp-block-image alignwide size-full\"><img decoding=\"async\" loading=\"lazy\" width=\"935\" height=\"467\" src=\"https:\/\/amnistia.org.mx\/contenido\/wp-content\/uploads\/2026\/09\/Imagen.jpg\" alt=\"\" class=\"wp-image-44541\"\/><\/figure>\n\n\n\n<p>81\u00ba per\u00edodo de sesiones de la AGONU Tercera Comisi\u00f3n, (A\/80\/737)<\/p>\n\n\n\n<p>Firmas de adhesi\u00f3n a la carta para los Estados miembros de la Asamblea General de la ONU<\/p>\n\n\n\n<p>M\u00e9xico, a 30 de agosto de 2026<\/p>\n\n\n\n<p><strong>Asunto:<\/strong>&nbsp;Propuesta de procedimiento para abordar la solicitud del Comit\u00e9 contra la Desaparici\u00f3n Forzada dirigida a la Asamblea General, de conformidad con el art\u00edculo 34 de la Convenci\u00f3n Internacional para la Protecci\u00f3n de todas las Personas contra las Desapariciones Forzadas (CED\/C\/MEX\/A.34\/D\/1), relativa a la situaci\u00f3n de desapariciones en M\u00e9xico.&nbsp;<\/p>\n\n\n\n<p>I.&nbsp;<strong>Presentaci\u00f3n<\/strong><\/p>\n\n\n\n<p>El 12 de mayo de 2026, el Secretario General de las Naciones Unidas, Ant\u00f3nio Guterres, envi\u00f3 una nota&nbsp;<a href=\"https:\/\/digitallibrary.un.org\/record\/4115570?v=pdf\" target=\"_blank\" rel=\"noreferrer noopener\">(A\/80\/737)<\/a>&nbsp;a todos los pa\u00edses miembros de la Asamblea General (AGONU), informando la decisi\u00f3n del Comit\u00e9 de Naciones Unidas contra las Desapariciones Forzadas (CED) sobre la&nbsp;<a href=\"https:\/\/docs.un.org\/es\/CED\/C\/MEX\/A.34\/D\/1\" target=\"_blank\" rel=\"noreferrer noopener\">activaci\u00f3n del Art\u00edculo 34 de la Convenci\u00f3n<\/a>&nbsp;para la Protecci\u00f3n de Todas Las Personas contra las Desapariciones Forzadas (CED\/C\/MEX\/A.34\/D\/1), en la que \u201c<em>concluye que existen indicios bien fundados de que las desapariciones forzadas se han perpetrado y se siguen perpetrando en M\u00e9xico como cr\u00edmenes de lesa humanidad, mediante varios \u201cataques\u201d generalizados o sistem\u00e1ticos en distintos lugares y momentos, dirigidos contra la poblaci\u00f3n civil<\/em>\u2026\u201d.<\/p>\n\n\n\n<p>II.&nbsp;<strong>Objetivo de la nota<\/strong><\/p>\n\n\n\n<p>Con la presente nota, organizaciones de la sociedad civil, colectivos de familiares de personas desaparecidas, as\u00ed como personas expertas y acad\u00e9micas, pretendemos proporcionar informaci\u00f3n a su Misi\u00f3n Permanente sobre la gravedad de la crisis de desapariciones en M\u00e9xico, que sirva de insumo para el di\u00e1logo bilateral con el gobierno mexicano y, en particular, en la Tercera Comisi\u00f3n de la AGONU, en el marco del procedimiento iniciado por el CED en virtud de la activaci\u00f3n del art\u00edculo 34 de la Convenci\u00f3n Internacional para la Protecci\u00f3n de todas las Personas contra las Desapariciones Forzadas.<\/p>\n\n\n\n<p>III.&nbsp;<strong>Antecedentes del asunto<\/strong><\/p>\n\n\n\n<p>1. En M\u00e9xico hay m\u00e1s de 135 mil personas desaparecidas y m\u00e1s de 72 mil restos humanos pendientes de identificaci\u00f3n forense. Hay una deuda del Estado en materia de verdad, justicia y reparaci\u00f3n con las familias de las v\u00edctimas y con la sociedad mexicana.<\/p>\n\n\n\n<p>2. A la fecha, las pol\u00edticas de prevenci\u00f3n de las desapariciones han sido insuficientes e ineficaces, por lo que estas van en aumento en 28 de las 32 entidades federativas.&nbsp;<\/p>\n\n\n\n<p>3. Las desapariciones son cometidas por: i) particulares o grupos criminales, ii) autoridades estatales, iii) grupos criminales con apoyo, tolerancia o aquiescencia del Estado.<\/p>\n\n\n\n<p>4. Hay un 99% de impunidad en los casos de desaparici\u00f3n y no existen mecanismos efectivos para investigarlos. Las fiscal\u00edas carecen de autonom\u00eda efectiva y&nbsp; no se investiga la posible participaci\u00f3n o colusi\u00f3n de servidores p\u00fablicos con los perpetradores de las desapariciones.<\/p>\n\n\n\n<p>5. Tanto los mecanismos de protecci\u00f3n de los derechos humanos de las Naciones Unidas como la Comisi\u00f3n Interamericana de Derechos Humanos (CIDH) de la OEA coinciden en su diagn\u00f3stico sobre la magnitud y la gravedad de la situaci\u00f3n, y en la insuficiencia de las acciones adoptadas por el gobierno para frenar la crisis de violencia y desapariciones en el pa\u00eds.<\/p>\n\n\n\n<p>6. Por lo anterior, el 19 de marzo de 2026, el CED resolvi\u00f3 invocar el art\u00edculo 34 de la Convenci\u00f3n que rige su mandato al considerar que existen indicios suficientes de que en M\u00e9xico las desapariciones se cometen de manera generalizada y\/o sistem\u00e1tica y que, tal y como lo establece la Convenci\u00f3n en su art\u00edculo 5, pudieran constituir cr\u00edmenes de lesa humanidad (CED\/C\/MEX\/A.34\/D\/1)<\/p>\n\n\n\n<p>7. Por lo tanto, elev\u00f3 el caso al Secretario General de las Naciones Unidas y pidi\u00f3 que \u00e9ste fuera considerado en la pr\u00f3xima sesi\u00f3n de la Asamblea General, con el objeto de que \u00e9sta resuelva:<\/p>\n\n\n\n<p><strong><em>a. \u201cBrindar la cooperaci\u00f3n t\u00e9cnica, el apoyo financiero y la asistencia especializada que M\u00e9xico requiera en las \u00e1reas de b\u00fasqueda, an\u00e1lisis forense e investigaci\u00f3n exhaustiva de las alegaciones de desapariciones forzadas y de v\u00ednculos entre servidores p\u00fablicos y el crimen organizado; y<\/em><\/strong><\/p>\n\n\n\n<p><strong><em>b. Establecer un mecanismo eficaz para esclarecer la verdad y proporcionar asistencia y protecci\u00f3n a las familias que buscan a sus seres queridos, as\u00ed como a las organizaciones y defensores que las apoyan\u201d.<\/em><\/strong><\/p>\n\n\n\n<p>8. El gobierno de M\u00e9xico, desafortunadamente, ha interpretado la resoluci\u00f3n del CED como un ataque, y la Canciller\u00eda y la Secretar\u00eda de Gobernaci\u00f3n han manifestado reiteradamente que el gobierno no est\u00e1 de acuerdo con el procedimiento activado por el CED, pues considera que no se sustenta la presunci\u00f3n de que existe una pr\u00e1ctica generalizada y sistem\u00e1tica de desaparici\u00f3n forzada en el territorio nacional.<\/p>\n\n\n\n<p>9. El 12 de mayo de 2026, Ant\u00f3nio Guterres, Secretario General de las Naciones Unidas, envi\u00f3 el caso mexicano a todos los Estados miembros&nbsp;de la AGONU mediante la nota&nbsp;<a href=\"https:\/\/digitallibrary.un.org\/record\/4115570?v=pdf\" target=\"_blank\" rel=\"noreferrer noopener\">A\/80\/737<\/a>. Actualmente el caso est\u00e1 enlistado en el punto 71 (Promoci\u00f3n y Protecci\u00f3n de los Derechos Humanos) normalmente tratado en la Tercera Comisi\u00f3n, y se prev\u00e9 que pueda ser analizado en octubre-noviembre de 2026.&nbsp;<\/p>\n\n\n\n<p>10. La constataci\u00f3n del CED de la existencia de indicios bien fundados de que las desapariciones forzadas se han perpetrado y se siguen perpetrando en M\u00e9xico como cr\u00edmenes de lesa humanidad activa el Deber de Proteger (D2P) de las Naciones Unidas, de acuerdo con la Resoluci\u00f3n Final de la Cumbre Mundial de 2005 (<a href=\"https:\/\/digitallibrary.un.org\/record\/556636\/usage?v=pdf&amp;ln=es\" target=\"_blank\" rel=\"noreferrer noopener\">A\/RES\/60\/1<\/a>). El Deber de Proteger debe empezar, en este caso, por los Estados parte de la Convenci\u00f3n, velando por que el Art\u00edculo 34, nunca antes invocado, cuente con un&nbsp;<strong>procedimiento eficaz&nbsp;<em>para proteger a todas las personas de la desaparici\u00f3n forzada, en este y en futuros casos.&nbsp;&nbsp;<\/em><\/strong><\/p>\n\n\n\n<p><strong>IV. Propuestas<\/strong><\/p>\n\n\n\n<p><strong>1.<\/strong>&nbsp;Las familias de personas desaparecidas y las organizaciones que les acompa\u00f1amos consideramos que este procedimiento es una oportunidad \u00fanica para que M\u00e9xico reciba el apoyo t\u00e9cnico y financiero de la comunidad internacional que tanto necesita frente a una problem\u00e1tica cuya magnitud rebasa las capacidades del Estado. Ese proceso en ning\u00fan momento deber\u00eda verse como un juicio o un ataque a gobierno alguno, sino como una forma de promover, m\u00e1s all\u00e1 de disputas jur\u00eddicas, un di\u00e1logo profundo sobre las maneras m\u00e1s efectivas y cooperativas de abordar la proliferaci\u00f3n de las desapariciones, en M\u00e9xico y en el resto del mundo.&nbsp;<\/p>\n\n\n\n<p>2. Consideramos que, frente a la grave crisis de desapariciones en M\u00e9xico y la ineficacia de los mecanismos establecidos hasta ahora para resolverla y ponerle fin, se hace indispensable contar con mecanismos extraordinarios que permitan avanzar de manera eficaz y concreta en la prevenci\u00f3n, b\u00fasqueda, identificaci\u00f3n forense de las numerosas v\u00edctimas de este crimen, as\u00ed como su acceso a la verdad y la justicia.&nbsp;&nbsp;<\/p>\n\n\n\n<p>3. Esta es la primera ocasi\u00f3n en que el CED activa el art\u00edculo 34 y no existe un procedimiento claro para darle seguimiento en la Asamblea General.&nbsp; Por ello, ser\u00eda conveniente primero considerar la pertinencia de establecer dicho procedimiento, para lo cual sugerimos algunas opciones a desarrollar en la Tercera Comisi\u00f3n, a saber:<\/p>\n\n\n\n<p><strong>\u2013 Que uno o varios Estados adopten y promuevan el asunto ante la Tercera Comisi\u00f3n, en principio mediante mociones para acordar un procedimiento para la aplicaci\u00f3n del Art\u00edculo 34 de la Convenci\u00f3n.<\/strong><\/p>\n\n\n\n<p><strong>\u2013 Dicho procedimiento podr\u00eda definirse por una comisi\u00f3n o una persona experta independiente designada, que elabore una propuesta en seguimiento a la solicitud del Comit\u00e9 contra las Desapariciones Forzadas, en consulta con los Estados miembros de la Convenci\u00f3n, incluido M\u00e9xico; con expertos en la materia, incluyendo al CED; y con los colectivos de v\u00edctimas y organizaciones civiles de M\u00e9xico.&nbsp;<\/strong><\/p>\n\n\n\n<p><strong>\u2013 Que la Tercera Comisi\u00f3n adopte la propuesta de la comisi\u00f3n independiente, asignando los recursos suficientes para ser implementada de manera urgente.<\/strong><\/p>\n\n\n\n<p>4.&nbsp;Es fundamental que los Estados amigos de M\u00e9xico promuevan un di\u00e1logo bilateral con el gobierno mexicano, as\u00ed como en la propia Tercera Comisi\u00f3n. Habr\u00eda que abordar el asunto desde una perspectiva positiva y como una oportunidad para M\u00e9xico. El objetivo es que M\u00e9xico adopte una postura colaborativa, se abra al di\u00e1logo y se sume a la construcci\u00f3n de un acuerdo.<\/p>\n\n\n\n<p>5. Idealmente, uno o varios Estados, podr\u00edan adoptar y promover el asunto ante la Tercera Comisi\u00f3n, en principio mediante mociones para acordar un procedimiento para el Art\u00edculo 34 de la Convenci\u00f3n, para despu\u00e9s redactar un proyecto de resoluci\u00f3n que contenga las propuestas de la Comisi\u00f3n independiente con mecanismos concretos que cuenten con la participaci\u00f3n, supervisi\u00f3n y evaluaci\u00f3n de la Tercera Comisi\u00f3n, y de familiares de personas desaparecidas y organizaciones de la sociedad civil que permitan a las v\u00edctimas acceder a procesos que conduzcan a la verdad y la justicia.<\/p>\n\n\n\n<p>6. Consideramos que se trata de un proceso de mediano plazo, en el que las organizaciones de derechos humanos estamos dispuestas a aportar insumos t\u00e9cnicos para la construcci\u00f3n de un proyecto de resoluci\u00f3n que sea \u00fatil para frenar las desapariciones en M\u00e9xico, acercar la verdad y la justicia a las miles de v\u00edctimas y que contribuya a generar condiciones de paz y desarrollo econ\u00f3mico y social basadas en un estado de derecho eficaz y promotor de los derechos humanos.<\/p>\n\n\n\n<p>7. Las organizaciones y colectivos de familiares estamos preparando acciones de incidencia en el marco del siguiente per\u00edodo de sesiones de la Asamblea General, como:<\/p>\n\n\n\n<ul>\n<li>Reuniones con misiones diplom\u00e1ticas en Nueva York;<\/li>\n\n\n\n<li>Reuniones con personas expertas independientes de Naciones Unidas;<\/li>\n\n\n\n<li>Organizaci\u00f3n de espacios de di\u00e1logo con familiares de personas desaparecidas en eventos paralelos.<\/li>\n<\/ul>\n\n\n\n<p><strong>Adhesiones a esta propuesta<\/strong><\/p>\n\n\n\n<p><strong>Colectivos de Familiares de Personas Desaparecidas<\/strong><\/p>\n\n\n\n<ol type=\"1\" start=\"1\">\n<li>\u00c1gape por la Libertad y el Respeto a la Vida<\/li>\n\n\n\n<li>Asociaci\u00f3n de Familiares de Migrantes Desaparecidos de Choluteca, Honduras (AFAMIDEH)<\/li>\n\n\n\n<li>Asociaci\u00f3n de Familiares de Migrantes Desaparecidos de Guatemala (AFAMIDEG)<\/li>\n\n\n\n<li>Asociaci\u00f3n Hondure\u00f1a de Familiares de Migrantes Desaparecidos \u201cAmor y Fe\u201d (AHFAMIDEAF)<\/li>\n\n\n\n<li>Colectivo Casa de la Esperanza (Cuauht\u00e9moc, Chihuahua)<\/li>\n\n\n\n<li>Colectivo Caso Pirasol<\/li>\n\n\n\n<li>Colectivo Colibr\u00ed<\/li>\n\n\n\n<li>Colectivo de B\u00fasqueda de B.C.<\/li>\n\n\n\n<li>Colectivo en Busca de Nuestros Desparecidos en Navolato, Sinaloa<\/li>\n\n\n\n<li>Colectivo En B\u00fasqueda de Verdad y Justicia, Tepic, Nayarit<\/li>\n\n\n\n<li>Colectivo Esposas y Familiares de Agentes de Seguridad Estatales Detenidos y Desaparecidos por Militares en 1977 en Culiac\u00e1n, Sinaloa<\/li>\n\n\n\n<li>Colectivo Familiares Desaparecidos de Chihuahua<\/li>\n\n\n\n<li>Colectivo Justicia y Esperanza de San Luis de la Paz, Gto<\/li>\n\n\n\n<li>Colectiva Memoria, Verdad y Justicia, Acapulco, Chilpancingo<\/li>\n\n\n\n<li>Colectivo Oaxaque\u00f1os Buscando a los Nuestros A.C.<\/li>\n\n\n\n<li>Colectivo Renacer, Nuevo Le\u00f3n<\/li>\n\n\n\n<li>Colectivo Renacer Por Amor a Ellos, Nayarit<\/li>\n\n\n\n<li>Colectivo Siguiendo Tus Pasos, Ensenada, Baja California<\/li>\n\n\n\n<li>Colectivo Uniendo Corazones, Culiac\u00e1n, Sinaloa<\/li>\n\n\n\n<li>Colectivo Voz de los Desaparecidos en Puebla<\/li>\n\n\n\n<li>Colectivo 10 de Octubre (Parral, Chihuahua)<\/li>\n\n\n\n<li>Colectivo Zapotengo Pochutla, Oaxaca<\/li>\n\n\n\n<li>Comit\u00e9 de Familiares de Migrantes Desaparecidos del Centro de Honduras (COFAMICENH)<\/li>\n\n\n\n<li>Comit\u00e9 de Familiares de Migrantes Desaparecidos de El Progreso, Honduras<\/li>\n\n\n\n<li>Comit\u00e9 de Familiares de Migrantes Desaparecidos de Pespire (COFAMIDEPES)<\/li>\n\n\n\n<li>Comit\u00e9 de Familiares de Migrantes Fallecidos y Desaparecidos de El Salvador COFAMIDE<\/li>\n\n\n\n<li>Desaparecidos Justicia AC, Quer\u00e9taro<\/li>\n\n\n\n<li>Esposas Buscadoras M\u00e9xico<\/li>\n\n\n\n<li>Familia en B\u00fasqueda Mar\u00eda Herrera de Chilpancingo, Gro<\/li>\n\n\n\n<li>Familiares de Derechos Humanos<\/li>\n\n\n\n<li>Familias Unidas Buscando a Nuestros Desaparecidos, Junax &nbsp;K\u00b4ontatik<\/li>\n\n\n\n<li>Fuerzas Unidas para Nuestros Desaparecidos en Coahuila y M\u00e9xico (FUUNDEC-M)<\/li>\n\n\n\n<li>Familias Unidas por Nuestros Desaparecidos en Jalisco, FUNDEJ<\/li>\n\n\n\n<li>Hasta Encontrarles, CDMX<\/li>\n\n\n\n<li>Madres Buscadoras de Jalisco<\/li>\n\n\n\n<li>Madres Buscadoras de San Quint\u00edn, B.C.<\/li>\n\n\n\n<li>Movimiento por la Paz con Justicia y Dignidad<\/li>\n\n\n\n<li>Rastreadoras de El Fuerte, Sinaloa<\/li>\n\n\n\n<li>Resistencia de Ecos Que Siempre Resuenan<\/li>\n\n\n\n<li>Red de Madres Buscando a sus Hijos<\/li>\n\n\n\n<li>Sabuesos Guerreros AC<\/li>\n\n\n\n<li>Somos Tu Voz, C\u00f3rdoba, Veracruz<\/li>\n\n\n\n<li>Tu Ausencia Nos Uni\u00f3 Zacatecas AC<\/li>\n\n\n\n<li>Una Luz de Esperanza AC<\/li>\n<\/ol>\n\n\n\n<p><strong>Familiares de personas desaparecidas<\/strong><\/p>\n\n\n\n<ol type=\"1\" start=\"1\">\n<li>Adriana Moreno Becerril<\/li>\n\n\n\n<li>Adriana Romero<\/li>\n\n\n\n<li>Adriana Romero Sandoval<\/li>\n\n\n\n<li>Aida Guzm\u00e1n<\/li>\n\n\n\n<li>Alda Nelly Cruz Balderas<\/li>\n\n\n\n<li>Alejandra Cabello<\/li>\n\n\n\n<li>Alejandro Ponce Rangel<\/li>\n\n\n\n<li>Alfredo Castillo Gomora<\/li>\n\n\n\n<li>Ana Luc\u00eda Gasca Boyer mam\u00e1 de RICARDO ARTURO LAGUNES GASCA<\/li>\n\n\n\n<li>Ana Luisa Rivera<\/li>\n\n\n\n<li>\u00c1ngel de Jes\u00fas Torres Lazarin<\/li>\n\n\n\n<li>Ang\u00e9lica Garc\u00eda Sierra<\/li>\n\n\n\n<li>Ang\u00e9lica Mar\u00eda Hern\u00e1ndez Barrios<\/li>\n\n\n\n<li>Angelina Jim\u00e9nez G\u00e1mez<\/li>\n\n\n\n<li>Araceli Arias Duran<\/li>\n\n\n\n<li>Araceli Reyes Hern\u00e1ndez<\/li>\n\n\n\n<li>Araceli Rodr\u00edguez<\/li>\n\n\n\n<li>Arantza Molina M\u00e1rquez<\/li>\n\n\n\n<li>Arlette Rangel Ortiz<\/li>\n\n\n\n<li>Artemisa Ram\u00edrez Ortiz<\/li>\n\n\n\n<li>Brenda Ivonne Rangel Ortiz<\/li>\n\n\n\n<li>Carmen Hern\u00e1ndez Reyes<\/li>\n\n\n\n<li>Carolina Jim\u00e9nez Guerrero<\/li>\n\n\n\n<li>Cesar Rangel Ortiz<\/li>\n\n\n\n<li>Cindy Rom\u00e1n Ram\u00edrez<\/li>\n\n\n\n<li>Cira Patricia Mac\u00edas Diaz<\/li>\n\n\n\n<li>Daniel Salgado Saucedo<\/li>\n\n\n\n<li>Diana Iris Garc\u00eda<\/li>\n\n\n\n<li>Dionisio Noe Lazarin Sierra,<\/li>\n\n\n\n<li>Dulce Monse<\/li>\n\n\n\n<li>Elizabeth Uruchurtu<\/li>\n\n\n\n<li>Eloisa Duran<\/li>\n\n\n\n<li>Elva Rivas<\/li>\n\n\n\n<li>Elvia Margarita Reyes Rodr\u00edguez<\/li>\n\n\n\n<li>Emilio Ponce Rangel<\/li>\n\n\n\n<li>Enrique Rangel Ortiz<\/li>\n\n\n\n<li>Erick Guti\u00e9rrez Ram\u00edrez<\/li>\n\n\n\n<li>Erick Pineda<\/li>\n\n\n\n<li>Esperanza P\u00e9rez<\/li>\n\n\n\n<li>Esperanza Sabina Qui\u00f1ones Qui\u00f1ones<\/li>\n\n\n\n<li>Eva Luz Llanes Guerrero<\/li>\n\n\n\n<li>Familiares de Ricardo Lagunes Gasca<\/li>\n\n\n\n<li>Gema Ant\u00fanez Flores<\/li>\n\n\n\n<li>Genaro R\u00edos Monay<\/li>\n\n\n\n<li>Guadalupe Acosta Luna<\/li>\n\n\n\n<li>Guadalupe Arag\u00f3n Sosa<\/li>\n\n\n\n<li>In\u00e9s Corona<\/li>\n\n\n\n<li>Irma Irene Espinoza Meza<\/li>\n\n\n\n<li>Isela Ram\u00edrez Jim\u00e9nez<\/li>\n\n\n\n<li>Ivonne Elizabeth Donaire Hern\u00e1ndez<\/li>\n\n\n\n<li>Jasson Omar Cruz Donaire<\/li>\n\n\n\n<li>Jes\u00fas Roberto Franco Rangel<\/li>\n\n\n\n<li>Jos\u00e9 Manuel Ram\u00edrez Sainz<\/li>\n\n\n\n<li>Judith Montes Gaspar<\/li>\n\n\n\n<li>Juli\u00e1n G\u00f3mez<\/li>\n\n\n\n<li>Juliana Verdezco Chaidez<\/li>\n\n\n\n<li>Karina Sugei Ochoa Zamora<\/li>\n\n\n\n<li>Leonardo Ponce Rangel<\/li>\n\n\n\n<li>Leticia Mora Nieto<\/li>\n\n\n\n<li>Letra Pinz\u00f3n Medina<\/li>\n\n\n\n<li>Lizeth Verduzco Chaidez<\/li>\n\n\n\n<li>Lluvia Beltr\u00e1n<\/li>\n\n\n\n<li>Luz Dary Calder\u00f3n Zuluaga<\/li>\n\n\n\n<li>Malenny Lazarin Arellano,<\/li>\n\n\n\n<li>Mar\u00eda Candelaria Medina Angulo<\/li>\n\n\n\n<li>Mar\u00eda del Carmen Bustamante Salas<\/li>\n\n\n\n<li>Mar\u00eda del Carmen Rangel Ortiz<\/li>\n\n\n\n<li>Mar\u00eda de Los \u00c1ngeles Rodr\u00edguez Garc\u00eda<\/li>\n\n\n\n<li>Mar\u00eda del Pilar Garc\u00eda Hern\u00e1ndez<\/li>\n\n\n\n<li>Mar\u00eda del Socorro Mart\u00ednez Mart\u00ednez<\/li>\n\n\n\n<li>Mar\u00eda Guadalupe Aguilar Jauregui<\/li>\n\n\n\n<li>Mar\u00eda Guadalupe P\u00e9rez Ayala<\/li>\n\n\n\n<li>Mar\u00eda Isabel Cruz Bernal<\/li>\n\n\n\n<li>Mar\u00eda Julia Ram\u00edrez Sainz<\/li>\n\n\n\n<li>Mar\u00eda Luisa Chaidez<\/li>\n\n\n\n<li>Mar\u00eda Mart\u00ednez<\/li>\n\n\n\n<li>Mar\u00eda Teresa Fuentes Hern\u00e1ndez<\/li>\n\n\n\n<li>Maribel del Carmen Pantoja<\/li>\n\n\n\n<li>Marlen Ram\u00edrez Jim\u00e9nez<\/li>\n\n\n\n<li>Martha Beatriz Vega Ruiz<\/li>\n\n\n\n<li>Marta Pablo Cruz<\/li>\n\n\n\n<li>Martha Rosario Linarte S\u00e1nchez<\/li>\n\n\n\n<li>Martin Villalobos Valencia<\/li>\n\n\n\n<li>Mayra Ivonne Torres Lazarin<\/li>\n\n\n\n<li>Mirna Medina<\/li>\n\n\n\n<li>Mirtha Dolores Mendoza Cordero<\/li>\n\n\n\n<li>Nancy Paulina P\u00e9rez Guerrero<\/li>\n\n\n\n<li>Natalia Ant\u00fanez<\/li>\n\n\n\n<li>Nora Alicia Guti\u00e9rrez Mart\u00ednez<\/li>\n\n\n\n<li>Nicol\u00e1s D\u00e1vila P\u00e9rez<\/li>\n\n\n\n<li>Olivia M\u00e1rquez Gonz\u00e1lez<\/li>\n\n\n\n<li>Padres y familia de Olin Hernando<\/li>\n\n\n\n<li>Patricia Elizabeth Rosado Garc\u00eda<\/li>\n\n\n\n<li>Perla Patricia Rivera Lazarin<\/li>\n\n\n\n<li>Rebeca G\u00f3mez<\/li>\n\n\n\n<li>Refugio Cangas<\/li>\n\n\n\n<li>Renata Simental<\/li>\n\n\n\n<li>Ricardo Garc\u00eda Huidobro<\/li>\n\n\n\n<li>Ricardo Torres Lazarin<\/li>\n\n\n\n<li>Romeo Mendoza<\/li>\n\n\n\n<li>Rosa Aidee Retamoza Miranda<\/li>\n\n\n\n<li>Rosa Lizbeth Salazar<\/li>\n\n\n\n<li>Rosa Imelda D\u00edaz Neris<\/li>\n\n\n\n<li>Sara D\u00edaz Herrera<\/li>\n\n\n\n<li>Sara H. de Ram\u00edrez Duarte, integrante del Comit\u00e9 Eureka<\/li>\n\n\n\n<li>Socorro Gil Guzm\u00e1n<\/li>\n\n\n\n<li>Teresita Santillanes<\/li>\n\n\n\n<li>Tommy Aguilar<\/li>\n\n\n\n<li>Ver\u00f3nica Sol\u00eds Montiel<\/li>\n\n\n\n<li>V\u00edctor Manuel Garc\u00eda Herrera<\/li>\n\n\n\n<li>Viviana Lazarin Sierra<\/li>\n\n\n\n<li>Yubel Gastelum Gastelum<\/li>\n<\/ol>\n\n\n\n<p><strong>Organizaciones de Derechos Humanos<\/strong><\/p>\n\n\n\n<ol type=\"1\" start=\"1\">\n<li>Agua y Vida: Mujeres, Derechos y Ambiente<\/li>\n\n\n\n<li>Amnesty International<\/li>\n\n\n\n<li>AMUMRA \u2013 Asociaci\u00f3n Civil de Derechos Humanos Mujeres Unidas Migrantes y Refugiadas en Argentina<\/li>\n\n\n\n<li>Apuesta Solidaria A.C.<\/li>\n\n\n\n<li>Armadillos Ni Un Migrante Menos<\/li>\n\n\n\n<li>Artemali Ocoxal<\/li>\n\n\n\n<li>Asistencia Legal por los Derechos Humanos A.C. (ASILEGAL)<\/li>\n\n\n\n<li>Asociaci\u00f3n por la Paz y los Derechos Humanos Taula per M\u00e8xic<\/li>\n\n\n\n<li>Bloque Latinoamericano sobre Migraci\u00f3n<\/li>\n\n\n\n<li>Centro de Derechos Humanos de las Mujeres A.C.<\/li>\n\n\n\n<li>Centro de Derechos Humanos Fray Bartolom\u00e9 de Las Casas<\/li>\n\n\n\n<li>Centro de Derechos Humanos Fray Francisco de Vitoria OP<\/li>\n\n\n\n<li>Centro de Derechos Humanos Fray Juan de Larios<\/li>\n\n\n\n<li>Centro de Derechos Humanos Victoria Diez, A.C.<\/li>\n\n\n\n<li>Centro de Investigaci\u00f3n de Cr\u00edmenes Atroces (CICA)<\/li>\n\n\n\n<li>Centro de Justicia para la Paz y el Desarrollo (CEPAD)<\/li>\n\n\n\n<li>Centro Regional de Defensa de Derechos Humanos Jos\u00e9 Mar\u00eda Morelos y Pav\u00f3n<\/li>\n\n\n\n<li>Centro Regional de Derechos Humanos Bartolom\u00e9 Carrasco Brise\u00f1o AC<\/li>\n\n\n\n<li>Colectivo de Federaciones y Organizaciones Mexicanas Migrantes COLEFOM<\/li>\n\n\n\n<li>Comisi\u00f3n de Derechos Humanos y Laborales del Valle de Tehuac\u00e1n<\/li>\n\n\n\n<li>Comisi\u00f3n Mexicana para la Defensa y Promoci\u00f3n de Derechos Humanos (CMDPDH)<\/li>\n\n\n\n<li>Consultora Solidaria S.C.<\/li>\n\n\n\n<li>Corporaci\u00f3n Sisma Mujer (Colombia)<\/li>\n\n\n\n<li>Defensores por la justicia<\/li>\n\n\n\n<li>Derechos Humanos Integrales en Acci\u00f3n (DHIA)<\/li>\n\n\n\n<li>Despacho Jur\u00eddico Lic., Lorena Gonz\u00e1lez<\/li>\n\n\n\n<li>Deutsche Menschenrechtskoordination Mexiko \/ Coordinaci\u00f3n Alemana por los Derechos Humanos en M\u00e9xico<\/li>\n\n\n\n<li>Equipo de Reflexi\u00f3n, Investigaci\u00f3n y Comunicaci\u00f3n<\/li>\n\n\n\n<li>Equipo Jur\u00eddico por los Derechos Humanos<\/li>\n\n\n\n<li>Frontera con Justicia AC (Casa del Migrante, Saltillo)<\/li>\n\n\n\n<li>Fundaci\u00f3n M\u00f3nica Alejandrina por los Derechos Humanos<\/li>\n\n\n\n<li>Fundaci\u00f3n para el Debido Proceso (DPLF)<\/li>\n\n\n\n<li>Fundaci\u00f3n para la Justicia y el Estado Democr\u00e1tico de Derecho (FJEDD)<\/li>\n\n\n\n<li>Global Exchange<\/li>\n\n\n\n<li>Global Rights Advocacy<\/li>\n\n\n\n<li>H.I.J.O.S. M\u00e9xico<\/li>\n\n\n\n<li>Initiative Mexiko<\/li>\n\n\n\n<li>Instituto de Defensa Legal \u2013 IDL (Per\u00fa)<\/li>\n\n\n\n<li>Instituto de Investigaci\u00f3n y Pr\u00e1ctica Social y Cultural A.C. IIPSOCULTA<\/li>\n\n\n\n<li>Instituto Mexicano de Derechos Humanos y Democracia, A. C.<\/li>\n\n\n\n<li>Instituto para las Mujeres en la Migraci\u00f3n, A.C. (IMUMI)<\/li>\n\n\n\n<li>Justicia Transicional en M\u00e9xico, A.C. (JTMX)<\/li>\n\n\n\n<li>Mira Feminismos y Democracias<\/li>\n\n\n\n<li>Movimiento de Cristianas Comprometidas con las Luchas Populares<\/li>\n\n\n\n<li>Mujeres en Defensa de La Mujer A.C<\/li>\n\n\n\n<li>Mujeres ind\u00edgenas por CIARENA AC<\/li>\n\n\n\n<li>NEXO D.H.<\/li>\n\n\n\n<li>Oficina en Washington para Asuntos Latinoamericanos (WOLA)<\/li>\n\n\n\n<li>Pacta Servanda e. V. M\u00fanich, Alemania<\/li>\n\n\n\n<li>Pastoral Social, Iglesia Anglicana de M\u00e9xico<\/li>\n\n\n\n<li>Red de Investigadoras Por la Vida y la Libertad de las Mujeres<\/li>\n\n\n\n<li>Red Europea de Comit\u00e9s Oscar Romero<\/li>\n\n\n\n<li>Red Nacional de Organismos Civiles de Derechos Humanos \u201cTodos los Derechos para Todas, Todos y Todes\u201d (Red TDT)<\/li>\n\n\n\n<li>Red por los Derechos de la Infancia en M\u00e9xico (REDIM)<\/li>\n\n\n\n<li>Robert and Ethel Kennedy Human Rights Center<\/li>\n\n\n\n<li>Sinergia por La Paz<\/li>\n\n\n\n<li>Sin Fronteras IAP<\/li>\n\n\n\n<li>Task Force on the Americas-National Lawyers Guild<\/li>\n\n\n\n<li>Tejiendo Redes Infancia<\/li>\n\n\n\n<li>Tribunal Internacional de Conciencia de los Pueblos en Movimiento;<\/li>\n\n\n\n<li>Unidos por La Paz, La Defensa de las Personas y los Derechos Humanos A.C.<\/li>\n\n\n\n<li>Voces Mesoamericanas, Acci\u00f3n con Pueblos Migrantes AC<\/li>\n\n\n\n<li>Witness at the Border<\/li>\n<\/ol>\n\n\n\n<p><strong>Personas solidarias, activistas y acad\u00e9micos<\/strong><\/p>\n\n\n\n<ol type=\"1\" start=\"1\">\n<li>Anna Karolina Chimiak<\/li>\n\n\n\n<li>A Palma<\/li>\n\n\n\n<li>Alfredo Limas Hern\u00e1ndez, profesor universitario, Cd Ju\u00e1rez<\/li>\n\n\n\n<li>Alma Janet Rojas Reyes<\/li>\n\n\n\n<li>Ana Gabriela Aspuru Eguiluz<\/li>\n\n\n\n<li>Ana Luisa Romo D\u00edaz<\/li>\n\n\n\n<li>Ang\u00e9lica de la Pe\u00f1a G\u00f3mez<\/li>\n\n\n\n<li>Arturo Carrasco G\u00f3mez<\/li>\n\n\n\n<li>Camilo P\u00e9rez-Bustillo<\/li>\n\n\n\n<li>Clara Jusidman<\/li>\n\n\n\n<li>Cruz Silva Del Carpio<\/li>\n\n\n\n<li>Daniel Rodr\u00edguez Vel\u00e1zquez UNAM<\/li>\n\n\n\n<li>Daniela Oliver Ruvalcaba, docente CCH-UNAM<\/li>\n\n\n\n<li>Edgar Cortez<\/li>\n\n\n\n<li>Elo\u00edsa Gonz\u00e1lez Hidalgo<\/li>\n\n\n\n<li>Ernesto L\u00f3pez Portillo<\/li>\n\n\n\n<li>Hansel Gael L\u00f3pez Angulo<\/li>\n\n\n\n<li>Inti Naxhielii Barrios Hern\u00e1ndez<\/li>\n\n\n\n<li>Ita Hern\u00e1ndez Loza<\/li>\n\n\n\n<li>Jacobo Day\u00e1n<\/li>\n\n\n\n<li>Jacqueline L\u2019Hoist<\/li>\n\n\n\n<li>Janekeith Orliden Dur\u00e1n Barberena (Costa Rica)<\/li>\n\n\n\n<li>Javier Sicilia<\/li>\n\n\n\n<li>Jesica Araceli Maldonado Uitz<\/li>\n\n\n\n<li>Jos\u00e9 Luis Manzo Ram\u00edrez<\/li>\n\n\n\n<li>Juli\u00e1n V\u00e1zquez Guzm\u00e1n<\/li>\n\n\n\n<li>Laura Carlsen<\/li>\n\n\n\n<li>Lesly Noemi Gonz\u00e1lez Ochoa<\/li>\n\n\n\n<li>Leticia Pinz\u00f3n Medina<\/li>\n\n\n\n<li>Liliana V\u00e1zquez Roa<\/li>\n\n\n\n<li>Luc\u00eda Leonor Gonz\u00e1lez Enr\u00edquez<\/li>\n\n\n\n<li>Manuel \u00c1ngel Castillo<\/li>\n\n\n\n<li>Mar\u00eda de Jes\u00fas L\u00f3pez Jos\u00e9<\/li>\n\n\n\n<li>Mar\u00eda Guadalupe Valdez Meza<\/li>\n\n\n\n<li>Mar\u00eda Luisa N\u00fa\u00f1ez Barojas. Defensora de Derechos Humanos<\/li>\n\n\n\n<li>Mar\u00eda Salvadora Coronado Navarro<\/li>\n\n\n\n<li>Mariann Santos Van Hoozer<\/li>\n\n\n\n<li>Martha Beatriz Vega Ruiz<\/li>\n\n\n\n<li>Mat Gossner<\/li>\n\n\n\n<li>Michael W Chamberlin<\/li>\n\n\n\n<li>Miriam Casta\u00f1eda Hern\u00e1ndez<\/li>\n\n\n\n<li>Nora Mart\u00ednez L\u00e1zaro\/Defensora de DH<\/li>\n\n\n\n<li>Olivia Rosales N\u00e1poles<\/li>\n\n\n\n<li>Oscar Miguel Calder\u00f3n Calder\u00f3n<\/li>\n\n\n\n<li>Pablo Ram\u00edrez Obando<\/li>\n\n\n\n<li>Pedro Casta\u00f1eda Jim\u00e9nez<\/li>\n\n\n\n<li>Rafael Castel\u00e1n Mart\u00ednez<\/li>\n\n\n\n<li>Raymundo Molina Mart\u00ednez<\/li>\n\n\n\n<li>Revdo. Dr. Samuel Murillo Torres, Programas de Pacificaci\u00f3n Concilio Mundial Metodista<\/li>\n\n\n\n<li>Teodomira Rosales Sierra<\/li>\n\n\n\n<li>Teresa \u00c1vila<\/li>\n<\/ol>\n","protected":false},"excerpt":{"rendered":"<p>81\u00ba per\u00edodo de sesiones de la AGONU Tercera Comisi\u00f3n, (A\/80\/737) Firmas de adhesi\u00f3n a la carta para los Estados miembros de la Asamblea General de la ONU M\u00e9xico, a 30 &hellip;<\/p>\n<p class=\"read-more\"> <a class=\"\" href=\"https:\/\/amnistia.org.mx\/contenido\/index.php\/propuesta-de-organizaciones-de-derechos-humanos-y-colectivos-de-familias-para-abordar-el-art-34-de-la-convencion-internacional-para-la-proteccion-de-todas-las-personas-contra-las-desapariciones-forzad\/\"> <span class=\"screen-reader-text\">Propuesta de Organizaciones de Derechos Humanos y Colectivos de familias para abordar el Art 34 de la Convenci\u00f3n Internacional para la Protecci\u00f3n de todas las Personas contra las Desapariciones Forzadas<\/span> Leer m\u00e1s &raquo;<\/a><\/p>\n","protected":false},"author":4,"featured_media":44545,"comment_status":"closed","ping_status":"closed","sticky":false,"template":"","format":"standard","meta":{"_uf_show_specific_survey":0,"_uf_disable_surveys":false,"site-sidebar-layout":"default","site-content-layout":"default","ast-global-header-display":"","ast-main-header-display":"","ast-hfb-above-header-display":"","ast-hfb-below-header-display":"","ast-hfb-mobile-header-display":"","site-post-title":"","ast-breadcrumbs-content":"","ast-featured-img":"","footer-sml-layout":"","theme-transparent-header-meta":"","adv-header-id-meta":"","stick-header-meta":"","header-above-stick-meta":"","header-main-stick-meta":"","header-below-stick-meta":""},"categories":[20],"tags":[28],"acf":[],"aioseo_notices":[],"yoast_head":"<!-- This site is optimized with the Yoast SEO plugin v14.5 - https:\/\/yoast.com\/wordpress\/plugins\/seo\/ -->\n<title>Propuesta de Organizaciones de Derechos Humanos y Colectivos de familias para abordar el Art 34 de la Convenci\u00f3n Internacional para la Protecci\u00f3n de todas las Personas contra las Desapariciones Forzadas - amnistia.org.mx<\/title>\n<meta name=\"description\" content=\"Propuesta de organizaciones y colectivos de familias para abordar el Art 34 para proteger a las personas contra la desaparici\u00f3n forzada.\" \/>\n<meta name=\"robots\" content=\"index, follow\" \/>\n<meta name=\"googlebot\" content=\"index, follow, max-snippet:-1, max-image-preview:large, max-video-preview:-1\" \/>\n<meta name=\"bingbot\" content=\"index, follow, max-snippet:-1, max-image-preview:large, max-video-preview:-1\" \/>\n<link rel=\"canonical\" href=\"https:\/\/amnistia.org.mx\/contenido\/index.php\/propuesta-de-organizaciones-de-derechos-humanos-y-colectivos-de-familias-para-abordar-el-art-34-de-la-convencion-internacional-para-la-proteccion-de-todas-las-personas-contra-las-desapariciones-forzad\/\" \/>\n<meta property=\"og:locale\" content=\"es_MX\" \/>\n<meta property=\"og:type\" content=\"article\" \/>\n<meta property=\"og:title\" content=\"Propuesta de Organizaciones de Derechos Humanos y Colectivos de familias para abordar el Art 34 de la Convenci\u00f3n Internacional para la Protecci\u00f3n de todas las Personas contra las Desapariciones Forzadas - amnistia.org.mx\" \/>\n<meta property=\"og:description\" content=\"Propuesta de organizaciones y colectivos de familias para abordar el Art 34 para proteger a las personas contra la desaparici\u00f3n forzada.\" \/>\n<meta property=\"og:url\" content=\"https:\/\/amnistia.org.mx\/contenido\/index.php\/propuesta-de-organizaciones-de-derechos-humanos-y-colectivos-de-familias-para-abordar-el-art-34-de-la-convencion-internacional-para-la-proteccion-de-todas-las-personas-contra-las-desapariciones-forzad\/\" \/>\n<meta property=\"og:site_name\" content=\"amnistia.org.mx\" \/>\n<meta property=\"article:published_time\" content=\"2026-09-02T16:25:55+00:00\" \/>\n<meta property=\"article:modified_time\" content=\"2026-09-02T16:28:06+00:00\" \/>\n<meta property=\"og:image\" content=\"https:\/\/amnistia.org.mx\/contenido\/wp-content\/uploads\/2026\/09\/Imagen-1.jpg\" \/>\n\t<meta property=\"og:image:width\" content=\"935\" \/>\n\t<meta property=\"og:image:height\" content=\"467\" \/>\n<meta name=\"twitter:card\" content=\"summary_large_image\" \/>\n<script type=\"application\/ld+json\" class=\"yoast-schema-graph\">{\"@context\":\"https:\/\/schema.org\",\"@graph\":[{\"@type\":\"WebSite\",\"@id\":\"https:\/\/amnistia.org.mx\/contenido\/#website\",\"url\":\"https:\/\/amnistia.org.mx\/contenido\/\",\"name\":\"amnistia.org.mx\",\"description\":\"Nueva p\\u00e1gina de Amnist\\u00eda\",\"potentialAction\":[{\"@type\":\"SearchAction\",\"target\":\"https:\/\/amnistia.org.mx\/contenido\/?s={search_term_string}\",\"query-input\":\"required name=search_term_string\"}],\"inLanguage\":\"es-MX\"},{\"@type\":\"ImageObject\",\"@id\":\"https:\/\/amnistia.org.mx\/contenido\/index.php\/propuesta-de-organizaciones-de-derechos-humanos-y-colectivos-de-familias-para-abordar-el-art-34-de-la-convencion-internacional-para-la-proteccion-de-todas-las-personas-contra-las-desapariciones-forzad\/#primaryimage\",\"inLanguage\":\"es-MX\",\"url\":\"https:\/\/amnistia.org.mx\/contenido\/wp-content\/uploads\/2026\/09\/Imagen-1.jpg\",\"width\":935,\"height\":467},{\"@type\":\"WebPage\",\"@id\":\"https:\/\/amnistia.org.mx\/contenido\/index.php\/propuesta-de-organizaciones-de-derechos-humanos-y-colectivos-de-familias-para-abordar-el-art-34-de-la-convencion-internacional-para-la-proteccion-de-todas-las-personas-contra-las-desapariciones-forzad\/#webpage\",\"url\":\"https:\/\/amnistia.org.mx\/contenido\/index.php\/propuesta-de-organizaciones-de-derechos-humanos-y-colectivos-de-familias-para-abordar-el-art-34-de-la-convencion-internacional-para-la-proteccion-de-todas-las-personas-contra-las-desapariciones-forzad\/\",\"name\":\"Propuesta de Organizaciones de Derechos Humanos y Colectivos de familias para abordar el Art 34 de la Convenci\\u00f3n Internacional para la Protecci\\u00f3n de todas las Personas contra las Desapariciones Forzadas - amnistia.org.mx\",\"isPartOf\":{\"@id\":\"https:\/\/amnistia.org.mx\/contenido\/#website\"},\"primaryImageOfPage\":{\"@id\":\"https:\/\/amnistia.org.mx\/contenido\/index.php\/propuesta-de-organizaciones-de-derechos-humanos-y-colectivos-de-familias-para-abordar-el-art-34-de-la-convencion-internacional-para-la-proteccion-de-todas-las-personas-contra-las-desapariciones-forzad\/#primaryimage\"},\"datePublished\":\"2026-09-02T16:25:55+00:00\",\"dateModified\":\"2026-09-02T16:28:06+00:00\",\"author\":{\"@id\":\"https:\/\/amnistia.org.mx\/contenido\/#\/schema\/person\/b858cccf2e25328bf3ae12e197ab7f75\"},\"description\":\"Propuesta de organizaciones y colectivos de familias para abordar el Art 34 para proteger a las personas contra la desaparici\\u00f3n forzada.\",\"breadcrumb\":{\"@id\":\"https:\/\/amnistia.org.mx\/contenido\/index.php\/propuesta-de-organizaciones-de-derechos-humanos-y-colectivos-de-familias-para-abordar-el-art-34-de-la-convencion-internacional-para-la-proteccion-de-todas-las-personas-contra-las-desapariciones-forzad\/#breadcrumb\"},\"inLanguage\":\"es-MX\",\"potentialAction\":[{\"@type\":\"ReadAction\",\"target\":[\"https:\/\/amnistia.org.mx\/contenido\/index.php\/propuesta-de-organizaciones-de-derechos-humanos-y-colectivos-de-familias-para-abordar-el-art-34-de-la-convencion-internacional-para-la-proteccion-de-todas-las-personas-contra-las-desapariciones-forzad\/\"]}]},{\"@type\":\"BreadcrumbList\",\"@id\":\"https:\/\/amnistia.org.mx\/contenido\/index.php\/propuesta-de-organizaciones-de-derechos-humanos-y-colectivos-de-familias-para-abordar-el-art-34-de-la-convencion-internacional-para-la-proteccion-de-todas-las-personas-contra-las-desapariciones-forzad\/#breadcrumb\",\"itemListElement\":[{\"@type\":\"ListItem\",\"position\":1,\"item\":{\"@type\":\"WebPage\",\"@id\":\"https:\/\/amnistia.org.mx\/contenido\/\",\"url\":\"https:\/\/amnistia.org.mx\/contenido\/\",\"name\":\"Home\"}},{\"@type\":\"ListItem\",\"position\":2,\"item\":{\"@type\":\"WebPage\",\"@id\":\"https:\/\/amnistia.org.mx\/contenido\/index.php\/propuesta-de-organizaciones-de-derechos-humanos-y-colectivos-de-familias-para-abordar-el-art-34-de-la-convencion-internacional-para-la-proteccion-de-todas-las-personas-contra-las-desapariciones-forzad\/\",\"url\":\"https:\/\/amnistia.org.mx\/contenido\/index.php\/propuesta-de-organizaciones-de-derechos-humanos-y-colectivos-de-familias-para-abordar-el-art-34-de-la-convencion-internacional-para-la-proteccion-de-todas-las-personas-contra-las-desapariciones-forzad\/\",\"name\":\"Propuesta de Organizaciones de Derechos Humanos y Colectivos de familias para abordar el Art 34 de la Convenci\\u00f3n Internacional para la Protecci\\u00f3n de todas las Personas contra las Desapariciones Forzadas\"}}]},{\"@type\":[\"Person\"],\"@id\":\"https:\/\/amnistia.org.mx\/contenido\/#\/schema\/person\/b858cccf2e25328bf3ae12e197ab7f75\",\"name\":\"Alejandro Ju\\u00e1rez Gamero\",\"image\":{\"@type\":\"ImageObject\",\"@id\":\"https:\/\/amnistia.org.mx\/contenido\/#personlogo\",\"inLanguage\":\"es-MX\",\"url\":\"https:\/\/secure.gravatar.com\/avatar\/e312d5566d1c3ffb56f86415d6f0e606?s=96&d=mm&r=g\",\"caption\":\"Alejandro Ju\\u00e1rez Gamero\"}}]}<\/script>\n<!-- \/ Yoast SEO plugin. -->","_links":{"self":[{"href":"https:\/\/amnistia.org.mx\/contenido\/index.php\/wp-json\/wp\/v2\/posts\/44540"}],"collection":[{"href":"https:\/\/amnistia.org.mx\/contenido\/index.php\/wp-json\/wp\/v2\/posts"}],"about":[{"href":"https:\/\/amnistia.org.mx\/contenido\/index.php\/wp-json\/wp\/v2\/types\/post"}],"author":[{"embeddable":true,"href":"https:\/\/amnistia.org.mx\/contenido\/index.php\/wp-json\/wp\/v2\/users\/4"}],"replies":[{"embeddable":true,"href":"https:\/\/amnistia.org.mx\/contenido\/index.php\/wp-json\/wp\/v2\/comments?post=44540"}],"version-history":[{"count":4,"href":"https:\/\/amnistia.org.mx\/contenido\/index.php\/wp-json\/wp\/v2\/posts\/44540\/revisions"}],"predecessor-version":[{"id":44546,"href":"https:\/\/amnistia.org.mx\/contenido\/index.php\/wp-json\/wp\/v2\/posts\/44540\/revisions\/44546"}],"wp:featuredmedia":[{"embeddable":true,"href":"https:\/\/amnistia.org.mx\/contenido\/index.php\/wp-json\/wp\/v2\/media\/44545"}],"wp:attachment":[{"href":"https:\/\/amnistia.org.mx\/contenido\/index.php\/wp-json\/wp\/v2\/media?parent=44540"}],"wp:term":[{"taxonomy":"category","embeddable":true,"href":"https:\/\/amnistia.org.mx\/contenido\/index.php\/wp-json\/wp\/v2\/categories?post=44540"},{"taxonomy":"post_tag","embeddable":true,"href":"https:\/\/amnistia.org.mx\/contenido\/index.php\/wp-json\/wp\/v2\/tags?post=44540"}],"curies":[{"name":"wp","href":"https:\/\/api.w.org\/{rel}","templated":true}]}}