
{"id":44694,"date":"2026-09-03T16:41:37","date_gmt":"2026-09-03T21:41:37","guid":{"rendered":"https:\/\/amnistia.org.mx\/contenido\/?p=44694"},"modified":"2026-09-03T16:41:39","modified_gmt":"2026-09-03T21:41:39","slug":"amnistia-internacional-abre-su-primer-museo-virtual-para-recorrer-mas-de-seis-decadas-de-lucha-por-los-derechos-humanos","status":"publish","type":"post","link":"https:\/\/amnistia.org.mx\/contenido\/index.php\/amnistia-internacional-abre-su-primer-museo-virtual-para-recorrer-mas-de-seis-decadas-de-lucha-por-los-derechos-humanos\/","title":{"rendered":"<strong>Amnist\u00eda Internacional abre su primer Museo Virtual para recorrer m\u00e1s de seis d\u00e9cadas de lucha por los derechos humanos<\/strong>"},"content":{"rendered":"\n<figure class=\"wp-block-image alignwide size-full\"><img decoding=\"async\" loading=\"lazy\" width=\"700\" height=\"392\" src=\"https:\/\/amnistia.org.mx\/contenido\/wp-content\/uploads\/2026\/09\/Banner-Nobel-ajustado-1.jpg\" alt=\"\" class=\"wp-image-44698\"\/><\/figure>\n\n\n\n<p>Amnist\u00eda Internacional presenta Historias que resisten, su primer Museo Virtual: una experiencia inmersiva que permite recorrer m\u00e1s de seis d\u00e9cadas de movilizaci\u00f3n y defensa de los derechos humanos desde cualquier parte del mundo.<\/p>\n\n\n\n<p>A trav\u00e9s de cinco salas tem\u00e1ticas, quienes visiten el museo podr\u00e1n descubrir campa\u00f1as que marcaron la historia del movimiento, investigaciones, objetos originales, archivos, materiales audiovisuales y relatos de personas que, frente a la injusticia, decidieron actuar.<\/p>\n\n\n\n<p>\u201cLa historia de Amnist\u00eda Internacional est\u00e1 hecha de personas que se negaron a permanecer indiferentes. Este museo nos permite reconocer su valent\u00eda, preservar la memoria de nuestras luchas y recordar que cada acci\u00f3n, por peque\u00f1a que parezca, puede contribuir a transformar una vida\u201d, se\u00f1al\u00f3 Ana Piquer, directora regional para las Am\u00e9ricas de Amnist\u00eda Internacional.<\/p>\n\n\n\n<p>Este es un proyecto colectivo liderado por los equipos de Fundraising de diversas secciones nacionales en la regi\u00f3n y en colaboraci\u00f3n con el Secretariado Internacional. Su objetivo es acercar la historia del movimiento a nuevas audiencias e inspirar a m\u00e1s personas y generaciones a sumarse a la defensa de los derechos humanos.<\/p>\n\n\n\n<figure class=\"wp-block-image alignwide size-full\"><img decoding=\"async\" loading=\"lazy\" width=\"700\" height=\"393\" src=\"https:\/\/amnistia.org.mx\/contenido\/wp-content\/uploads\/2026\/09\/Banner-Mandela-ajustado.jpg\" alt=\"\" class=\"wp-image-44699\"\/><\/figure>\n\n\n\n<p>M\u00e1s que un archivo digital, Historias que Resisten es un espacio de memoria, educaci\u00f3n y participaci\u00f3n que muestra el impacto alcanzado cuando miles de personas se organizan y act\u00faan frente a la injusticia.<\/p>\n\n\n\n<p>El Museo Virtual estar\u00e1 disponible en espa\u00f1ol, ingl\u00e9s y portugu\u00e9s.<\/p>\n\n\n\n<p>Cada campa\u00f1a, cada investigaci\u00f3n y cada persona que decidi\u00f3 actuar forman parte de esta historia. Ahora, esa historia tiene un nuevo espacio para seguir inspirando.<\/p>\n","protected":false},"excerpt":{"rendered":"<p>Amnist\u00eda Internacional presenta Historias que resisten, su primer Museo Virtual: una experiencia inmersiva que permite recorrer m\u00e1s de seis d\u00e9cadas de movilizaci\u00f3n y defensa de los derechos humanos desde cualquier &hellip;<\/p>\n<p class=\"read-more\"> <a class=\"\" href=\"https:\/\/amnistia.org.mx\/contenido\/index.php\/amnistia-internacional-abre-su-primer-museo-virtual-para-recorrer-mas-de-seis-decadas-de-lucha-por-los-derechos-humanos\/\"> <span class=\"screen-reader-text\"><strong>Amnist\u00eda Internacional abre su primer Museo Virtual para recorrer m\u00e1s de seis d\u00e9cadas de lucha por los derechos humanos<\/strong><\/span> Leer m\u00e1s &raquo;<\/a><\/p>\n","protected":false},"author":4,"featured_media":44695,"comment_status":"closed","ping_status":"closed","sticky":false,"template":"","format":"standard","meta":{"_uf_show_specific_survey":0,"_uf_disable_surveys":false,"site-sidebar-layout":"default","site-content-layout":"default","ast-global-header-display":"","ast-main-header-display":"","ast-hfb-above-header-display":"","ast-hfb-below-header-display":"","ast-hfb-mobile-header-display":"","site-post-title":"","ast-breadcrumbs-content":"","ast-featured-img":"","footer-sml-layout":"","theme-transparent-header-meta":"","adv-header-id-meta":"","stick-header-meta":"","header-above-stick-meta":"","header-main-stick-meta":"","header-below-stick-meta":""},"categories":[20],"tags":[28],"acf":[],"aioseo_notices":[],"yoast_head":"<!-- This site is optimized with the Yoast SEO plugin v14.5 - https:\/\/yoast.com\/wordpress\/plugins\/seo\/ -->\n<title>Amnist\u00eda Internacional abre su primer Museo Virtual para recorrer m\u00e1s de seis d\u00e9cadas de lucha por los derechos humanos - amnistia.org.mx<\/title>\n<meta name=\"description\" content=\"Amnist\u00eda Internacional abre su nuevo Museo Virtual, expone m\u00e1s de 6 d\u00e9cadas de movilizaci\u00f3n y defensa de los derechos humanos en diferentes partes del mundo\" \/>\n<meta name=\"robots\" content=\"index, follow\" \/>\n<meta name=\"googlebot\" content=\"index, follow, max-snippet:-1, max-image-preview:large, max-video-preview:-1\" \/>\n<meta name=\"bingbot\" content=\"index, follow, max-snippet:-1, max-image-preview:large, max-video-preview:-1\" \/>\n<link rel=\"canonical\" href=\"https:\/\/amnistia.org.mx\/contenido\/index.php\/amnistia-internacional-abre-su-primer-museo-virtual-para-recorrer-mas-de-seis-decadas-de-lucha-por-los-derechos-humanos\/\" \/>\n<meta property=\"og:locale\" content=\"es_MX\" \/>\n<meta property=\"og:type\" content=\"article\" \/>\n<meta property=\"og:title\" content=\"Amnist\u00eda Internacional abre su primer Museo Virtual para recorrer m\u00e1s de seis d\u00e9cadas de lucha por los derechos humanos - amnistia.org.mx\" \/>\n<meta property=\"og:description\" content=\"Amnist\u00eda Internacional abre su nuevo Museo Virtual, expone m\u00e1s de 6 d\u00e9cadas de movilizaci\u00f3n y defensa de los derechos humanos en diferentes partes del mundo\" \/>\n<meta property=\"og:url\" content=\"https:\/\/amnistia.org.mx\/contenido\/index.php\/amnistia-internacional-abre-su-primer-museo-virtual-para-recorrer-mas-de-seis-decadas-de-lucha-por-los-derechos-humanos\/\" \/>\n<meta property=\"og:site_name\" content=\"amnistia.org.mx\" \/>\n<meta property=\"article:published_time\" content=\"2026-09-03T21:41:37+00:00\" \/>\n<meta property=\"article:modified_time\" content=\"2026-09-03T21:41:39+00:00\" \/>\n<meta property=\"og:image\" content=\"https:\/\/amnistia.org.mx\/contenido\/wp-content\/uploads\/2026\/09\/Banner-Nobel-ajustado.jpg\" \/>\n\t<meta property=\"og:image:width\" content=\"700\" \/>\n\t<meta property=\"og:image:height\" content=\"392\" \/>\n<meta name=\"twitter:card\" content=\"summary_large_image\" \/>\n<script type=\"application\/ld+json\" class=\"yoast-schema-graph\">{\"@context\":\"https:\/\/schema.org\",\"@graph\":[{\"@type\":\"WebSite\",\"@id\":\"https:\/\/amnistia.org.mx\/contenido\/#website\",\"url\":\"https:\/\/amnistia.org.mx\/contenido\/\",\"name\":\"amnistia.org.mx\",\"description\":\"Nueva p\\u00e1gina de Amnist\\u00eda\",\"potentialAction\":[{\"@type\":\"SearchAction\",\"target\":\"https:\/\/amnistia.org.mx\/contenido\/?s={search_term_string}\",\"query-input\":\"required name=search_term_string\"}],\"inLanguage\":\"es-MX\"},{\"@type\":\"ImageObject\",\"@id\":\"https:\/\/amnistia.org.mx\/contenido\/index.php\/amnistia-internacional-abre-su-primer-museo-virtual-para-recorrer-mas-de-seis-decadas-de-lucha-por-los-derechos-humanos\/#primaryimage\",\"inLanguage\":\"es-MX\",\"url\":\"https:\/\/amnistia.org.mx\/contenido\/wp-content\/uploads\/2026\/09\/Banner-Nobel-ajustado.jpg\",\"width\":700,\"height\":392},{\"@type\":\"WebPage\",\"@id\":\"https:\/\/amnistia.org.mx\/contenido\/index.php\/amnistia-internacional-abre-su-primer-museo-virtual-para-recorrer-mas-de-seis-decadas-de-lucha-por-los-derechos-humanos\/#webpage\",\"url\":\"https:\/\/amnistia.org.mx\/contenido\/index.php\/amnistia-internacional-abre-su-primer-museo-virtual-para-recorrer-mas-de-seis-decadas-de-lucha-por-los-derechos-humanos\/\",\"name\":\"Amnist\\u00eda Internacional abre su primer Museo Virtual para recorrer m\\u00e1s de seis d\\u00e9cadas de lucha por los derechos humanos - amnistia.org.mx\",\"isPartOf\":{\"@id\":\"https:\/\/amnistia.org.mx\/contenido\/#website\"},\"primaryImageOfPage\":{\"@id\":\"https:\/\/amnistia.org.mx\/contenido\/index.php\/amnistia-internacional-abre-su-primer-museo-virtual-para-recorrer-mas-de-seis-decadas-de-lucha-por-los-derechos-humanos\/#primaryimage\"},\"datePublished\":\"2026-09-03T21:41:37+00:00\",\"dateModified\":\"2026-09-03T21:41:39+00:00\",\"author\":{\"@id\":\"https:\/\/amnistia.org.mx\/contenido\/#\/schema\/person\/b858cccf2e25328bf3ae12e197ab7f75\"},\"description\":\"Amnist\\u00eda Internacional abre su nuevo Museo Virtual, expone m\\u00e1s de 6 d\\u00e9cadas de movilizaci\\u00f3n y defensa de los derechos humanos en diferentes partes del mundo\",\"breadcrumb\":{\"@id\":\"https:\/\/amnistia.org.mx\/contenido\/index.php\/amnistia-internacional-abre-su-primer-museo-virtual-para-recorrer-mas-de-seis-decadas-de-lucha-por-los-derechos-humanos\/#breadcrumb\"},\"inLanguage\":\"es-MX\",\"potentialAction\":[{\"@type\":\"ReadAction\",\"target\":[\"https:\/\/amnistia.org.mx\/contenido\/index.php\/amnistia-internacional-abre-su-primer-museo-virtual-para-recorrer-mas-de-seis-decadas-de-lucha-por-los-derechos-humanos\/\"]}]},{\"@type\":\"BreadcrumbList\",\"@id\":\"https:\/\/amnistia.org.mx\/contenido\/index.php\/amnistia-internacional-abre-su-primer-museo-virtual-para-recorrer-mas-de-seis-decadas-de-lucha-por-los-derechos-humanos\/#breadcrumb\",\"itemListElement\":[{\"@type\":\"ListItem\",\"position\":1,\"item\":{\"@type\":\"WebPage\",\"@id\":\"https:\/\/amnistia.org.mx\/contenido\/\",\"url\":\"https:\/\/amnistia.org.mx\/contenido\/\",\"name\":\"Home\"}},{\"@type\":\"ListItem\",\"position\":2,\"item\":{\"@type\":\"WebPage\",\"@id\":\"https:\/\/amnistia.org.mx\/contenido\/index.php\/amnistia-internacional-abre-su-primer-museo-virtual-para-recorrer-mas-de-seis-decadas-de-lucha-por-los-derechos-humanos\/\",\"url\":\"https:\/\/amnistia.org.mx\/contenido\/index.php\/amnistia-internacional-abre-su-primer-museo-virtual-para-recorrer-mas-de-seis-decadas-de-lucha-por-los-derechos-humanos\/\",\"name\":\"Amnist\\u00eda Internacional abre su primer Museo Virtual para recorrer m\\u00e1s de seis d\\u00e9cadas de lucha por los derechos humanos\"}}]},{\"@type\":[\"Person\"],\"@id\":\"https:\/\/amnistia.org.mx\/contenido\/#\/schema\/person\/b858cccf2e25328bf3ae12e197ab7f75\",\"name\":\"Alejandro Ju\\u00e1rez Gamero\",\"image\":{\"@type\":\"ImageObject\",\"@id\":\"https:\/\/amnistia.org.mx\/contenido\/#personlogo\",\"inLanguage\":\"es-MX\",\"url\":\"https:\/\/secure.gravatar.com\/avatar\/e312d5566d1c3ffb56f86415d6f0e606?s=96&d=mm&r=g\",\"caption\":\"Alejandro Ju\\u00e1rez Gamero\"}}]}<\/script>\n<!-- \/ Yoast SEO plugin. -->","_links":{"self":[{"href":"https:\/\/amnistia.org.mx\/contenido\/index.php\/wp-json\/wp\/v2\/posts\/44694"}],"collection":[{"href":"https:\/\/amnistia.org.mx\/contenido\/index.php\/wp-json\/wp\/v2\/posts"}],"about":[{"href":"https:\/\/amnistia.org.mx\/contenido\/index.php\/wp-json\/wp\/v2\/types\/post"}],"author":[{"embeddable":true,"href":"https:\/\/amnistia.org.mx\/contenido\/index.php\/wp-json\/wp\/v2\/users\/4"}],"replies":[{"embeddable":true,"href":"https:\/\/amnistia.org.mx\/contenido\/index.php\/wp-json\/wp\/v2\/comments?post=44694"}],"version-history":[{"count":5,"href":"https:\/\/amnistia.org.mx\/contenido\/index.php\/wp-json\/wp\/v2\/posts\/44694\/revisions"}],"predecessor-version":[{"id":44702,"href":"https:\/\/amnistia.org.mx\/contenido\/index.php\/wp-json\/wp\/v2\/posts\/44694\/revisions\/44702"}],"wp:featuredmedia":[{"embeddable":true,"href":"https:\/\/amnistia.org.mx\/contenido\/index.php\/wp-json\/wp\/v2\/media\/44695"}],"wp:attachment":[{"href":"https:\/\/amnistia.org.mx\/contenido\/index.php\/wp-json\/wp\/v2\/media?parent=44694"}],"wp:term":[{"taxonomy":"category","embeddable":true,"href":"https:\/\/amnistia.org.mx\/contenido\/index.php\/wp-json\/wp\/v2\/categories?post=44694"},{"taxonomy":"post_tag","embeddable":true,"href":"https:\/\/amnistia.org.mx\/contenido\/index.php\/wp-json\/wp\/v2\/tags?post=44694"}],"curies":[{"name":"wp","href":"https:\/\/api.w.org\/{rel}","templated":true}]}}