
{"id":44703,"date":"2026-09-04T10:36:12","date_gmt":"2026-09-04T15:36:12","guid":{"rendered":"https:\/\/amnistia.org.mx\/contenido\/?p=44703"},"modified":"2026-09-04T10:36:15","modified_gmt":"2026-09-04T15:36:15","slug":"salud-mental-y-bienestar-psicosocial-de-defensores-de-derechos-humanos","status":"publish","type":"post","link":"https:\/\/amnistia.org.mx\/contenido\/index.php\/salud-mental-y-bienestar-psicosocial-de-defensores-de-derechos-humanos\/","title":{"rendered":"Salud mental y bienestar psicosocial de las personas que defienden derechos humanos"},"content":{"rendered":"\t\t<div data-elementor-type=\"wp-post\" data-elementor-id=\"44703\" class=\"elementor elementor-44703\">\n\t\t\t\t\t\t\t\t\t<section class=\"elementor-section elementor-top-section elementor-element elementor-element-531ffe09 elementor-section-boxed elementor-section-height-default elementor-section-height-default\" data-id=\"531ffe09\" data-element_type=\"section\">\n\t\t\t\t\t\t<div class=\"elementor-container elementor-column-gap-default\">\n\t\t\t\t\t<div class=\"elementor-column elementor-col-100 elementor-top-column elementor-element elementor-element-27b8240\" data-id=\"27b8240\" data-element_type=\"column\">\n\t\t\t<div class=\"elementor-widget-wrap elementor-element-populated\">\n\t\t\t\t\t\t\t\t<div class=\"elementor-element elementor-element-dfb6e63 elementor-widget elementor-widget-text-editor\" data-id=\"dfb6e63\" data-element_type=\"widget\" data-widget_type=\"text-editor.default\">\n\t\t\t\t<div class=\"elementor-widget-container\">\n\t\t\t<style>\/*! elementor - v3.11.5 - 14-03-2023 *\/\n.elementor-widget-text-editor.elementor-drop-cap-view-stacked .elementor-drop-cap{background-color:#69727d;color:#fff}.elementor-widget-text-editor.elementor-drop-cap-view-framed .elementor-drop-cap{color:#69727d;border:3px solid;background-color:transparent}.elementor-widget-text-editor:not(.elementor-drop-cap-view-default) .elementor-drop-cap{margin-top:8px}.elementor-widget-text-editor:not(.elementor-drop-cap-view-default) .elementor-drop-cap-letter{width:1em;height:1em}.elementor-widget-text-editor .elementor-drop-cap{float:left;text-align:center;line-height:1;font-size:50px}.elementor-widget-text-editor .elementor-drop-cap-letter{display:inline-block}<\/style>\t\t\t\t<!-- wp:paragraph -->\n<p>Amnist\u00eda Internacional presenta esta informaci\u00f3n como insumo para el pr\u00f3ximo informe tem\u00e1tico sobre la salud mental y el bienestar psicosocial de personas defensoras de derechos humanos, a presentarse en el 64\u00ba periodo de sesiones del Consejo de Derechos Humanos.<\/p>\n<p>Los y las defensoras de derechos humanos afrontan riesgos y desaf\u00edos al estar expuestas a amenazas, ataques, criminalizaci\u00f3n, detenci\u00f3n arbitraria e, incluso, homicidio. Estas violaciones al derecho a defender los derechos humanos suceden en ocasiones por ser quienes son, por los derechos que defienden o bien por las dos razones. En los casos que Amnist\u00eda Internacional ha documentado las y los defensores de derechos humanos sufren, por ejemplo, depresi\u00f3n, insomnio, dejar de hacer cosas que antes les gustaban, p\u00e9rdida de apetito y\/o consumo problem\u00e1tico de sustancias.<\/p>\n<!-- \/wp:html --><!-- wp:paragraph --><!-- \/wp:paragraph -->\t\t\t\t\t\t<\/div>\n\t\t\t\t<\/div>\n\t\t\t\t<div class=\"elementor-element elementor-element-95a4c31 elementor-align-center elementor-widget elementor-widget-button\" data-id=\"95a4c31\" data-element_type=\"widget\" data-widget_type=\"button.default\">\n\t\t\t\t<div class=\"elementor-widget-container\">\n\t\t\t\t\t<div class=\"elementor-button-wrapper\">\n\t\t\t<a href=\"https:\/\/amnistia.org.mx\/contenido\/wp-content\/uploads\/2026\/09\/SALUD-MENTAL-Y-BIENESTAR-PSICOSOCIAL-DE-LAS-PERSONAS-QUE-DEFIENDEN-LOS-DERECHOS-HUMANOS.pdf\" class=\"elementor-button-link elementor-button elementor-size-sm\" role=\"button\">\n\t\t\t\t\t\t<span class=\"elementor-button-content-wrapper\">\n\t\t\t\t\t\t<span class=\"elementor-button-text\">Descarga aqu\u00ed<\/span>\n\t\t<\/span>\n\t\t\t\t\t<\/a>\n\t\t<\/div>\n\t\t\t\t<\/div>\n\t\t\t\t<\/div>\n\t\t\t\t\t<\/div>\n\t\t<\/div>\n\t\t\t\t\t\t\t<\/div>\n\t\t<\/section>\n\t\t\t\t\t\t\t<\/div>\n\t\t","protected":false},"excerpt":{"rendered":"<p>Amnist\u00eda Internacional presenta informaci\u00f3n sobre la salud mental y el bienestar psicosocial de personas defensoras de derechos humanos, a presentarse en el 64\u00ba periodo de sesiones del Consejo de Derechos Humanos.<\/p>\n","protected":false},"author":18,"featured_media":44733,"comment_status":"closed","ping_status":"closed","sticky":false,"template":"","format":"standard","meta":{"_uf_show_specific_survey":0,"_uf_disable_surveys":false,"site-sidebar-layout":"default","site-content-layout":"default","ast-global-header-display":"","ast-main-header-display":"","ast-hfb-above-header-display":"","ast-hfb-below-header-display":"","ast-hfb-mobile-header-display":"","site-post-title":"","ast-breadcrumbs-content":"","ast-featured-img":"","footer-sml-layout":"","theme-transparent-header-meta":"","adv-header-id-meta":"","stick-header-meta":"","header-above-stick-meta":"","header-main-stick-meta":"","header-below-stick-meta":""},"categories":[17],"tags":[349],"acf":[],"aioseo_notices":[],"yoast_head":"<!-- This site is optimized with the Yoast SEO plugin v14.5 - https:\/\/yoast.com\/wordpress\/plugins\/seo\/ -->\n<title>Salud mental y bienestar psicosocial de las personas que defienden derechos humanos<\/title>\n<meta name=\"description\" content=\"Amnist\u00eda Internacional presenta informaci\u00f3n sobre la salud mental y el bienestar psicosocial de personas defensoras de derechos humanos, a presentarse en el 64\u00ba periodo de sesiones del Consejo de Derechos Humanos.\" \/>\n<meta name=\"robots\" content=\"index, follow\" \/>\n<meta name=\"googlebot\" content=\"index, follow, max-snippet:-1, max-image-preview:large, max-video-preview:-1\" \/>\n<meta name=\"bingbot\" content=\"index, follow, max-snippet:-1, max-image-preview:large, max-video-preview:-1\" \/>\n<link rel=\"canonical\" href=\"https:\/\/amnistia.org.mx\/contenido\/index.php\/salud-mental-y-bienestar-psicosocial-de-defensores-de-derechos-humanos\/\" \/>\n<meta property=\"og:locale\" content=\"es_MX\" \/>\n<meta property=\"og:type\" content=\"article\" \/>\n<meta property=\"og:title\" content=\"Salud mental y bienestar psicosocial de las personas que defienden derechos humanos\" \/>\n<meta property=\"og:description\" content=\"Amnist\u00eda Internacional presenta informaci\u00f3n sobre la salud mental y el bienestar psicosocial de personas defensoras de derechos humanos, a presentarse en el 64\u00ba periodo de sesiones del Consejo de Derechos Humanos.\" \/>\n<meta property=\"og:url\" content=\"https:\/\/amnistia.org.mx\/contenido\/index.php\/salud-mental-y-bienestar-psicosocial-de-defensores-de-derechos-humanos\/\" \/>\n<meta property=\"og:site_name\" content=\"amnistia.org.mx\" \/>\n<meta property=\"article:published_time\" content=\"2026-09-04T15:36:12+00:00\" \/>\n<meta property=\"article:modified_time\" content=\"2026-09-04T15:36:15+00:00\" \/>\n<meta property=\"og:image\" content=\"https:\/\/amnistia.org.mx\/contenido\/wp-content\/uploads\/2026\/09\/Amnistia-Interacional-Mexico-1-1024x576.png\" \/>\n\t<meta property=\"og:image:width\" content=\"1024\" \/>\n\t<meta property=\"og:image:height\" content=\"576\" \/>\n<meta name=\"twitter:card\" content=\"summary_large_image\" \/>\n<script type=\"application\/ld+json\" class=\"yoast-schema-graph\">{\"@context\":\"https:\/\/schema.org\",\"@graph\":[{\"@type\":\"WebSite\",\"@id\":\"https:\/\/amnistia.org.mx\/contenido\/#website\",\"url\":\"https:\/\/amnistia.org.mx\/contenido\/\",\"name\":\"amnistia.org.mx\",\"description\":\"Nueva p\\u00e1gina de Amnist\\u00eda\",\"potentialAction\":[{\"@type\":\"SearchAction\",\"target\":\"https:\/\/amnistia.org.mx\/contenido\/?s={search_term_string}\",\"query-input\":\"required name=search_term_string\"}],\"inLanguage\":\"es-MX\"},{\"@type\":\"ImageObject\",\"@id\":\"https:\/\/amnistia.org.mx\/contenido\/index.php\/salud-mental-y-bienestar-psicosocial-de-defensores-de-derechos-humanos\/#primaryimage\",\"inLanguage\":\"es-MX\",\"url\":\"https:\/\/amnistia.org.mx\/contenido\/wp-content\/uploads\/2026\/09\/Amnistia-Interacional-Mexico-1.png\",\"width\":1600,\"height\":900},{\"@type\":\"WebPage\",\"@id\":\"https:\/\/amnistia.org.mx\/contenido\/index.php\/salud-mental-y-bienestar-psicosocial-de-defensores-de-derechos-humanos\/#webpage\",\"url\":\"https:\/\/amnistia.org.mx\/contenido\/index.php\/salud-mental-y-bienestar-psicosocial-de-defensores-de-derechos-humanos\/\",\"name\":\"Salud mental y bienestar psicosocial de las personas que defienden derechos humanos\",\"isPartOf\":{\"@id\":\"https:\/\/amnistia.org.mx\/contenido\/#website\"},\"primaryImageOfPage\":{\"@id\":\"https:\/\/amnistia.org.mx\/contenido\/index.php\/salud-mental-y-bienestar-psicosocial-de-defensores-de-derechos-humanos\/#primaryimage\"},\"datePublished\":\"2026-09-04T15:36:12+00:00\",\"dateModified\":\"2026-09-04T15:36:15+00:00\",\"author\":{\"@id\":\"https:\/\/amnistia.org.mx\/contenido\/#\/schema\/person\/684ad28f617b4f946a93c65d4e7a03c3\"},\"description\":\"Amnist\\u00eda Internacional presenta informaci\\u00f3n sobre la salud mental y el bienestar psicosocial de personas defensoras de derechos humanos, a presentarse en el 64\\u00ba periodo de sesiones del Consejo de Derechos Humanos.\",\"breadcrumb\":{\"@id\":\"https:\/\/amnistia.org.mx\/contenido\/index.php\/salud-mental-y-bienestar-psicosocial-de-defensores-de-derechos-humanos\/#breadcrumb\"},\"inLanguage\":\"es-MX\",\"potentialAction\":[{\"@type\":\"ReadAction\",\"target\":[\"https:\/\/amnistia.org.mx\/contenido\/index.php\/salud-mental-y-bienestar-psicosocial-de-defensores-de-derechos-humanos\/\"]}]},{\"@type\":\"BreadcrumbList\",\"@id\":\"https:\/\/amnistia.org.mx\/contenido\/index.php\/salud-mental-y-bienestar-psicosocial-de-defensores-de-derechos-humanos\/#breadcrumb\",\"itemListElement\":[{\"@type\":\"ListItem\",\"position\":1,\"item\":{\"@type\":\"WebPage\",\"@id\":\"https:\/\/amnistia.org.mx\/contenido\/\",\"url\":\"https:\/\/amnistia.org.mx\/contenido\/\",\"name\":\"Home\"}},{\"@type\":\"ListItem\",\"position\":2,\"item\":{\"@type\":\"WebPage\",\"@id\":\"https:\/\/amnistia.org.mx\/contenido\/index.php\/salud-mental-y-bienestar-psicosocial-de-defensores-de-derechos-humanos\/\",\"url\":\"https:\/\/amnistia.org.mx\/contenido\/index.php\/salud-mental-y-bienestar-psicosocial-de-defensores-de-derechos-humanos\/\",\"name\":\"Salud mental y bienestar psicosocial de las personas que defienden derechos humanos\"}}]},{\"@type\":[\"Person\"],\"@id\":\"https:\/\/amnistia.org.mx\/contenido\/#\/schema\/person\/684ad28f617b4f946a93c65d4e7a03c3\",\"name\":\"Fernanda Jim\\u00e9nez Aguilar\",\"image\":{\"@type\":\"ImageObject\",\"@id\":\"https:\/\/amnistia.org.mx\/contenido\/#personlogo\",\"inLanguage\":\"es-MX\",\"url\":\"https:\/\/secure.gravatar.com\/avatar\/adfb626108fbdf0cbe48df94696b5411?s=96&d=mm&r=g\",\"caption\":\"Fernanda Jim\\u00e9nez Aguilar\"}}]}<\/script>\n<!-- \/ Yoast SEO plugin. -->","_links":{"self":[{"href":"https:\/\/amnistia.org.mx\/contenido\/index.php\/wp-json\/wp\/v2\/posts\/44703"}],"collection":[{"href":"https:\/\/amnistia.org.mx\/contenido\/index.php\/wp-json\/wp\/v2\/posts"}],"about":[{"href":"https:\/\/amnistia.org.mx\/contenido\/index.php\/wp-json\/wp\/v2\/types\/post"}],"author":[{"embeddable":true,"href":"https:\/\/amnistia.org.mx\/contenido\/index.php\/wp-json\/wp\/v2\/users\/18"}],"replies":[{"embeddable":true,"href":"https:\/\/amnistia.org.mx\/contenido\/index.php\/wp-json\/wp\/v2\/comments?post=44703"}],"version-history":[{"count":13,"href":"https:\/\/amnistia.org.mx\/contenido\/index.php\/wp-json\/wp\/v2\/posts\/44703\/revisions"}],"predecessor-version":[{"id":44734,"href":"https:\/\/amnistia.org.mx\/contenido\/index.php\/wp-json\/wp\/v2\/posts\/44703\/revisions\/44734"}],"wp:featuredmedia":[{"embeddable":true,"href":"https:\/\/amnistia.org.mx\/contenido\/index.php\/wp-json\/wp\/v2\/media\/44733"}],"wp:attachment":[{"href":"https:\/\/amnistia.org.mx\/contenido\/index.php\/wp-json\/wp\/v2\/media?parent=44703"}],"wp:term":[{"taxonomy":"category","embeddable":true,"href":"https:\/\/amnistia.org.mx\/contenido\/index.php\/wp-json\/wp\/v2\/categories?post=44703"},{"taxonomy":"post_tag","embeddable":true,"href":"https:\/\/amnistia.org.mx\/contenido\/index.php\/wp-json\/wp\/v2\/tags?post=44703"}],"curies":[{"name":"wp","href":"https:\/\/api.w.org\/{rel}","templated":true}]}}