
{"id":8453,"date":"2020-02-07T09:44:41","date_gmt":"2020-02-07T15:44:41","guid":{"rendered":"https:\/\/amnistia.org.mx\/contenido\/?p=8453"},"modified":"2020-02-07T09:44:41","modified_gmt":"2020-02-07T15:44:41","slug":"silenciar-las-voces-criticas-juicios-politizados-ante-el-tribunal-penal-especializado-de-arabia-saudi","status":"publish","type":"post","link":"https:\/\/amnistia.org.mx\/contenido\/index.php\/silenciar-las-voces-criticas-juicios-politizados-ante-el-tribunal-penal-especializado-de-arabia-saudi\/","title":{"rendered":"Silenciar las voces cr\u00edticas; Juicios politizados ante el Tribunal Penal Especializado de Arabia Saud\u00ed"},"content":{"rendered":"<p>Desde 2011, el Tribunal Penal Especializado de Arabia Saud\u00ed se ha venido utilizando como instrumento de represi\u00f3n para silenciar la disidencia. Esto ha tenido efectos paralizantes. Entre las personas a las que el Tribunal ha impuesto duras penas hay periodistas, defensores y defensoras de los derechos humanos, activistas de la esfera pol\u00edtica, profesionales de la literatura, cl\u00e9rigos y activistas de los derechos de las mujeres. Aplicando de forma generalizada la draconiana legislaci\u00f3n antiterrorista y la Ley de Delitos Inform\u00e1ticos del pa\u00eds, los jueces del Tribunal Penal Especializado han presidido juicios manifiestamente injustos y han impuesto penas de hasta 30 a\u00f1os de prisi\u00f3n y m\u00faltiples condenas de muerte.<\/p>\n<p>Amnist\u00eda Internacional ha documentado los casos de 95 personas \u2014en su mayor\u00eda hombres\u2014 que fueron juzgadas por el Tribunal Penal Especializado entre 2011 y 2019. Entre ellas hay muchas procesadas por cargos basados \u00fanicamente en el ejercicio pac\u00edfico de su derecho a la libertad de expresi\u00f3n, asociaci\u00f3n y reuni\u00f3n. La organizaci\u00f3n ha documentado los horribles detalles de sus casos y los patrones de violaciones de derechos humanos que ponen de manifiesto.<\/p>\n<p style=\"text-align: center;\"><strong>\u00a1Descarga las conclusiones del informe!<\/strong><\/p>\n","protected":false},"excerpt":{"rendered":"<p>Desde 2011, el Tribunal Penal Especializado de Arabia Saud\u00ed se ha venido utilizando como instrumento de represi\u00f3n para silenciar la disidencia. Esto ha tenido efectos paralizantes. Entre las personas a &hellip;<\/p>\n<p class=\"read-more\"> <a class=\"\" href=\"https:\/\/amnistia.org.mx\/contenido\/index.php\/silenciar-las-voces-criticas-juicios-politizados-ante-el-tribunal-penal-especializado-de-arabia-saudi\/\"> <span class=\"screen-reader-text\">Silenciar las voces cr\u00edticas; Juicios politizados ante el Tribunal Penal Especializado de Arabia Saud\u00ed<\/span> Leer m\u00e1s &raquo;<\/a><\/p>\n","protected":false},"author":5,"featured_media":0,"comment_status":"open","ping_status":"open","sticky":false,"template":"","format":"standard","meta":{"_uf_show_specific_survey":0,"_uf_disable_surveys":false,"site-sidebar-layout":"default","site-content-layout":"default","ast-global-header-display":"","ast-main-header-display":"","ast-hfb-above-header-display":"","ast-hfb-below-header-display":"","ast-hfb-mobile-header-display":"","site-post-title":"","ast-breadcrumbs-content":"","ast-featured-img":"","footer-sml-layout":"","theme-transparent-header-meta":"","adv-header-id-meta":"","stick-header-meta":"","header-above-stick-meta":"","header-main-stick-meta":"","header-below-stick-meta":""},"categories":[75,76],"tags":[],"acf":[],"aioseo_notices":[],"yoast_head":"<!-- This site is optimized with the Yoast SEO plugin v14.5 - https:\/\/yoast.com\/wordpress\/plugins\/seo\/ -->\n<title>Silenciar las voces cr\u00edticas; Juicios politizados ante el Tribunal Penal Especializado de Arabia Saud\u00ed - amnistia.org.mx<\/title>\n<meta name=\"robots\" content=\"index, follow\" \/>\n<meta name=\"googlebot\" content=\"index, follow, max-snippet:-1, max-image-preview:large, max-video-preview:-1\" \/>\n<meta name=\"bingbot\" content=\"index, follow, max-snippet:-1, max-image-preview:large, max-video-preview:-1\" \/>\n<link rel=\"canonical\" href=\"https:\/\/amnistia.org.mx\/contenido\/index.php\/silenciar-las-voces-criticas-juicios-politizados-ante-el-tribunal-penal-especializado-de-arabia-saudi\/\" \/>\n<meta property=\"og:locale\" content=\"es_MX\" \/>\n<meta property=\"og:type\" content=\"article\" \/>\n<meta property=\"og:title\" content=\"Silenciar las voces cr\u00edticas; Juicios politizados ante el Tribunal Penal Especializado de Arabia Saud\u00ed - amnistia.org.mx\" \/>\n<meta property=\"og:description\" content=\"Desde 2011, el Tribunal Penal Especializado de Arabia Saud\u00ed se ha venido utilizando como instrumento de represi\u00f3n para silenciar la disidencia. Esto ha tenido efectos paralizantes. Entre las personas a &hellip; Silenciar las voces cr\u00edticas; Juicios politizados ante el Tribunal Penal Especializado de Arabia Saud\u00ed Leer m\u00e1s &raquo;\" \/>\n<meta property=\"og:url\" content=\"https:\/\/amnistia.org.mx\/contenido\/index.php\/silenciar-las-voces-criticas-juicios-politizados-ante-el-tribunal-penal-especializado-de-arabia-saudi\/\" \/>\n<meta property=\"og:site_name\" content=\"amnistia.org.mx\" \/>\n<meta property=\"article:published_time\" content=\"2020-02-07T15:44:41+00:00\" \/>\n<meta name=\"twitter:card\" content=\"summary_large_image\" \/>\n<script type=\"application\/ld+json\" class=\"yoast-schema-graph\">{\"@context\":\"https:\/\/schema.org\",\"@graph\":[{\"@type\":\"WebSite\",\"@id\":\"https:\/\/amnistia.org.mx\/contenido\/#website\",\"url\":\"https:\/\/amnistia.org.mx\/contenido\/\",\"name\":\"amnistia.org.mx\",\"description\":\"Nueva p\\u00e1gina de Amnist\\u00eda\",\"potentialAction\":[{\"@type\":\"SearchAction\",\"target\":\"https:\/\/amnistia.org.mx\/contenido\/?s={search_term_string}\",\"query-input\":\"required name=search_term_string\"}],\"inLanguage\":\"es-MX\"},{\"@type\":\"WebPage\",\"@id\":\"https:\/\/amnistia.org.mx\/contenido\/index.php\/silenciar-las-voces-criticas-juicios-politizados-ante-el-tribunal-penal-especializado-de-arabia-saudi\/#webpage\",\"url\":\"https:\/\/amnistia.org.mx\/contenido\/index.php\/silenciar-las-voces-criticas-juicios-politizados-ante-el-tribunal-penal-especializado-de-arabia-saudi\/\",\"name\":\"Silenciar las voces cr\\u00edticas; Juicios politizados ante el Tribunal Penal Especializado de Arabia Saud\\u00ed - amnistia.org.mx\",\"isPartOf\":{\"@id\":\"https:\/\/amnistia.org.mx\/contenido\/#website\"},\"datePublished\":\"2020-02-07T15:44:41+00:00\",\"dateModified\":\"2020-02-07T15:44:41+00:00\",\"author\":{\"@id\":\"https:\/\/amnistia.org.mx\/contenido\/#\/schema\/person\/3936b1aa68bc541b6b24363d8660d450\"},\"breadcrumb\":{\"@id\":\"https:\/\/amnistia.org.mx\/contenido\/index.php\/silenciar-las-voces-criticas-juicios-politizados-ante-el-tribunal-penal-especializado-de-arabia-saudi\/#breadcrumb\"},\"inLanguage\":\"es-MX\",\"potentialAction\":[{\"@type\":\"ReadAction\",\"target\":[\"https:\/\/amnistia.org.mx\/contenido\/index.php\/silenciar-las-voces-criticas-juicios-politizados-ante-el-tribunal-penal-especializado-de-arabia-saudi\/\"]}]},{\"@type\":\"BreadcrumbList\",\"@id\":\"https:\/\/amnistia.org.mx\/contenido\/index.php\/silenciar-las-voces-criticas-juicios-politizados-ante-el-tribunal-penal-especializado-de-arabia-saudi\/#breadcrumb\",\"itemListElement\":[{\"@type\":\"ListItem\",\"position\":1,\"item\":{\"@type\":\"WebPage\",\"@id\":\"https:\/\/amnistia.org.mx\/contenido\/\",\"url\":\"https:\/\/amnistia.org.mx\/contenido\/\",\"name\":\"Home\"}},{\"@type\":\"ListItem\",\"position\":2,\"item\":{\"@type\":\"WebPage\",\"@id\":\"https:\/\/amnistia.org.mx\/contenido\/index.php\/silenciar-las-voces-criticas-juicios-politizados-ante-el-tribunal-penal-especializado-de-arabia-saudi\/\",\"url\":\"https:\/\/amnistia.org.mx\/contenido\/index.php\/silenciar-las-voces-criticas-juicios-politizados-ante-el-tribunal-penal-especializado-de-arabia-saudi\/\",\"name\":\"Silenciar las voces cr\\u00edticas; Juicios politizados ante el Tribunal Penal Especializado de Arabia Saud\\u00ed\"}}]},{\"@type\":[\"Person\"],\"@id\":\"https:\/\/amnistia.org.mx\/contenido\/#\/schema\/person\/3936b1aa68bc541b6b24363d8660d450\",\"name\":\"ana.suarez\",\"image\":{\"@type\":\"ImageObject\",\"@id\":\"https:\/\/amnistia.org.mx\/contenido\/#personlogo\",\"inLanguage\":\"es-MX\",\"url\":\"https:\/\/secure.gravatar.com\/avatar\/fc20f29d5667e5d044f428d0c4f49a87?s=96&d=mm&r=g\",\"caption\":\"ana.suarez\"}}]}<\/script>\n<!-- \/ Yoast SEO plugin. -->","_links":{"self":[{"href":"https:\/\/amnistia.org.mx\/contenido\/index.php\/wp-json\/wp\/v2\/posts\/8453"}],"collection":[{"href":"https:\/\/amnistia.org.mx\/contenido\/index.php\/wp-json\/wp\/v2\/posts"}],"about":[{"href":"https:\/\/amnistia.org.mx\/contenido\/index.php\/wp-json\/wp\/v2\/types\/post"}],"author":[{"embeddable":true,"href":"https:\/\/amnistia.org.mx\/contenido\/index.php\/wp-json\/wp\/v2\/users\/5"}],"replies":[{"embeddable":true,"href":"https:\/\/amnistia.org.mx\/contenido\/index.php\/wp-json\/wp\/v2\/comments?post=8453"}],"version-history":[{"count":0,"href":"https:\/\/amnistia.org.mx\/contenido\/index.php\/wp-json\/wp\/v2\/posts\/8453\/revisions"}],"wp:attachment":[{"href":"https:\/\/amnistia.org.mx\/contenido\/index.php\/wp-json\/wp\/v2\/media?parent=8453"}],"wp:term":[{"taxonomy":"category","embeddable":true,"href":"https:\/\/amnistia.org.mx\/contenido\/index.php\/wp-json\/wp\/v2\/categories?post=8453"},{"taxonomy":"post_tag","embeddable":true,"href":"https:\/\/amnistia.org.mx\/contenido\/index.php\/wp-json\/wp\/v2\/tags?post=8453"}],"curies":[{"name":"wp","href":"https:\/\/api.w.org\/{rel}","templated":true}]}}